{"id":251180,"date":"2025-10-19T14:24:00","date_gmt":"2025-10-19T11:24:00","guid":{"rendered":"https:\/\/www.tgrthaber.com\/mavikadin\/?p=251180"},"modified":"2025-10-19T14:24:00","modified_gmt":"2025-10-19T11:24:00","slug":"kurulus-orhan-kivanc-tatlitug-mu-olacakti-mert-yazicioglundan-once-kimlere-teklif-gitti","status":"publish","type":"post","link":"https:\/\/www.tgrthaber.com\/mavikadin\/kurulus-orhan-kivanc-tatlitug-mu-olacakti-mert-yazicioglundan-once-kimlere-teklif-gitti\/","title":{"rendered":"Kurulu\u015f Orhan K\u0131van\u00e7 Tatl\u0131tu\u011f mu olacakt\u0131? Mert Yaz\u0131c\u0131o\u011flu\u2019ndan \u00f6nce kimlere teklif gitti?"},"content":{"rendered":"<p>Kurulu\u015f Osman\u2019\u0131n ard\u0131ndan Osman Bey\u2019in o\u011flu olan Orhan Bey\u2019in gen\u00e7lik d\u00f6nemini anlatacak olan Kurulu\u015f Orhan, izleyici kar\u015f\u0131s\u0131na \u00e7\u0131kmaya haz\u0131rlan\u0131yor. Ba\u015frol\u00fcnde Mert Yaz\u0131c\u0131o\u011flu\u2019nun oldu\u011fu Kurulu\u015f Orhan, oyuncular\u0131 ile de g\u00fcndem oldu. Kurulu\u015f Orhan i\u00e7in ilk etapta K\u0131van\u00e7 Tatl\u0131tu\u011f\u2019a teklif gitti\u011fi \u00f6\u011frenilirken Mert Yaz\u0131c\u0131o\u011flu\u2019nun alaca\u011f\u0131 \u00fccret ise g\u00fcndem oldu. Peki, Kurtulu\u015f Orhan K\u0131van\u00e7 Tatl\u0131tu\u011f mu olacakt\u0131? Mert Yaz\u0131c\u0131o\u011flu\u2019ndan \u00f6nce kimlere teklif gitti? Sorular\u0131n\u0131 sizin i\u00e7in ara\u015ft\u0131rd\u0131k. \u0130\u015fte detaylar\u2026<\/p>\n<h3>KURULU\u015e ORHAN KIVAN\u00c7 TATLITU\u011e MU OLACAKTI?<\/h3>\n<p>ATV ekranlar\u0131n\u0131n fenomen dizisi Kurulu\u015f Orhan, yeni sezonu ile dikkatleri \u00fczerine \u00e7ekmeye geliyor. \u00d6zellikle de Burak \u00d6z\u00e7ivit\u2019in diziden ayr\u0131lmas\u0131yla yeni oyuncular\u0131n ve yeni senaryonun olu\u015fmas\u0131 uzun bir s\u00fcre g\u00fcndemdeki yerini alm\u0131\u015ft\u0131.<\/p>\n<p><img loading=\"lazy\" decoding=\"async\" class=\"alignnone size-full wp-image-251197\" src=\"https:\/\/www.tgrthaber.com\/mavikadin\/wp-content\/uploads\/ARZU-31-24.jpg\" alt=\"Kurtulu\u015f Orhan K\u0131van\u00e7 Tatl\u0131tu\u011f mu olacakt\u0131? Mert Yaz\u0131c\u0131o\u011flu\u2019ndan \u00f6nce kimlere teklif gitti?\" width=\"1208\" height=\"680\" title=\"\" srcset=\"https:\/\/www.tgrthaber.com\/mavikadin\/wp-content\/uploads\/ARZU-31-24.jpg 1208w, https:\/\/www.tgrthaber.com\/mavikadin\/wp-content\/uploads\/ARZU-31-24-300x169.jpg 300w, https:\/\/www.tgrthaber.com\/mavikadin\/wp-content\/uploads\/ARZU-31-24-1024x576.jpg 1024w, https:\/\/www.tgrthaber.com\/mavikadin\/wp-content\/uploads\/ARZU-31-24-768x432.jpg 768w\" sizes=\"(max-width: 1208px) 100vw, 1208px\" \/><\/p>\n<hr \/>\n<p>\u015eimdiler de ise T\u00fcrk televizyon izleyicisinin merakla bekledi\u011fi Kurulu\u015f Orhan, Osman Bey\u2019in o\u011flu olan Orhan Bey\u2019in gen\u00e7lik y\u0131llar\u0131n\u0131 ve devletin b\u00fcy\u00fcme s\u00fcrecini konu alacak.<\/p>\n<p><img loading=\"lazy\" decoding=\"async\" class=\"alignnone size-full wp-image-251196\" src=\"https:\/\/www.tgrthaber.com\/mavikadin\/wp-content\/uploads\/ARZU-32-26.jpg\" alt=\"Kurtulu\u015f Orhan K\u0131van\u00e7 Tatl\u0131tu\u011f mu olacakt\u0131? Mert Yaz\u0131c\u0131o\u011flu\u2019ndan \u00f6nce kimlere teklif gitti?\" width=\"1208\" height=\"680\" title=\"\" srcset=\"https:\/\/www.tgrthaber.com\/mavikadin\/wp-content\/uploads\/ARZU-32-26.jpg 1208w, https:\/\/www.tgrthaber.com\/mavikadin\/wp-content\/uploads\/ARZU-32-26-300x169.jpg 300w, https:\/\/www.tgrthaber.com\/mavikadin\/wp-content\/uploads\/ARZU-32-26-1024x576.jpg 1024w, https:\/\/www.tgrthaber.com\/mavikadin\/wp-content\/uploads\/ARZU-32-26-768x432.jpg 768w\" sizes=\"(max-width: 1208px) 100vw, 1208px\" \/><\/p>\n<hr \/>\n<p>Yeni b\u00f6l\u00fcm\u00fc ve sezonu ile merakla beklenen Kurulu\u015f Orhan\u2019\u0131n ba\u015frol\u00fcnde gen\u00e7 y\u0131ld\u0131z oyunculardan biri olan <a href=\"https:\/\/www.tgrthaber.com\/mavikadin\/kurulus-orhanda-mert-yazicioglu-bolum-basina-ne-kadar-para-alacak-mert-yazicioglunun-partneri-kim\/\">Mert Yaz\u0131c\u0131o\u011flu<\/a> yer almas\u0131 pek \u00e7ok ki\u015fi taraf\u0131ndan be\u011fenilirken sosyal medyada da \u00e7ok fazla yorum ve be\u011feninin de konusu oldu.<\/p>\n<p><img loading=\"lazy\" decoding=\"async\" class=\"alignnone size-full wp-image-251195\" src=\"https:\/\/www.tgrthaber.com\/mavikadin\/wp-content\/uploads\/ARZU-33-25.jpg\" alt=\"Kurtulu\u015f Orhan K\u0131van\u00e7 Tatl\u0131tu\u011f mu olacakt\u0131? Mert Yaz\u0131c\u0131o\u011flu\u2019ndan \u00f6nce kimlere teklif gitti?\" width=\"1208\" height=\"680\" title=\"\" srcset=\"https:\/\/www.tgrthaber.com\/mavikadin\/wp-content\/uploads\/ARZU-33-25.jpg 1208w, https:\/\/www.tgrthaber.com\/mavikadin\/wp-content\/uploads\/ARZU-33-25-300x169.jpg 300w, https:\/\/www.tgrthaber.com\/mavikadin\/wp-content\/uploads\/ARZU-33-25-1024x576.jpg 1024w, https:\/\/www.tgrthaber.com\/mavikadin\/wp-content\/uploads\/ARZU-33-25-768x432.jpg 768w\" sizes=\"(max-width: 1208px) 100vw, 1208px\" \/><\/p>\n<hr \/>\n<p>Hem hayranlar\u0131n\u0131 hem de dizi tutkunlar\u0131n\u0131 sevindiren bu haber sonras\u0131 magazin g\u00fcndeminde de Mert Yaz\u0131c\u0131o\u011flu\u2019nun alaca\u011f\u0131 \u00fccret konu\u015fuldu. Gel Konu\u015fal\u0131m adl\u0131 program da Mert Yaz\u0131c\u0131o\u011flu\u2019nun alaca\u011f\u0131 \u00fccret i\u00e7in 3 Milyon TL oldu\u011fu s\u00f6ylendi.<\/p>\n<p><img loading=\"lazy\" decoding=\"async\" class=\"alignnone size-full wp-image-251194\" src=\"https:\/\/www.tgrthaber.com\/mavikadin\/wp-content\/uploads\/ARZU-34-24.jpg\" alt=\"Kurtulu\u015f Orhan K\u0131van\u00e7 Tatl\u0131tu\u011f mu olacakt\u0131? Mert Yaz\u0131c\u0131o\u011flu\u2019ndan \u00f6nce kimlere teklif gitti?\" width=\"1208\" height=\"680\" title=\"\" srcset=\"https:\/\/www.tgrthaber.com\/mavikadin\/wp-content\/uploads\/ARZU-34-24.jpg 1208w, https:\/\/www.tgrthaber.com\/mavikadin\/wp-content\/uploads\/ARZU-34-24-300x169.jpg 300w, https:\/\/www.tgrthaber.com\/mavikadin\/wp-content\/uploads\/ARZU-34-24-1024x576.jpg 1024w, https:\/\/www.tgrthaber.com\/mavikadin\/wp-content\/uploads\/ARZU-34-24-768x432.jpg 768w\" sizes=\"(max-width: 1208px) 100vw, 1208px\" \/><\/p>\n<hr \/>\n<p>Bir ba\u015fka g\u00fcndeme gelen konu ise Mert Yaz\u0131c\u0131o\u011flu\u2019ndan \u00f6nce Kurulu\u015f Orhan i\u00e7in K\u0131van\u00e7 Tatl\u0131tu\u011f\u2019a teklif gitmi\u015f. \u015eimdilerde ise Orhan Bey rol\u00fcnde Mert Yaz\u0131c\u0131o\u011flu oynayacak.<\/p>\n<h3><img loading=\"lazy\" decoding=\"async\" class=\"alignnone size-full wp-image-251193\" src=\"https:\/\/www.tgrthaber.com\/mavikadin\/wp-content\/uploads\/ARZU-35-24.jpg\" alt=\"Kurtulu\u015f Orhan K\u0131van\u00e7 Tatl\u0131tu\u011f mu olacakt\u0131? Mert Yaz\u0131c\u0131o\u011flu\u2019ndan \u00f6nce kimlere teklif gitti?\" width=\"1208\" height=\"680\" title=\"\" srcset=\"https:\/\/www.tgrthaber.com\/mavikadin\/wp-content\/uploads\/ARZU-35-24.jpg 1208w, https:\/\/www.tgrthaber.com\/mavikadin\/wp-content\/uploads\/ARZU-35-24-300x169.jpg 300w, https:\/\/www.tgrthaber.com\/mavikadin\/wp-content\/uploads\/ARZU-35-24-1024x576.jpg 1024w, https:\/\/www.tgrthaber.com\/mavikadin\/wp-content\/uploads\/ARZU-35-24-768x432.jpg 768w\" sizes=\"(max-width: 1208px) 100vw, 1208px\" \/><\/h3>\n<hr \/>\n<h3>MERT YAZICIO\u011eLU\u2019NDAN \u00d6NCE K\u0130MLERE TEKL\u0130F G\u0130TT\u0130?<\/h3>\n<p>\u00dcnl\u00fc oyuncu Mert Yaz\u0131c\u0131o\u011flu\u2019nun Kurulu\u015f Orhan dizisinden ba\u015frol olmas\u0131ndan sonra Gel Konu\u015fal\u0131m program\u0131nda konu\u015fan Mehmet \u00dcstanda\u011f\u2019\u0131n aktard\u0131klar\u0131na g\u00f6re, ilk etap da Orhan Bey rol\u00fc i\u00e7in K\u0131van\u00e7 Tatl\u0131tu\u011f\u2019a teklif gitmi\u015f.<\/p>\n<p><img loading=\"lazy\" decoding=\"async\" class=\"alignnone size-full wp-image-251199\" src=\"https:\/\/www.tgrthaber.com\/mavikadin\/wp-content\/uploads\/ARZU-36-24.jpg\" alt=\"Kurtulu\u015f Orhan K\u0131van\u00e7 Tatl\u0131tu\u011f mu olacakt\u0131? Mert Yaz\u0131c\u0131o\u011flu\u2019ndan \u00f6nce kimlere teklif gitti?\" width=\"1208\" height=\"680\" title=\"\" srcset=\"https:\/\/www.tgrthaber.com\/mavikadin\/wp-content\/uploads\/ARZU-36-24.jpg 1208w, https:\/\/www.tgrthaber.com\/mavikadin\/wp-content\/uploads\/ARZU-36-24-300x169.jpg 300w, https:\/\/www.tgrthaber.com\/mavikadin\/wp-content\/uploads\/ARZU-36-24-1024x576.jpg 1024w, https:\/\/www.tgrthaber.com\/mavikadin\/wp-content\/uploads\/ARZU-36-24-768x432.jpg 768w\" sizes=\"(max-width: 1208px) 100vw, 1208px\" \/><\/p>\n<hr \/>\n<p>Daha sonra oyuncu Birkan Sokullu\u2019ya teklif gitmi\u015f ancak son karar olarak Mert Yaz\u0131c\u0131o\u011flu\u2019nun da son karar verilmi\u015f. Nihayetinde rol \u00fc\u00e7\u00fcnc\u00fc aday olan Mert Yaz\u0131c\u0131o\u011flu\u2019na verilmi\u015f oldu. Hem hayranlar\u0131n\u0131n hem de dizi tutkunlar\u0131n\u0131n merakla bekledi\u011fi Kurulu\u015f Orhan ise Ekim ay\u0131nda ekranlarda izleyicisi ile bulu\u015facak.<\/p>\n","protected":false},"excerpt":{"rendered":"<p>T\u00fcrk televizyon izleyicisinin merakla bekledi\u011fi Kurulu\u015f Orhan dizisi ekranlara gelmeye haz\u0131rlan\u0131yor. Dizinin ba\u015frol oyuncusu Mert Yaz\u0131c\u0131o\u011flu\u2019ndan \u00f6nce Kurulu\u015f Orhan\u2019\u0131 oynamas\u0131 i\u00e7in K\u0131van\u00e7 Tatl\u0131tu\u011f\u2019a teklif gitti\u011fi \u00f6\u011frenildi. Peki, Kurtulu\u015f Orhan K\u0131van\u00e7 Tatl\u0131tu\u011f mu olacakt\u0131? Mert Yaz\u0131c\u0131o\u011flu\u2019ndan \u00f6nce kimlere teklif gitti? \u0130\u015fte detaylar\u2026<\/p>\n","protected":false},"author":34,"featured_media":251198,"comment_status":"closed","ping_status":"closed","sticky":false,"template":"","format":"standard","meta":{"rank_math_lock_modified_date":false,"footnotes":""},"categories":[602],"tags":[32159,2498,60770,133,2307],"class_list":["post-251180","post","type-post","status-publish","format-standard","has-post-thumbnail","hentry","category-diziler","tag-dizi","tag-kivanc-tatlitug","tag-kurulus-orhan","tag-magazin","tag-mert-yazicioglu"],"_links":{"self":[{"href":"https:\/\/www.tgrthaber.com\/mavikadin\/wp-json\/wp\/v2\/posts\/251180"}],"collection":[{"href":"https:\/\/www.tgrthaber.com\/mavikadin\/wp-json\/wp\/v2\/posts"}],"about":[{"href":"https:\/\/www.tgrthaber.com\/mavikadin\/wp-json\/wp\/v2\/types\/post"}],"author":[{"embeddable":true,"href":"https:\/\/www.tgrthaber.com\/mavikadin\/wp-json\/wp\/v2\/users\/34"}],"replies":[{"embeddable":true,"href":"https:\/\/www.tgrthaber.com\/mavikadin\/wp-json\/wp\/v2\/comments?post=251180"}],"version-history":[{"count":2,"href":"https:\/\/www.tgrthaber.com\/mavikadin\/wp-json\/wp\/v2\/posts\/251180\/revisions"}],"predecessor-version":[{"id":251201,"href":"https:\/\/www.tgrthaber.com\/mavikadin\/wp-json\/wp\/v2\/posts\/251180\/revisions\/251201"}],"wp:featuredmedia":[{"embeddable":true,"href":"https:\/\/www.tgrthaber.com\/mavikadin\/wp-json\/wp\/v2\/media\/251198"}],"wp:attachment":[{"href":"https:\/\/www.tgrthaber.com\/mavikadin\/wp-json\/wp\/v2\/media?parent=251180"}],"wp:term":[{"taxonomy":"category","embeddable":true,"href":"https:\/\/www.tgrthaber.com\/mavikadin\/wp-json\/wp\/v2\/categories?post=251180"},{"taxonomy":"post_tag","embeddable":true,"href":"https:\/\/www.tgrthaber.com\/mavikadin\/wp-json\/wp\/v2\/tags?post=251180"}],"curies":[{"name":"wp","href":"https:\/\/api.w.org\/{rel}","templated":true}]}}