{"id":251225,"date":"2025-10-19T16:04:03","date_gmt":"2025-10-19T13:04:03","guid":{"rendered":"https:\/\/www.tgrthaber.com\/mavikadin\/?p=251225"},"modified":"2025-10-19T16:04:03","modified_gmt":"2025-10-19T13:04:03","slug":"sahtekarlar-dizisinin-onderi-ugur-aslan-kimdir-ugur-aslan-kiminle-evli-kac-cocugu-var","status":"publish","type":"post","link":"https:\/\/www.tgrthaber.com\/mavikadin\/sahtekarlar-dizisinin-onderi-ugur-aslan-kimdir-ugur-aslan-kiminle-evli-kac-cocugu-var\/","title":{"rendered":"Sahtekarlar dizisinin \u00d6nder\u2019i U\u011fur Aslan kimdir? U\u011fur Aslan kiminle evli, ka\u00e7 \u00e7ocu\u011fu var?"},"content":{"rendered":"<p>U\u011fur Aslan, NOW TV ekranlar\u0131n\u0131n yeni iddial\u0131 dizisi <a href=\"https:\/\/www.tgrthaber.com\/mavikadin\/sahtekarlar-dizisi-huma-karakterine-kim-hayat-veriyor-perihan-savasin-rolu\/\">Sahtekarlar\u2019da<\/a> \u2018\u00d6nder\u2019 karakteriyle izleyici kar\u015f\u0131s\u0131na \u00e7\u0131k\u0131yor. Dizide olduk\u00e7a dikkat \u00e7ekici bir karakteri oynayan U\u011fur Aslan\u2019\u0131n \u00f6zel hayat\u0131 merak ediliyor. Sahtekarlar dizisi hem konusu hem de g\u00fc\u00e7l\u00fc oyuncu kadrosuyla dikkat \u00e7ekiyor. Peki, <a href=\"https:\/\/www.tgrthaber.com\/mavikadin\/sahtekarlar-ertani-burak-deniz-kimdir-burak-deniz-kac-yasinda-hangi-projelerde-rol-aldi\/\">Sahtekarlar<\/a> dizisinin \u00d6nder\u2019i U\u011fur Aslan kimdir? U\u011fur Aslan kiminle evli? U\u011fur Aslan\u2019\u0131n ka\u00e7 \u00e7ocu\u011fu var? U\u011fur Aslan hakk\u0131nda merak edilenleri sizin i\u00e7in ara\u015ft\u0131rd\u0131k. \u0130\u015fte U\u011fur Aslan\u2019a dair bilinmeyenler\u2026<\/p>\n<h3>U\u011eUR ASLAN K\u0130MD\u0130R?<\/h3>\n<p>U\u011fur Aslan, T\u00fcrk dizi, sinema, tiyatro oyuncusu ve m\u00fczisyendir. Aslan, 9 \u015eubat 1972&#8217;de Hatay&#8217;\u0131n Reyhanl\u0131 il\u00e7esine ba\u011fl\u0131 Melekli k\u00f6y\u00fcnde d\u00fcnyaya geldi. Dokuz \u00e7ocuklu bir ailenin en k\u00fc\u00e7\u00fck \u00e7ocu\u011fu alan Aslan, ilkokul ve ortaokul e\u011fitimini Reyhanl\u0131 Devlet Paras\u0131z Yat\u0131l\u0131 Okulu&#8217;nda sonras\u0131nda lise e\u011fitimini ise Antakya Ticaret Lisesi&#8217;nde tamamlad\u0131.<\/p>\n<p><img loading=\"lazy\" decoding=\"async\" class=\"size-full wp-image-251228\" src=\"https:\/\/www.tgrthaber.com\/mavikadin\/wp-content\/uploads\/Ugur-Aslan-6.jpg\" alt=\"Sahtekarlar dizisinin \u00d6nder\u2019i U\u011fur Aslan kimdir? U\u011fur Aslan kiminle evli, ka\u00e7 \u00e7ocu\u011fu var? \" width=\"1208\" height=\"680\" title=\"\" srcset=\"https:\/\/www.tgrthaber.com\/mavikadin\/wp-content\/uploads\/Ugur-Aslan-6.jpg 1208w, https:\/\/www.tgrthaber.com\/mavikadin\/wp-content\/uploads\/Ugur-Aslan-6-300x169.jpg 300w, https:\/\/www.tgrthaber.com\/mavikadin\/wp-content\/uploads\/Ugur-Aslan-6-1024x576.jpg 1024w, https:\/\/www.tgrthaber.com\/mavikadin\/wp-content\/uploads\/Ugur-Aslan-6-768x432.jpg 768w\" sizes=\"(max-width: 1208px) 100vw, 1208px\" \/><\/p>\n<hr \/>\n<p>Oyunculu\u011fa olan ilgisi tiyatro ile ba\u015flayan U\u011fur Aslan, lise y\u0131llar\u0131nda tiyatroyla ilgilendi. Lise e\u011fitimi s\u0131ras\u0131nda 20\u2019den fazla tiyatro oyununda yer alan U\u011fur Aslan, \u00fcniversite e\u011fitimi i\u00e7in Ankara\u2019ya gitti. Aslan, Ankara \u00dcniversitesi Dil ve Tarih-Co\u011frafya Fak\u00fcltesi Tiyatro B\u00f6l\u00fcm\u00fc&#8217;nde oyunculuk alan\u0131nda y\u00fcksek\u00f6\u011frenimini tamamlad\u0131.<\/p>\n<p><img loading=\"lazy\" decoding=\"async\" class=\"size-full wp-image-251230\" src=\"https:\/\/www.tgrthaber.com\/mavikadin\/wp-content\/uploads\/Ugur-Aslan-8.jpg\" alt=\"Sahtekarlar dizisinin \u00d6nder\u2019i U\u011fur Aslan kimdir? U\u011fur Aslan kiminle evli, ka\u00e7 \u00e7ocu\u011fu var? \" width=\"1208\" height=\"680\" title=\"\" srcset=\"https:\/\/www.tgrthaber.com\/mavikadin\/wp-content\/uploads\/Ugur-Aslan-8.jpg 1208w, https:\/\/www.tgrthaber.com\/mavikadin\/wp-content\/uploads\/Ugur-Aslan-8-300x169.jpg 300w, https:\/\/www.tgrthaber.com\/mavikadin\/wp-content\/uploads\/Ugur-Aslan-8-1024x576.jpg 1024w, https:\/\/www.tgrthaber.com\/mavikadin\/wp-content\/uploads\/Ugur-Aslan-8-768x432.jpg 768w\" sizes=\"(max-width: 1208px) 100vw, 1208px\" \/><\/p>\n<hr \/>\n<h3>U\u011eUR ASLAN KA\u00c7 YA\u015eINDA?<\/h3>\n<p>1972 do\u011fumlu U\u011fur Aslan, 2025 y\u0131l\u0131 itibar\u0131yla 53 ya\u015f\u0131ndad\u0131r. Aslan, ba\u015far\u0131l\u0131 e\u011fitim s\u00fcrecinin ard\u0131ndan Ankara\u2019da ya\u015fad\u0131\u011f\u0131 d\u00f6nemde m\u00fczisyenlik yapt\u0131. M\u00fczisyenlik yapt\u0131\u011f\u0131 d\u00f6nemde performans\u0131yla pop\u00fclerli\u011fini art\u0131ran Aslan, TRT&#8217;de bir sezon &#8220;Kavak Yelleri&#8221; adl\u0131 m\u00fczik e\u011flence program\u0131n\u0131 sundu.<\/p>\n<p><img loading=\"lazy\" decoding=\"async\" class=\"size-full wp-image-251232\" src=\"https:\/\/www.tgrthaber.com\/mavikadin\/wp-content\/uploads\/Ugur-Aslan-10.jpg\" alt=\"Sahtekarlar dizisinin \u00d6nder\u2019i U\u011fur Aslan kimdir? U\u011fur Aslan kiminle evli, ka\u00e7 \u00e7ocu\u011fu var? \" width=\"1208\" height=\"680\" title=\"\" srcset=\"https:\/\/www.tgrthaber.com\/mavikadin\/wp-content\/uploads\/Ugur-Aslan-10.jpg 1208w, https:\/\/www.tgrthaber.com\/mavikadin\/wp-content\/uploads\/Ugur-Aslan-10-300x169.jpg 300w, https:\/\/www.tgrthaber.com\/mavikadin\/wp-content\/uploads\/Ugur-Aslan-10-1024x576.jpg 1024w, https:\/\/www.tgrthaber.com\/mavikadin\/wp-content\/uploads\/Ugur-Aslan-10-768x432.jpg 768w\" sizes=\"(max-width: 1208px) 100vw, 1208px\" \/><\/p>\n<hr \/>\n<p>Ayn\u0131 d\u00f6nemde, TRT&#8217;de yay\u0131lanan \u0130nsan Olmak, Kale \u0130\u00e7i, A\u015fk Buraya U\u011fram\u0131yor gibi dramalarda rol alan U\u011fur Aslan, y\u00fcksek\u00f6\u011freniminin ard\u0131ndan bir s\u00fcre sonra sadece m\u00fczikle u\u011fra\u015ft\u0131 ve \u0130stanbul\u2019a yerle\u015fti.<\/p>\n<p><img loading=\"lazy\" decoding=\"async\" class=\"size-full wp-image-251226\" src=\"https:\/\/www.tgrthaber.com\/mavikadin\/wp-content\/uploads\/Ugur-Aslan-4.jpg\" alt=\"Sahtekarlar dizisinin \u00d6nder\u2019i U\u011fur Aslan kimdir? U\u011fur Aslan kiminle evli, ka\u00e7 \u00e7ocu\u011fu var? \" width=\"1208\" height=\"680\" title=\"\" srcset=\"https:\/\/www.tgrthaber.com\/mavikadin\/wp-content\/uploads\/Ugur-Aslan-4.jpg 1208w, https:\/\/www.tgrthaber.com\/mavikadin\/wp-content\/uploads\/Ugur-Aslan-4-300x169.jpg 300w, https:\/\/www.tgrthaber.com\/mavikadin\/wp-content\/uploads\/Ugur-Aslan-4-1024x576.jpg 1024w, https:\/\/www.tgrthaber.com\/mavikadin\/wp-content\/uploads\/Ugur-Aslan-4-768x432.jpg 768w\" sizes=\"(max-width: 1208px) 100vw, 1208px\" \/><\/p>\n<hr \/>\n<h3>U\u011eUR ASLAN K\u0130M\u0130NLE EVL\u0130, KA\u00c7 \u00c7OCU\u011eU VAR?<\/h3>\n<p>U\u011fur Aslan, \u00fcnl\u00fc senarist Sema Ergenekon ile evlidir. \u00dcniversiteden arkada\u015f olan U\u011fur Aslan ve Sema Ergenekon, 1999 y\u0131l\u0131nda d\u00fcnyaevine girdi. \u00c7iftin bu birlikteli\u011finden ikisi k\u0131z biri erkek olmak \u00fczere \u00fc\u00e7 \u00e7ocu\u011fu d\u00fcnyaya geldi.<\/p>\n<p><img loading=\"lazy\" decoding=\"async\" class=\"size-full wp-image-251231\" src=\"https:\/\/www.tgrthaber.com\/mavikadin\/wp-content\/uploads\/Ugur-Aslan-9.jpg\" alt=\"Sahtekarlar dizisinin \u00d6nder\u2019i U\u011fur Aslan kimdir? U\u011fur Aslan kiminle evli, ka\u00e7 \u00e7ocu\u011fu var? \" width=\"1208\" height=\"680\" title=\"\" srcset=\"https:\/\/www.tgrthaber.com\/mavikadin\/wp-content\/uploads\/Ugur-Aslan-9.jpg 1208w, https:\/\/www.tgrthaber.com\/mavikadin\/wp-content\/uploads\/Ugur-Aslan-9-300x169.jpg 300w, https:\/\/www.tgrthaber.com\/mavikadin\/wp-content\/uploads\/Ugur-Aslan-9-1024x576.jpg 1024w, https:\/\/www.tgrthaber.com\/mavikadin\/wp-content\/uploads\/Ugur-Aslan-9-768x432.jpg 768w\" sizes=\"(max-width: 1208px) 100vw, 1208px\" \/><\/p>\n<hr \/>\n<p>Sema Ergenekon ile mutlu evlili\u011fini s\u00fcrd\u00fcren U\u011fur Aslan, 2005 y\u0131l\u0131nda senaryosunu e\u015fi Sema Ergenekon&#8217;un yazd\u0131\u011f\u0131 G\u00fcm\u00fc\u015f adl\u0131 dizide Orhan karakterini oynad\u0131. Hem oyunculuk alan\u0131nda hem de m\u00fczik kariyerinde \u00f6nemli ba\u015far\u0131lara imza atan Aslan, \u00f6zellikle 2021-2024 y\u0131llar\u0131 aras\u0131nda Kanal D ekranlar\u0131nda yay\u0131nlanan Yarg\u0131 dizisindeki komiser Eren rol\u00fc ile pop\u00fclerli\u011fini art\u0131rd\u0131.<\/p>\n<p><img loading=\"lazy\" decoding=\"async\" class=\"size-full wp-image-251236\" src=\"https:\/\/www.tgrthaber.com\/mavikadin\/wp-content\/uploads\/Ugur-Aslan-2.jpg\" alt=\"Sahtekarlar dizisinin \u00d6nder\u2019i U\u011fur Aslan kimdir? U\u011fur Aslan kiminle evli, ka\u00e7 \u00e7ocu\u011fu var? \" width=\"1208\" height=\"680\" title=\"\" srcset=\"https:\/\/www.tgrthaber.com\/mavikadin\/wp-content\/uploads\/Ugur-Aslan-2.jpg 1208w, https:\/\/www.tgrthaber.com\/mavikadin\/wp-content\/uploads\/Ugur-Aslan-2-300x169.jpg 300w, https:\/\/www.tgrthaber.com\/mavikadin\/wp-content\/uploads\/Ugur-Aslan-2-1024x576.jpg 1024w, https:\/\/www.tgrthaber.com\/mavikadin\/wp-content\/uploads\/Ugur-Aslan-2-768x432.jpg 768w\" sizes=\"(max-width: 1208px) 100vw, 1208px\" \/><\/p>\n<hr \/>\n<h3>U\u011eUR ASLAN\u2019IN ROL ALDI\u011eI D\u0130Z\u0130LER!<\/h3>\n<ul>\n<li>2005 \u2013 Kale \u0130\u00e7i<\/li>\n<li>2005 \u2013 Ofis \u0130\u015fi<\/li>\n<li>2005 \u2013 G\u00fcm\u00fc\u015f<\/li>\n<li>Derdest \u2013 2008<\/li>\n<li>Aile Reisi \u2013 2009<\/li>\n<li>Yer G\u00f6k A\u015fk \u2013 2010-2012<\/li>\n<li>Kay\u0131p \u2013 2013<\/li>\n<li>Karaday\u0131 \u2013 2014-2015<\/li>\n<li>Kara Sevda \u2013 2015-2017<\/li>\n<li>Siyah Beyaz A\u015fk \u2013 2017<\/li>\n<li>Kurulu\u015f Osman \u2013 2019<\/li>\n<li>\u00c7ukur \u2013 2020<\/li>\n<li>Yarg\u0131 \u2013 2021-2024<\/li>\n<li>Leyla: Hayat\u2026 A\u015fk\u2026 Adalet\u2026 \u2013 2024<\/li>\n<li>Sahtekarlar \u2013 2025<\/li>\n<\/ul>\n<p><img loading=\"lazy\" decoding=\"async\" class=\"size-full wp-image-251229\" src=\"https:\/\/www.tgrthaber.com\/mavikadin\/wp-content\/uploads\/Ugur-Aslan-7.jpg\" alt=\"Sahtekarlar dizisinin \u00d6nder\u2019i U\u011fur Aslan kimdir? U\u011fur Aslan kiminle evli, ka\u00e7 \u00e7ocu\u011fu var? \" width=\"1208\" height=\"680\" title=\"\" srcset=\"https:\/\/www.tgrthaber.com\/mavikadin\/wp-content\/uploads\/Ugur-Aslan-7.jpg 1208w, https:\/\/www.tgrthaber.com\/mavikadin\/wp-content\/uploads\/Ugur-Aslan-7-300x169.jpg 300w, https:\/\/www.tgrthaber.com\/mavikadin\/wp-content\/uploads\/Ugur-Aslan-7-1024x576.jpg 1024w, https:\/\/www.tgrthaber.com\/mavikadin\/wp-content\/uploads\/Ugur-Aslan-7-768x432.jpg 768w\" sizes=\"(max-width: 1208px) 100vw, 1208px\" \/><\/p>\n<hr \/>\n<h3>SAHTEKARLAR \u00d6NDER K\u0130MD\u0130R?<\/h3>\n<p><a href=\"https:\/\/www.tgrthaber.com\/mavikadin\/sahtekarlar-dizisinin-simlasi-ipek-ozagan-kimdir-ipek-ozagan-kac-yasinda-hangi-dizilerde-oynadi\/\">Sahtekarlar<\/a> dizisi NOW TV ekranlar\u0131nda izleyici kar\u015f\u0131s\u0131na \u00e7\u0131k\u0131yor. G\u00fc\u00e7l\u00fc oyuncu kadrosu ve etkileyici hikayesiyle dikkat \u00e7eken dizide \u00d6nder karakteri de merakla ara\u015ft\u0131r\u0131l\u0131yor. Dizide \u00d6nder karakterini U\u011fur Aslan oynuyor.<\/p>\n<p><img loading=\"lazy\" decoding=\"async\" class=\"size-full wp-image-251234\" src=\"https:\/\/www.tgrthaber.com\/mavikadin\/wp-content\/uploads\/Ugur-Aslan-12.jpg\" alt=\"Sahtekarlar dizisinin \u00d6nder\u2019i U\u011fur Aslan kimdir? U\u011fur Aslan kiminle evli, ka\u00e7 \u00e7ocu\u011fu var? \" width=\"1208\" height=\"680\" title=\"\" srcset=\"https:\/\/www.tgrthaber.com\/mavikadin\/wp-content\/uploads\/Ugur-Aslan-12.jpg 1208w, https:\/\/www.tgrthaber.com\/mavikadin\/wp-content\/uploads\/Ugur-Aslan-12-300x169.jpg 300w, https:\/\/www.tgrthaber.com\/mavikadin\/wp-content\/uploads\/Ugur-Aslan-12-1024x576.jpg 1024w, https:\/\/www.tgrthaber.com\/mavikadin\/wp-content\/uploads\/Ugur-Aslan-12-768x432.jpg 768w\" sizes=\"(max-width: 1208px) 100vw, 1208px\" \/><\/p>\n<hr \/>\n<p><a href=\"https:\/\/www.tgrthaber.com\/mavikadin\/sahtekarlar-dizisinin-tahasi-can-bartu-aslan-kimdir-can-bartu-aslan-nereli-hangi-dizilerde-oynadi\/\">Sahtekarlar<\/a> dizisinde \u00d6nder karakteri, \u00e7evik, zeki ve her zaman haz\u0131rl\u0131kl\u0131\u00a0bir rolde izleyici kar\u015f\u0131s\u0131na \u00e7\u0131k\u0131yor. Herkesin y\u00fck\u00fcn\u00fc ta\u015f\u0131y\u0131p, kendi y\u00fck\u00fcn\u00fc gizleyen bir s\u0131rda\u015f olan \u00d6nder\u2019in G\u00f6z\u00fcnden hi\u00e7bir \u015fey ka\u00e7maz. \u00d6nder\u2019in keskin zekas\u0131, en b\u00fcy\u00fck silah\u0131d\u0131r.<\/p>\n","protected":false},"excerpt":{"rendered":"<p>Sahtekarlar dizisinde \u2018\u00d6nder\u2019 karakteriyle seyirci kar\u015f\u0131s\u0131na \u00e7\u0131kan U\u011fur Aslan\u2019\u0131n kim oldu\u011fu merak ediliyor. Peki, U\u011fur Aslan kimdir? U\u011fur Aslan kiminle evli, ka\u00e7 \u00e7ocu\u011fu var? \u0130\u015fte detaylar\u2026<\/p>\n","protected":false},"author":26,"featured_media":251235,"comment_status":"closed","ping_status":"closed","sticky":false,"template":"","format":"standard","meta":{"rank_math_lock_modified_date":false,"footnotes":""},"categories":[491],"tags":[3374,16521,29586,64724,2332,64723],"class_list":["post-251225","post","type-post","status-publish","format-standard","has-post-thumbnail","hentry","category-biyografi","tag-biyografi","tag-biyografi-haberleri","tag-sahtekarlar-dizisi","tag-sahtekarlar-onder","tag-ugur-aslan","tag-ugur-aslan-kimdir"],"_links":{"self":[{"href":"https:\/\/www.tgrthaber.com\/mavikadin\/wp-json\/wp\/v2\/posts\/251225"}],"collection":[{"href":"https:\/\/www.tgrthaber.com\/mavikadin\/wp-json\/wp\/v2\/posts"}],"about":[{"href":"https:\/\/www.tgrthaber.com\/mavikadin\/wp-json\/wp\/v2\/types\/post"}],"author":[{"embeddable":true,"href":"https:\/\/www.tgrthaber.com\/mavikadin\/wp-json\/wp\/v2\/users\/26"}],"replies":[{"embeddable":true,"href":"https:\/\/www.tgrthaber.com\/mavikadin\/wp-json\/wp\/v2\/comments?post=251225"}],"version-history":[{"count":2,"href":"https:\/\/www.tgrthaber.com\/mavikadin\/wp-json\/wp\/v2\/posts\/251225\/revisions"}],"predecessor-version":[{"id":251238,"href":"https:\/\/www.tgrthaber.com\/mavikadin\/wp-json\/wp\/v2\/posts\/251225\/revisions\/251238"}],"wp:featuredmedia":[{"embeddable":true,"href":"https:\/\/www.tgrthaber.com\/mavikadin\/wp-json\/wp\/v2\/media\/251235"}],"wp:attachment":[{"href":"https:\/\/www.tgrthaber.com\/mavikadin\/wp-json\/wp\/v2\/media?parent=251225"}],"wp:term":[{"taxonomy":"category","embeddable":true,"href":"https:\/\/www.tgrthaber.com\/mavikadin\/wp-json\/wp\/v2\/categories?post=251225"},{"taxonomy":"post_tag","embeddable":true,"href":"https:\/\/www.tgrthaber.com\/mavikadin\/wp-json\/wp\/v2\/tags?post=251225"}],"curies":[{"name":"wp","href":"https:\/\/api.w.org\/{rel}","templated":true}]}}