{"id":251259,"date":"2025-10-19T16:59:13","date_gmt":"2025-10-19T13:59:13","guid":{"rendered":"https:\/\/www.tgrthaber.com\/mavikadin\/?p=251259"},"modified":"2025-10-19T16:59:14","modified_gmt":"2025-10-19T13:59:14","slug":"academy-museum-galada-kim-kardashianin-tarzi-dikkat-cekti-unlu-isimden-saskina-ceviren-secimler","status":"publish","type":"post","link":"https:\/\/www.tgrthaber.com\/mavikadin\/academy-museum-galada-kim-kardashianin-tarzi-dikkat-cekti-unlu-isimden-saskina-ceviren-secimler\/","title":{"rendered":"Academy Museum Gala\u2019da Kim Kardashian\u2019\u0131n tarz\u0131 dikkat \u00e7ekti! \u00dcnl\u00fc isimden \u015fa\u015fk\u0131na \u00e7eviren se\u00e7imler"},"content":{"rendered":"<p>Hollywood\u2019un en dikkat \u00e7eken isimlerinden biri olan Kim Kardashian, Academy Museum Gala gecesinde giydi\u011fi k\u0131yafetiyle dikkat \u00e7ekerek g\u00fcndem oldu. \u0130\u015fte detaylar\u2026<\/p>\n<h3>ACADEMY MUSEUM GALA\u2019DA K\u0130M KARDASH\u0130AN\u2019IN TARZI D\u0130KKAT \u00c7EKT\u0130!<\/h3>\n<p>Hollywood\u2019un en dikkat \u00e7eken isimlerinden biri olan Kim Kardashian, yapt\u0131\u011f\u0131 bir hareket ile dikkatleri \u00fczerine \u00e7ekti. MYNET\u2019in haberine g\u00f6re, Academy Museum Gala ge\u00e7ti\u011fimiz g\u00fcnlerde ger\u00e7ekle\u015fti.<\/p>\n<p><img loading=\"lazy\" decoding=\"async\" class=\"alignnone size-full wp-image-251262\" src=\"https:\/\/www.tgrthaber.com\/mavikadin\/wp-content\/uploads\/ARZU-57-18.jpg\" alt=\"Academy Museum Gala\u2019da Kim Kardashian\u2019\u0131n tarz\u0131 dikkat \u00e7ekti! \u00dcnl\u00fc isimden \u015fa\u015fk\u0131na \u00e7eviren se\u00e7imler\" width=\"1208\" height=\"680\" title=\"\" srcset=\"https:\/\/www.tgrthaber.com\/mavikadin\/wp-content\/uploads\/ARZU-57-18.jpg 1208w, https:\/\/www.tgrthaber.com\/mavikadin\/wp-content\/uploads\/ARZU-57-18-300x169.jpg 300w, https:\/\/www.tgrthaber.com\/mavikadin\/wp-content\/uploads\/ARZU-57-18-1024x576.jpg 1024w, https:\/\/www.tgrthaber.com\/mavikadin\/wp-content\/uploads\/ARZU-57-18-768x432.jpg 768w\" sizes=\"(max-width: 1208px) 100vw, 1208px\" \/><\/p>\n<hr \/>\n<p>Bir\u00e7ok \u00fcnl\u00fc ismin boy g\u00f6sterdi\u011fi k\u0131rm\u0131z\u0131 hal\u0131 da Hollywood\u2019un en dikkat \u00e7eken isimlerinden biri olan Kim Kardashian, tarz\u0131 ile dikkatleri \u00fczerine \u00e7ekti. 44 ya\u015f\u0131nda olan Kim Kardashian, \u00fcnl\u00fc geceye ten rengi bir maske takarak geldi. \u00dcnl\u00fc isim y\u00fcz\u00fcn\u00fcn tamamen kaplayan bu maske ile adeta <a href=\"https:\/\/www.tgrthaber.com\/mavikadin\/magazin\/\">magazin<\/a> g\u00fcndemine bomba gibi d\u00fc\u015ft\u00fc.<\/p>\n<p><img loading=\"lazy\" decoding=\"async\" class=\"alignnone size-full wp-image-251263\" src=\"https:\/\/www.tgrthaber.com\/mavikadin\/wp-content\/uploads\/ARZU-56-17.jpg\" alt=\"Academy Museum Gala\u2019da Kim Kardashian\u2019\u0131n tarz\u0131 dikkat \u00e7ekti! \u00dcnl\u00fc isimden \u015fa\u015fk\u0131na \u00e7eviren se\u00e7imler\" width=\"1208\" height=\"680\" title=\"\" srcset=\"https:\/\/www.tgrthaber.com\/mavikadin\/wp-content\/uploads\/ARZU-56-17.jpg 1208w, https:\/\/www.tgrthaber.com\/mavikadin\/wp-content\/uploads\/ARZU-56-17-300x169.jpg 300w, https:\/\/www.tgrthaber.com\/mavikadin\/wp-content\/uploads\/ARZU-56-17-1024x576.jpg 1024w, https:\/\/www.tgrthaber.com\/mavikadin\/wp-content\/uploads\/ARZU-56-17-768x432.jpg 768w\" sizes=\"(max-width: 1208px) 100vw, 1208px\" \/><\/p>\n<hr \/>\n<p>Y\u00fcz\u00fcn\u00fc tamamen kaplayan maske ile foto\u011fraf\u00e7\u0131lara poz veren Kim Kardashian, nude tonlar\u0131ndaki Maison Margiela imzal\u0131 elbisesi ile dikkatleri \u00fczerine \u00e7ekti.<\/p>\n<p><img loading=\"lazy\" decoding=\"async\" class=\"alignnone size-full wp-image-251264\" src=\"https:\/\/www.tgrthaber.com\/mavikadin\/wp-content\/uploads\/ARZU-55-19.jpg\" alt=\"Academy Museum Gala\u2019da Kim Kardashian\u2019\u0131n tarz\u0131 dikkat \u00e7ekti! \u00dcnl\u00fc isimden \u015fa\u015fk\u0131na \u00e7eviren se\u00e7imler\" width=\"1208\" height=\"680\" title=\"\" srcset=\"https:\/\/www.tgrthaber.com\/mavikadin\/wp-content\/uploads\/ARZU-55-19.jpg 1208w, https:\/\/www.tgrthaber.com\/mavikadin\/wp-content\/uploads\/ARZU-55-19-300x169.jpg 300w, https:\/\/www.tgrthaber.com\/mavikadin\/wp-content\/uploads\/ARZU-55-19-1024x576.jpg 1024w, https:\/\/www.tgrthaber.com\/mavikadin\/wp-content\/uploads\/ARZU-55-19-768x432.jpg 768w\" sizes=\"(max-width: 1208px) 100vw, 1208px\" \/><\/p>\n<hr \/>\n<p>Ayr\u0131ca elbisenin ete\u011fine kadar uzanan kollar, yarasa kanad\u0131n\u0131 and\u0131r\u0131rken Kim Kardashian\u2019\u0131n zaman zaman maskesini d\u00fczeltirken ya da elini beline koyarken ki halleri uzun s\u00fcre konu\u015fuldu.<\/p>\n<h3><img loading=\"lazy\" decoding=\"async\" class=\"alignnone size-full wp-image-251265\" src=\"https:\/\/www.tgrthaber.com\/mavikadin\/wp-content\/uploads\/ARZU-54-20.jpg\" alt=\"Academy Museum Gala\u2019da Kim Kardashian\u2019\u0131n tarz\u0131 dikkat \u00e7ekti! \u00dcnl\u00fc isimden \u015fa\u015fk\u0131na \u00e7eviren se\u00e7imler\" width=\"1208\" height=\"680\" title=\"\" srcset=\"https:\/\/www.tgrthaber.com\/mavikadin\/wp-content\/uploads\/ARZU-54-20.jpg 1208w, https:\/\/www.tgrthaber.com\/mavikadin\/wp-content\/uploads\/ARZU-54-20-300x169.jpg 300w, https:\/\/www.tgrthaber.com\/mavikadin\/wp-content\/uploads\/ARZU-54-20-1024x576.jpg 1024w, https:\/\/www.tgrthaber.com\/mavikadin\/wp-content\/uploads\/ARZU-54-20-768x432.jpg 768w\" sizes=\"(max-width: 1208px) 100vw, 1208px\" \/><\/h3>\n<hr \/>\n<h3>\u00dcNL\u00dc \u0130S\u0130MDEN \u015eA\u015eKINA \u00c7EV\u0130REN SE\u00c7\u0130MLER<\/h3>\n<p>\u00dcnl\u00fc isim Kim Kardashian, yine g\u00fcndem olmay\u0131 ba\u015fard\u0131. \u00d6zel gecelerde giydi\u011fi k\u0131yafetler ya da stili ile dikkatleri \u00fczerine \u00e7eken Kim Kardashian, bu sefer de Academy Museum Gala gecesine damga vurdu.<\/p>\n<p><img loading=\"lazy\" decoding=\"async\" class=\"alignnone size-full wp-image-251260\" src=\"https:\/\/www.tgrthaber.com\/mavikadin\/wp-content\/uploads\/ARZU-59-19.jpg\" alt=\"Academy Museum Gala\u2019da Kim Kardashian\u2019\u0131n tarz\u0131 dikkat \u00e7ekti! \u00dcnl\u00fc isimden \u015fa\u015fk\u0131na \u00e7eviren se\u00e7imler\" width=\"1208\" height=\"680\" title=\"\" srcset=\"https:\/\/www.tgrthaber.com\/mavikadin\/wp-content\/uploads\/ARZU-59-19.jpg 1208w, https:\/\/www.tgrthaber.com\/mavikadin\/wp-content\/uploads\/ARZU-59-19-300x169.jpg 300w, https:\/\/www.tgrthaber.com\/mavikadin\/wp-content\/uploads\/ARZU-59-19-1024x576.jpg 1024w, https:\/\/www.tgrthaber.com\/mavikadin\/wp-content\/uploads\/ARZU-59-19-768x432.jpg 768w\" sizes=\"(max-width: 1208px) 100vw, 1208px\" \/><\/p>\n<hr \/>\n<p>Giydi\u011fi k\u0131yafeti ile \u00e7ok konu\u015fulan Kim Kardashian, y\u00fcz\u00fcn\u00fc tamamen \u00f6rten maske ile dikkatleri \u00fczerine \u00e7ekti. Ayr\u0131ca kombinini dev ta\u015flar ile s\u00fcslemi\u015f ve p\u0131rlanta bir choker kolye, z\u00fcmr\u00fct y\u00fcz\u00fckler, pen\u00e7e \u015feklindeki t\u0131rnaklar\u0131 ile gecenin en \u00e7ok konu\u015fulan ki\u015fileri aras\u0131nda yer ald\u0131.<\/p>\n<p><img loading=\"lazy\" decoding=\"async\" class=\"alignnone size-full wp-image-251266\" src=\"https:\/\/www.tgrthaber.com\/mavikadin\/wp-content\/uploads\/ARZU-53-18.jpg\" alt=\"Academy Museum Gala\u2019da Kim Kardashian\u2019\u0131n tarz\u0131 dikkat \u00e7ekti! \u00dcnl\u00fc isimden \u015fa\u015fk\u0131na \u00e7eviren se\u00e7imler\" width=\"1208\" height=\"680\" title=\"\" srcset=\"https:\/\/www.tgrthaber.com\/mavikadin\/wp-content\/uploads\/ARZU-53-18.jpg 1208w, https:\/\/www.tgrthaber.com\/mavikadin\/wp-content\/uploads\/ARZU-53-18-300x169.jpg 300w, https:\/\/www.tgrthaber.com\/mavikadin\/wp-content\/uploads\/ARZU-53-18-1024x576.jpg 1024w, https:\/\/www.tgrthaber.com\/mavikadin\/wp-content\/uploads\/ARZU-53-18-768x432.jpg 768w\" sizes=\"(max-width: 1208px) 100vw, 1208px\" \/><\/p>\n<hr \/>\n<p>Her zaman davetlerdeki tarz\u0131yla \u00e7ok konu\u015fulan Kim Kardashian, bu sefer ki tarz\u0131 ile de uzun s\u00fcre konu\u015fulacak gibi g\u00f6r\u00fcn\u00fcyor. Kim Kardashian\u2019\u0131n bu tarz\u0131 ilk de\u011fil. En son kat\u0131ld\u0131\u011f\u0131 2021 y\u0131l\u0131ndaki Met Gala\u2019da ayn\u0131 \u015fekilde simsiyah giyinerek dikkatleri \u00fczerine \u00e7ekmi\u015fti.<\/p>\n","protected":false},"excerpt":{"rendered":"<p>Los Angeles\u2019ta d\u00fczenlenen Academy Museum Gala gecesinde \u00fcnl\u00fc isim Kim Kardashian, yine dikkatleri \u00fczerine \u00e7ekti. \u0130\u015fte detaylar\u2026<\/p>\n","protected":false},"author":34,"featured_media":251261,"comment_status":"closed","ping_status":"closed","sticky":false,"template":"","format":"standard","meta":{"rank_math_lock_modified_date":false,"footnotes":""},"categories":[76],"tags":[3415,64726,2218],"class_list":["post-251259","post","type-post","status-publish","format-standard","has-post-thumbnail","hentry","category-magazin","tag-kim-kardashian","tag-kim-kardashian-gala-kombini","tag-magazin-haberleri"],"_links":{"self":[{"href":"https:\/\/www.tgrthaber.com\/mavikadin\/wp-json\/wp\/v2\/posts\/251259"}],"collection":[{"href":"https:\/\/www.tgrthaber.com\/mavikadin\/wp-json\/wp\/v2\/posts"}],"about":[{"href":"https:\/\/www.tgrthaber.com\/mavikadin\/wp-json\/wp\/v2\/types\/post"}],"author":[{"embeddable":true,"href":"https:\/\/www.tgrthaber.com\/mavikadin\/wp-json\/wp\/v2\/users\/34"}],"replies":[{"embeddable":true,"href":"https:\/\/www.tgrthaber.com\/mavikadin\/wp-json\/wp\/v2\/comments?post=251259"}],"version-history":[{"count":1,"href":"https:\/\/www.tgrthaber.com\/mavikadin\/wp-json\/wp\/v2\/posts\/251259\/revisions"}],"predecessor-version":[{"id":251267,"href":"https:\/\/www.tgrthaber.com\/mavikadin\/wp-json\/wp\/v2\/posts\/251259\/revisions\/251267"}],"wp:featuredmedia":[{"embeddable":true,"href":"https:\/\/www.tgrthaber.com\/mavikadin\/wp-json\/wp\/v2\/media\/251261"}],"wp:attachment":[{"href":"https:\/\/www.tgrthaber.com\/mavikadin\/wp-json\/wp\/v2\/media?parent=251259"}],"wp:term":[{"taxonomy":"category","embeddable":true,"href":"https:\/\/www.tgrthaber.com\/mavikadin\/wp-json\/wp\/v2\/categories?post=251259"},{"taxonomy":"post_tag","embeddable":true,"href":"https:\/\/www.tgrthaber.com\/mavikadin\/wp-json\/wp\/v2\/tags?post=251259"}],"curies":[{"name":"wp","href":"https:\/\/api.w.org\/{rel}","templated":true}]}}