{"id":251269,"date":"2025-10-19T17:35:32","date_gmt":"2025-10-19T14:35:32","guid":{"rendered":"https:\/\/www.tgrthaber.com\/mavikadin\/?p=251269"},"modified":"2025-10-19T17:35:32","modified_gmt":"2025-10-19T14:35:32","slug":"masterchef-beyza-umreye-gitti-unlu-isim-paylasimlari-ile-sevenlerini-duygulandirdi","status":"publish","type":"post","link":"https:\/\/www.tgrthaber.com\/mavikadin\/masterchef-beyza-umreye-gitti-unlu-isim-paylasimlari-ile-sevenlerini-duygulandirdi\/","title":{"rendered":"MasterChef Beyza Umre\u2019ye gitti! \u00dcnl\u00fc isim payla\u015f\u0131mlar\u0131 ile sevenlerini duyguland\u0131rd\u0131"},"content":{"rendered":"<p>MasterChef T\u00fcrkiye 2024 sezonunda yar\u0131\u015fan Beyza Huri Ayd\u0131n, Umre ziyareti i\u00e7in Mekke\u2019ye gitti. Ba\u015far\u0131l\u0131 isim kendi sosyal medyas\u0131nda yay\u0131nlad\u0131\u011f\u0131 g\u00f6nderiler ile sevenlerinin be\u011fenisi al\u0131rken duyguland\u0131rmay\u0131 da ba\u015fard\u0131. \u0130\u015fte detaylar\u2026<\/p>\n<h3>MASTERCHEF BEYZA UMRE \u2019YE G\u0130TT\u0130!<\/h3>\n<p>MasterChef T\u00fcrkiye 2024 sezonunda oynayan Beyza Huri Ayd\u0131n, son 6 yar\u0131\u015fmac\u0131 aras\u0131na ad\u0131n\u0131 yazd\u0131rmay\u0131 ba\u015farm\u0131\u015f isimler aras\u0131nda yer ald\u0131. Sezonun ba\u015far\u0131l\u0131 isimlerinden biri olan Beyza Huri Ayd\u0131n, <a href=\"https:\/\/www.tgrthaber.com\/mavikadin\/masterchef-mehmet-sefin-yemekleri-bu-kadar-eder-mi-tiktokta-paylasilan-hesap-sosyal-medyanin-gundemine-dustu\/\">MasterChef T\u00fcrkiye<\/a>, program\u0131nda ya\u015fad\u0131\u011f\u0131 talihsiz olay y\u00fcz\u00fcnden o d\u00f6nemlerde de g\u00fcndem olmu\u015ftu.<\/p>\n<p><img loading=\"lazy\" decoding=\"async\" class=\"alignnone size-full wp-image-251273\" src=\"https:\/\/www.tgrthaber.com\/mavikadin\/wp-content\/uploads\/ARZU-63-19.jpg\" alt=\"MasterChef Beyza Umre \u2019ye gitti! \u00dcnl\u00fc isim payla\u015f\u0131mlar\u0131 ile sevenlerini duyguland\u0131rd\u0131\" width=\"1208\" height=\"680\" title=\"\" srcset=\"https:\/\/www.tgrthaber.com\/mavikadin\/wp-content\/uploads\/ARZU-63-19.jpg 1208w, https:\/\/www.tgrthaber.com\/mavikadin\/wp-content\/uploads\/ARZU-63-19-300x169.jpg 300w, https:\/\/www.tgrthaber.com\/mavikadin\/wp-content\/uploads\/ARZU-63-19-1024x576.jpg 1024w, https:\/\/www.tgrthaber.com\/mavikadin\/wp-content\/uploads\/ARZU-63-19-768x432.jpg 768w\" sizes=\"(max-width: 1208px) 100vw, 1208px\" \/><\/p>\n<hr \/>\n<p>Fransa\u2019da do\u011fup orada b\u00fcy\u00fcyen Beyza Huri Ayd\u0131n, aslen Konyal\u0131 olmas\u0131yla da dikkatleri \u00fczerine \u00e7ekmektedir. Lise d\u00f6neminde a\u015f\u00e7\u0131l\u0131k b\u00f6l\u00fcm\u00fcne gitmek istemi\u015f ancak kay\u0131t yapt\u0131ramam\u0131\u015ft\u0131r. Liseden mezun olduktan sonra Sigorta B\u00f6l\u00fcm\u00fc\u2019nden mezun olan Beyza Huri Ayd\u0131n, eski a\u015f\u00e7\u0131 olan bir babas\u0131n\u0131n k\u0131z\u0131 olarak Fransa\u2019da pastac\u0131l\u0131k yap\u0131yor.<\/p>\n<p><img loading=\"lazy\" decoding=\"async\" class=\"alignnone size-full wp-image-251275\" src=\"https:\/\/www.tgrthaber.com\/mavikadin\/wp-content\/uploads\/ARZU-61-20.jpg\" alt=\"MasterChef Beyza Umre \u2019ye gitti! \u00dcnl\u00fc isim payla\u015f\u0131mlar\u0131 ile sevenlerini duyguland\u0131rd\u0131\" width=\"1208\" height=\"680\" title=\"\" srcset=\"https:\/\/www.tgrthaber.com\/mavikadin\/wp-content\/uploads\/ARZU-61-20.jpg 1208w, https:\/\/www.tgrthaber.com\/mavikadin\/wp-content\/uploads\/ARZU-61-20-300x169.jpg 300w, https:\/\/www.tgrthaber.com\/mavikadin\/wp-content\/uploads\/ARZU-61-20-1024x576.jpg 1024w, https:\/\/www.tgrthaber.com\/mavikadin\/wp-content\/uploads\/ARZU-61-20-768x432.jpg 768w\" sizes=\"(max-width: 1208px) 100vw, 1208px\" \/><\/p>\n<hr \/>\n<p>Yar\u0131\u015fmadan sonra yemek yapmaya devam eden Beyza Huri Ayd\u0131n, Fransa\u2019dan Konya\u2019ya ta\u015f\u0131nm\u0131\u015ft\u0131. \u0130lk etapta yar\u0131\u015fma i\u00e7in T\u00fcrkiye\u2019ye gelen Beyza Huri Ayd\u0131n, art\u0131k Konya\u2019da ya\u015famaya devam ediyor.<\/p>\n<p><img loading=\"lazy\" decoding=\"async\" class=\"alignnone size-full wp-image-251272\" src=\"https:\/\/www.tgrthaber.com\/mavikadin\/wp-content\/uploads\/ARZU-64-20.jpg\" alt=\"MasterChef Beyza Umre \u2019ye gitti! \u00dcnl\u00fc isim payla\u015f\u0131mlar\u0131 ile sevenlerini duyguland\u0131rd\u0131\" width=\"1208\" height=\"680\" title=\"\" srcset=\"https:\/\/www.tgrthaber.com\/mavikadin\/wp-content\/uploads\/ARZU-64-20.jpg 1208w, https:\/\/www.tgrthaber.com\/mavikadin\/wp-content\/uploads\/ARZU-64-20-300x169.jpg 300w, https:\/\/www.tgrthaber.com\/mavikadin\/wp-content\/uploads\/ARZU-64-20-1024x576.jpg 1024w, https:\/\/www.tgrthaber.com\/mavikadin\/wp-content\/uploads\/ARZU-64-20-768x432.jpg 768w\" sizes=\"(max-width: 1208px) 100vw, 1208px\" \/><\/p>\n<hr \/>\n<p>Son g\u00fcnlerde sosyal medyas\u0131nda payla\u015ft\u0131\u011f\u0131 g\u00f6nderiler ile ad\u0131ndan s\u0131k\u00e7a s\u00f6z ettiren Beyza Huri Ayd\u0131n, Umre yapmak i\u00e7in Mekke\u2019ye gitti. Ge\u00e7ti\u011fimiz g\u00fcnlerde sosyal medyas\u0131ndan payla\u015f\u0131mlar ger\u00e7ekle\u015ftiren Beyza Huri Ayd\u0131n yazd\u0131\u011f\u0131 notlar ile de duyguland\u0131rd\u0131.<\/p>\n<h3><img loading=\"lazy\" decoding=\"async\" class=\"alignnone size-full wp-image-251274\" src=\"https:\/\/www.tgrthaber.com\/mavikadin\/wp-content\/uploads\/ARZU-62-20.jpg\" alt=\"MasterChef Beyza Umre \u2019ye gitti! \u00dcnl\u00fc isim payla\u015f\u0131mlar\u0131 ile sevenlerini duyguland\u0131rd\u0131\" width=\"1208\" height=\"680\" title=\"\" srcset=\"https:\/\/www.tgrthaber.com\/mavikadin\/wp-content\/uploads\/ARZU-62-20.jpg 1208w, https:\/\/www.tgrthaber.com\/mavikadin\/wp-content\/uploads\/ARZU-62-20-300x169.jpg 300w, https:\/\/www.tgrthaber.com\/mavikadin\/wp-content\/uploads\/ARZU-62-20-1024x576.jpg 1024w, https:\/\/www.tgrthaber.com\/mavikadin\/wp-content\/uploads\/ARZU-62-20-768x432.jpg 768w\" sizes=\"(max-width: 1208px) 100vw, 1208px\" \/><\/h3>\n<hr \/>\n<h3>\u00dcNL\u00dc \u0130S\u0130M PAYLA\u015eIMLARI \u0130LE SEVENLER\u0130N\u0130 DUYGULANDIRDI<\/h3>\n<p>MasterChef T\u00fcrkiye ile Fransa\u2019dan yar\u0131\u015fmaya gelen Beyza Huri Ayd\u0131n, Umre ziyaretini ger\u00e7ekle\u015ftirmek i\u00e7in Mekke\u2019ye gitti. Orada duygu dolu anlar ya\u015fayan \u00fcnl\u00fc isim sosyal medyas\u0131ndan yay\u0131nlad\u0131\u011f\u0131 g\u00f6nderiler ile dikkatleri \u00fczerine \u00e7ekti.<\/p>\n<p><img loading=\"lazy\" decoding=\"async\" class=\"alignnone size-full wp-image-251271\" src=\"https:\/\/www.tgrthaber.com\/mavikadin\/wp-content\/uploads\/ARZU-65-18.jpg\" alt=\"MasterChef Beyza Umre \u2019ye gitti! \u00dcnl\u00fc isim payla\u015f\u0131mlar\u0131 ile sevenlerini duyguland\u0131rd\u0131\" width=\"1208\" height=\"680\" title=\"\" srcset=\"https:\/\/www.tgrthaber.com\/mavikadin\/wp-content\/uploads\/ARZU-65-18.jpg 1208w, https:\/\/www.tgrthaber.com\/mavikadin\/wp-content\/uploads\/ARZU-65-18-300x169.jpg 300w, https:\/\/www.tgrthaber.com\/mavikadin\/wp-content\/uploads\/ARZU-65-18-1024x576.jpg 1024w, https:\/\/www.tgrthaber.com\/mavikadin\/wp-content\/uploads\/ARZU-65-18-768x432.jpg 768w\" sizes=\"(max-width: 1208px) 100vw, 1208px\" \/><\/p>\n<hr \/>\n<p>Beyza Huri Ayd\u0131n, \u201cPlans\u0131z, ans\u0131z\u2026 Ama belki de en \u00e7ok b\u00f6yle gelinirdi buraya.<br \/>\nKalbimin \u00e7a\u011fr\u0131s\u0131na uydum, Mekke\u2019deyim.\u201d<\/p>\n<p><img loading=\"lazy\" decoding=\"async\" class=\"alignnone size-full wp-image-251270\" src=\"https:\/\/www.tgrthaber.com\/mavikadin\/wp-content\/uploads\/ARZU-66-18.jpg\" alt=\"MasterChef Beyza Umre \u2019ye gitti! \u00dcnl\u00fc isim payla\u015f\u0131mlar\u0131 ile sevenlerini duyguland\u0131rd\u0131\" width=\"1208\" height=\"680\" title=\"\" srcset=\"https:\/\/www.tgrthaber.com\/mavikadin\/wp-content\/uploads\/ARZU-66-18.jpg 1208w, https:\/\/www.tgrthaber.com\/mavikadin\/wp-content\/uploads\/ARZU-66-18-300x169.jpg 300w, https:\/\/www.tgrthaber.com\/mavikadin\/wp-content\/uploads\/ARZU-66-18-1024x576.jpg 1024w, https:\/\/www.tgrthaber.com\/mavikadin\/wp-content\/uploads\/ARZU-66-18-768x432.jpg 768w\" sizes=\"(max-width: 1208px) 100vw, 1208px\" \/><\/p>\n<hr \/>\n<p>\u201cO an anlad\u0131m ki;<br \/>\nAllah dilerse, seni planlar\u0131n aras\u0131ndan \u00e7ekip kendi huzuruna getirir.<br \/>\nBazen bir d\u00f6n\u00fc\u015f yolculu\u011fu bile O\u2019nun davetine d\u00f6n\u00fc\u015f\u00fcr.<br \/>\nBir g\u00fcn hepimiz yine b\u00f6yle,<br \/>\nhaz\u0131rl\u0131ks\u0131z ama davetli olarak O\u2019na d\u00f6nece\u011fiz.<br \/>\nBiz bu davete \u201cLebbeyk\u201d diyebildik, Elhamd\u00fclillah.\u201d S\u00f6zlerini payla\u015ft\u0131. Hayranlar\u0131 ve sevenleri taraf\u0131ndan \u00e7ok say\u0131da yorum ve be\u011feni alan Beyza Huri Ayd\u0131n, yay\u0131nlad\u0131\u011f\u0131 g\u00f6nderiler ile se dikkatleri \u00fczerine \u00e7ekti.<\/p>\n","protected":false},"excerpt":{"rendered":"<p>MasterChef T\u00fcrkiye yar\u0131\u015fmas\u0131nda yar\u0131\u015fmac\u0131 olan ve daha sonra sosyal medyada da \u00fcnl\u00fc olan Beyza Huri Ayd\u0131n, Umre yapmak i\u00e7in Mekke\u2019ye gitti. \u00dcnl\u00fc isim sosyal medyas\u0131ndan payla\u015ft\u0131\u011f\u0131 g\u00f6nderiler ile herkesi duyguland\u0131rd\u0131. <\/p>\n","protected":false},"author":34,"featured_media":251276,"comment_status":"closed","ping_status":"closed","sticky":false,"template":"","format":"standard","meta":{"rank_math_lock_modified_date":false,"footnotes":""},"categories":[76],"tags":[13485,2218,1120,3048],"class_list":["post-251269","post","type-post","status-publish","format-standard","has-post-thumbnail","hentry","category-magazin","tag-beyza-huri-aydin","tag-magazin-haberleri","tag-masterchef","tag-masterchef-beyza"],"_links":{"self":[{"href":"https:\/\/www.tgrthaber.com\/mavikadin\/wp-json\/wp\/v2\/posts\/251269"}],"collection":[{"href":"https:\/\/www.tgrthaber.com\/mavikadin\/wp-json\/wp\/v2\/posts"}],"about":[{"href":"https:\/\/www.tgrthaber.com\/mavikadin\/wp-json\/wp\/v2\/types\/post"}],"author":[{"embeddable":true,"href":"https:\/\/www.tgrthaber.com\/mavikadin\/wp-json\/wp\/v2\/users\/34"}],"replies":[{"embeddable":true,"href":"https:\/\/www.tgrthaber.com\/mavikadin\/wp-json\/wp\/v2\/comments?post=251269"}],"version-history":[{"count":2,"href":"https:\/\/www.tgrthaber.com\/mavikadin\/wp-json\/wp\/v2\/posts\/251269\/revisions"}],"predecessor-version":[{"id":251290,"href":"https:\/\/www.tgrthaber.com\/mavikadin\/wp-json\/wp\/v2\/posts\/251269\/revisions\/251290"}],"wp:featuredmedia":[{"embeddable":true,"href":"https:\/\/www.tgrthaber.com\/mavikadin\/wp-json\/wp\/v2\/media\/251276"}],"wp:attachment":[{"href":"https:\/\/www.tgrthaber.com\/mavikadin\/wp-json\/wp\/v2\/media?parent=251269"}],"wp:term":[{"taxonomy":"category","embeddable":true,"href":"https:\/\/www.tgrthaber.com\/mavikadin\/wp-json\/wp\/v2\/categories?post=251269"},{"taxonomy":"post_tag","embeddable":true,"href":"https:\/\/www.tgrthaber.com\/mavikadin\/wp-json\/wp\/v2\/tags?post=251269"}],"curies":[{"name":"wp","href":"https:\/\/api.w.org\/{rel}","templated":true}]}}