{"id":251299,"date":"2025-10-19T18:38:39","date_gmt":"2025-10-19T15:38:39","guid":{"rendered":"https:\/\/www.tgrthaber.com\/mavikadin\/?p=251299"},"modified":"2025-10-19T18:38:39","modified_gmt":"2025-10-19T15:38:39","slug":"guller-ve-gunahlar-reytinglerde-taht-kurdu-rakiplerini-geride-birakarak-zirveye-yerlesti","status":"publish","type":"post","link":"https:\/\/www.tgrthaber.com\/mavikadin\/guller-ve-gunahlar-reytinglerde-taht-kurdu-rakiplerini-geride-birakarak-zirveye-yerlesti\/","title":{"rendered":"G\u00fcller ve G\u00fcnahlar reytinglerde taht kurdu! Rakiplerini geride b\u0131rakarak zirveye yerle\u015fti"},"content":{"rendered":"<p class=\"p1\">Kanal D ekranlar\u0131n\u0131n sevilen dizisi G\u00fcller ve G\u00fcnahlar daha ikinci haftas\u0131nda zirveye yerle\u015fti. Yap\u0131mc\u0131l\u0131\u011f\u0131n\u0131 Nazl\u0131 Hept\u00fcrk\u2019\u00fcn \u00fcstlendi\u011fi dizi takiplerini geride b\u0131rakarak tahta oturdu.<\/p>\n<h3>G\u00fcLLER VE G\u00dcNAHLAR REYT\u0130NGLERDE TAHT KURDU! RAK\u0130PLER\u0130N\u0130 GER\u0130DE BIRAKARAK Z\u0130RVEYE YERLE\u015eT\u0130<\/h3>\n<p class=\"p2\">Kanal D ekranlar\u0131n\u0131n yeni sezon dizisi ba\u015frollerinde<span class=\"Apple-converted-space\">\u00a0 <\/span>Murat Y\u0131ld\u0131r\u0131m ile Cemre Baysel\u2019in yer ald\u0131\u011f\u0131 <a href=\"https:\/\/www.tgrthaber.com\/mavikadin\/guller-ve-gunahlar-2-bolumde-neler-oldu-guller-ve-gunahlar-3-bolum-fragmani-yayinlandi-mi\/\">G\u00fcller ve G\u00fcnahlar<\/a> daha ikinci haftas\u0131nda zirveye yerle\u015fti. G\u00f6n\u00fcl Da\u011f\u0131, Ben Leman ve Aynadaki Yabanc\u0131 dizileri ile yar\u0131\u015fan G\u00fcller ve G\u00fcnahlar AB ve ABC1&#8217;de zirveye ad\u0131n\u0131 yazd\u0131rd\u0131. Birsen Altunta\u015f\u2019\u0131n haberine g\u00f6re,<span class=\"Apple-converted-space\">\u00a0 <\/span>Mipcom Fuar\u0131\u2019nda da Bu hafta b\u00fcy\u00fck ilgi g\u00f6ren dizi total\u2019de 5.85 reytingle 2., AB\u2019de 4.15 ve ABC1\u2019de ise 5,09 izlenme ile birinci oldu.<\/p>\n<p><img loading=\"lazy\" decoding=\"async\" class=\"alignnone wp-image-251319 \" src=\"https:\/\/www.tgrthaber.com\/mavikadin\/wp-content\/uploads\/Ekran-Resmi-2025-10-19-18.29.15-1024x617.png\" alt=\"\" width=\"1074\" height=\"647\" title=\"\" srcset=\"https:\/\/www.tgrthaber.com\/mavikadin\/wp-content\/uploads\/Ekran-Resmi-2025-10-19-18.29.15-1024x617.png 1024w, https:\/\/www.tgrthaber.com\/mavikadin\/wp-content\/uploads\/Ekran-Resmi-2025-10-19-18.29.15-300x181.png 300w, https:\/\/www.tgrthaber.com\/mavikadin\/wp-content\/uploads\/Ekran-Resmi-2025-10-19-18.29.15-768x463.png 768w, https:\/\/www.tgrthaber.com\/mavikadin\/wp-content\/uploads\/Ekran-Resmi-2025-10-19-18.29.15.png 1274w\" sizes=\"(max-width: 1074px) 100vw, 1074px\" \/><\/p>\n<hr \/>\n<h3>D\u0130Z\u0130LER ARASI KIYASIYA SAVA\u015e BA\u015eLADI<\/h3>\n<p class=\"p1\">TRT1\u2019in\u00a0\u201cG\u00f6n\u00fcl Da\u011f\u0131\u201d\u00a0dizisi total\u2019de 6.02 reytingle 1., AB\u2019de 3.71, ABC1\u2019de de 5.05 reytingle 2. oldu.<\/p>\n<p><img loading=\"lazy\" decoding=\"async\" class=\"alignnone wp-image-251325 \" src=\"https:\/\/www.tgrthaber.com\/mavikadin\/wp-content\/uploads\/Ekran-Resmi-2025-10-19-18.29.44.png\" alt=\"\" width=\"1090\" height=\"639\" title=\"\" srcset=\"https:\/\/www.tgrthaber.com\/mavikadin\/wp-content\/uploads\/Ekran-Resmi-2025-10-19-18.29.44.png 938w, https:\/\/www.tgrthaber.com\/mavikadin\/wp-content\/uploads\/Ekran-Resmi-2025-10-19-18.29.44-300x176.png 300w, https:\/\/www.tgrthaber.com\/mavikadin\/wp-content\/uploads\/Ekran-Resmi-2025-10-19-18.29.44-768x450.png 768w\" sizes=\"(max-width: 1090px) 100vw, 1090px\" \/><\/p>\n<hr \/>\n<p class=\"p1\">Atv\u2019nin\u00a0\u201cAynadaki Yabanc\u0131\u201d\u00a0total\u2019de 2.98 reytingle 6., AB\u2019de 1.42\u00a0 ve ABC1\u2019de 2.01 reytingle 13. s\u0131rada yer ald\u0131. NOW\u2019\u0131n\u00a0\u201cBen Leman\u201d\u00a0dizisi total\u2019de 3.15 reytingle 5., AB\u2019de 3.09 reytingle ve ABC1\u2019de 2.97 reytingle 3. oldu.<\/p>\n<p><img loading=\"lazy\" decoding=\"async\" class=\"alignnone wp-image-251320 \" src=\"https:\/\/www.tgrthaber.com\/mavikadin\/wp-content\/uploads\/Ekran-Resmi-2025-10-19-18.29.19-1024x592.png\" alt=\"\" width=\"1078\" height=\"623\" title=\"\" srcset=\"https:\/\/www.tgrthaber.com\/mavikadin\/wp-content\/uploads\/Ekran-Resmi-2025-10-19-18.29.19-1024x592.png 1024w, https:\/\/www.tgrthaber.com\/mavikadin\/wp-content\/uploads\/Ekran-Resmi-2025-10-19-18.29.19-300x174.png 300w, https:\/\/www.tgrthaber.com\/mavikadin\/wp-content\/uploads\/Ekran-Resmi-2025-10-19-18.29.19-768x444.png 768w, https:\/\/www.tgrthaber.com\/mavikadin\/wp-content\/uploads\/Ekran-Resmi-2025-10-19-18.29.19.png 1314w\" sizes=\"(max-width: 1078px) 100vw, 1078px\" \/><\/p>\n<hr \/>\n<h3>G\u00dcLLER VE G\u00dcNAHLAR D\u0130Z\u0130S\u0130N\u0130N OYUNCU KADROSUNDA K\u0130MLER VAR?<\/h3>\n<p class=\"p1\">Kanal D ekranlar\u0131n\u0131n yeni dizisi G\u00fcller ve G\u00fcnahlar\u2019\u0131n yap\u0131mc\u0131l\u0131\u011f\u0131n\u0131 Nazl\u0131 Hept\u00fcrk \u00fcstlenirken dizi NGM\u2019nin imzas\u0131n\u0131 ta\u015f\u0131yor. Dizinin ba\u015frol oyuncular\u0131 ba\u015far\u0131l\u0131 performanslar\u0131yla dikkat \u00e7eken ve rol ald\u0131klar\u0131 yap\u0131mlarda her daim ad\u0131ndan s\u00f6z ettiren Cemre Baysal ve Murat Y\u0131ld\u0131r\u0131m bulunuyor.<\/p>\n<p><img loading=\"lazy\" decoding=\"async\" class=\"alignnone wp-image-251321 \" src=\"https:\/\/www.tgrthaber.com\/mavikadin\/wp-content\/uploads\/Ekran-Resmi-2025-10-19-18.29.25-1024x636.png\" alt=\"\" width=\"1088\" height=\"676\" title=\"\" srcset=\"https:\/\/www.tgrthaber.com\/mavikadin\/wp-content\/uploads\/Ekran-Resmi-2025-10-19-18.29.25-1024x636.png 1024w, https:\/\/www.tgrthaber.com\/mavikadin\/wp-content\/uploads\/Ekran-Resmi-2025-10-19-18.29.25-300x186.png 300w, https:\/\/www.tgrthaber.com\/mavikadin\/wp-content\/uploads\/Ekran-Resmi-2025-10-19-18.29.25-768x477.png 768w, https:\/\/www.tgrthaber.com\/mavikadin\/wp-content\/uploads\/Ekran-Resmi-2025-10-19-18.29.25.png 1300w\" sizes=\"(max-width: 1088px) 100vw, 1088px\" \/><\/p>\n<hr \/>\n<p class=\"p1\">Dizinin oyuncu kadrosunda<span class=\"Apple-converted-space\">\u00a0 <\/span>Oya Unustas\u0131, G\u00fclenay Kalkan, Serdar Or\u00e7in, Emel \u00c7\u00f6lgecen, Ahmet Sara\u00e7o\u011flu, Aleyna Solaker, Kaan \u00c7ak\u0131r, Serdar \u00d6zer, Gizem Sevim, Neslihan Arslan, Emre \u00d6zcan, Merve Su Bengi ve Mina Akdin gibi g\u00fc\u00e7l\u00fc isimler yer al\u0131yor.<\/p>\n<p><img loading=\"lazy\" decoding=\"async\" class=\"alignnone wp-image-251322 \" src=\"https:\/\/www.tgrthaber.com\/mavikadin\/wp-content\/uploads\/Ekran-Resmi-2025-10-19-18.29.50.png\" alt=\"\" width=\"1082\" height=\"618\" title=\"\" srcset=\"https:\/\/www.tgrthaber.com\/mavikadin\/wp-content\/uploads\/Ekran-Resmi-2025-10-19-18.29.50.png 952w, https:\/\/www.tgrthaber.com\/mavikadin\/wp-content\/uploads\/Ekran-Resmi-2025-10-19-18.29.50-300x171.png 300w, https:\/\/www.tgrthaber.com\/mavikadin\/wp-content\/uploads\/Ekran-Resmi-2025-10-19-18.29.50-768x439.png 768w\" sizes=\"(max-width: 1082px) 100vw, 1082px\" \/><\/p>\n<hr \/>\n<h3 class=\"p1\">G\u00dcLLER VE G\u00dcNAHLAR D\u0130Z\u0130S\u0130N\u0130N KONUSU NE?<\/h3>\n<p class=\"p1\">Kanal D\u2019nin merakla seyredilen dizisi G\u00fcller ve G\u00fcnahlar dizisinin konusu hayat\u0131n\u0131 d\u00fcr\u00fcstl\u00fck ve g\u00fcven \u00fczerine kuran Serhat\u2019la e\u015fi Berrak\u2019\u0131n y\u0131llard\u0131r saklad\u0131\u011f\u0131 b\u00fcy\u00fck bir s\u0131rr\u0131 \u00f6\u011frenmesini konu al\u0131yor.<\/p>\n<p><img loading=\"lazy\" decoding=\"async\" class=\"alignnone wp-image-251324 \" src=\"https:\/\/www.tgrthaber.com\/mavikadin\/wp-content\/uploads\/Ekran-Resmi-2025-10-19-18.30.01.png\" alt=\"\" width=\"1078\" height=\"637\" title=\"\" srcset=\"https:\/\/www.tgrthaber.com\/mavikadin\/wp-content\/uploads\/Ekran-Resmi-2025-10-19-18.30.01.png 988w, https:\/\/www.tgrthaber.com\/mavikadin\/wp-content\/uploads\/Ekran-Resmi-2025-10-19-18.30.01-300x177.png 300w, https:\/\/www.tgrthaber.com\/mavikadin\/wp-content\/uploads\/Ekran-Resmi-2025-10-19-18.30.01-768x454.png 768w\" sizes=\"(max-width: 1078px) 100vw, 1078px\" \/><\/p>\n<hr \/>\n<p class=\"p1\">S\u0131rr\u0131 \u00f6\u011frenen Serhat\u2019\u0131n hayat\u0131 alt \u00fcst olur. Serhat dobra ve cesur tav\u0131rlar\u0131yla tan\u0131nan Zeynep\u2019le kar\u015f\u0131la\u015f\u0131nca ikili kendilerini b\u00fcy\u00fck bir a\u015fk\u0131n i\u00e7inde bulacakt\u0131r.<\/p>\n","protected":false},"excerpt":{"rendered":"<p>Kanal D ekranlar\u0131n\u0131n yeni sezon dizisi G\u00fcller ve G\u00fcnahlar reyting sava\u015flar\u0131nda daha ikinci haftadan zirveye oturdu. 6 sezondur ekranlara gelen G\u00f6n\u00fcl Da\u011f\u0131 dizisini bile sollayan G\u00fcller ve G\u00fcnahlar, AB ve ABC1&#8217;de zirveye ad\u0131n\u0131 yazd\u0131rd\u0131.<\/p>\n","protected":false},"author":16,"featured_media":251329,"comment_status":"closed","ping_status":"closed","sticky":false,"template":"","format":"standard","meta":{"rank_math_lock_modified_date":false,"footnotes":""},"categories":[602],"tags":[32159,2628,64731,64732],"class_list":["post-251299","post","type-post","status-publish","format-standard","has-post-thumbnail","hentry","category-diziler","tag-dizi","tag-dizi-haberleri","tag-guller-ve-gunahlar-reyting-birinci","tag-guller-ve-gunahlar-reyting-zirve"],"_links":{"self":[{"href":"https:\/\/www.tgrthaber.com\/mavikadin\/wp-json\/wp\/v2\/posts\/251299"}],"collection":[{"href":"https:\/\/www.tgrthaber.com\/mavikadin\/wp-json\/wp\/v2\/posts"}],"about":[{"href":"https:\/\/www.tgrthaber.com\/mavikadin\/wp-json\/wp\/v2\/types\/post"}],"author":[{"embeddable":true,"href":"https:\/\/www.tgrthaber.com\/mavikadin\/wp-json\/wp\/v2\/users\/16"}],"replies":[{"embeddable":true,"href":"https:\/\/www.tgrthaber.com\/mavikadin\/wp-json\/wp\/v2\/comments?post=251299"}],"version-history":[{"count":2,"href":"https:\/\/www.tgrthaber.com\/mavikadin\/wp-json\/wp\/v2\/posts\/251299\/revisions"}],"predecessor-version":[{"id":251339,"href":"https:\/\/www.tgrthaber.com\/mavikadin\/wp-json\/wp\/v2\/posts\/251299\/revisions\/251339"}],"wp:featuredmedia":[{"embeddable":true,"href":"https:\/\/www.tgrthaber.com\/mavikadin\/wp-json\/wp\/v2\/media\/251329"}],"wp:attachment":[{"href":"https:\/\/www.tgrthaber.com\/mavikadin\/wp-json\/wp\/v2\/media?parent=251299"}],"wp:term":[{"taxonomy":"category","embeddable":true,"href":"https:\/\/www.tgrthaber.com\/mavikadin\/wp-json\/wp\/v2\/categories?post=251299"},{"taxonomy":"post_tag","embeddable":true,"href":"https:\/\/www.tgrthaber.com\/mavikadin\/wp-json\/wp\/v2\/tags?post=251299"}],"curies":[{"name":"wp","href":"https:\/\/api.w.org\/{rel}","templated":true}]}}