{"id":251328,"date":"2025-10-19T18:41:59","date_gmt":"2025-10-19T15:41:59","guid":{"rendered":"https:\/\/www.tgrthaber.com\/mavikadin\/?p=251328"},"modified":"2025-10-19T18:45:17","modified_gmt":"2025-10-19T15:45:17","slug":"teskilat-153-bolumde-hilal-altayin-olmesine-izin-verecek-mi-rutkayin-altaya-hazirladigi-surpriz-ne","status":"publish","type":"post","link":"https:\/\/www.tgrthaber.com\/mavikadin\/teskilat-153-bolumde-hilal-altayin-olmesine-izin-verecek-mi-rutkayin-altaya-hazirladigi-surpriz-ne\/","title":{"rendered":"Te\u015fkilat 153. B\u00f6l\u00fcmde Hilal Altay\u2019\u0131n \u00f6lmesine izin verecek mi? Rutkay\u2019\u0131n Altay\u2019a haz\u0131rlad\u0131\u011f\u0131 s\u00fcrpriz ne?"},"content":{"rendered":"<p>TRT 1 ekranlar\u0131nda her Pazar ak\u015fam\u0131 seyirciyle bulu\u015fan Te\u015fkilat dizisi yeni b\u00f6l\u00fcm\u00fcnde izleyenleri ekran ba\u015f\u0131na kilitleyecek. Aksiyon ve gerilimin y\u00fcksek seviyede oldu\u011fu Te\u015fkilat 153. B\u00f6l\u00fcm\u00fcyle izleyenlere gerilimli anlar ya\u015fatacak. Yeni b\u00f6l\u00fcmde Hilal Altay\u2019\u0131n \u00f6lmesine izin verecek mi? Rutkay\u2019\u0131n Altay\u2019a haz\u0131rlad\u0131\u011f\u0131 s\u00fcrpriz ne?<\/p>\n<h3>TE\u015eK\u0130LAT 153. B\u00d6L\u00dcMDE H\u0130LAL ALTAY\u2019IN \u00d6L\u00dcM EMR\u0130N\u0130 M\u0130 VERECEK?<\/h3>\n<p>Hilal ve Altay Rutkay\u2019a kar\u015f\u0131 birlikte hareket ederken, Rutkay\u2019\u0131n onlara kar\u015f\u0131 s\u00fcrprizi olacak.\u00a0 Erginsoylar\u0131n evinde Hilal ve Altay i\u00e7in d\u00fc\u011f\u00fcn haz\u0131rl\u0131klar\u0131 yap\u0131lmaktad\u0131r. Kurt Bey ve ekibi d\u00fc\u011f\u00fcn g\u00fcn\u00fc i\u00e7in \u00f6zel koruma ve tedbirler alacak. Altay ve ekibini bekleyen ba\u015fka bir geli\u015fme ya\u015fanacak.<\/p>\n<p><img loading=\"lazy\" decoding=\"async\" class=\"alignnone wp-image-251330 size-full\" src=\"https:\/\/www.tgrthaber.com\/mavikadin\/wp-content\/uploads\/Adsiz-tasarim-268.jpg\" alt=\"\" width=\"1208\" height=\"680\" title=\"\" srcset=\"https:\/\/www.tgrthaber.com\/mavikadin\/wp-content\/uploads\/Adsiz-tasarim-268.jpg 1208w, https:\/\/www.tgrthaber.com\/mavikadin\/wp-content\/uploads\/Adsiz-tasarim-268-300x169.jpg 300w, https:\/\/www.tgrthaber.com\/mavikadin\/wp-content\/uploads\/Adsiz-tasarim-268-1024x576.jpg 1024w, https:\/\/www.tgrthaber.com\/mavikadin\/wp-content\/uploads\/Adsiz-tasarim-268-768x432.jpg 768w\" sizes=\"(max-width: 1208px) 100vw, 1208px\" \/><\/p>\n<hr \/>\n<p>Rutkay Hilal\u2019e iki se\u00e7enek sunacak. Bunlardan biri Altay\u2019\u0131n \u00f6l\u00fcm emrini vermesidir. Rutkay\u2019\u0131n Hilal\u2019e \u00f6nerdi\u011fi di\u011fer \u015fart ne? Hilal Altay\u2019\u0131n \u00f6l\u00fcm emrini verecek mi?<\/p>\n<p><img loading=\"lazy\" decoding=\"async\" class=\"alignnone wp-image-251332 size-full\" src=\"https:\/\/www.tgrthaber.com\/mavikadin\/wp-content\/uploads\/Adsiz-tasarim-1-126.jpg\" alt=\"\" width=\"1208\" height=\"680\" title=\"\" srcset=\"https:\/\/www.tgrthaber.com\/mavikadin\/wp-content\/uploads\/Adsiz-tasarim-1-126.jpg 1208w, https:\/\/www.tgrthaber.com\/mavikadin\/wp-content\/uploads\/Adsiz-tasarim-1-126-300x169.jpg 300w, https:\/\/www.tgrthaber.com\/mavikadin\/wp-content\/uploads\/Adsiz-tasarim-1-126-1024x576.jpg 1024w, https:\/\/www.tgrthaber.com\/mavikadin\/wp-content\/uploads\/Adsiz-tasarim-1-126-768x432.jpg 768w\" sizes=\"(max-width: 1208px) 100vw, 1208px\" \/><\/p>\n<hr \/>\n<h3>TE\u015eK\u0130LAT 153. B\u00d6L\u00dcMDE RUTKAY ALTAY\u2019I VURACAK MI?<\/h3>\n<p>Rutkay\u2019a olan ba\u011fl\u0131l\u0131\u011f\u0131yla dikkat \u00e7ekmesi, Altay\u2019\u0131n ona kar\u015f\u0131 \u00f6nlem almas\u0131na neden olmu\u015ftu. Di\u011fer yandan da Rutkay\u2019\u0131n adamlar\u0131 Hilal\u2019i \u00f6ld\u00fcrmek i\u00e7in farkl\u0131 yollar denemeye devam edecek.<\/p>\n<p><img loading=\"lazy\" decoding=\"async\" class=\"alignnone wp-image-251340 size-full\" src=\"https:\/\/www.tgrthaber.com\/mavikadin\/wp-content\/uploads\/Adsiz-tasarim-2-129.jpg\" alt=\"\" width=\"1208\" height=\"680\" title=\"\" srcset=\"https:\/\/www.tgrthaber.com\/mavikadin\/wp-content\/uploads\/Adsiz-tasarim-2-129.jpg 1208w, https:\/\/www.tgrthaber.com\/mavikadin\/wp-content\/uploads\/Adsiz-tasarim-2-129-300x169.jpg 300w, https:\/\/www.tgrthaber.com\/mavikadin\/wp-content\/uploads\/Adsiz-tasarim-2-129-1024x576.jpg 1024w, https:\/\/www.tgrthaber.com\/mavikadin\/wp-content\/uploads\/Adsiz-tasarim-2-129-768x432.jpg 768w\" sizes=\"(max-width: 1208px) 100vw, 1208px\" \/><\/p>\n<hr \/>\n<p>Altay\u2019\u0131n ger\u00e7ekte kim oldu\u011funu \u00f6\u011frenen Rutkay, Hilal ve Altay\u2019\u0131n d\u00fc\u011f\u00fcn\u00fcnde beklenmedik bir s\u00fcrpriz ya\u015fatacak. Altay, kendisi i\u00e7in haz\u0131rlanan tuzaktan kurtulabilecek mi?<\/p>\n<p><img loading=\"lazy\" decoding=\"async\" class=\"alignnone wp-image-251342 size-full\" src=\"https:\/\/www.tgrthaber.com\/mavikadin\/wp-content\/uploads\/Adsiz-tasarim-3-136.jpg\" alt=\"\" width=\"1208\" height=\"680\" title=\"\" srcset=\"https:\/\/www.tgrthaber.com\/mavikadin\/wp-content\/uploads\/Adsiz-tasarim-3-136.jpg 1208w, https:\/\/www.tgrthaber.com\/mavikadin\/wp-content\/uploads\/Adsiz-tasarim-3-136-300x169.jpg 300w, https:\/\/www.tgrthaber.com\/mavikadin\/wp-content\/uploads\/Adsiz-tasarim-3-136-1024x576.jpg 1024w, https:\/\/www.tgrthaber.com\/mavikadin\/wp-content\/uploads\/Adsiz-tasarim-3-136-768x432.jpg 768w\" sizes=\"(max-width: 1208px) 100vw, 1208px\" \/><\/p>\n<hr \/>\n<h3>TE\u015eK\u0130LAT NE ZAMAN BA\u015eLAYACAK?<\/h3>\n<p>TRT 1 ekranlar\u0131nda yay\u0131nlanan ba\u015frollerinde Tolga Sar\u0131ta\u015f ve Rabia Soyt\u00fcrk\u2019\u00fcn oynad\u0131\u011f\u0131 Te\u015fkilat dizisi yeni b\u00f6l\u00fcm\u00fcyle bu ak\u015fam ekranlara gelecek. Aksiyon, gerilim ve stratejilerin en \u00fcst seviyede olaca\u011f\u0131 Te\u015fkilat 153. B\u00f6l\u00fcm 19 Ekim 2025 Pazar g\u00fcn\u00fc saat 20:00\u2019da izleyicisiyle bulu\u015facak.<\/p>\n","protected":false},"excerpt":{"rendered":"<p>Pazar ak\u015famlar\u0131n\u0131n vazge\u00e7ilmez yap\u0131m\u0131 Te\u015fkilat 153. B\u00f6l\u00fcm\u00fc ile ekranlara gelecek. Aksiyon ve gerilim sahnelerinin y\u00fcksek olaca\u011f\u0131 yeni b\u00f6l\u00fcm\u00fcnde hem Hilal\u2019i hem de Altay\u2019\u0131 bekleyen b\u00fcy\u00fck tehlike ne? Rutkay Altay\u2019\u0131n \u00f6l\u00fcm emrini Hilal\u2019e mi verdirecek? <\/p>\n","protected":false},"author":10,"featured_media":251343,"comment_status":"closed","ping_status":"closed","sticky":false,"template":"","format":"standard","meta":{"rank_math_lock_modified_date":false,"footnotes":""},"categories":[602],"tags":[32159,840,64733],"class_list":["post-251328","post","type-post","status-publish","format-standard","has-post-thumbnail","hentry","category-diziler","tag-dizi","tag-teskilat","tag-teskilat-153-bolum"],"_links":{"self":[{"href":"https:\/\/www.tgrthaber.com\/mavikadin\/wp-json\/wp\/v2\/posts\/251328"}],"collection":[{"href":"https:\/\/www.tgrthaber.com\/mavikadin\/wp-json\/wp\/v2\/posts"}],"about":[{"href":"https:\/\/www.tgrthaber.com\/mavikadin\/wp-json\/wp\/v2\/types\/post"}],"author":[{"embeddable":true,"href":"https:\/\/www.tgrthaber.com\/mavikadin\/wp-json\/wp\/v2\/users\/10"}],"replies":[{"embeddable":true,"href":"https:\/\/www.tgrthaber.com\/mavikadin\/wp-json\/wp\/v2\/comments?post=251328"}],"version-history":[{"count":2,"href":"https:\/\/www.tgrthaber.com\/mavikadin\/wp-json\/wp\/v2\/posts\/251328\/revisions"}],"predecessor-version":[{"id":251347,"href":"https:\/\/www.tgrthaber.com\/mavikadin\/wp-json\/wp\/v2\/posts\/251328\/revisions\/251347"}],"wp:featuredmedia":[{"embeddable":true,"href":"https:\/\/www.tgrthaber.com\/mavikadin\/wp-json\/wp\/v2\/media\/251343"}],"wp:attachment":[{"href":"https:\/\/www.tgrthaber.com\/mavikadin\/wp-json\/wp\/v2\/media?parent=251328"}],"wp:term":[{"taxonomy":"category","embeddable":true,"href":"https:\/\/www.tgrthaber.com\/mavikadin\/wp-json\/wp\/v2\/categories?post=251328"},{"taxonomy":"post_tag","embeddable":true,"href":"https:\/\/www.tgrthaber.com\/mavikadin\/wp-json\/wp\/v2\/tags?post=251328"}],"curies":[{"name":"wp","href":"https:\/\/api.w.org\/{rel}","templated":true}]}}