{"id":251377,"date":"2025-10-19T19:51:04","date_gmt":"2025-10-19T16:51:04","guid":{"rendered":"https:\/\/www.tgrthaber.com\/mavikadin\/?p=251377"},"modified":"2025-10-19T19:51:05","modified_gmt":"2025-10-19T16:51:05","slug":"carpinti-6-bolumde-reyhan-asliyi-sececek-aras-aslinin-sirrini-ogrenecek","status":"publish","type":"post","link":"https:\/\/www.tgrthaber.com\/mavikadin\/carpinti-6-bolumde-reyhan-asliyi-sececek-aras-aslinin-sirrini-ogrenecek\/","title":{"rendered":"\u00c7arp\u0131nt\u0131 6. B\u00f6l\u00fcmde Reyhan Asl\u0131\u2019y\u0131 se\u00e7ecek! Aras Asl\u0131\u2019n\u0131n s\u0131rr\u0131n\u0131 \u00f6\u011frenecek!"},"content":{"rendered":"<p>STAR TV kanal\u0131nda Pazar ak\u015famlar\u0131 ekrana gelen \u00c7arp\u0131nt\u0131 dizisi d\u00fc\u015f\u00fck reyting oranlar\u0131na ra\u011fmen direnmeye devam ediyor. 19 Ekim 2025 Pazar ak\u015fam\u0131 ekrana gelecek olan \u00c7arp\u0131nt\u0131 6. B\u00f6l\u00fcm\u00fcnde s\u0131rlar tek tek ortaya \u00e7\u0131k\u0131yor. Reyhan Aras ve Melisa aras\u0131nda ya\u015fan\u0131lanlar\u0131 yeniden g\u00fcndeme getiriyor. Asl\u0131 ise ger\u00e7ek annesinin Reyhan oldu\u011funu a\u011fz\u0131ndan ka\u00e7\u0131r\u0131yor.<\/p>\n<h3>\u00c7ARPINTI 6. B\u00d6L\u00dcMDE REYHAN ASLI\u2019YI SE\u00c7\u0130YOR<\/h3>\n<p>Reyhan k\u0131z\u0131n\u0131n kalbini ta\u015f\u0131yan Asl\u0131\u2019ya her ge\u00e7en g\u00fcn daha da ba\u011flan\u0131yor. Emre ile olan evlili\u011fi konusunda ona yard\u0131m etti\u011fi i\u00e7in kay\u0131nvalidesi Figen ile kar\u015f\u0131 kar\u015f\u0131ya gelecek. Figen, hi\u00e7bir \u015fekilde Asl\u0131\u2019n\u0131n ailesinin i\u00e7ine girmesine izin vermiyor. Reyhan ise Asl\u0131\u2019n\u0131n onun i\u00e7in ne kadar de\u011ferli oldu\u011funu s\u00f6yleyecek.<\/p>\n<p><img loading=\"lazy\" decoding=\"async\" class=\"alignnone wp-image-251383 size-full\" src=\"https:\/\/www.tgrthaber.com\/mavikadin\/wp-content\/uploads\/Adsiz-tasarim-13-105.jpg\" alt=\"\" width=\"1208\" height=\"680\" title=\"\" srcset=\"https:\/\/www.tgrthaber.com\/mavikadin\/wp-content\/uploads\/Adsiz-tasarim-13-105.jpg 1208w, https:\/\/www.tgrthaber.com\/mavikadin\/wp-content\/uploads\/Adsiz-tasarim-13-105-300x169.jpg 300w, https:\/\/www.tgrthaber.com\/mavikadin\/wp-content\/uploads\/Adsiz-tasarim-13-105-1024x576.jpg 1024w, https:\/\/www.tgrthaber.com\/mavikadin\/wp-content\/uploads\/Adsiz-tasarim-13-105-768x432.jpg 768w\" sizes=\"(max-width: 1208px) 100vw, 1208px\" \/><\/p>\n<hr \/>\n<p>Figen Han\u0131m, Reyhan\u2019a iki se\u00e7enek sunacak. Se\u00e7enekler aras\u0131nda Asl\u0131\u2019yla bir daha g\u00f6r\u00fc\u015fmesine izin verilmeyece\u011fi y\u00f6n\u00fcndedir. Reyhan kald\u0131\u011f\u0131 se\u00e7im kar\u015f\u0131s\u0131nda \u00f6z k\u0131z\u0131 oldu\u011funu bilmedi\u011fi Asl\u0131\u2019y\u0131 se\u00e7erek onun yan\u0131na yerle\u015fecek.<\/p>\n<p><img loading=\"lazy\" decoding=\"async\" class=\"alignnone wp-image-251384 size-full\" src=\"https:\/\/www.tgrthaber.com\/mavikadin\/wp-content\/uploads\/Adsiz-tasarim-14-103.jpg\" alt=\"\" width=\"1208\" height=\"680\" title=\"\" srcset=\"https:\/\/www.tgrthaber.com\/mavikadin\/wp-content\/uploads\/Adsiz-tasarim-14-103.jpg 1208w, https:\/\/www.tgrthaber.com\/mavikadin\/wp-content\/uploads\/Adsiz-tasarim-14-103-300x169.jpg 300w, https:\/\/www.tgrthaber.com\/mavikadin\/wp-content\/uploads\/Adsiz-tasarim-14-103-1024x576.jpg 1024w, https:\/\/www.tgrthaber.com\/mavikadin\/wp-content\/uploads\/Adsiz-tasarim-14-103-768x432.jpg 768w\" sizes=\"(max-width: 1208px) 100vw, 1208px\" \/><\/p>\n<hr \/>\n<h3>\u00c7ARPINTI 6. B\u00d6L\u00dcMDE ARAS ASLI\u2019NIN SIRRINI \u00d6\u011eREN\u0130YOR<\/h3>\n<p>Melisa\u2019n\u0131n \u00f6nceden herkesten gizli olarak ger\u00e7ekle\u015ftirdi\u011fi DNA sonucunun pe\u015fine d\u00fc\u015fm\u00fc\u015ft\u00fc. Asl\u0131\u2019n\u0131n ara\u015ft\u0131rmalar\u0131 sonucunda H\u00fclya ve Reyhan\u2019\u0131n o d\u00f6nemde bebeklerinin de\u011fi\u015ftirildi\u011fi \u00f6\u011frenmi\u015ftir. Hasta kalbe sahip olan k\u0131z Reyhan\u2019\u0131n k\u0131z\u0131yken, aile b\u00fcy\u00fcklerinin karar\u0131 \u00fczerine hasta olan bebek H\u00fclya\u2019ya verilmi\u015ftir. H\u00fclya\u2019n\u0131n d\u00fcnyaya getirdi\u011fi k\u0131z (Melisa) ise onun k\u0131z\u0131d\u0131r.<\/p>\n<p><img loading=\"lazy\" decoding=\"async\" class=\"alignnone wp-image-251386 size-full\" src=\"https:\/\/www.tgrthaber.com\/mavikadin\/wp-content\/uploads\/Adsiz-tasarim-15-96.jpg\" alt=\"\" width=\"1208\" height=\"680\" title=\"\" srcset=\"https:\/\/www.tgrthaber.com\/mavikadin\/wp-content\/uploads\/Adsiz-tasarim-15-96.jpg 1208w, https:\/\/www.tgrthaber.com\/mavikadin\/wp-content\/uploads\/Adsiz-tasarim-15-96-300x169.jpg 300w, https:\/\/www.tgrthaber.com\/mavikadin\/wp-content\/uploads\/Adsiz-tasarim-15-96-1024x576.jpg 1024w, https:\/\/www.tgrthaber.com\/mavikadin\/wp-content\/uploads\/Adsiz-tasarim-15-96-768x432.jpg 768w\" sizes=\"(max-width: 1208px) 100vw, 1208px\" \/><\/p>\n<hr \/>\n<p>Asl\u0131 \u00f6\u011frendi\u011fi ger\u00e7ek kar\u015f\u0131s\u0131nda ne yapaca\u011f\u0131n\u0131 bilemezken, bu s\u0131rr\u0131 herkesten gizler. Reyhan\u2019\u0131n ba\u015f\u0131na gelenlere dayanamayan Asl\u0131, Aras ile kavga ederken her \u015feyi s\u00f6yler. Aras \u00f6\u011frendi\u011fi ger\u00e7ek kar\u015f\u0131s\u0131nda \u015fok olurken, Melisa\u2019n\u0131n bunu neden yapt\u0131\u011f\u0131n\u0131 anlamak i\u00e7in ara\u015ft\u0131rmaya ba\u015flar.<\/p>\n<p><img loading=\"lazy\" decoding=\"async\" class=\"alignnone wp-image-251387 size-full\" src=\"https:\/\/www.tgrthaber.com\/mavikadin\/wp-content\/uploads\/Adsiz-tasarim-16-94.jpg\" alt=\"\" width=\"1208\" height=\"680\" title=\"\" srcset=\"https:\/\/www.tgrthaber.com\/mavikadin\/wp-content\/uploads\/Adsiz-tasarim-16-94.jpg 1208w, https:\/\/www.tgrthaber.com\/mavikadin\/wp-content\/uploads\/Adsiz-tasarim-16-94-300x169.jpg 300w, https:\/\/www.tgrthaber.com\/mavikadin\/wp-content\/uploads\/Adsiz-tasarim-16-94-1024x576.jpg 1024w, https:\/\/www.tgrthaber.com\/mavikadin\/wp-content\/uploads\/Adsiz-tasarim-16-94-768x432.jpg 768w\" sizes=\"(max-width: 1208px) 100vw, 1208px\" \/><\/p>\n<hr \/>\n<h3>\u00c7ARPINTI YEN\u0130 B\u00d6L\u00dcM NE ZAMAN BA\u015eLAYACAK?<\/h3>\n<p>Kerem B\u00fcrsin ve Lizge C\u00f6mert\u2019in ba\u015frollerinde oynad\u0131\u011f\u0131 \u00c7arp\u0131nt\u0131 dizisi Pazar ak\u015famlar\u0131 Star Tv kanal\u0131nda izleyicisiyle bulu\u015fuyor. Her hafta yeni b\u00f6l\u00fcm\u00fcyle ekranlara gelen \u00c7arp\u0131nt\u0131 dizisi 6. B\u00f6l\u00fcm\u00fcyle yay\u0131nlanacak. Saat 20:00\u2019da ba\u015flayacak olan \u00c7arp\u0131nt\u0131 dizisinden sakl\u0131 gizli s\u0131rlar ortaya \u00e7\u0131kacak.<\/p>\n","protected":false},"excerpt":{"rendered":"<p>Reytinglerde alt s\u0131ralarda yer alan \u00c7arp\u0131nt\u0131 6. B\u00f6l\u00fcm\u00fc ile ekranlara gelecek. Kerem B\u00fcrsin ve Lizge C\u00f6mert\u2019in ba\u015frollerinde yer ald\u0131\u011f\u0131 \u00c7arp\u0131nt\u0131 dizisinde Reyhan, t\u00fcm ailesine kar\u015f\u0131 Asl\u0131\u2019n\u0131n yan\u0131nda olmay\u0131 se\u00e7ecek. Peki, Asl\u0131 ger\u00e7ek annesinin Reyhan oldu\u011funu ona s\u00f6yleyecek mi? Aras Asl\u0131\u2019n\u0131n Reyhan\u2019\u0131n\u0131n k\u0131z\u0131 oldu\u011fu \u00f6\u011frenince ne yapacak? <\/p>\n","protected":false},"author":10,"featured_media":251379,"comment_status":"closed","ping_status":"closed","sticky":false,"template":"","format":"standard","meta":{"rank_math_lock_modified_date":false,"footnotes":""},"categories":[602],"tags":[27728,64261,24100],"class_list":["post-251377","post","type-post","status-publish","format-standard","has-post-thumbnail","hentry","category-diziler","tag-carpinti","tag-carpinti-6-bolum","tag-carpinti-dizi"],"_links":{"self":[{"href":"https:\/\/www.tgrthaber.com\/mavikadin\/wp-json\/wp\/v2\/posts\/251377"}],"collection":[{"href":"https:\/\/www.tgrthaber.com\/mavikadin\/wp-json\/wp\/v2\/posts"}],"about":[{"href":"https:\/\/www.tgrthaber.com\/mavikadin\/wp-json\/wp\/v2\/types\/post"}],"author":[{"embeddable":true,"href":"https:\/\/www.tgrthaber.com\/mavikadin\/wp-json\/wp\/v2\/users\/10"}],"replies":[{"embeddable":true,"href":"https:\/\/www.tgrthaber.com\/mavikadin\/wp-json\/wp\/v2\/comments?post=251377"}],"version-history":[{"count":2,"href":"https:\/\/www.tgrthaber.com\/mavikadin\/wp-json\/wp\/v2\/posts\/251377\/revisions"}],"predecessor-version":[{"id":251390,"href":"https:\/\/www.tgrthaber.com\/mavikadin\/wp-json\/wp\/v2\/posts\/251377\/revisions\/251390"}],"wp:featuredmedia":[{"embeddable":true,"href":"https:\/\/www.tgrthaber.com\/mavikadin\/wp-json\/wp\/v2\/media\/251379"}],"wp:attachment":[{"href":"https:\/\/www.tgrthaber.com\/mavikadin\/wp-json\/wp\/v2\/media?parent=251377"}],"wp:term":[{"taxonomy":"category","embeddable":true,"href":"https:\/\/www.tgrthaber.com\/mavikadin\/wp-json\/wp\/v2\/categories?post=251377"},{"taxonomy":"post_tag","embeddable":true,"href":"https:\/\/www.tgrthaber.com\/mavikadin\/wp-json\/wp\/v2\/tags?post=251377"}],"curies":[{"name":"wp","href":"https:\/\/api.w.org\/{rel}","templated":true}]}}