{"id":251400,"date":"2025-10-19T21:17:16","date_gmt":"2025-10-19T18:17:16","guid":{"rendered":"https:\/\/www.tgrthaber.com\/mavikadin\/?p=251400"},"modified":"2025-10-19T21:18:33","modified_gmt":"2025-10-19T18:18:33","slug":"sorgu-2-sezon-yayin-tarihi-belli-oldu-hayatiyle-yurdaneri-olduren-kim","status":"publish","type":"post","link":"https:\/\/www.tgrthaber.com\/mavikadin\/sorgu-2-sezon-yayin-tarihi-belli-oldu-hayatiyle-yurdaneri-olduren-kim\/","title":{"rendered":"Sorgu 2. sezon yay\u0131n tarihi belli oldu! Hayatiyle Yurdaner&#8217;i \u00f6ld\u00fcren kim?"},"content":{"rendered":"<p>TOD dijital platformunda seyircisiyle bulu\u015fan internet dizisi Sorgu 2. Sezon b\u00f6l\u00fcmleriyle hikayeye kald\u0131\u011f\u0131 yerden devam edecek. Hazal Kaya ve \u00c7a\u011flar Ertu\u011frul\u2019un ba\u015frollerinde yer ald\u0131\u011f\u0131 Sorgu 2. Sezon fragman\u0131yla b\u00fcy\u00fck heyecan olu\u015fturdu. Peki, Sorgu 2. Sezon ne zaman ba\u015flayacak? Sorgu 2. Sezon yeni b\u00f6l\u00fcmleri nereden izleyebilirim? Sorgu 2. Sezon ka\u00e7 b\u00f6l\u00fcm yay\u0131nlanacak?<\/p>\n<h3>SORGU 2. SEZON YAYIN TAR\u0130H\u0130 BELL\u0130 OLDU<\/h3>\n<p>Yap\u0131mc\u0131 Karga 7 Pictures\u2019\u0131n \u00fcstlendi\u011fi Sorgu dizisinin y\u00f6netmen koltu\u011funda \u00c7a\u011fatay Tosun, senaryoda ise Elif Usman Erg\u00fcden ve Mehmet \u0130lker Alt\u0131nay yer al\u0131yor. \u0130lk sezonuyla b\u00fcy\u00fck bir be\u011feni toplayan Sorgu dizisi 2. Sezon yay\u0131n tarihini duyurdu.<\/p>\n<p><img loading=\"lazy\" decoding=\"async\" class=\"alignnone wp-image-251408 size-full\" src=\"https:\/\/www.tgrthaber.com\/mavikadin\/wp-content\/uploads\/Adsiz-tasarim-28-80.jpg\" alt=\"\" width=\"1208\" height=\"680\" title=\"\" srcset=\"https:\/\/www.tgrthaber.com\/mavikadin\/wp-content\/uploads\/Adsiz-tasarim-28-80.jpg 1208w, https:\/\/www.tgrthaber.com\/mavikadin\/wp-content\/uploads\/Adsiz-tasarim-28-80-300x169.jpg 300w, https:\/\/www.tgrthaber.com\/mavikadin\/wp-content\/uploads\/Adsiz-tasarim-28-80-1024x576.jpg 1024w, https:\/\/www.tgrthaber.com\/mavikadin\/wp-content\/uploads\/Adsiz-tasarim-28-80-768x432.jpg 768w\" sizes=\"(max-width: 1208px) 100vw, 1208px\" \/><\/p>\n<hr \/>\n<p>TOD dijital kanal\u0131nda yay\u0131nlanacak olan Sorgu 2. Sezon b\u00f6l\u00fcmleriyle 23 Ekim 2025 Per\u015fembe g\u00fcn\u00fc seyircileriyle bulu\u015facak. Sorgu 2 sezon b\u00f6l\u00fcm\u00fc tan\u0131t\u0131m\u0131<\/p>\n<div style=\"width: 640px;\" class=\"wp-video\"><!--[if lt IE 9]><script>document.createElement('video');<\/script><![endif]-->\n<video class=\"wp-video-shortcode\" id=\"video-251400-1\" width=\"640\" height=\"360\" preload=\"metadata\" controls=\"controls\"><source type=\"video\/mp4\" src=\"https:\/\/www.tgrthaber.com\/mavikadin\/wp-content\/uploads\/Sorgu-2-sezon-bolumu-tanitimi.mp4?_=1\" \/><a href=\"https:\/\/www.tgrthaber.com\/mavikadin\/wp-content\/uploads\/Sorgu-2-sezon-bolumu-tanitimi.mp4\">https:\/\/www.tgrthaber.com\/mavikadin\/wp-content\/uploads\/Sorgu-2-sezon-bolumu-tanitimi.mp4<\/a><\/video><\/div>\n<hr \/>\n<h3>SORGU 2. SEZON KONUSU<\/h3>\n<p>Sorgu 2. Sezon b\u00f6l\u00fcmlerinde alt\u0131 ay sonra ya\u015fanan yeni bir cinayet vakas\u0131 i\u015flenecek. Cinayet masas\u0131 ekibi yeniden bir araya gelecek, bu kez hi\u00e7bir \u015fey eskisi gibi olmayacak. Cihan babas\u0131n\u0131n \u00f6l\u00fcm\u00fcnden Metin\u2019i su\u00e7layacak. \u00a0Sorgu dizisi 2. Sezon b\u00f6l\u00fcmlerinde cinayet \u015f\u00fcphelilerini de\u011fil; insan do\u011fas\u0131n\u0131n karanl\u0131k y\u00f6nlerini, adaletin s\u0131n\u0131rlar\u0131n\u0131 ve g\u00fcven duygusunu da sorgulayacak.<\/p>\n<p><img loading=\"lazy\" decoding=\"async\" class=\"alignnone wp-image-251405 size-full\" src=\"https:\/\/www.tgrthaber.com\/mavikadin\/wp-content\/uploads\/Adsiz-tasarim-27-79.jpg\" alt=\"\" width=\"1208\" height=\"680\" title=\"\" srcset=\"https:\/\/www.tgrthaber.com\/mavikadin\/wp-content\/uploads\/Adsiz-tasarim-27-79.jpg 1208w, https:\/\/www.tgrthaber.com\/mavikadin\/wp-content\/uploads\/Adsiz-tasarim-27-79-300x169.jpg 300w, https:\/\/www.tgrthaber.com\/mavikadin\/wp-content\/uploads\/Adsiz-tasarim-27-79-1024x576.jpg 1024w, https:\/\/www.tgrthaber.com\/mavikadin\/wp-content\/uploads\/Adsiz-tasarim-27-79-768x432.jpg 768w\" sizes=\"(max-width: 1208px) 100vw, 1208px\" \/><\/p>\n<hr \/>\n<h3>SORGU 2. SEZON KA\u00c7 B\u00d6L\u00dcM YAYINLANACAK?<\/h3>\n<p>Elif Usman Erg\u00fcden ve Mehmet \u0130lker Alt\u0131nay\u2019\u0131n kaleme ald\u0131\u011f\u0131 Sorgu 2. Sezon b\u00f6l\u00fcmleri 10 b\u00f6l\u00fcmden olu\u015facak. Her b\u00f6l\u00fcm\u00fcnde izleyiciye \u015fa\u015f\u0131rt\u0131c\u0131 ger\u00e7ekler sunacak. Cinayetin katili tahmin ettiklerinden bamba\u015fka biri \u00e7\u0131kacak.<\/p>\n<p><img loading=\"lazy\" decoding=\"async\" class=\"alignnone wp-image-251404 size-full\" src=\"https:\/\/www.tgrthaber.com\/mavikadin\/wp-content\/uploads\/Adsiz-tasarim-26-83.jpg\" alt=\"\" width=\"1208\" height=\"680\" title=\"\" srcset=\"https:\/\/www.tgrthaber.com\/mavikadin\/wp-content\/uploads\/Adsiz-tasarim-26-83.jpg 1208w, https:\/\/www.tgrthaber.com\/mavikadin\/wp-content\/uploads\/Adsiz-tasarim-26-83-300x169.jpg 300w, https:\/\/www.tgrthaber.com\/mavikadin\/wp-content\/uploads\/Adsiz-tasarim-26-83-1024x576.jpg 1024w, https:\/\/www.tgrthaber.com\/mavikadin\/wp-content\/uploads\/Adsiz-tasarim-26-83-768x432.jpg 768w\" sizes=\"(max-width: 1208px) 100vw, 1208px\" \/><\/p>\n<hr \/>\n<h3>SORGU 2. SEZON OYUNCU KADROSU<\/h3>\n<ul>\n<li>Hazal Kaya<\/li>\n<li>\u00c7a\u011flar Ertu\u011frul<\/li>\n<li>Boncuk Y\u0131lmaz<\/li>\n<li>Melisa D\u00f6ngel<\/li>\n<li>Oktay \u00c7ubuk<\/li>\n<li>Deniz Hamzao\u011flu<\/li>\n<\/ul>\n<p><img loading=\"lazy\" decoding=\"async\" class=\"alignnone wp-image-251403 size-full\" src=\"https:\/\/www.tgrthaber.com\/mavikadin\/wp-content\/uploads\/Adsiz-tasarim-25-88.jpg\" alt=\"\" width=\"1208\" height=\"680\" title=\"\" srcset=\"https:\/\/www.tgrthaber.com\/mavikadin\/wp-content\/uploads\/Adsiz-tasarim-25-88.jpg 1208w, https:\/\/www.tgrthaber.com\/mavikadin\/wp-content\/uploads\/Adsiz-tasarim-25-88-300x169.jpg 300w, https:\/\/www.tgrthaber.com\/mavikadin\/wp-content\/uploads\/Adsiz-tasarim-25-88-1024x576.jpg 1024w, https:\/\/www.tgrthaber.com\/mavikadin\/wp-content\/uploads\/Adsiz-tasarim-25-88-768x432.jpg 768w\" sizes=\"(max-width: 1208px) 100vw, 1208px\" \/><\/p>\n<hr \/>\n<h3>SORGU 2. SEZON B\u00d6L\u00dcMLER\u0130N\u0130 NEREDEN \u0130ZLEYEB\u0130L\u0130R\u0130M?<\/h3>\n<p>\u0130lk b\u00f6l\u00fcm\u00fcyle dikkatleri \u00fczerine \u00e7eken Sorgu dizisinin t\u00fcm b\u00f6l\u00fcmlerini TOD \u00fczerinden izleyebilirsiniz. Hem eski hem de yeni b\u00f6l\u00fcmlerinin hepsini TOD dijital platformunda 23 Ekim 2025 Per\u015fembe g\u00fcn\u00fc seyredebilir, <a href=\"https:\/\/www.tgrthaber.com\/mavikadin\/sorgu-dizisi-2-sezon-var-mi-sorgu-dizisini-nereden-izleyebilirim\/?p=2\">Sorgu 1. Sezon<\/a> b\u00f6l\u00fcmlerine de buradan ula\u015fabilirsiniz.<\/p>\n","protected":false},"excerpt":{"rendered":"<p>Ba\u015frollerinde Hazal Kaya ve \u00c7a\u011flar Ertu\u011frul\u2019un yer ald\u0131\u011f\u0131 polisiye dram dizisi Sorgu 2. Sezon yay\u0131n tarihi belli oldu. Cihan Mano\u011flu (Hazal Kaya), babas\u0131n\u0131n katili olarak Metin Yaz\u0131c\u0131( \u00c7a\u011flar Ertu\u011frul) \u015f\u00fcphe ederken, ipu\u00e7lar\u0131 bamba\u015fka ki\u015fileri kar\u015f\u0131s\u0131na \u00e7\u0131karacak. Peki, Hayatiyle Yurdaner&#8217;i \u00f6ld\u00fcren kim?<\/p>\n","protected":false},"author":10,"featured_media":251402,"comment_status":"closed","ping_status":"closed","sticky":false,"template":"","format":"standard","meta":{"rank_math_lock_modified_date":false,"footnotes":""},"categories":[602],"tags":[64747,64745,64746,64744],"class_list":["post-251400","post","type-post","status-publish","format-standard","has-post-thumbnail","hentry","category-diziler","tag-sorgu-2-sezon-kac-bolum","tag-sorgu-2-sezon-konusu","tag-sorgu-2-sezon-oyuncu-kadrosu","tag-sorgu-2-sezon-tod"],"_links":{"self":[{"href":"https:\/\/www.tgrthaber.com\/mavikadin\/wp-json\/wp\/v2\/posts\/251400"}],"collection":[{"href":"https:\/\/www.tgrthaber.com\/mavikadin\/wp-json\/wp\/v2\/posts"}],"about":[{"href":"https:\/\/www.tgrthaber.com\/mavikadin\/wp-json\/wp\/v2\/types\/post"}],"author":[{"embeddable":true,"href":"https:\/\/www.tgrthaber.com\/mavikadin\/wp-json\/wp\/v2\/users\/10"}],"replies":[{"embeddable":true,"href":"https:\/\/www.tgrthaber.com\/mavikadin\/wp-json\/wp\/v2\/comments?post=251400"}],"version-history":[{"count":4,"href":"https:\/\/www.tgrthaber.com\/mavikadin\/wp-json\/wp\/v2\/posts\/251400\/revisions"}],"predecessor-version":[{"id":251410,"href":"https:\/\/www.tgrthaber.com\/mavikadin\/wp-json\/wp\/v2\/posts\/251400\/revisions\/251410"}],"wp:featuredmedia":[{"embeddable":true,"href":"https:\/\/www.tgrthaber.com\/mavikadin\/wp-json\/wp\/v2\/media\/251402"}],"wp:attachment":[{"href":"https:\/\/www.tgrthaber.com\/mavikadin\/wp-json\/wp\/v2\/media?parent=251400"}],"wp:term":[{"taxonomy":"category","embeddable":true,"href":"https:\/\/www.tgrthaber.com\/mavikadin\/wp-json\/wp\/v2\/categories?post=251400"},{"taxonomy":"post_tag","embeddable":true,"href":"https:\/\/www.tgrthaber.com\/mavikadin\/wp-json\/wp\/v2\/tags?post=251400"}],"curies":[{"name":"wp","href":"https:\/\/api.w.org\/{rel}","templated":true}]}}