{"id":251411,"date":"2025-10-19T22:49:06","date_gmt":"2025-10-19T19:49:06","guid":{"rendered":"https:\/\/www.tgrthaber.com\/mavikadin\/?p=251411"},"modified":"2025-10-19T22:49:06","modified_gmt":"2025-10-19T19:49:06","slug":"sahtekarlar-2-bolumde-neler-oldu-sahtekarlar-3-bolum-fragmani-yayinlandi-mi","status":"publish","type":"post","link":"https:\/\/www.tgrthaber.com\/mavikadin\/sahtekarlar-2-bolumde-neler-oldu-sahtekarlar-3-bolum-fragmani-yayinlandi-mi\/","title":{"rendered":"Sahtekarlar 2. B\u00f6l\u00fcmde neler oldu? Sahtekarlar 3. B\u00f6l\u00fcm fragman\u0131 yay\u0131nland\u0131 m\u0131?"},"content":{"rendered":"<p>Hilal Alt\u0131nbilek ve Burak Deniz\u2019in ba\u015frollerinde yer ald\u0131\u011f\u0131 <a href=\"https:\/\/www.tgrthaber.com\/mavikadin\/sahtekarlar-2-bolumde-asya-hidayeti-kizi-olduguna-ikna-edebilecek-mi-koray-ertanin-oyununu-ortaya-mi-cikaracak\/\">Sahtekarlar dizisi 2. B\u00f6l\u00fcm<\/a>\u00fcyle ekrana geldi. Ertan ve Asya\u2019n\u0131n kurdu\u011fu oyun ilerlerken, Kadir\u2019in \u00f6l\u00fcm\u00fcndeki s\u0131r perdesinin arkas\u0131nda kimin oldu\u011fu ara\u015ft\u0131r\u0131l\u0131yor. Kadir\u2019in \u00f6l\u00fcm\u00fcne neden olan ki\u015fi Hidayet olabilir mi? Peki, Sahtekarlar 2. B\u00f6l\u00fcmde neler oldu? Sahtekarlar 3. B\u00f6l\u00fcm fragman\u0131 yay\u0131nland\u0131 m\u0131?<\/p>\n<h3>SAHTEKARLAR 2. B\u00d6L\u00dcMDE NELER OLDU?<\/h3>\n<p>Kadir\u2019in ard\u0131nda b\u0131rakt\u0131\u011f\u0131 ger\u00e7ekle Ertan\u2019\u0131n d\u00fcnyas\u0131 ters y\u00fcz olur. K\u00f6klerini ve ger\u00e7e\u011fini kaybeden Ertan, annesini bulabilmek u\u011fruna, kurdu\u011fu oyuna devam etmeye karar verir. Asya ile Hidayet Bakizade\u2019nin tan\u0131\u015fma s\u00fcrecini h\u0131zland\u0131r\u0131r. Asya, Hidayet Bakizade\u2019yi k\u0131z\u0131 oldu\u011funa ikna edebilecek midir?<\/p>\n<p><img loading=\"lazy\" decoding=\"async\" class=\"alignnone wp-image-251412 size-full\" src=\"https:\/\/www.tgrthaber.com\/mavikadin\/wp-content\/uploads\/Adsiz-tasarim-30-87.jpg\" alt=\"\" width=\"1208\" height=\"680\" title=\"\" srcset=\"https:\/\/www.tgrthaber.com\/mavikadin\/wp-content\/uploads\/Adsiz-tasarim-30-87.jpg 1208w, https:\/\/www.tgrthaber.com\/mavikadin\/wp-content\/uploads\/Adsiz-tasarim-30-87-300x169.jpg 300w, https:\/\/www.tgrthaber.com\/mavikadin\/wp-content\/uploads\/Adsiz-tasarim-30-87-1024x576.jpg 1024w, https:\/\/www.tgrthaber.com\/mavikadin\/wp-content\/uploads\/Adsiz-tasarim-30-87-768x432.jpg 768w\" sizes=\"(max-width: 1208px) 100vw, 1208px\" \/><\/p>\n<hr \/>\n<p>Kadir\u2019in \u00f6ld\u00fc\u011f\u00fc g\u00fcne ait trafik cezas\u0131, b\u00fcy\u00fck bir soru i\u015fareti olarak Ertan kafas\u0131n\u0131n kar\u0131\u015ft\u0131r\u0131r. \u00d6nder ise Ertan\u2019\u0131n bu cezay\u0131 g\u00f6rmesini istemez.\u00a0 Ertan babas\u0131n\u0131n kaza ge\u00e7irdi\u011fi g\u00fcn ger\u00e7ekte ne oldu\u011funu \u00f6\u011frenmek i\u00e7in her yolu dener.<\/p>\n<p><img loading=\"lazy\" decoding=\"async\" class=\"alignnone wp-image-251413 size-full\" src=\"https:\/\/www.tgrthaber.com\/mavikadin\/wp-content\/uploads\/Adsiz-tasarim-34-93.jpg\" alt=\"\" width=\"1208\" height=\"680\" title=\"\" srcset=\"https:\/\/www.tgrthaber.com\/mavikadin\/wp-content\/uploads\/Adsiz-tasarim-34-93.jpg 1208w, https:\/\/www.tgrthaber.com\/mavikadin\/wp-content\/uploads\/Adsiz-tasarim-34-93-300x169.jpg 300w, https:\/\/www.tgrthaber.com\/mavikadin\/wp-content\/uploads\/Adsiz-tasarim-34-93-1024x576.jpg 1024w, https:\/\/www.tgrthaber.com\/mavikadin\/wp-content\/uploads\/Adsiz-tasarim-34-93-768x432.jpg 768w\" sizes=\"(max-width: 1208px) 100vw, 1208px\" \/><\/p>\n<hr \/>\n<p>Taha\u2019n\u0131n borcunu \u00f6demek i\u00e7in Ertan\u2019la \u00e7al\u0131\u015fmaya ba\u015flayan Asya her \u015feyi yoluna koydu\u011funu sand\u0131\u011f\u0131 anda Taha\u2019n\u0131n a\u00e7t\u0131\u011f\u0131 ba\u015fka bir belayla m\u00fccadele etmek zorunda kal\u0131r. \u00dcstelik bu kez yard\u0131m eli, hi\u00e7 tahmin etmeyece\u011fi biri taraf\u0131ndan uzat\u0131l\u0131r.<\/p>\n<p><img loading=\"lazy\" decoding=\"async\" class=\"alignnone wp-image-251414 size-full\" src=\"https:\/\/www.tgrthaber.com\/mavikadin\/wp-content\/uploads\/Adsiz-tasarim-35-94.jpg\" alt=\"\" width=\"1208\" height=\"680\" title=\"\" srcset=\"https:\/\/www.tgrthaber.com\/mavikadin\/wp-content\/uploads\/Adsiz-tasarim-35-94.jpg 1208w, https:\/\/www.tgrthaber.com\/mavikadin\/wp-content\/uploads\/Adsiz-tasarim-35-94-300x169.jpg 300w, https:\/\/www.tgrthaber.com\/mavikadin\/wp-content\/uploads\/Adsiz-tasarim-35-94-1024x576.jpg 1024w, https:\/\/www.tgrthaber.com\/mavikadin\/wp-content\/uploads\/Adsiz-tasarim-35-94-768x432.jpg 768w\" sizes=\"(max-width: 1208px) 100vw, 1208px\" \/><\/p>\n<hr \/>\n<p>Hidayet Asya\u2019y\u0131 \u00e7ocuklar\u0131yla tan\u0131\u015ft\u0131rmakta karar verir. Tan\u0131\u015fma merasimi yeni s\u0131rlara ve b\u00fcy\u00fck olaylar\u0131 beraberinde getirir.\u00a0 Babalar\u0131n\u0131n oyununu anlayan Bakizade karde\u015fleri Asya\u2019y\u0131 kabul etmeyecakler. \u00a0Koray\u2019\u0131n hamlesi Ertan\u2019la Asya\u2019n\u0131n ve kurduklar\u0131 oyunun sonu mu\u00a0 olacakt\u0131r?<\/p>\n<p><img loading=\"lazy\" decoding=\"async\" class=\"alignnone wp-image-251415 size-full\" src=\"https:\/\/www.tgrthaber.com\/mavikadin\/wp-content\/uploads\/Adsiz-tasarim-33-95.jpg\" alt=\"\" width=\"1208\" height=\"680\" title=\"\" srcset=\"https:\/\/www.tgrthaber.com\/mavikadin\/wp-content\/uploads\/Adsiz-tasarim-33-95.jpg 1208w, https:\/\/www.tgrthaber.com\/mavikadin\/wp-content\/uploads\/Adsiz-tasarim-33-95-300x169.jpg 300w, https:\/\/www.tgrthaber.com\/mavikadin\/wp-content\/uploads\/Adsiz-tasarim-33-95-1024x576.jpg 1024w, https:\/\/www.tgrthaber.com\/mavikadin\/wp-content\/uploads\/Adsiz-tasarim-33-95-768x432.jpg 768w\" sizes=\"(max-width: 1208px) 100vw, 1208px\" \/><\/p>\n<hr \/>\n<h3>SAHTEKARLAR 3. B\u00d6L\u00dcM FRAGMANI YAYINLANDI MI?<\/h3>\n<p>Bakizade ailesinde i\u015fler daha da kar\u0131\u015f\u0131yor. Asya&#8217;n\u0131n karde\u015fi Taha ablas\u0131n\u0131n ya\u015fad\u0131\u011f\u0131 eve gidecek. Ertan ise Bakizade ailesindeki bir olay\u0131n \u00fcst\u00fcn\u00fc \u00f6rtbas etmekle zorlanacak. Peki, Sahtekarlar 3. b\u00f6l\u00fcm fragman\u0131 yay\u0131nland\u0131 m\u0131? \u0130\u015fte Sahtekarlar 3. b\u00f6l\u00fcm 1. fragman\u0131:<\/p>\n<div style=\"width: 640px;\" class=\"wp-video\"><!--[if lt IE 9]><script>document.createElement('video');<\/script><![endif]-->\n<video class=\"wp-video-shortcode\" id=\"video-251411-1\" width=\"640\" height=\"360\" preload=\"metadata\" controls=\"controls\"><source type=\"video\/mp4\" src=\"https:\/\/www.tgrthaber.com\/mavikadin\/wp-content\/uploads\/Sahtekarlar-3.-bolum-1.-fragmani.mp4?_=1\" \/><a href=\"https:\/\/www.tgrthaber.com\/mavikadin\/wp-content\/uploads\/Sahtekarlar-3.-bolum-1.-fragmani.mp4\">https:\/\/www.tgrthaber.com\/mavikadin\/wp-content\/uploads\/Sahtekarlar-3.-bolum-1.-fragmani.mp4<\/a><\/video><\/div>\n","protected":false},"excerpt":{"rendered":"<p>Sahtekarlar 2. B\u00f6l\u00fcm\u00fcyle izleyici ekrana kilitledi. Hidayet\u2019in gizledi\u011fi s\u0131rlar ne? Ertan\u2019\u0131n babas\u0131n\u0131n trafik kazas\u0131n\u0131n arkas\u0131nda kim var? Asya Hidayet\u2019e k\u0131z\u0131 oldu\u011funu kan\u0131tlayabilecek mi? Peki, Sahtekarlar 2. B\u00f6l\u00fcmde neler oldu? Sahtekarlar 3. B\u00f6l\u00fcm fragman\u0131 yay\u0131nland\u0131 m\u0131?<\/p>\n","protected":false},"author":10,"featured_media":251416,"comment_status":"closed","ping_status":"closed","sticky":false,"template":"","format":"standard","meta":{"rank_math_lock_modified_date":false,"footnotes":""},"categories":[602],"tags":[30619,64737,64748],"class_list":["post-251411","post","type-post","status-publish","format-standard","has-post-thumbnail","hentry","category-diziler","tag-sahtekarlar","tag-sahtekarlar-2-bolum","tag-sahtekarlar-3-bolum-fragmani"],"_links":{"self":[{"href":"https:\/\/www.tgrthaber.com\/mavikadin\/wp-json\/wp\/v2\/posts\/251411"}],"collection":[{"href":"https:\/\/www.tgrthaber.com\/mavikadin\/wp-json\/wp\/v2\/posts"}],"about":[{"href":"https:\/\/www.tgrthaber.com\/mavikadin\/wp-json\/wp\/v2\/types\/post"}],"author":[{"embeddable":true,"href":"https:\/\/www.tgrthaber.com\/mavikadin\/wp-json\/wp\/v2\/users\/10"}],"replies":[{"embeddable":true,"href":"https:\/\/www.tgrthaber.com\/mavikadin\/wp-json\/wp\/v2\/comments?post=251411"}],"version-history":[{"count":2,"href":"https:\/\/www.tgrthaber.com\/mavikadin\/wp-json\/wp\/v2\/posts\/251411\/revisions"}],"predecessor-version":[{"id":251429,"href":"https:\/\/www.tgrthaber.com\/mavikadin\/wp-json\/wp\/v2\/posts\/251411\/revisions\/251429"}],"wp:featuredmedia":[{"embeddable":true,"href":"https:\/\/www.tgrthaber.com\/mavikadin\/wp-json\/wp\/v2\/media\/251416"}],"wp:attachment":[{"href":"https:\/\/www.tgrthaber.com\/mavikadin\/wp-json\/wp\/v2\/media?parent=251411"}],"wp:term":[{"taxonomy":"category","embeddable":true,"href":"https:\/\/www.tgrthaber.com\/mavikadin\/wp-json\/wp\/v2\/categories?post=251411"},{"taxonomy":"post_tag","embeddable":true,"href":"https:\/\/www.tgrthaber.com\/mavikadin\/wp-json\/wp\/v2\/tags?post=251411"}],"curies":[{"name":"wp","href":"https:\/\/api.w.org\/{rel}","templated":true}]}}