{"id":251418,"date":"2025-10-19T23:48:21","date_gmt":"2025-10-19T20:48:21","guid":{"rendered":"https:\/\/www.tgrthaber.com\/mavikadin\/?p=251418"},"modified":"2025-10-19T23:48:21","modified_gmt":"2025-10-19T20:48:21","slug":"carpinti-6-bolumde-neler-oldu-carpinti-7-bolum-fragmani-yayinlandi-mi","status":"publish","type":"post","link":"https:\/\/www.tgrthaber.com\/mavikadin\/carpinti-6-bolumde-neler-oldu-carpinti-7-bolum-fragmani-yayinlandi-mi\/","title":{"rendered":"\u00c7arp\u0131nt\u0131 6. B\u00f6l\u00fcmde neler oldu? \u00c7arp\u0131nt\u0131 7. B\u00f6l\u00fcm fragman\u0131 yay\u0131nland\u0131 m\u0131?"},"content":{"rendered":"<p><a href=\"https:\/\/www.tgrthaber.com\/mavikadin\/carpinti-6-bolumde-reyhan-asliyi-sececek-aras-aslinin-sirrini-ogrenecek\/\">\u00c7arp\u0131nt\u0131 dizisi<\/a>nde Aras ve Asl\u0131 aras\u0131nda ya\u015fan\u0131lanlar her ge\u00e7en g\u00fcn daha \u00e7ok engellerle kar\u015f\u0131la\u015f\u0131yor. Asl\u0131 (Lizge C\u00f6mert) ve Aras ( Kerem B\u00fcrsin) Melisa\u2019n\u0131n saklad\u0131\u011f\u0131 s\u0131rlar\u0131 ortaya \u00e7\u0131karmaya karar verdi. Reyhan ve H\u00fclya aras\u0131nda b\u00fcy\u00fcyen gerginlik, Aslan ailesine de s\u0131\u00e7rad\u0131. Peki, \u00c7arp\u0131nt\u0131 6. B\u00f6l\u00fcmde neler oldu? \u00c7arp\u0131nt\u0131 7. B\u00f6l\u00fcm fragman\u0131 yay\u0131nland\u0131 m\u0131?<\/p>\n<h3>\u00c7ARPINTI 6. B\u00d6L\u00dcMDE NELER OLDU?<\/h3>\n<p>Ya\u015fanan b\u00fcy\u00fck trajedinin ard\u0131ndan ortal\u0131k tamamen kar\u0131\u015f\u0131r. Emre ve Asl\u0131 hastanede y\u00fczle\u015firken, konu\u015fmalar\u0131na kulak misafiri olan Reyhan, Asl\u0131 ile Aras aras\u0131nda ge\u00e7en her \u015feyi \u00f6\u011frenir.<\/p>\n<p><img loading=\"lazy\" decoding=\"async\" class=\"alignnone wp-image-251419 size-full\" src=\"https:\/\/www.tgrthaber.com\/mavikadin\/wp-content\/uploads\/Adsiz-tasarim-16-95.jpg\" alt=\"\" width=\"1208\" height=\"680\" title=\"\" srcset=\"https:\/\/www.tgrthaber.com\/mavikadin\/wp-content\/uploads\/Adsiz-tasarim-16-95.jpg 1208w, https:\/\/www.tgrthaber.com\/mavikadin\/wp-content\/uploads\/Adsiz-tasarim-16-95-300x169.jpg 300w, https:\/\/www.tgrthaber.com\/mavikadin\/wp-content\/uploads\/Adsiz-tasarim-16-95-1024x576.jpg 1024w, https:\/\/www.tgrthaber.com\/mavikadin\/wp-content\/uploads\/Adsiz-tasarim-16-95-768x432.jpg 768w\" sizes=\"(max-width: 1208px) 100vw, 1208px\" \/><\/p>\n<hr \/>\n<p>Aras ve Emre\u2019nin kavgas\u0131na sebep olan olay\u0131n Asl\u0131\u2019dan kaynakland\u0131\u011f\u0131n\u0131 \u00f6\u011frenen Figen, net bir \u015fekilde Asl\u0131\u2019y\u0131 uyar\u0131r ve o\u011flundan uzak durmas\u0131n\u0131 s\u00f6yler. Figen, Reyhan\u2019dan Asl\u0131 ile ailesi aras\u0131nda bir se\u00e7im yapmas\u0131n\u0131 isteyince, Reyhan evi terk etmek zorunda kal\u0131r. Gidece\u011fi yer ise Asl\u0131lar\u0131n evidir.<\/p>\n<p><img loading=\"lazy\" decoding=\"async\" class=\"alignnone wp-image-251420 size-full\" src=\"https:\/\/www.tgrthaber.com\/mavikadin\/wp-content\/uploads\/Adsiz-tasarim-36-85.jpg\" alt=\"\" width=\"1208\" height=\"680\" title=\"\" srcset=\"https:\/\/www.tgrthaber.com\/mavikadin\/wp-content\/uploads\/Adsiz-tasarim-36-85.jpg 1208w, https:\/\/www.tgrthaber.com\/mavikadin\/wp-content\/uploads\/Adsiz-tasarim-36-85-300x169.jpg 300w, https:\/\/www.tgrthaber.com\/mavikadin\/wp-content\/uploads\/Adsiz-tasarim-36-85-1024x576.jpg 1024w, https:\/\/www.tgrthaber.com\/mavikadin\/wp-content\/uploads\/Adsiz-tasarim-36-85-768x432.jpg 768w\" sizes=\"(max-width: 1208px) 100vw, 1208px\" \/><\/p>\n<hr \/>\n<p>H\u00fclya ve Reyhan s\u0131k s\u0131k kar\u015f\u0131 kar\u015f\u0131ya gelir, aralar\u0131ndaki gerilim giderek artar. Asl\u0131 ve Aras, Melike\u2019yle ilgili ipu\u00e7lar\u0131n\u0131 takip etmeye devam eder. Hem Reyhan\u2019dan s\u0131r saklamaya dayanamayan hem de Aras meselesi y\u00fcz\u00fcnden mahcup hisseden Asl\u0131, kendisini istemeden \u00e7ok daha zor bir durumun i\u00e7ine sokar.<\/p>\n<p><img loading=\"lazy\" decoding=\"async\" class=\"alignnone wp-image-251421 size-full\" src=\"https:\/\/www.tgrthaber.com\/mavikadin\/wp-content\/uploads\/Adsiz-tasarim-13-106.jpg\" alt=\"\" width=\"1208\" height=\"680\" title=\"\" srcset=\"https:\/\/www.tgrthaber.com\/mavikadin\/wp-content\/uploads\/Adsiz-tasarim-13-106.jpg 1208w, https:\/\/www.tgrthaber.com\/mavikadin\/wp-content\/uploads\/Adsiz-tasarim-13-106-300x169.jpg 300w, https:\/\/www.tgrthaber.com\/mavikadin\/wp-content\/uploads\/Adsiz-tasarim-13-106-1024x576.jpg 1024w, https:\/\/www.tgrthaber.com\/mavikadin\/wp-content\/uploads\/Adsiz-tasarim-13-106-768x432.jpg 768w\" sizes=\"(max-width: 1208px) 100vw, 1208px\" \/><\/p>\n<hr \/>\n<h3>\u00c7ARPINTI 7. B\u00d6L\u00dcM FRAGMANI YAYINLANDI MI?<\/h3>\n<p>Asl\u0131 Reyhan ve H\u00fclya aras\u0131ndaki s\u0131rr\u0131 daha fazla saklamayacak. Reyhan her \u015feyi geride b\u0131rakarak gidecek. Asl\u0131 H\u00fclya&#8217;ya k\u0131z\u0131 olmad\u0131\u011f\u0131n\u0131 s\u00f6yleyecek. \u0130\u015fte \u00c7arp\u0131nt\u0131 7. b\u00f6l\u00fcm 1. fragman\u0131<\/p>\n<div style=\"width: 640px;\" class=\"wp-video\"><!--[if lt IE 9]><script>document.createElement('video');<\/script><![endif]-->\n<video class=\"wp-video-shortcode\" id=\"video-251418-1\" width=\"640\" height=\"360\" preload=\"metadata\" controls=\"controls\"><source type=\"video\/mp4\" src=\"https:\/\/www.tgrthaber.com\/mavikadin\/wp-content\/uploads\/Carpinti-7.-bolum-1.-fragmani.mp4?_=1\" \/><a href=\"https:\/\/www.tgrthaber.com\/mavikadin\/wp-content\/uploads\/Carpinti-7.-bolum-1.-fragmani.mp4\">https:\/\/www.tgrthaber.com\/mavikadin\/wp-content\/uploads\/Carpinti-7.-bolum-1.-fragmani.mp4<\/a><\/video><\/div>\n","protected":false},"excerpt":{"rendered":"<p>\u00c7arp\u0131nt\u0131 dizisinin 6. B\u00f6l\u00fcm\u00fcnde s\u0131rlar ortaya \u00e7\u0131kmaya ba\u015flad\u0131. Reyhan\u2019\u0131n ger\u00e7ek k\u0131z\u0131n\u0131n Asl\u0131, H\u00fclya\u2019n\u0131n ger\u00e7ek k\u0131z\u0131 ise Melisa oldu\u011fu ortaya \u00e7\u0131kt\u0131. Asl\u0131 ve Aras Melisa\u2019n\u0131n DNA testini neden yapt\u0131\u011f\u0131n\u0131 ara\u015ft\u0131r\u0131rken, Reyhan Aslan ailesine kar\u015f\u0131 \u00e7\u0131karak Asl\u0131\u2019n\u0131n yan\u0131nda yer alacak. Peki, \u00c7arp\u0131nt\u0131 6. B\u00f6l\u00fcmde neler oldu? \u00c7arp\u0131nt\u0131 7. B\u00f6l\u00fcm fragman\u0131 yay\u0131nland\u0131 m\u0131? <\/p>\n","protected":false},"author":10,"featured_media":251422,"comment_status":"closed","ping_status":"closed","sticky":false,"template":"","format":"standard","meta":{"rank_math_lock_modified_date":false,"footnotes":""},"categories":[602],"tags":[27728,64261,64749],"class_list":["post-251418","post","type-post","status-publish","format-standard","has-post-thumbnail","hentry","category-diziler","tag-carpinti","tag-carpinti-6-bolum","tag-carpinti-7-bolum-fragmani"],"_links":{"self":[{"href":"https:\/\/www.tgrthaber.com\/mavikadin\/wp-json\/wp\/v2\/posts\/251418"}],"collection":[{"href":"https:\/\/www.tgrthaber.com\/mavikadin\/wp-json\/wp\/v2\/posts"}],"about":[{"href":"https:\/\/www.tgrthaber.com\/mavikadin\/wp-json\/wp\/v2\/types\/post"}],"author":[{"embeddable":true,"href":"https:\/\/www.tgrthaber.com\/mavikadin\/wp-json\/wp\/v2\/users\/10"}],"replies":[{"embeddable":true,"href":"https:\/\/www.tgrthaber.com\/mavikadin\/wp-json\/wp\/v2\/comments?post=251418"}],"version-history":[{"count":3,"href":"https:\/\/www.tgrthaber.com\/mavikadin\/wp-json\/wp\/v2\/posts\/251418\/revisions"}],"predecessor-version":[{"id":251438,"href":"https:\/\/www.tgrthaber.com\/mavikadin\/wp-json\/wp\/v2\/posts\/251418\/revisions\/251438"}],"wp:featuredmedia":[{"embeddable":true,"href":"https:\/\/www.tgrthaber.com\/mavikadin\/wp-json\/wp\/v2\/media\/251422"}],"wp:attachment":[{"href":"https:\/\/www.tgrthaber.com\/mavikadin\/wp-json\/wp\/v2\/media?parent=251418"}],"wp:term":[{"taxonomy":"category","embeddable":true,"href":"https:\/\/www.tgrthaber.com\/mavikadin\/wp-json\/wp\/v2\/categories?post=251418"},{"taxonomy":"post_tag","embeddable":true,"href":"https:\/\/www.tgrthaber.com\/mavikadin\/wp-json\/wp\/v2\/tags?post=251418"}],"curies":[{"name":"wp","href":"https:\/\/api.w.org\/{rel}","templated":true}]}}