{"id":251458,"date":"2025-10-20T12:06:35","date_gmt":"2025-10-20T09:06:35","guid":{"rendered":"https:\/\/www.tgrthaber.com\/mavikadin\/?p=251458"},"modified":"2025-10-20T12:06:36","modified_gmt":"2025-10-20T09:06:36","slug":"acun-ilicalidan-survivor-yarismacisi-hasana-vefa-unlu-isim-oyle-bir-sey-yapti-ki","status":"publish","type":"post","link":"https:\/\/www.tgrthaber.com\/mavikadin\/acun-ilicalidan-survivor-yarismacisi-hasana-vefa-unlu-isim-oyle-bir-sey-yapti-ki\/","title":{"rendered":"Acun Il\u0131cal\u0131\u2019dan Survivor yar\u0131\u015fmac\u0131s\u0131 Hasan\u2019a vefa! \u00dcnl\u00fc isim \u00f6yle bir \u015fey yapt\u0131 ki"},"content":{"rendered":"<p>Survivor 2015 sezonuna kat\u0131l\u0131p o d\u00f6nem be\u015finci olarak sezonu tamamlayan Hasan Yaln\u0131zo\u011flu, ge\u00e7ti\u011fimiz y\u0131l pankreas kanseri nedeniyle hayat\u0131n\u0131 kaybetmi\u015fti. Vefat\u0131n\u0131n 1. Y\u0131l\u0131 geri de kal\u0131rken Acun Il\u0131cal\u0131\u2019n\u0131n ba\u015far\u0131l\u0131 ismin \u00e7ocu\u011funa yard\u0131mda bulundu\u011fu iddia edildi.<\/p>\n<h3>ACUN ILICALI\u2019DAN SURV\u0130VOR YARI\u015eMACISI HASAN\u2019A VEFA!<\/h3>\n<p>Survivor 2015 sezonuyla g\u00f6n\u00fcllerde taht kuran Hasan Yaln\u0131zo\u011flu, 16 Ekim 2024 y\u0131l\u0131nda pankreas kanseri nedeniyle hayat\u0131n\u0131 kaybetmi\u015fti. Anadolu Ate\u015fi\u2019nin unutulmaz dans\u00e7\u0131lar\u0131ndan biri olan ba\u015far\u0131l\u0131 isim yapt\u0131\u011f\u0131 i\u015flerle dikkatleri \u00fczerine \u00e7ekiyordu.<\/p>\n<p><img loading=\"lazy\" decoding=\"async\" class=\"alignnone size-full wp-image-251478\" src=\"https:\/\/www.tgrthaber.com\/mavikadin\/wp-content\/uploads\/Basliksiz.png\" alt=\"Acun Il\u0131cal\u0131\u2019dan Survivor yar\u0131\u015fmac\u0131s\u0131 Hasan\u2019a vefa! \" width=\"1208\" height=\"680\" title=\"\" srcset=\"https:\/\/www.tgrthaber.com\/mavikadin\/wp-content\/uploads\/Basliksiz.png 1208w, https:\/\/www.tgrthaber.com\/mavikadin\/wp-content\/uploads\/Basliksiz-300x169.png 300w, https:\/\/www.tgrthaber.com\/mavikadin\/wp-content\/uploads\/Basliksiz-1024x576.png 1024w, https:\/\/www.tgrthaber.com\/mavikadin\/wp-content\/uploads\/Basliksiz-768x432.png 768w\" sizes=\"(max-width: 1208px) 100vw, 1208px\" \/><\/p>\n<hr \/>\n<p>Spor kariyerinde bir\u00e7ok ba\u015far\u0131s\u0131 bulunan ve daha sonra dans alan\u0131nda ilerleyen Hasan Yaln\u0131zo\u011flu, Anadolu Ate\u015fi grubunda bir s\u00fcre ba\u015f dans\u00e7\u0131 olarak g\u00f6rev alm\u0131\u015ft\u0131r. Vefat\u0131 ile sevenlerini derin bir h\u00fczne bo\u011fan Hasan Yaln\u0131zo\u011flu, vefat\u0131n\u0131n birinci y\u0131l\u0131nda arkada\u015flar\u0131 taraf\u0131ndan unutulmad\u0131.<\/p>\n<p><img loading=\"lazy\" decoding=\"async\" class=\"alignnone size-full wp-image-251477\" src=\"https:\/\/www.tgrthaber.com\/mavikadin\/wp-content\/uploads\/Basliksiz-1-1.png\" alt=\"Acun Il\u0131cal\u0131\u2019dan Survivor yar\u0131\u015fmac\u0131s\u0131 Hasan\u2019a vefa! \" width=\"1208\" height=\"680\" title=\"\" srcset=\"https:\/\/www.tgrthaber.com\/mavikadin\/wp-content\/uploads\/Basliksiz-1-1.png 1208w, https:\/\/www.tgrthaber.com\/mavikadin\/wp-content\/uploads\/Basliksiz-1-1-300x169.png 300w, https:\/\/www.tgrthaber.com\/mavikadin\/wp-content\/uploads\/Basliksiz-1-1-1024x576.png 1024w, https:\/\/www.tgrthaber.com\/mavikadin\/wp-content\/uploads\/Basliksiz-1-1-768x432.png 768w\" sizes=\"(max-width: 1208px) 100vw, 1208px\" \/><\/p>\n<hr \/>\n<p>50 ya\u015f\u0131nda hayata veda eden Hasan Yaln\u0131zo\u011flu, Survivor yar\u0131\u015fmas\u0131nda edindi\u011fi arkada\u015f\u0131 Hakan Hatipo\u011flu taraf\u0131ndan an\u0131ld\u0131. Milliyet\u2019in haberine g\u00f6re, duygular\u0131n\u0131 ifade eden Hakan Hatipo\u011flu, \u015fu ifadeleri kulland\u0131.<\/p>\n<p><img loading=\"lazy\" decoding=\"async\" class=\"alignnone size-full wp-image-251476\" src=\"https:\/\/www.tgrthaber.com\/mavikadin\/wp-content\/uploads\/Basliksiz-2.png\" alt=\"Acun Il\u0131cal\u0131\u2019dan Survivor yar\u0131\u015fmac\u0131s\u0131 Hasan\u2019a vefa! \" width=\"1208\" height=\"680\" title=\"\" srcset=\"https:\/\/www.tgrthaber.com\/mavikadin\/wp-content\/uploads\/Basliksiz-2.png 1208w, https:\/\/www.tgrthaber.com\/mavikadin\/wp-content\/uploads\/Basliksiz-2-300x169.png 300w, https:\/\/www.tgrthaber.com\/mavikadin\/wp-content\/uploads\/Basliksiz-2-1024x576.png 1024w, https:\/\/www.tgrthaber.com\/mavikadin\/wp-content\/uploads\/Basliksiz-2-768x432.png 768w\" sizes=\"(max-width: 1208px) 100vw, 1208px\" \/><\/p>\n<hr \/>\n<p>&#8221;Survivor\u2019\u0131n efendisi, iyi insan, \u00f6rnek adam Hasan abimiz; Hasan Yaln\u0131zo\u011flu\u2019nu kaybettik. G\u00fczel insand\u0131. G\u00fczel an\u0131lar\u0131m\u0131z vard\u0131. Seni \u00e7ok \u00f6zleyece\u011fiz Hasan abi. Hi\u00e7 unutmuyorum, bundan 7-8 sene \u00f6nce Karacaahmet\u2019te, annenin cenazesinde sana Ba\u015f\u0131m\u0131z sa\u011f olsun abi dedi\u011fimde, \u201csa\u011f ol Hakan, hepimizin gidece\u011fi yer, bir g\u00fcn anama kavu\u015faca\u011f\u0131m&#8221; demi\u015ftin. Hi\u00e7 gitmedi akl\u0131mdan o kuvvetli duru\u015fun ve bu c\u00fcmlen. Annenle kavu\u015ftun abi. Mek\u00e2n\u0131n cennet olsun.&#8221; s\u00f6zlerini ifade etti.<\/p>\n<p><img loading=\"lazy\" decoding=\"async\" class=\"alignnone size-full wp-image-251473\" src=\"https:\/\/www.tgrthaber.com\/mavikadin\/wp-content\/uploads\/Basliksiz-4.png\" alt=\"Acun Il\u0131cal\u0131\u2019dan Survivor yar\u0131\u015fmac\u0131s\u0131 Hasan\u2019a vefa! \" width=\"1208\" height=\"680\" title=\"\" srcset=\"https:\/\/www.tgrthaber.com\/mavikadin\/wp-content\/uploads\/Basliksiz-4.png 1208w, https:\/\/www.tgrthaber.com\/mavikadin\/wp-content\/uploads\/Basliksiz-4-300x169.png 300w, https:\/\/www.tgrthaber.com\/mavikadin\/wp-content\/uploads\/Basliksiz-4-1024x576.png 1024w, https:\/\/www.tgrthaber.com\/mavikadin\/wp-content\/uploads\/Basliksiz-4-768x432.png 768w\" sizes=\"(max-width: 1208px) 100vw, 1208px\" \/><\/p>\n<hr \/>\n<p>\u00dcnl\u00fc isim Acun Il\u0131cal\u0131\u2019n\u0131n da Hasan Yaln\u0131zo\u011flu\u2019nun k\u00fc\u00e7\u00fck k\u0131z\u0131n\u0131n b\u00fct\u00fcn okul masraflar\u0131n\u0131 kar\u015f\u0131layaca\u011f\u0131 Gazeteci Mehmet \u00dcst\u00fcnda\u011f\u2019\u0131n haberi ile ortaya \u00e7\u0131kt\u0131.<\/p>\n<h3><img loading=\"lazy\" decoding=\"async\" class=\"alignnone size-full wp-image-251479\" src=\"https:\/\/www.tgrthaber.com\/mavikadin\/wp-content\/uploads\/Basliksiz.jpeg\" alt=\"Acun Il\u0131cal\u0131\u2019dan Survivor yar\u0131\u015fmac\u0131s\u0131 Hasan\u2019a vefa! \" width=\"1208\" height=\"680\" title=\"\" srcset=\"https:\/\/www.tgrthaber.com\/mavikadin\/wp-content\/uploads\/Basliksiz.jpeg 1208w, https:\/\/www.tgrthaber.com\/mavikadin\/wp-content\/uploads\/Basliksiz-300x169.jpeg 300w, https:\/\/www.tgrthaber.com\/mavikadin\/wp-content\/uploads\/Basliksiz-1024x576.jpeg 1024w, https:\/\/www.tgrthaber.com\/mavikadin\/wp-content\/uploads\/Basliksiz-768x432.jpeg 768w\" sizes=\"(max-width: 1208px) 100vw, 1208px\" \/><\/h3>\n<hr \/>\n<h3>\u00dcNL\u00dc \u0130S\u0130M \u00d6YLE B\u0130R \u015eEY YAPTI K\u0130<\/h3>\n<p>Ba\u015far\u0131l\u0131 isimlerden biri olan Acun Il\u0131cal\u0131, Hasan Yaln\u0131zo\u011flu\u2019nun 8 ya\u015f\u0131ndaki k\u0131z\u0131n\u0131n \u00fcniversiteye kadar olan e\u011fitimlerindeki masraflar\u0131n\u0131 kar\u015f\u0131layaca\u011f\u0131 iddias\u0131yla g\u00fcndeme geldi. Gazeteci Mehmet \u00dcst\u00fcnda\u011f\u2019\u0131n haberine g\u00f6re, b\u00fct\u00fcn bunlar\u0131 sessiz sedas\u0131z yapan Acun Il\u0131cal\u0131, bu durumun da konu\u015fulmas\u0131ndan yana de\u011fil.<\/p>\n<p><img loading=\"lazy\" decoding=\"async\" class=\"alignnone size-full wp-image-251475\" src=\"https:\/\/www.tgrthaber.com\/mavikadin\/wp-content\/uploads\/Basliksiz-3.png\" alt=\"Acun Il\u0131cal\u0131\u2019dan Survivor yar\u0131\u015fmac\u0131s\u0131 Hasan\u2019a vefa! \" width=\"1208\" height=\"680\" title=\"\" srcset=\"https:\/\/www.tgrthaber.com\/mavikadin\/wp-content\/uploads\/Basliksiz-3.png 1208w, https:\/\/www.tgrthaber.com\/mavikadin\/wp-content\/uploads\/Basliksiz-3-300x169.png 300w, https:\/\/www.tgrthaber.com\/mavikadin\/wp-content\/uploads\/Basliksiz-3-1024x576.png 1024w, https:\/\/www.tgrthaber.com\/mavikadin\/wp-content\/uploads\/Basliksiz-3-768x432.png 768w\" sizes=\"(max-width: 1208px) 100vw, 1208px\" \/><\/p>\n<hr \/>\n<p>Acun Il\u0131cal\u0131\u2019n\u0131n bu davran\u0131\u015f\u0131 ise bir vefa g\u00f6stergesi olarak dikkat \u00e7ekti. \u00dcnl\u00fc isim, <a href=\"https:\/\/www.tgrthaber.com\/mavikadin\/mustafa-sandal-ilke-imza-atti-unlu-sanatciya-ingiltereden-omur-boyu-gecerli-vize\/\">magazin<\/a> g\u00fcndeminin de dikkatini \u00e7ekerek bir\u00e7ok ki\u015fiden de tebrik mesajlar\u0131 ald\u0131.<\/p>\n","protected":false},"excerpt":{"rendered":"<p>Survivor eski yar\u0131\u015fmac\u0131lar\u0131ndan biri olan Hasan Yaln\u0131zo\u011flu, ge\u00e7ti\u011fimiz y\u0131l kanser tedavisi g\u00f6rd\u00fc\u011f\u00fc s\u0131rada hayat\u0131n\u0131 kaybetmi\u015fti. Acun Il\u0131cal\u0131\u2019dan ise vefa gecikmedi. \u00dcnl\u00fc isim, Hasan Yaln\u0131zo\u011flu\u2019nun 8 ya\u015f\u0131ndaki k\u0131z\u0131n\u0131n b\u00fct\u00fcn e\u011fitim masraflar\u0131n\u0131 kar\u015f\u0131layaca\u011f\u0131 \u00f6\u011frenildi. <\/p>\n","protected":false},"author":34,"featured_media":251480,"comment_status":"closed","ping_status":"closed","sticky":false,"template":"","format":"standard","meta":{"rank_math_lock_modified_date":false,"footnotes":""},"categories":[76],"tags":[2368,58278,2218],"class_list":["post-251458","post","type-post","status-publish","format-standard","has-post-thumbnail","hentry","category-magazin","tag-acun-ilicali","tag-hasan-yalnizoglu","tag-magazin-haberleri"],"_links":{"self":[{"href":"https:\/\/www.tgrthaber.com\/mavikadin\/wp-json\/wp\/v2\/posts\/251458"}],"collection":[{"href":"https:\/\/www.tgrthaber.com\/mavikadin\/wp-json\/wp\/v2\/posts"}],"about":[{"href":"https:\/\/www.tgrthaber.com\/mavikadin\/wp-json\/wp\/v2\/types\/post"}],"author":[{"embeddable":true,"href":"https:\/\/www.tgrthaber.com\/mavikadin\/wp-json\/wp\/v2\/users\/34"}],"replies":[{"embeddable":true,"href":"https:\/\/www.tgrthaber.com\/mavikadin\/wp-json\/wp\/v2\/comments?post=251458"}],"version-history":[{"count":1,"href":"https:\/\/www.tgrthaber.com\/mavikadin\/wp-json\/wp\/v2\/posts\/251458\/revisions"}],"predecessor-version":[{"id":251481,"href":"https:\/\/www.tgrthaber.com\/mavikadin\/wp-json\/wp\/v2\/posts\/251458\/revisions\/251481"}],"wp:featuredmedia":[{"embeddable":true,"href":"https:\/\/www.tgrthaber.com\/mavikadin\/wp-json\/wp\/v2\/media\/251480"}],"wp:attachment":[{"href":"https:\/\/www.tgrthaber.com\/mavikadin\/wp-json\/wp\/v2\/media?parent=251458"}],"wp:term":[{"taxonomy":"category","embeddable":true,"href":"https:\/\/www.tgrthaber.com\/mavikadin\/wp-json\/wp\/v2\/categories?post=251458"},{"taxonomy":"post_tag","embeddable":true,"href":"https:\/\/www.tgrthaber.com\/mavikadin\/wp-json\/wp\/v2\/tags?post=251458"}],"curies":[{"name":"wp","href":"https:\/\/api.w.org\/{rel}","templated":true}]}}