{"id":251459,"date":"2025-10-20T12:03:12","date_gmt":"2025-10-20T09:03:12","guid":{"rendered":"https:\/\/www.tgrthaber.com\/mavikadin\/?p=251459"},"modified":"2025-10-22T17:09:07","modified_gmt":"2025-10-22T14:09:07","slug":"gozde-seker-kimdir-halk-tv-sunucusu-gozde-sekerin-hayati","status":"publish","type":"post","link":"https:\/\/www.tgrthaber.com\/mavikadin\/gozde-seker-kimdir-halk-tv-sunucusu-gozde-sekerin-hayati\/","title":{"rendered":"G\u00f6zde \u015eeker kimdir, nereli? G\u00f6zde \u015eeker ka\u00e7 ya\u015f\u0131nda, mesle\u011fi ne?"},"content":{"rendered":"<p>Televizyon ekranlar\u0131n\u0131n deneyimli ve ba\u015far\u0131l\u0131 ismi G\u00f6zde \u015eeker, <a href=\"https:\/\/www.tgrthaber.com\/mavikadin\/unlu-sunucu-saadet-ozsirkintidan-dikkat-ceken-nazar-aciklamasi\/\">sunuculuk<\/a> kariyerindeki ba\u015far\u0131lar\u0131 ve programlar\u0131yla dikkat \u00e7ekmeye devam ediyor. \u00d6zellikle Halk TV ekranlar\u0131nda sundu\u011fu &#8220;Yeni Bir Sabah&#8221; program\u0131yla geni\u015f bir izleyici kitlesine ula\u015fmay\u0131 ba\u015faran G\u00f6zde \u015eeker&#8217;in hayat\u0131, kariyeri, ya\u015f\u0131 ve \u00f6zel ya\u015fam\u0131 merak konusu oldu. \u0130\u015fte G\u00f6zde \u015eeker hakk\u0131nda merak edilen t\u00fcm detaylar\u2026<\/p>\n<h3>G\u00d6ZDE \u015eEKER K\u0130MD\u0130R?<\/h3>\n<p>20 Ekim 2025 Pazartesi g\u00fcn\u00fc G\u00f6zde \u015eeker, Halk TV&#8217;de yay\u0131nlanan &#8220;Yeni Bir Sabah&#8221; program\u0131nda ekranlarda yer almad\u0131. <a href=\"https:\/\/www.tgrthaber.com\/mavikadin\/unlu-sunucu-seray-sever-bodrumda-kazaya-yapti-oyuncu-gozyaslarina-hakim-olamadi\/\">\u00dcnl\u00fc sunucu<\/a>nun ekranda olmama nedeni ve yay\u0131n ak\u0131\u015f\u0131ndaki de\u011fi\u015fiklik g\u00fcndem oldu.<\/p>\n<p><img loading=\"lazy\" decoding=\"async\" class=\"alignnone size-full wp-image-251468\" src=\"https:\/\/www.tgrthaber.com\/mavikadin\/wp-content\/uploads\/2025in-onunu-kapama-Aralik-\ud83c\udf84-1.jpg\" alt=\"\" width=\"1920\" height=\"1080\" title=\"\" srcset=\"https:\/\/www.tgrthaber.com\/mavikadin\/wp-content\/uploads\/2025in-onunu-kapama-Aralik-\ud83c\udf84-1.jpg 1920w, https:\/\/www.tgrthaber.com\/mavikadin\/wp-content\/uploads\/2025in-onunu-kapama-Aralik-\ud83c\udf84-1-300x169.jpg 300w, https:\/\/www.tgrthaber.com\/mavikadin\/wp-content\/uploads\/2025in-onunu-kapama-Aralik-\ud83c\udf84-1-1024x576.jpg 1024w, https:\/\/www.tgrthaber.com\/mavikadin\/wp-content\/uploads\/2025in-onunu-kapama-Aralik-\ud83c\udf84-1-768x432.jpg 768w, https:\/\/www.tgrthaber.com\/mavikadin\/wp-content\/uploads\/2025in-onunu-kapama-Aralik-\ud83c\udf84-1-1536x864.jpg 1536w\" sizes=\"(max-width: 1920px) 100vw, 1920px\" \/><\/p>\n<hr \/>\n<p>Televizyon ekranlar\u0131n\u0131n deneyimli ba\u015far\u0131l\u0131 ismi G\u00f6zde \u015eeker, <a href=\"https:\/\/www.tgrthaber.com\/mavikadin\/sevilen-program-gelin-evinde-sasirtan-ayrilik-asli-hunel-sunuculuk-gorevini-birakti\/\">sunucu<\/a>luk kariyerindeki ba\u015far\u0131lar\u0131 ve yapt\u0131\u011f\u0131 programlarla dikkat \u00e7ekmeye devam ediyor. \u00d6zellikle Halk TV ekranlar\u0131nda sundu\u011fu &#8220;Yeni Bir Sabah&#8221; program\u0131yla geni\u015f bir izleyici kitlesine ula\u015fan \u015eeker&#8217;in hayat\u0131, kariyeri, ya\u015f\u0131 ve \u00f6zel ya\u015fam\u0131 merak konusu oldu.<\/p>\n<p><img loading=\"lazy\" decoding=\"async\" class=\"alignnone size-full wp-image-251469\" src=\"https:\/\/www.tgrthaber.com\/mavikadin\/wp-content\/uploads\/Boyleyken-boyle-\u262e\ufe0f-2.jpg\" alt=\"\" width=\"1920\" height=\"1080\" title=\"\" srcset=\"https:\/\/www.tgrthaber.com\/mavikadin\/wp-content\/uploads\/Boyleyken-boyle-\u262e\ufe0f-2.jpg 1920w, https:\/\/www.tgrthaber.com\/mavikadin\/wp-content\/uploads\/Boyleyken-boyle-\u262e\ufe0f-2-300x169.jpg 300w, https:\/\/www.tgrthaber.com\/mavikadin\/wp-content\/uploads\/Boyleyken-boyle-\u262e\ufe0f-2-1024x576.jpg 1024w, https:\/\/www.tgrthaber.com\/mavikadin\/wp-content\/uploads\/Boyleyken-boyle-\u262e\ufe0f-2-768x432.jpg 768w, https:\/\/www.tgrthaber.com\/mavikadin\/wp-content\/uploads\/Boyleyken-boyle-\u262e\ufe0f-2-1536x864.jpg 1536w\" sizes=\"(max-width: 1920px) 100vw, 1920px\" \/><\/p>\n<hr \/>\n<h3>G\u00d6ZDE \u015eEKER NEREL\u0130, KA\u00c7 YA\u015eINDA?<\/h3>\n<p>1987 y\u0131l\u0131nda \u0130stanbul\u2019da do\u011fan G\u00f6zde \u015eeker, medya kariyerine 16 ya\u015f\u0131ndayken ba\u015flad\u0131. \u0130lk deneyimini<a href=\"https:\/\/www.tgrthaber.com\/mavikadin\/canli-yayinda-depreme-yakalanan-muhabir-fulya-ozturk-sakinligiyle-dikkat-cekti-fulya-ozturk-hakkinda-merak-edilenler\/\"> CNN T\u00fcrk<\/a> ekonomi servisinde stajyer olarak ba\u015flad\u0131 ve k\u0131sa s\u00fcrede medya sekt\u00f6r\u00fcnde kal\u0131c\u0131 bir yer edinmeyi sa\u011flad\u0131. Uzun y\u0131llara yay\u0131lan ba\u015far\u0131l\u0131 kariyeri boyunca T\u00fcrkiye\u2019nin en b\u00fcy\u00fck medya kurulu\u015flar\u0131nda g\u00f6rev almay\u0131 ba\u015fard\u0131.<\/p>\n<p><img loading=\"lazy\" decoding=\"async\" class=\"alignnone size-full wp-image-251470\" src=\"https:\/\/www.tgrthaber.com\/mavikadin\/wp-content\/uploads\/Yaz-saati-uygulamasi-9-saat-ger.jpg\" alt=\"\" width=\"1920\" height=\"1080\" title=\"\" srcset=\"https:\/\/www.tgrthaber.com\/mavikadin\/wp-content\/uploads\/Yaz-saati-uygulamasi-9-saat-ger.jpg 1920w, https:\/\/www.tgrthaber.com\/mavikadin\/wp-content\/uploads\/Yaz-saati-uygulamasi-9-saat-ger-300x169.jpg 300w, https:\/\/www.tgrthaber.com\/mavikadin\/wp-content\/uploads\/Yaz-saati-uygulamasi-9-saat-ger-1024x576.jpg 1024w, https:\/\/www.tgrthaber.com\/mavikadin\/wp-content\/uploads\/Yaz-saati-uygulamasi-9-saat-ger-768x432.jpg 768w, https:\/\/www.tgrthaber.com\/mavikadin\/wp-content\/uploads\/Yaz-saati-uygulamasi-9-saat-ger-1536x864.jpg 1536w\" sizes=\"(max-width: 1920px) 100vw, 1920px\" \/><\/p>\n<hr \/>\n<h3>G\u00d6ZDE \u015eEKER&#8217;\u0130N E\u011e\u0130T\u0130M HAYATI! KAR\u0130YER YOLCULU\u011eU<\/h3>\n<p>G\u00f6zde \u015eeker, medya d\u00fcnyas\u0131nda ki ba\u015far\u0131s\u0131n\u0131 sadece deneyimiyle de\u011fil, ald\u0131\u011f\u0131 e\u011fitimle destekleyerek daha da geli\u015ftirmi\u015f ve ilerletmi\u015ftir. E\u011fitimine ilk olarak Ayd\u0131n Do\u011fan Anadolu \u0130leti\u015fim Meslek Lisesi\u2019nde ba\u015flam\u0131\u015f. Ard\u0131ndan \u0130stanbul \u00dcniversitesi Edebiyat Fak\u00fcltesi Tiyatro Ele\u015ftirmenli\u011fi ve Dramaturji B\u00f6l\u00fcm\u00fc\u2019nden mezun olmu\u015ftur. Ba\u015far\u0131l\u0131 e\u011fitim hayat\u0131n\u0131n devam\u0131n\u0131 kariyer yolculu\u011fundaki g\u00fc\u00e7l\u00fc ad\u0131mlarla s\u00fcrd\u00fcren G\u00f6zde \u015eeker, medya d\u00fcnyas\u0131nda emin ad\u0131mlarla ilerlemi\u015ftir. G\u00f6zde \u015eeker&#8217;in kariyeri, medya sekt\u00f6r\u00fcnde farkl\u0131 alanlarda g\u00f6sterdi\u011fi ba\u015far\u0131larla dikkat \u00e7ekiyor.<\/p>\n<p><img loading=\"lazy\" decoding=\"async\" class=\"alignnone size-full wp-image-251472\" src=\"https:\/\/www.tgrthaber.com\/mavikadin\/wp-content\/uploads\/Tilsimlandim-\u2728-1.jpg\" alt=\"\" width=\"1920\" height=\"1080\" title=\"\" srcset=\"https:\/\/www.tgrthaber.com\/mavikadin\/wp-content\/uploads\/Tilsimlandim-\u2728-1.jpg 1920w, https:\/\/www.tgrthaber.com\/mavikadin\/wp-content\/uploads\/Tilsimlandim-\u2728-1-300x169.jpg 300w, https:\/\/www.tgrthaber.com\/mavikadin\/wp-content\/uploads\/Tilsimlandim-\u2728-1-1024x576.jpg 1024w, https:\/\/www.tgrthaber.com\/mavikadin\/wp-content\/uploads\/Tilsimlandim-\u2728-1-768x432.jpg 768w, https:\/\/www.tgrthaber.com\/mavikadin\/wp-content\/uploads\/Tilsimlandim-\u2728-1-1536x864.jpg 1536w\" sizes=\"(max-width: 1920px) 100vw, 1920px\" \/><\/p>\n<hr \/>\n<p>Kariyer hayat\u0131na G\u00f6zde \u015eeker <a href=\"https:\/\/www.tgrthaber.com\/mavikadin\/fulya-ozturk-kimdir-cnn-turk-muhabiri-fulya-ozturk-kac-yasinda\/\">CNN T\u00fcrk<\/a> ekonomi servisi ile ba\u015flad\u0131.5 y\u0131l boyunca ekonomi muhabiri olarak g\u00f6rev almas\u0131n\u0131n ard\u0131ndan sekt\u00f6rdeki ilk deneyimlerini kazand\u0131. Ard\u0131ndan \u015eeker, TRT T\u00fcrk\u2019\u00fcn kurulu\u015f a\u015famas\u0131nda yer ald\u0131. Bu s\u00fcre\u00e7te Bosna Hersek ve Tunus gibi \u00fclkelerde temsilcilikler kurarak uluslararas\u0131 medya alan\u0131nda \u00f6nemli deneyimler elde etti. Ayn\u0131 zamanda <a href=\"https:\/\/www.tgrthaber.com\/mavikadin\/netflixe-turk-rakip-geldi-trtnin-yepyeni-dijital-platformu-tabii-yayina-basladi\/\">TRT T\u00fcrk<\/a>&#8216;te &#8220;K\u00fcresel Bak\u0131\u015f&#8221; program\u0131n\u0131n edit\u00f6rl\u00fc\u011f\u00fcn\u00fc \u00fcstlendi. Habert\u00fcrk kanal\u0131nda \u00e7e\u015fitli programlar sunan G\u00f6zde \u015eeker, ayn\u0131 zamanda D\u0131\u015f Haberler M\u00fcd\u00fcr\u00fc olarak g\u00f6rev yapmas\u0131yla. Medya sekt\u00f6r\u00fcnde tan\u0131nan g\u00fc\u00e7l\u00fc bir isim haline geldi. 2018 y\u0131l\u0131nda Haber Global ekranlar\u0131nda hafta sonu haber b\u00fcltenlerini sunan \u015eeker, bu g\u00f6reviyle izleyicilerden b\u00fcy\u00fck be\u011feni toplamay\u0131 ba\u015fard\u0131. G\u00f6zde \u015eeker, \u015fu anda Halk TV ekranlar\u0131nda yay\u0131nlanan &#8220;Yeni Bir Sabah&#8221; program\u0131n\u0131 sunmaktad\u0131r. Bu programda g\u00fcndeme dair analizler, r\u00f6portajlar ve g\u00fcncel konularla izleyicilerin kar\u015f\u0131s\u0131na \u00e7\u0131kmaktad\u0131r.<\/p>\n<p><img loading=\"lazy\" decoding=\"async\" class=\"alignnone size-full wp-image-251471\" src=\"https:\/\/www.tgrthaber.com\/mavikadin\/wp-content\/uploads\/gozde-seker-neden-yok-ayrildi-mi.jpg\" alt=\"\" width=\"1920\" height=\"1080\" title=\"\" srcset=\"https:\/\/www.tgrthaber.com\/mavikadin\/wp-content\/uploads\/gozde-seker-neden-yok-ayrildi-mi.jpg 1920w, https:\/\/www.tgrthaber.com\/mavikadin\/wp-content\/uploads\/gozde-seker-neden-yok-ayrildi-mi-300x169.jpg 300w, https:\/\/www.tgrthaber.com\/mavikadin\/wp-content\/uploads\/gozde-seker-neden-yok-ayrildi-mi-1024x576.jpg 1024w, https:\/\/www.tgrthaber.com\/mavikadin\/wp-content\/uploads\/gozde-seker-neden-yok-ayrildi-mi-768x432.jpg 768w, https:\/\/www.tgrthaber.com\/mavikadin\/wp-content\/uploads\/gozde-seker-neden-yok-ayrildi-mi-1536x864.jpg 1536w\" sizes=\"(max-width: 1920px) 100vw, 1920px\" \/><\/p>\n<hr \/>\n<h3>G\u00d6ZDE \u015eEKER EVL\u0130 M\u0130 ?<\/h3>\n<p>G\u00f6zde \u015eeker&#8217;in \u00f6zel hayat\u0131 hakk\u0131nda bilgiler olduk\u00e7a s\u0131n\u0131rl\u0131d\u0131r. \u00dcnl\u00fc sunucunun evli olup olmad\u0131\u011f\u0131na dair kesin bir bilgi mevcut de\u011fildir.<\/p>\n<p>\u00d6zel ya\u015fam\u0131n\u0131 g\u00f6zlerden uzak tutmay\u0131 tercih eden G\u00f6zde \u015eeker, daha \u00e7ok kariyeriyle g\u00fcndeme gelmeyi tercih etmektedir.<\/p>\n","protected":false},"excerpt":{"rendered":"<p>\u00dcnl\u00fc ve ba\u015far\u0131l\u0131 sabah program\u0131 sunucusu G\u00f6zde \u015eeker, kariyer yolculu\u011fuyla izleyicilerin be\u011fenisini kazanmaya devam ediyor. &#8220;Yeni Bir Sabah&#8221; program\u0131n\u0131 sunmas\u0131yla geni\u015f bir izleyici kitlesine ula\u015fan G\u00f6zde \u015eeker\u2019in kariyeri ve \u00f6zel hayat\u0131 merak konusu oldu. Peki G\u00f6zde \u015eeker ka\u00e7 ya\u015f\u0131nda, kimdir? \u0130\u015fte yan\u0131tlar\u0131&#8230;<\/p>\n","protected":false},"author":37,"featured_media":251486,"comment_status":"closed","ping_status":"closed","sticky":false,"template":"","format":"standard","meta":{"rank_math_lock_modified_date":false,"footnotes":""},"categories":[491],"tags":[3374,64754,16514,10451],"class_list":["post-251459","post","type-post","status-publish","format-standard","has-post-thumbnail","hentry","category-biyografi","tag-biyografi","tag-gozde-seker","tag-spiker","tag-sunucu"],"_links":{"self":[{"href":"https:\/\/www.tgrthaber.com\/mavikadin\/wp-json\/wp\/v2\/posts\/251459"}],"collection":[{"href":"https:\/\/www.tgrthaber.com\/mavikadin\/wp-json\/wp\/v2\/posts"}],"about":[{"href":"https:\/\/www.tgrthaber.com\/mavikadin\/wp-json\/wp\/v2\/types\/post"}],"author":[{"embeddable":true,"href":"https:\/\/www.tgrthaber.com\/mavikadin\/wp-json\/wp\/v2\/users\/37"}],"replies":[{"embeddable":true,"href":"https:\/\/www.tgrthaber.com\/mavikadin\/wp-json\/wp\/v2\/comments?post=251459"}],"version-history":[{"count":5,"href":"https:\/\/www.tgrthaber.com\/mavikadin\/wp-json\/wp\/v2\/posts\/251459\/revisions"}],"predecessor-version":[{"id":252729,"href":"https:\/\/www.tgrthaber.com\/mavikadin\/wp-json\/wp\/v2\/posts\/251459\/revisions\/252729"}],"wp:featuredmedia":[{"embeddable":true,"href":"https:\/\/www.tgrthaber.com\/mavikadin\/wp-json\/wp\/v2\/media\/251486"}],"wp:attachment":[{"href":"https:\/\/www.tgrthaber.com\/mavikadin\/wp-json\/wp\/v2\/media?parent=251459"}],"wp:term":[{"taxonomy":"category","embeddable":true,"href":"https:\/\/www.tgrthaber.com\/mavikadin\/wp-json\/wp\/v2\/categories?post=251459"},{"taxonomy":"post_tag","embeddable":true,"href":"https:\/\/www.tgrthaber.com\/mavikadin\/wp-json\/wp\/v2\/tags?post=251459"}],"curies":[{"name":"wp","href":"https:\/\/api.w.org\/{rel}","templated":true}]}}