{"id":251491,"date":"2025-10-20T12:40:15","date_gmt":"2025-10-20T09:40:15","guid":{"rendered":"https:\/\/www.tgrthaber.com\/mavikadin\/?p=251491"},"modified":"2025-10-20T12:40:15","modified_gmt":"2025-10-20T09:40:15","slug":"louvre-muzesinin-en-onemli-eserleri-neler-louvre-muzesinde-neler-calindi","status":"publish","type":"post","link":"https:\/\/www.tgrthaber.com\/mavikadin\/louvre-muzesinin-en-onemli-eserleri-neler-louvre-muzesinde-neler-calindi\/","title":{"rendered":"Louvre M\u00fczesi\u2019nin en \u00f6nemli eserleri neler? Louvre M\u00fczesi\u2019nde neler \u00e7al\u0131nd\u0131?"},"content":{"rendered":"<p>D\u00fcnyan\u0131n en b\u00fcy\u00fck sanat m\u00fczelerinden biri olan Louvre M\u00fczesi, ge\u00e7ti\u011fimiz saatlerde soygun haberi ile g\u00fcndeme geldi. Arama motorlar\u0131nda m\u00fcze hakk\u0131nda merak edilenler ara\u015ft\u0131r\u0131lmaya ba\u015fland\u0131. Peki, Louvre M\u00fczesi\u2019nin en \u00f6nemli eserleri neler? Louvre M\u00fczesi\u2019nde neler \u00e7al\u0131nd\u0131? Sorular\u0131n\u0131 sizin i\u00e7in ara\u015ft\u0131rd\u0131k. \u0130\u015fte detaylar\u2026<\/p>\n<h3>LOUVRE M\u00dcZES\u0130\u2019N\u0130N EN \u00d6NEML\u0130 ESERLER\u0130 NELER?<\/h3>\n<p>Fransa\u2019n\u0131n ba\u015fkenti olan Paris\u2019te bulunan d\u00fcnyan\u0131n en \u00e7ok ziyaret edilen m\u00fczesi olan Louvre M\u00fczesi\u2019nde ge\u00e7ti\u011fimiz sabah saatlerinde ya\u015fanan soygunda bir\u00e7ok tarihi m\u00fccevher \u00e7al\u0131nd\u0131. Bu haber sonras\u0131 m\u00fczenin en \u00f6nemli eserleri merak edildi.<\/p>\n<p><img loading=\"lazy\" decoding=\"async\" class=\"alignnone size-full wp-image-251501\" src=\"https:\/\/www.tgrthaber.com\/mavikadin\/wp-content\/uploads\/Basliksiz-6.png\" alt=\"Louvre M\u00fczesi\u2019nin en \u00f6nemli eserleri neler? Louvre M\u00fczesi\u2019nde neler \u00e7al\u0131nd\u0131? \" width=\"1208\" height=\"680\" title=\"\" srcset=\"https:\/\/www.tgrthaber.com\/mavikadin\/wp-content\/uploads\/Basliksiz-6.png 1208w, https:\/\/www.tgrthaber.com\/mavikadin\/wp-content\/uploads\/Basliksiz-6-300x169.png 300w, https:\/\/www.tgrthaber.com\/mavikadin\/wp-content\/uploads\/Basliksiz-6-1024x576.png 1024w, https:\/\/www.tgrthaber.com\/mavikadin\/wp-content\/uploads\/Basliksiz-6-768x432.png 768w\" sizes=\"(max-width: 1208px) 100vw, 1208px\" \/><\/p>\n<hr \/>\n<p>Louvre M\u00fczesi\u2019nin en me\u015fhur eseri \u015f\u00fcphesiz Mona Lisa eseri. Bu eser en \u00fcnl\u00fc ve maddi de\u011feri en y\u00fcksek eserler aras\u0131nda yer al\u0131yor. Mona Lisa ile hemen hemen ayn\u0131 de\u011fer de olan Kana\u2019da D\u00fc\u011f\u00fcn tablosu, sevilerek takip ediliyor.<\/p>\n<p><img loading=\"lazy\" decoding=\"async\" class=\"alignnone size-full wp-image-251503\" src=\"https:\/\/www.tgrthaber.com\/mavikadin\/wp-content\/uploads\/Basliksiz-5.png\" alt=\"Louvre M\u00fczesi\u2019nin en \u00f6nemli eserleri neler? Louvre M\u00fczesi\u2019nde neler \u00e7al\u0131nd\u0131? \" width=\"1208\" height=\"680\" title=\"\" srcset=\"https:\/\/www.tgrthaber.com\/mavikadin\/wp-content\/uploads\/Basliksiz-5.png 1208w, https:\/\/www.tgrthaber.com\/mavikadin\/wp-content\/uploads\/Basliksiz-5-300x169.png 300w, https:\/\/www.tgrthaber.com\/mavikadin\/wp-content\/uploads\/Basliksiz-5-1024x576.png 1024w, https:\/\/www.tgrthaber.com\/mavikadin\/wp-content\/uploads\/Basliksiz-5-768x432.png 768w\" sizes=\"(max-width: 1208px) 100vw, 1208px\" \/><del><\/p>\n<hr \/>\n<p><\/del>M\u00fczenin en \u00f6nemli eserleri i\u00e7erisinde Apollon Galerisi, T\u00fcrk Hamam\u0131, Milo Ven\u00fcs\u00fc, Corinne Heykeli, Gabii\u2019li Diana, Hygie gibi \u00f6nemli eserler bulunmaktad\u0131r. Ancak sadece bununla kalmay\u0131p m\u00fczenin i\u00e7eresinde kraliyet koleksiyonlar\u0131ndan \u00f6nemli m\u00fccevherler de yer almaktad\u0131r.<\/p>\n<p><img loading=\"lazy\" decoding=\"async\" class=\"alignnone size-full wp-image-251496\" src=\"https:\/\/www.tgrthaber.com\/mavikadin\/wp-content\/uploads\/Basliksiz-10.png\" alt=\"Louvre M\u00fczesi\u2019nin en \u00f6nemli eserleri neler? Louvre M\u00fczesi\u2019nde neler \u00e7al\u0131nd\u0131? \" width=\"1208\" height=\"680\" title=\"\" srcset=\"https:\/\/www.tgrthaber.com\/mavikadin\/wp-content\/uploads\/Basliksiz-10.png 1208w, https:\/\/www.tgrthaber.com\/mavikadin\/wp-content\/uploads\/Basliksiz-10-300x169.png 300w, https:\/\/www.tgrthaber.com\/mavikadin\/wp-content\/uploads\/Basliksiz-10-1024x576.png 1024w, https:\/\/www.tgrthaber.com\/mavikadin\/wp-content\/uploads\/Basliksiz-10-768x432.png 768w\" sizes=\"(max-width: 1208px) 100vw, 1208px\" \/><\/p>\n<hr \/>\n<p>Bir zamanlar Anne de Bretagne\u2019ye ait olan bu m\u00fccevherler, g\u00fcn\u00fcm\u00fcze kadar ula\u015fan en eksi m\u00fccevherlerden biridir. \u00d6yle ki koleksiyonlardaki en g\u00f6z al\u0131c\u0131 z\u00fcmr\u00fctler burada yer al\u0131r. Her y\u0131l milyarlarca ziyaret ak\u0131m\u0131na u\u011frayan Louvre M\u00fczesi, ge\u00e7ti\u011fimiz sabah saatlerinde tam 7 dakika da b\u00fcy\u00fck bir soygun ya\u015fad\u0131.<\/p>\n<h3><img loading=\"lazy\" decoding=\"async\" class=\"alignnone size-full wp-image-251499\" src=\"https:\/\/www.tgrthaber.com\/mavikadin\/wp-content\/uploads\/Basliksiz-8.png\" alt=\"Louvre M\u00fczesi\u2019nin en \u00f6nemli eserleri neler? Louvre M\u00fczesi\u2019nde neler \u00e7al\u0131nd\u0131? \" width=\"1208\" height=\"680\" title=\"\" srcset=\"https:\/\/www.tgrthaber.com\/mavikadin\/wp-content\/uploads\/Basliksiz-8.png 1208w, https:\/\/www.tgrthaber.com\/mavikadin\/wp-content\/uploads\/Basliksiz-8-300x169.png 300w, https:\/\/www.tgrthaber.com\/mavikadin\/wp-content\/uploads\/Basliksiz-8-1024x576.png 1024w, https:\/\/www.tgrthaber.com\/mavikadin\/wp-content\/uploads\/Basliksiz-8-768x432.png 768w\" sizes=\"(max-width: 1208px) 100vw, 1208px\" \/><\/h3>\n<hr \/>\n<h3>LOUVRE M\u00dcZES\u0130\u2019NDE NELER \u00c7ALINDI?<\/h3>\n<p>Fransa\u2019n\u0131n en \u00fcnl\u00fc m\u00fczesi Louvre M\u00fczesi, ge\u00e7ti\u011fimiz sabah saatlerde 7 dakika i\u00e7inde soygun sorunuyla g\u00fcne ba\u015flad\u0131. Tam\u0131 tam\u0131na 7 dakikal\u0131k soygunda bir\u00e7ok tarihi m\u00fccevher \u00e7al\u0131nd\u0131.<\/p>\n<p><img loading=\"lazy\" decoding=\"async\" class=\"alignnone size-full wp-image-251500\" src=\"https:\/\/www.tgrthaber.com\/mavikadin\/wp-content\/uploads\/Basliksiz-7.png\" alt=\"Louvre M\u00fczesi\u2019nin en \u00f6nemli eserleri neler? Louvre M\u00fczesi\u2019nde neler \u00e7al\u0131nd\u0131? \" width=\"1208\" height=\"680\" title=\"\" srcset=\"https:\/\/www.tgrthaber.com\/mavikadin\/wp-content\/uploads\/Basliksiz-7.png 1208w, https:\/\/www.tgrthaber.com\/mavikadin\/wp-content\/uploads\/Basliksiz-7-300x169.png 300w, https:\/\/www.tgrthaber.com\/mavikadin\/wp-content\/uploads\/Basliksiz-7-1024x576.png 1024w, https:\/\/www.tgrthaber.com\/mavikadin\/wp-content\/uploads\/Basliksiz-7-768x432.png 768w\" sizes=\"(max-width: 1208px) 100vw, 1208px\" \/><\/p>\n<hr \/>\n<p>Fransa\u2019n\u0131n K\u00fclt\u00fcr Bakanl\u0131\u011f\u0131 sekiz par\u00e7an\u0131n \u00e7al\u0131nd\u0131\u011f\u0131n\u0131 ancak Napolyon III\u2019\u00fcn e\u015fi olan \u0130mparatori\u00e7e Eugenie&#8217;nin de\u011ferli tac\u0131n\u0131n \u00e7al\u0131nmad\u0131\u011f\u0131n\u0131 a\u00e7\u0131klad\u0131. Ancak bir\u00e7ok de\u011ferli \u00fcr\u00fcnler soygunda \u00e7al\u0131nd\u0131.<\/p>\n<p><img loading=\"lazy\" decoding=\"async\" class=\"alignnone size-full wp-image-251498\" src=\"https:\/\/www.tgrthaber.com\/mavikadin\/wp-content\/uploads\/Basliksiz-9.png\" alt=\"Louvre M\u00fczesi\u2019nin en \u00f6nemli eserleri neler? Louvre M\u00fczesi\u2019nde neler \u00e7al\u0131nd\u0131? \" width=\"1208\" height=\"680\" title=\"\" srcset=\"https:\/\/www.tgrthaber.com\/mavikadin\/wp-content\/uploads\/Basliksiz-9.png 1208w, https:\/\/www.tgrthaber.com\/mavikadin\/wp-content\/uploads\/Basliksiz-9-300x169.png 300w, https:\/\/www.tgrthaber.com\/mavikadin\/wp-content\/uploads\/Basliksiz-9-1024x576.png 1024w, https:\/\/www.tgrthaber.com\/mavikadin\/wp-content\/uploads\/Basliksiz-9-768x432.png 768w\" sizes=\"(max-width: 1208px) 100vw, 1208px\" \/><\/p>\n<hr \/>\n<p>D\u00fcn Frans\u0131z kraliyet m\u00fccevherlerine ev sahipli\u011fi yapan Apollon Galeri\u2019si yap\u0131lan soygundan sonra direkt kapat\u0131ld\u0131. 7 dakika da ger\u00e7ekle\u015fen soygunda 8 adet tarihi m\u00fccevherler \u00e7al\u0131nd\u0131. Napolyon\u2019un e\u015fine hediye etti\u011fi kolye dahil olmak \u00fczere \u00fcst d\u00fczey de\u011ferli m\u00fccevherler nas\u0131l \u00e7al\u0131nd\u0131\u011f\u0131 ile ilgi sorular\u0131 da beraberinde sordurdu.<\/p>\n","protected":false},"excerpt":{"rendered":"<p>D\u00fcnyan\u0131n en \u00e7ok ziyaret edilen m\u00fczelerinden biri olan Louvre M\u00fczesi, ge\u00e7ti\u011fimiz saatlerde sekiz adet \u2018paha bi\u00e7ilmez\u2019 tarihi m\u00fccevherler \u00e7al\u0131nd\u0131. Ya\u015fanan bu hadise sonunda arama motorlar\u0131nda konu hakk\u0131nda ara\u015ft\u0131rmalar yap\u0131ld\u0131. Peki, Louvre M\u00fczesi\u2019nin en \u00f6nemli eserleri neler? Louvre M\u00fczesi\u2019nde neler \u00e7al\u0131nd\u0131? \u0130\u015fte detaylar\u2026<\/p>\n","protected":false},"author":34,"featured_media":251505,"comment_status":"closed","ping_status":"closed","sticky":false,"template":"","format":"standard","meta":{"rank_math_lock_modified_date":false,"footnotes":""},"categories":[78],"tags":[64756,64758,64757,11951],"class_list":["post-251491","post","type-post","status-publish","format-standard","has-post-thumbnail","hentry","category-yasam","tag-louvre-muzesi","tag-louvre-muzesi-eserleri","tag-louvre-muzesi-neler-calindi","tag-yasam-haberleri"],"_links":{"self":[{"href":"https:\/\/www.tgrthaber.com\/mavikadin\/wp-json\/wp\/v2\/posts\/251491"}],"collection":[{"href":"https:\/\/www.tgrthaber.com\/mavikadin\/wp-json\/wp\/v2\/posts"}],"about":[{"href":"https:\/\/www.tgrthaber.com\/mavikadin\/wp-json\/wp\/v2\/types\/post"}],"author":[{"embeddable":true,"href":"https:\/\/www.tgrthaber.com\/mavikadin\/wp-json\/wp\/v2\/users\/34"}],"replies":[{"embeddable":true,"href":"https:\/\/www.tgrthaber.com\/mavikadin\/wp-json\/wp\/v2\/comments?post=251491"}],"version-history":[{"count":1,"href":"https:\/\/www.tgrthaber.com\/mavikadin\/wp-json\/wp\/v2\/posts\/251491\/revisions"}],"predecessor-version":[{"id":251506,"href":"https:\/\/www.tgrthaber.com\/mavikadin\/wp-json\/wp\/v2\/posts\/251491\/revisions\/251506"}],"wp:featuredmedia":[{"embeddable":true,"href":"https:\/\/www.tgrthaber.com\/mavikadin\/wp-json\/wp\/v2\/media\/251505"}],"wp:attachment":[{"href":"https:\/\/www.tgrthaber.com\/mavikadin\/wp-json\/wp\/v2\/media?parent=251491"}],"wp:term":[{"taxonomy":"category","embeddable":true,"href":"https:\/\/www.tgrthaber.com\/mavikadin\/wp-json\/wp\/v2\/categories?post=251491"},{"taxonomy":"post_tag","embeddable":true,"href":"https:\/\/www.tgrthaber.com\/mavikadin\/wp-json\/wp\/v2\/tags?post=251491"}],"curies":[{"name":"wp","href":"https:\/\/api.w.org\/{rel}","templated":true}]}}