{"id":251518,"date":"2025-10-20T13:28:29","date_gmt":"2025-10-20T10:28:29","guid":{"rendered":"https:\/\/www.tgrthaber.com\/mavikadin\/?p=251518"},"modified":"2025-10-20T13:28:57","modified_gmt":"2025-10-20T10:28:57","slug":"masterchefte-cocuklarin-bayilarak-yiyecegi-tarif-dogum-gunlerinin-vazgecilmezi-olacak-hem-doyurucu-hem-lezzetli","status":"publish","type":"post","link":"https:\/\/www.tgrthaber.com\/mavikadin\/masterchefte-cocuklarin-bayilarak-yiyecegi-tarif-dogum-gunlerinin-vazgecilmezi-olacak-hem-doyurucu-hem-lezzetli\/","title":{"rendered":"MasterChef&#8217;te \u00e7ocuklar\u0131n bay\u0131larak yiyece\u011fi tarif! Do\u011fum g\u00fcnlerinin vazge\u00e7ilmezi olacak hem doyurucu hem lezzetli"},"content":{"rendered":"<p>TV8&#8217;in fenomen yemek yar\u0131\u015fmas\u0131 program\u0131nda yap\u0131lan sakall\u0131 sandwich tarifi herkesin dikkatini \u00e7ekti. \u00d6zellikle \u00e7ocuklar\u0131n\u0131z\u0131n do\u011fum g\u00fcnlerinde misafirlerinize g\u00f6n\u00fcl rahatl\u0131\u011f\u0131yla ikram edece\u011finiz bu yiyecek hem doyurucu hem de olduk\u00e7a lezzetli olmas\u0131 bak\u0131m\u0131ndan sofran\u0131z\u0131n ba\u015f tac\u0131 olacak. Peki <a href=\"https:\/\/www.tgrthaber.com\/mavikadin\/masterchefte-danillo-sef-cig-kofteyi-durdu-halayi-gomdu-italyanlik-resmen-rafa-kalkti\/\">MasterChef<\/a> \u00e7ocuklar\u0131n bay\u0131larak yiyece\u011fi tarif sakall\u0131 sandwich nas\u0131l yap\u0131l\u0131r? \u0130\u015fte malzeme listesi ve haz\u0131rlan\u0131\u015f\u0131&#8230;<\/p>\n<h3>MASTERCHEF&#8217;TE \u00c7OCUKLARIN BAYILARAK Y\u0130YECE\u011e\u0130 TAR\u0130F!<\/h3>\n<p class=\"p1\"><b>Sakall\u0131 Sandvi\u00e7 Yap\u0131m\u0131 Tarifi \u0130\u00e7in Malzemeler<\/b><\/p>\n<p class=\"p2\"><strong>HAMURU \u0130\u00c7\u0130N:<\/strong><\/p>\n<ul class=\"ul1\">\n<li class=\"li2\">1 su barda\u011f\u0131 \u0131l\u0131k s\u00fct<\/li>\n<li class=\"li2\">1, 5 yemek ka\u015f\u0131\u011f\u0131 toz \u015feker<\/li>\n<li class=\"li2\">1 tatl\u0131 ka\u015f\u0131\u011f\u0131 tuz<\/li>\n<li class=\"li2\">1 yemek ka\u015f\u0131\u011f\u0131 kuru maya (instant maya)<\/li>\n<li class=\"li2\">1\/2 (yar\u0131m) su barda\u011f\u0131 s\u0131v\u0131 ya\u011f<\/li>\n<li class=\"li2\">1\/2 (yar\u0131m) su barda\u011f\u0131 yo\u011furt<\/li>\n<li class=\"li2\">1 adet yumurta<\/li>\n<li class=\"li2\">4, 5 \u2013 5 su barda\u011f\u0131 un<\/li>\n<\/ul>\n<p><img loading=\"lazy\" decoding=\"async\" class=\"alignnone wp-image-251527 \" src=\"https:\/\/www.tgrthaber.com\/mavikadin\/wp-content\/uploads\/Ekran-Resmi-2025-10-20-13.19.48-1024x655.png\" alt=\"\" width=\"1643\" height=\"1051\" title=\"\" srcset=\"https:\/\/www.tgrthaber.com\/mavikadin\/wp-content\/uploads\/Ekran-Resmi-2025-10-20-13.19.48-1024x655.png 1024w, https:\/\/www.tgrthaber.com\/mavikadin\/wp-content\/uploads\/Ekran-Resmi-2025-10-20-13.19.48-300x192.png 300w, https:\/\/www.tgrthaber.com\/mavikadin\/wp-content\/uploads\/Ekran-Resmi-2025-10-20-13.19.48-768x492.png 768w, https:\/\/www.tgrthaber.com\/mavikadin\/wp-content\/uploads\/Ekran-Resmi-2025-10-20-13.19.48-1536x983.png 1536w, https:\/\/www.tgrthaber.com\/mavikadin\/wp-content\/uploads\/Ekran-Resmi-2025-10-20-13.19.48.png 1884w\" sizes=\"(max-width: 1643px) 100vw, 1643px\" \/><\/p>\n<hr \/>\n<p class=\"p2\"><strong>\u0130\u00c7 DOLGUSU \u0130\u00c7\u0130N:<\/strong><\/p>\n<ul class=\"ul1\">\n<li class=\"li2\">6 yemek ka\u015f\u0131\u011f\u0131 krem peynir<\/li>\n<li class=\"li2\">1 su barda\u011f\u0131ndan biraz fazla rendelenmi\u015f beyaz peynir<\/li>\n<\/ul>\n<p class=\"p2\"><strong>\u00dcZER\u0130 \u0130\u00c7\u0130N:<\/strong><\/p>\n<ul class=\"ul1\">\n<li class=\"li2\">1 yumurta sar\u0131s\u0131<\/li>\n<li class=\"li2\">1 yemek ka\u015f\u0131\u011f\u0131 su<\/li>\n<li class=\"li2\">\u00c7ay ka\u015f\u0131\u011f\u0131n\u0131n ucuyla toz \u015feker<\/li>\n<\/ul>\n<p><img loading=\"lazy\" decoding=\"async\" class=\"alignnone wp-image-251529 \" src=\"https:\/\/www.tgrthaber.com\/mavikadin\/wp-content\/uploads\/Ekran-Resmi-2025-10-20-13.19.54-1024x815.png\" alt=\"\" width=\"1606\" height=\"1278\" title=\"\" srcset=\"https:\/\/www.tgrthaber.com\/mavikadin\/wp-content\/uploads\/Ekran-Resmi-2025-10-20-13.19.54-1024x815.png 1024w, https:\/\/www.tgrthaber.com\/mavikadin\/wp-content\/uploads\/Ekran-Resmi-2025-10-20-13.19.54-300x239.png 300w, https:\/\/www.tgrthaber.com\/mavikadin\/wp-content\/uploads\/Ekran-Resmi-2025-10-20-13.19.54-768x611.png 768w, https:\/\/www.tgrthaber.com\/mavikadin\/wp-content\/uploads\/Ekran-Resmi-2025-10-20-13.19.54-1536x1223.png 1536w, https:\/\/www.tgrthaber.com\/mavikadin\/wp-content\/uploads\/Ekran-Resmi-2025-10-20-13.19.54.png 1922w\" sizes=\"(max-width: 1606px) 100vw, 1606px\" \/><\/p>\n<hr \/>\n<p class=\"p2\"><strong>U\u00c7 KISIMLARI \u0130\u00c7\u0130N:<\/strong><\/p>\n<ul class=\"ul1\">\n<li class=\"li2\">1\/2 (yar\u0131m) demetten biraz az ince k\u0131y\u0131lm\u0131\u015f maydanoz<\/li>\n<li class=\"li2\">1 su barda\u011f\u0131 taze ka\u015far peyniri rendesi<\/li>\n<\/ul>\n<p><img loading=\"lazy\" decoding=\"async\" class=\"alignnone wp-image-251531 \" src=\"https:\/\/www.tgrthaber.com\/mavikadin\/wp-content\/uploads\/Ekran-Resmi-2025-10-20-13.20.00-1024x641.png\" alt=\"\" width=\"1631\" height=\"1021\" title=\"\" srcset=\"https:\/\/www.tgrthaber.com\/mavikadin\/wp-content\/uploads\/Ekran-Resmi-2025-10-20-13.20.00-1024x641.png 1024w, https:\/\/www.tgrthaber.com\/mavikadin\/wp-content\/uploads\/Ekran-Resmi-2025-10-20-13.20.00-300x188.png 300w, https:\/\/www.tgrthaber.com\/mavikadin\/wp-content\/uploads\/Ekran-Resmi-2025-10-20-13.20.00-768x480.png 768w, https:\/\/www.tgrthaber.com\/mavikadin\/wp-content\/uploads\/Ekran-Resmi-2025-10-20-13.20.00.png 1442w\" sizes=\"(max-width: 1631px) 100vw, 1631px\" \/><\/p>\n<hr \/>\n<h3>HAZIRLANI\u015eI:<\/h3>\n<p class=\"p1\">\u0130lk olarak s\u00fct\u00fc \u0131s\u0131t\u0131n. Il\u0131k olacak. Ser\u00e7e parma\u011f\u0131n\u0131z\u0131n dayanaca\u011f\u0131 s\u0131cakl\u0131kta olmal\u0131. Ard\u0131ndan bir kaseye kuru maya ve \u015fekeri al\u0131n. Il\u0131k s\u00fct\u00fc de i\u00e7ine bo\u015falt\u0131n. Hi\u00e7 p\u00fcr\u00fcz kalmay\u0131ncaya kadar kar\u0131\u015ft\u0131r\u0131n. 5-6 dakika kadar bekleyin.<span class=\"Apple-converted-space\">\u00a0 <\/span>Ayr\u0131 bir kaba 4 su barda\u011f\u0131 un koyup ortas\u0131n\u0131 havuz gibi a\u00e7\u0131n. Di\u011fer malzemeleri de ekledikten sonra e\u011fer c\u0131v\u0131k olursa kalan unu da yava\u015f yava\u015f ekleyerek kulak memesi k\u0131vam\u0131na gelmesini sa\u011flay\u0131n. \u00dczerine s\u0131ras\u0131yla yo\u011furdu, s\u0131v\u0131 ya\u011f\u0131, 1 adet yumurtay\u0131, tuzu, mayal\u0131 kar\u0131\u015f\u0131m\u0131 ekleyip p\u00fcr\u00fczs\u00fcz ve yumu\u015fak bir k\u0131vam alana kadar yo\u011furun.<\/p>\n<p><img loading=\"lazy\" decoding=\"async\" class=\"alignnone wp-image-251532 \" src=\"https:\/\/www.tgrthaber.com\/mavikadin\/wp-content\/uploads\/Ekran-Resmi-2025-10-20-13.20.07-1024x625.png\" alt=\"\" width=\"1629\" height=\"994\" title=\"\" srcset=\"https:\/\/www.tgrthaber.com\/mavikadin\/wp-content\/uploads\/Ekran-Resmi-2025-10-20-13.20.07-1024x625.png 1024w, https:\/\/www.tgrthaber.com\/mavikadin\/wp-content\/uploads\/Ekran-Resmi-2025-10-20-13.20.07-300x183.png 300w, https:\/\/www.tgrthaber.com\/mavikadin\/wp-content\/uploads\/Ekran-Resmi-2025-10-20-13.20.07-768x469.png 768w, https:\/\/www.tgrthaber.com\/mavikadin\/wp-content\/uploads\/Ekran-Resmi-2025-10-20-13.20.07-1536x937.png 1536w, https:\/\/www.tgrthaber.com\/mavikadin\/wp-content\/uploads\/Ekran-Resmi-2025-10-20-13.20.07.png 1724w\" sizes=\"(max-width: 1629px) 100vw, 1629px\" \/><\/p>\n<hr \/>\n<p class=\"p1\">Hamuru mayaland\u0131raca\u011f\u0131n\u0131z kab\u0131n i\u00e7erisine 1 yemek ka\u015f\u0131\u011f\u0131 s\u0131v\u0131ya d\u00f6k\u00fcnki hamur mayaland\u0131ktan sonra \u00e7\u0131kart\u0131rken yap\u0131\u015fmas\u0131n. A\u011fz\u0131n\u0131 stres ya da bir bez yard\u0131m\u0131 ile \u00f6rt\u00fcn. 1 saat bu \u015fekilde mayalanmaya b\u0131rak\u0131n. Hamur mayalan\u0131nca tekrar yo\u011furarak havas\u0131n\u0131 al\u0131n.<span class=\"Apple-converted-space\">\u00a0 <\/span>Ceviz b\u00fcy\u00fckl\u00fc\u011f\u00fcnde toplar yap\u0131n ve ya\u011fl\u0131 ka\u011f\u0131t serdi\u011finiz tepsinizin \u00fczerine bir bezle kapat\u0131p yerle\u015ftirin. 15 dakika da bu \u015fekilde mayaland\u0131r\u0131n. Ard\u0131ndan<span class=\"Apple-converted-space\">\u00a0 <\/span>bir kasede yumurta sar\u0131s\u0131, su ve toz \u015fekeri kar\u0131\u015ft\u0131r\u0131p f\u0131r\u00e7a yard\u0131m\u0131yla toplar\u0131n \u00fczerine s\u00fcr\u00fcn.<\/p>\n<p><img loading=\"lazy\" decoding=\"async\" class=\"alignnone wp-image-251535 \" src=\"https:\/\/www.tgrthaber.com\/mavikadin\/wp-content\/uploads\/Ekran-Resmi-2025-10-20-13.20.15-1024x632.png\" alt=\"\" width=\"1602\" height=\"989\" title=\"\" srcset=\"https:\/\/www.tgrthaber.com\/mavikadin\/wp-content\/uploads\/Ekran-Resmi-2025-10-20-13.20.15-1024x632.png 1024w, https:\/\/www.tgrthaber.com\/mavikadin\/wp-content\/uploads\/Ekran-Resmi-2025-10-20-13.20.15-300x185.png 300w, https:\/\/www.tgrthaber.com\/mavikadin\/wp-content\/uploads\/Ekran-Resmi-2025-10-20-13.20.15-768x474.png 768w, https:\/\/www.tgrthaber.com\/mavikadin\/wp-content\/uploads\/Ekran-Resmi-2025-10-20-13.20.15.png 1452w\" sizes=\"(max-width: 1602px) 100vw, 1602px\" \/><\/p>\n<hr \/>\n<p class=\"p1\">\u00d6nceden \u0131s\u0131t\u0131lm\u0131\u015f 180\u00b0 derecelik f\u0131r\u0131nda 15 -20 dakika \u00fczerleri k\u0131zarana kadar pi\u015firin.<span class=\"Apple-converted-space\">\u00a0 <\/span>\u0130\u00e7 dolgusunu haz\u0131rlamak i\u00e7in krem peynir ve beyaz peyniri kar\u0131\u015ft\u0131r\u0131n. So\u011fuyan sakall\u0131 sandwichlerinizi ortadan ikiye kesin. Aras\u0131na i\u00e7 dolgu malzemesini d\u0131\u015far\u0131 ta\u015facak \u015fekilde s\u00fcr\u00fcn. Son olarak da incecik k\u0131yd\u0131\u011f\u0131m\u0131z maydanozlar\u0131n \u00fczerine ka\u015far peyniri rendesini d\u00f6k\u00fcp harmanlay\u0131n ve sakall\u0131lar\u0131n u\u00e7lar\u0131n\u0131 bu kar\u0131\u015f\u0131m ile kaplay\u0131n. Hem \u00e7ocuklar\u0131n hem de misafirlerinizin ay\u0131la bay\u0131la yiyece\u011fi bu tarif \u00f6zellikle do\u011fum g\u00fcnlerinin vazge\u00e7ilmezi olacak. \u015eimdiden afiyetler olsun.<\/p>\n<h3 class=\"p1\">MASTERCHEF KAPTANLAR K\u0130M OLDU? 19 EK\u0130M 2025<\/h3>\n<p class=\"p1\">Haftan\u0131n kaptanlar\u0131 Ayten ve Nisa se\u00e7ildi. Ayten mavi tak\u0131m, Nisa k\u0131rm\u0131z\u0131 tak\u0131m kaptan\u0131 oldu.<\/p>\n<p><img loading=\"lazy\" decoding=\"async\" class=\"alignnone wp-image-251519 \" src=\"https:\/\/www.tgrthaber.com\/mavikadin\/wp-content\/uploads\/Ekran-Resmi-2025-10-20-12.46.13-1024x562.png\" alt=\"\" width=\"1627\" height=\"893\" title=\"\" srcset=\"https:\/\/www.tgrthaber.com\/mavikadin\/wp-content\/uploads\/Ekran-Resmi-2025-10-20-12.46.13-1024x562.png 1024w, https:\/\/www.tgrthaber.com\/mavikadin\/wp-content\/uploads\/Ekran-Resmi-2025-10-20-12.46.13-300x165.png 300w, https:\/\/www.tgrthaber.com\/mavikadin\/wp-content\/uploads\/Ekran-Resmi-2025-10-20-12.46.13-768x422.png 768w, https:\/\/www.tgrthaber.com\/mavikadin\/wp-content\/uploads\/Ekran-Resmi-2025-10-20-12.46.13-1536x843.png 1536w, https:\/\/www.tgrthaber.com\/mavikadin\/wp-content\/uploads\/Ekran-Resmi-2025-10-20-12.46.13.png 1632w\" sizes=\"(max-width: 1627px) 100vw, 1627px\" \/><\/p>\n<hr \/>\n<h3 class=\"p1\">ELEME POTASINDA K\u0130MLER VARDI?<\/h3>\n<p class=\"p1\">Onur<\/p>\n<p class=\"p1\">Cansu<\/p>\n<p class=\"p1\">Murat Can<\/p>\n<p class=\"p1\">Nisa<\/p>\n<p class=\"p1\">Sezer<\/p>\n<p class=\"p1\">Bar\u0131\u015f<\/p>\n<p class=\"p1\">Furkan<\/p>\n<p><img loading=\"lazy\" decoding=\"async\" class=\"alignnone wp-image-251520 \" src=\"https:\/\/www.tgrthaber.com\/mavikadin\/wp-content\/uploads\/Ekran-Resmi-2025-10-20-12.48.10-2-1024x617.png\" alt=\"\" width=\"1605\" height=\"967\" title=\"\" srcset=\"https:\/\/www.tgrthaber.com\/mavikadin\/wp-content\/uploads\/Ekran-Resmi-2025-10-20-12.48.10-2-1024x617.png 1024w, https:\/\/www.tgrthaber.com\/mavikadin\/wp-content\/uploads\/Ekran-Resmi-2025-10-20-12.48.10-2-300x181.png 300w, https:\/\/www.tgrthaber.com\/mavikadin\/wp-content\/uploads\/Ekran-Resmi-2025-10-20-12.48.10-2-768x463.png 768w, https:\/\/www.tgrthaber.com\/mavikadin\/wp-content\/uploads\/Ekran-Resmi-2025-10-20-12.48.10-2.png 1344w\" sizes=\"(max-width: 1605px) 100vw, 1605px\" \/><\/p>\n<hr \/>\n<h3 class=\"p1\">MASTERCHEF ELENEN YARI\u015eMACI 18 EK\u0130M<\/h3>\n<p class=\"p1\">MasterChef&#8217;te hayallerine veda isim\u00a0<b>Cansu<\/b>\u00a0oldu.<\/p>\n<h3 class=\"p1\">MASTERCHEF 2025 ANA KADRO L\u0130STES\u0130<\/h3>\n<p class=\"p1\">MasterChef T\u00fcrkiye 2025 ana kadro g\u00fcncel listesi:<\/p>\n<p class=\"p1\">MasterChef T\u00fcrkiye Ana Kadroya Giren 1. Yar\u0131\u015fmac\u0131: Furkan<\/p>\n<p class=\"p1\">MasterChef T\u00fcrkiye Ana Kadroya Giren 2. Yar\u0131\u015fmac\u0131: Eyl\u00fcl<\/p>\n<p class=\"p1\">MasterChef T\u00fcrkiye Ana Kadroya Giren 3. Yar\u0131\u015fmac\u0131: \u00c7a\u011fatay<\/p>\n<p class=\"p1\">MasterChef T\u00fcrkiye Ana Kadroya Giren 4. Yar\u0131\u015fmac\u0131: Onur<\/p>\n<p class=\"p1\">MasterChef T\u00fcrkiye Ana kadroya giren 5. Yar\u0131\u015fmac\u0131: Nisa Nur ( yedeklerden dahil oldu)<\/p>\n<p><img loading=\"lazy\" decoding=\"async\" class=\"alignnone wp-image-251513 \" src=\"https:\/\/www.tgrthaber.com\/mavikadin\/wp-content\/uploads\/Ekran-Resmi-2025-10-20-12.48.28-1024x604.png\" alt=\"\" width=\"1660\" height=\"979\" title=\"\" srcset=\"https:\/\/www.tgrthaber.com\/mavikadin\/wp-content\/uploads\/Ekran-Resmi-2025-10-20-12.48.28-1024x604.png 1024w, https:\/\/www.tgrthaber.com\/mavikadin\/wp-content\/uploads\/Ekran-Resmi-2025-10-20-12.48.28-300x177.png 300w, https:\/\/www.tgrthaber.com\/mavikadin\/wp-content\/uploads\/Ekran-Resmi-2025-10-20-12.48.28-768x453.png 768w, https:\/\/www.tgrthaber.com\/mavikadin\/wp-content\/uploads\/Ekran-Resmi-2025-10-20-12.48.28.png 1366w\" sizes=\"(max-width: 1660px) 100vw, 1660px\" \/><\/p>\n<hr \/>\n<p class=\"p1\">MasterChef T\u00fcrkiye Ana kadroya giren 6. Yar\u0131\u015fmac\u0131: Sercan(elendi)<\/p>\n<p class=\"p1\">MasterChef T\u00fcrkiye Ana kadroya giren 7. Yar\u0131\u015fmac\u0131: Ayla<\/p>\n<p class=\"p1\">MasterChef T\u00fcrkiye Ana kadroya giren 8. Yar\u0131\u015fmac\u0131: \u0130hsan(elendi)<\/p>\n<p class=\"p1\">MasterChef T\u00fcrkiye Ana kadroya giren 9. Yar\u0131\u015fmac\u0131: Ayten<\/p>\n<p class=\"p1\">MasterChef T\u00fcrkiye Ana kadroya giren 10. Yar\u0131\u015fmac\u0131: \u00c7a\u011flar<\/p>\n<p class=\"p1\">MasterChef T\u00fcrkiye Ana kadroya giren 11. Yar\u0131\u015fmac\u0131: Sezer<\/p>\n<p class=\"p1\">MasterChef T\u00fcrkiye Ana kadroya giren 12. Yar\u0131\u015fmac\u0131: Cansu(elendi)<\/p>\n<p class=\"p1\">MasterChef T\u00fcrkiye Ana kadroya giren 13. Yar\u0131\u015fmac\u0131: \u00d6zkan<\/p>\n<p class=\"p1\">MasterChef T\u00fcrkiye Ana kadroya giren 14. yar\u0131\u015fmac\u0131: Gizem<\/p>\n<p class=\"p1\">MasterChef T\u00fcrkiye Ana kadroya giren 15. yar\u0131\u015fmac\u0131: \u0130rem (elendi)<\/p>\n<p><img loading=\"lazy\" decoding=\"async\" class=\"alignnone wp-image-251521 \" src=\"https:\/\/www.tgrthaber.com\/mavikadin\/wp-content\/uploads\/Ekran-Resmi-2025-10-20-12.49.08-1-1024x657.png\" alt=\"\" width=\"1637\" height=\"1050\" title=\"\" srcset=\"https:\/\/www.tgrthaber.com\/mavikadin\/wp-content\/uploads\/Ekran-Resmi-2025-10-20-12.49.08-1-1024x657.png 1024w, https:\/\/www.tgrthaber.com\/mavikadin\/wp-content\/uploads\/Ekran-Resmi-2025-10-20-12.49.08-1-300x192.png 300w, https:\/\/www.tgrthaber.com\/mavikadin\/wp-content\/uploads\/Ekran-Resmi-2025-10-20-12.49.08-1-768x492.png 768w, https:\/\/www.tgrthaber.com\/mavikadin\/wp-content\/uploads\/Ekran-Resmi-2025-10-20-12.49.08-1.png 1070w\" sizes=\"(max-width: 1637px) 100vw, 1637px\" \/><\/p>\n<hr \/>\n<p class=\"p1\">MasterChef T\u00fcrkiye Ana kadroya giren 16. yar\u0131\u015fmac\u0131: Hakan<\/p>\n<p class=\"p1\">MasterChef T\u00fcrkiye Ana kadroya giren 17. yar\u0131\u015fmac\u0131: Mert ( yedeklerden dahil oldu)<\/p>\n<p class=\"p1\">MasterChef T\u00fcrkiye Ana kadroya giren 18. yar\u0131\u015fmac\u0131: S\u00fcmeyye<\/p>\n<p class=\"p1\">MasterChef T\u00fcrkiye Ana kadroya giren 19. yar\u0131\u015fmac\u0131: Bar\u0131\u015f Kaya ( yedeklerden dahil oldu)<\/p>\n<p class=\"p1\">\n","protected":false},"excerpt":{"rendered":"<p>Ekranlar\u0131n sevilerek seyredilen yar\u0131\u015fma program\u0131 MasterChef&#8217;te bu ak\u015fam sakall\u0131 sandwichi yap\u0131ld\u0131. \u00d6zellikle \u00e7ocuklar\u0131n\u0131z\u0131n do\u011fum g\u00fcnlerine ikraml\u0131k olarak servis edebilece\u011finiz bu \u015fahane lezzet hem doyurucu hem  de lezzetli olmas\u0131 a\u00e7\u0131s\u0131ndan vazge\u00e7ilmeziniz olacak. Peki MasterChef sakall\u0131 sandwich nas\u0131l yap\u0131l\u0131r? \u0130\u015fte p\u00fcf noktalar\u0131yla haz\u0131rlan\u0131\u015f\u0131.. <\/p>\n","protected":false},"author":16,"featured_media":251536,"comment_status":"closed","ping_status":"closed","sticky":false,"template":"","format":"standard","meta":{"rank_math_lock_modified_date":false,"footnotes":""},"categories":[191],"tags":[64765,64766,2842,3411],"class_list":["post-251518","post","type-post","status-publish","format-standard","has-post-thumbnail","hentry","category-yemek-tarifleri","tag-masterchef-sakalli-sandwich","tag-masterchef-sakalli-sandwich-tarifi","tag-masterchef-yemek-tarifleri","tag-yemek-tarifleri"],"_links":{"self":[{"href":"https:\/\/www.tgrthaber.com\/mavikadin\/wp-json\/wp\/v2\/posts\/251518"}],"collection":[{"href":"https:\/\/www.tgrthaber.com\/mavikadin\/wp-json\/wp\/v2\/posts"}],"about":[{"href":"https:\/\/www.tgrthaber.com\/mavikadin\/wp-json\/wp\/v2\/types\/post"}],"author":[{"embeddable":true,"href":"https:\/\/www.tgrthaber.com\/mavikadin\/wp-json\/wp\/v2\/users\/16"}],"replies":[{"embeddable":true,"href":"https:\/\/www.tgrthaber.com\/mavikadin\/wp-json\/wp\/v2\/comments?post=251518"}],"version-history":[{"count":2,"href":"https:\/\/www.tgrthaber.com\/mavikadin\/wp-json\/wp\/v2\/posts\/251518\/revisions"}],"predecessor-version":[{"id":251538,"href":"https:\/\/www.tgrthaber.com\/mavikadin\/wp-json\/wp\/v2\/posts\/251518\/revisions\/251538"}],"wp:featuredmedia":[{"embeddable":true,"href":"https:\/\/www.tgrthaber.com\/mavikadin\/wp-json\/wp\/v2\/media\/251536"}],"wp:attachment":[{"href":"https:\/\/www.tgrthaber.com\/mavikadin\/wp-json\/wp\/v2\/media?parent=251518"}],"wp:term":[{"taxonomy":"category","embeddable":true,"href":"https:\/\/www.tgrthaber.com\/mavikadin\/wp-json\/wp\/v2\/categories?post=251518"},{"taxonomy":"post_tag","embeddable":true,"href":"https:\/\/www.tgrthaber.com\/mavikadin\/wp-json\/wp\/v2\/tags?post=251518"}],"curies":[{"name":"wp","href":"https:\/\/api.w.org\/{rel}","templated":true}]}}