{"id":251522,"date":"2025-10-20T13:23:16","date_gmt":"2025-10-20T10:23:16","guid":{"rendered":"https:\/\/www.tgrthaber.com\/mavikadin\/?p=251522"},"modified":"2025-10-20T13:23:16","modified_gmt":"2025-10-20T10:23:16","slug":"toprak-razgatlioglu-esi-var-mi-toprak-razgatlioglu-evli-mi","status":"publish","type":"post","link":"https:\/\/www.tgrthaber.com\/mavikadin\/toprak-razgatlioglu-esi-var-mi-toprak-razgatlioglu-evli-mi\/","title":{"rendered":"Toprak Razgatl\u0131o\u011flu e\u015fi var m\u0131? Toprak Razgatl\u0131o\u011flu evli mi?"},"content":{"rendered":"<p>2025 D\u00fcnya Superbike&#8217;ta <a href=\"https:\/\/www.tgrthaber.com\/mavikadin\/kenan-sofuoglunun-oglu-zayn-sofuoglu-kimdir-zayn-sofuoglu-kac-yasinda\/\">\u015fampiyon<\/a> olan Toprak Razgatl\u0131o\u011flu ba\u015far\u0131dan ba\u015far\u0131ya ko\u015fmaya devam ediyor. Milli motosiklet\u00e7i, organizasyonda 2021 ve 2024 y\u0131llar\u0131n\u0131n ard\u0131ndan 2025&#8217;te de \u015fampiyonlu\u011fa ula\u015farak \u00f6nemli bir ba\u015far\u0131ya imza att\u0131. Peki Toprak Razgatl\u0131o\u011flu kimdir, e\u015fi var m\u0131?<\/p>\n<h3>TOPRAK RAZGATLIO\u011eLU NE \u015eAMP\u0130YONU OLDU?<\/h3>\n<p>Milli <a href=\"https:\/\/www.tgrthaber.com\/mavikadin\/sampiyon-kenan-sofuoglunun-oglu-kaza-gecirdi-o-anlar-kameralara-yansidi\/\">motosiklet\u00e7i<\/a> Toprak Razgatl\u0131o\u011flu, 2025 D\u00fcnya Superbike&#8217;ta \u015fampiyon olarak dikkatleri \u00fczerine \u00e7ekmeyi ba\u015fard\u0131. Gen\u00e7 ya\u015f\u0131na ra\u011fmen elde etti\u011fi ba\u015far\u0131larla T\u00fcrk motosiklet tarihine ad\u0131n\u0131 alt\u0131n harflerle yazd\u0131ran Toprak, motor sporlar\u0131na ilgi duyan herkesin yak\u0131ndan tan\u0131d\u0131\u011f\u0131 bir isim haline geldi.<\/p>\n<p><img loading=\"lazy\" decoding=\"async\" class=\"aligncenter size-full wp-image-251523\" src=\"https:\/\/www.tgrthaber.com\/mavikadin\/wp-content\/uploads\/Toprak-Razgatlioglu-1.png\" alt=\"\" width=\"1208\" height=\"680\" title=\"\" srcset=\"https:\/\/www.tgrthaber.com\/mavikadin\/wp-content\/uploads\/Toprak-Razgatlioglu-1.png 1208w, https:\/\/www.tgrthaber.com\/mavikadin\/wp-content\/uploads\/Toprak-Razgatlioglu-1-300x169.png 300w, https:\/\/www.tgrthaber.com\/mavikadin\/wp-content\/uploads\/Toprak-Razgatlioglu-1-1024x576.png 1024w, https:\/\/www.tgrthaber.com\/mavikadin\/wp-content\/uploads\/Toprak-Razgatlioglu-1-768x432.png 768w\" sizes=\"(max-width: 1208px) 100vw, 1208px\" \/><\/p>\n<hr \/>\n<h3>TOPRAK RAZGATLIO\u011eLU K\u0130MD\u0130R?<\/h3>\n<p>Toprak Razgatl\u0131o\u011flu, 26 Ekim 1996 tarihinde Sakarya\u2019da d\u00fcnyaya geldi. H\u00e2l\u00e2 Sakarya&#8217;da ya\u015fam\u0131n\u0131 s\u00fcrd\u00fcren Toprak Razgatl\u0131o\u011flu, \u00f6zel hayat\u0131n\u0131 g\u00f6z \u00f6n\u00fcnde ya\u015famayan bir sporcu olarak biliniyor. Evli olmad\u0131\u011f\u0131 bilinen Razgatl\u0131o\u011flu, motosiklet sporuna olan tutkusu kadar, inan\u00e7lar\u0131na olan ba\u011fl\u0131l\u0131\u011f\u0131yla da dikkat \u00e7ekiyor.<\/p>\n<p><img loading=\"lazy\" decoding=\"async\" class=\"aligncenter size-full wp-image-251530\" src=\"https:\/\/www.tgrthaber.com\/mavikadin\/wp-content\/uploads\/Toprak-Razgatlioglu-6-1.png\" alt=\"\" width=\"1208\" height=\"680\" title=\"\" srcset=\"https:\/\/www.tgrthaber.com\/mavikadin\/wp-content\/uploads\/Toprak-Razgatlioglu-6-1.png 1208w, https:\/\/www.tgrthaber.com\/mavikadin\/wp-content\/uploads\/Toprak-Razgatlioglu-6-1-300x169.png 300w, https:\/\/www.tgrthaber.com\/mavikadin\/wp-content\/uploads\/Toprak-Razgatlioglu-6-1-1024x576.png 1024w, https:\/\/www.tgrthaber.com\/mavikadin\/wp-content\/uploads\/Toprak-Razgatlioglu-6-1-768x432.png 768w\" sizes=\"(max-width: 1208px) 100vw, 1208px\" \/><\/p>\n<hr \/>\n<p>M\u00fcsl\u00fcman kimli\u011fini hayat\u0131n\u0131n her alan\u0131nda g\u00f6steren Toprak, yar\u0131\u015flar sonras\u0131 podyumda gelenek haline gelen Prosecco (alkoll\u00fc i\u00e7ecek) kutlamalar\u0131na inanc\u0131 gere\u011fi kat\u0131lm\u0131yor. Bu y\u00f6n\u00fcyle sadece bir sporcu de\u011fil, ayn\u0131 zamanda de\u011ferlerine sad\u0131k bir birey olarak da takdir ediliyor.<\/p>\n<p><img loading=\"lazy\" decoding=\"async\" class=\"aligncenter size-full wp-image-251524\" src=\"https:\/\/www.tgrthaber.com\/mavikadin\/wp-content\/uploads\/Toprak-Razgatlioglu-3.png\" alt=\"\" width=\"1208\" height=\"680\" title=\"\" srcset=\"https:\/\/www.tgrthaber.com\/mavikadin\/wp-content\/uploads\/Toprak-Razgatlioglu-3.png 1208w, https:\/\/www.tgrthaber.com\/mavikadin\/wp-content\/uploads\/Toprak-Razgatlioglu-3-300x169.png 300w, https:\/\/www.tgrthaber.com\/mavikadin\/wp-content\/uploads\/Toprak-Razgatlioglu-3-1024x576.png 1024w, https:\/\/www.tgrthaber.com\/mavikadin\/wp-content\/uploads\/Toprak-Razgatlioglu-3-768x432.png 768w\" sizes=\"(max-width: 1208px) 100vw, 1208px\" \/><\/p>\n<hr \/>\n<h3>TOPRAK RAZGATLIO\u011eLU E\u015e\u0130 VAR MI?<\/h3>\n<p>Toprak Razgatl\u0131o\u011flu\u2019nun bekar oldu\u011fu biliniyor.<\/p>\n<h3>TOPRAK RAZGATLIO\u011eLU KAR\u0130YER\u0130N\u0130N BA\u015eLANGICI<\/h3>\n<p>Toprak Razgatl\u0131o\u011flu, motosikletle tan\u0131\u015ft\u0131\u011f\u0131nda hen\u00fcz k\u00fc\u00e7\u00fck bir \u00e7ocuktu. Razgatl\u0131o\u011flu, bu tutkusunu profesyonel kariyere d\u00f6n\u00fc\u015ft\u00fcrme yolculu\u011fu, T\u00fcrkiye Pist \u015eampiyonas\u0131\u2019nda g\u00f6sterdi\u011fi ba\u015far\u0131l\u0131 performansla ba\u015flad\u0131. 2015 y\u0131l\u0131nda Supersport 600 s\u0131n\u0131f\u0131nda T\u00fcrkiye \u015eampiyonu olmas\u0131, onun uluslararas\u0131 sahneye ad\u0131m atmas\u0131na vesile oldu.<\/p>\n<p><img loading=\"lazy\" decoding=\"async\" class=\"aligncenter size-full wp-image-251525\" src=\"https:\/\/www.tgrthaber.com\/mavikadin\/wp-content\/uploads\/Toprak-Razgatlioglu-4.png\" alt=\"\" width=\"1208\" height=\"680\" title=\"\" srcset=\"https:\/\/www.tgrthaber.com\/mavikadin\/wp-content\/uploads\/Toprak-Razgatlioglu-4.png 1208w, https:\/\/www.tgrthaber.com\/mavikadin\/wp-content\/uploads\/Toprak-Razgatlioglu-4-300x169.png 300w, https:\/\/www.tgrthaber.com\/mavikadin\/wp-content\/uploads\/Toprak-Razgatlioglu-4-1024x576.png 1024w, https:\/\/www.tgrthaber.com\/mavikadin\/wp-content\/uploads\/Toprak-Razgatlioglu-4-768x432.png 768w\" sizes=\"(max-width: 1208px) 100vw, 1208px\" \/><\/p>\n<hr \/>\n<h3>D\u00dcNYA SUPERB\u0130KE \u015eAMP\u0130YONASI VE Z\u0130RVE YOLCULU\u011eU<\/h3>\n<p>Razgatl\u0131o\u011flu, 2018 y\u0131l\u0131nda Yamaha tak\u0131m\u0131yla D\u00fcnya Superbike \u015eampiyonas\u0131\u2019nda m\u00fccadele etmeye ba\u015flad\u0131. Agresif s\u00fcr\u00fc\u015f tarz\u0131, yar\u0131\u015f zek\u00e2s\u0131 ve pist \u00fczerindeki hakimiyetiyle k\u0131sa s\u00fcrede fark olu\u015fturdu. Her ge\u00e7en y\u0131l performans\u0131n\u0131 art\u0131ran gen\u00e7 pilot, 2021 sezonunda D\u00fcnya Superbike \u015eampiyonu olarak T\u00fcrk motor sporlar\u0131 tarihinde bir ilke imza att\u0131. Bu zafer, onun ad\u0131n\u0131 sadece T\u00fcrkiye\u2019de de\u011fil, d\u00fcnya motor sporlar\u0131 camias\u0131nda da sayg\u0131n bir konuma ta\u015f\u0131d\u0131.<\/p>\n<p><img loading=\"lazy\" decoding=\"async\" class=\"aligncenter size-full wp-image-251526\" src=\"https:\/\/www.tgrthaber.com\/mavikadin\/wp-content\/uploads\/Toprak-Razgatlioglu-6.png\" alt=\"\" width=\"1208\" height=\"680\" title=\"\" srcset=\"https:\/\/www.tgrthaber.com\/mavikadin\/wp-content\/uploads\/Toprak-Razgatlioglu-6.png 1208w, https:\/\/www.tgrthaber.com\/mavikadin\/wp-content\/uploads\/Toprak-Razgatlioglu-6-300x169.png 300w, https:\/\/www.tgrthaber.com\/mavikadin\/wp-content\/uploads\/Toprak-Razgatlioglu-6-1024x576.png 1024w, https:\/\/www.tgrthaber.com\/mavikadin\/wp-content\/uploads\/Toprak-Razgatlioglu-6-768x432.png 768w\" sizes=\"(max-width: 1208px) 100vw, 1208px\" \/><\/p>\n<hr \/>\n<h3>TOPRAK RAZGATLIO\u011eLU \u00d6D\u00dcLLER\u0130 VE BA\u015eARILARI<\/h3>\n<p>Toprak\u2019\u0131n kariyerinde bir\u00e7ok ulusal ve uluslararas\u0131 ba\u015far\u0131 bulunuyor. \u00d6ne \u00e7\u0131kan baz\u0131 ba\u015far\u0131lar\u0131 \u015funlard\u0131r:<\/p>\n<p>2021 D\u00fcnya Superbike \u015eampiyonu<\/p>\n<p>2015 Supersport 600 T\u00fcrkiye \u015eampiyonu<\/p>\n<p>T\u00fcrkiye Pist \u015eampiyonas\u0131\u2019nda \u00e7ok say\u0131da birincilik<\/p>\n","protected":false},"excerpt":{"rendered":"<p>Toprak Razgatl\u0131o\u011flu 2025 D\u00fcnya Superbike&#8217;ta \u015fampiyon oldu. T\u00fcrkiye\u2019nin ve d\u00fcnyan\u0131n motor sporlar\u0131 arenas\u0131nda ad\u0131ndan s\u0131k s\u0131k s\u00f6z ettiren Toprak Razgatl\u0131o\u011flu \u00f6zellikle D\u00fcnya Superbike \u015eampiyonas\u0131\u2019ndaki \u00fcst\u00fcn performans\u0131yla be\u011feni topluyor. Peki Toprak Razgatl\u0131o\u011flu evli mi? \u0130\u015fte Toprak Razgatl\u0131o\u011flu hakk\u0131nda merak edilenler.<\/p>\n","protected":false},"author":5,"featured_media":251528,"comment_status":"closed","ping_status":"closed","sticky":false,"template":"","format":"standard","meta":{"rank_math_lock_modified_date":false,"footnotes":""},"categories":[491],"tags":[64762,64764,64763],"class_list":["post-251522","post","type-post","status-publish","format-standard","has-post-thumbnail","hentry","category-biyografi","tag-toprak-razgatlioglu","tag-toprak-razgatlioglu-kimdir","tag-toprak-razgatlioglu-sampiyonluklari"],"_links":{"self":[{"href":"https:\/\/www.tgrthaber.com\/mavikadin\/wp-json\/wp\/v2\/posts\/251522"}],"collection":[{"href":"https:\/\/www.tgrthaber.com\/mavikadin\/wp-json\/wp\/v2\/posts"}],"about":[{"href":"https:\/\/www.tgrthaber.com\/mavikadin\/wp-json\/wp\/v2\/types\/post"}],"author":[{"embeddable":true,"href":"https:\/\/www.tgrthaber.com\/mavikadin\/wp-json\/wp\/v2\/users\/5"}],"replies":[{"embeddable":true,"href":"https:\/\/www.tgrthaber.com\/mavikadin\/wp-json\/wp\/v2\/comments?post=251522"}],"version-history":[{"count":2,"href":"https:\/\/www.tgrthaber.com\/mavikadin\/wp-json\/wp\/v2\/posts\/251522\/revisions"}],"predecessor-version":[{"id":251534,"href":"https:\/\/www.tgrthaber.com\/mavikadin\/wp-json\/wp\/v2\/posts\/251522\/revisions\/251534"}],"wp:featuredmedia":[{"embeddable":true,"href":"https:\/\/www.tgrthaber.com\/mavikadin\/wp-json\/wp\/v2\/media\/251528"}],"wp:attachment":[{"href":"https:\/\/www.tgrthaber.com\/mavikadin\/wp-json\/wp\/v2\/media?parent=251522"}],"wp:term":[{"taxonomy":"category","embeddable":true,"href":"https:\/\/www.tgrthaber.com\/mavikadin\/wp-json\/wp\/v2\/categories?post=251522"},{"taxonomy":"post_tag","embeddable":true,"href":"https:\/\/www.tgrthaber.com\/mavikadin\/wp-json\/wp\/v2\/tags?post=251522"}],"curies":[{"name":"wp","href":"https:\/\/api.w.org\/{rel}","templated":true}]}}