{"id":251539,"date":"2025-10-20T13:59:06","date_gmt":"2025-10-20T10:59:06","guid":{"rendered":"https:\/\/www.tgrthaber.com\/mavikadin\/?p=251539"},"modified":"2025-10-20T21:49:52","modified_gmt":"2025-10-20T18:49:52","slug":"masterchef-balon-gibi-sisen-tereyagli-acma-tarifi-pastanecilerin-sirri-ifsa-oldu-milyonlarca-kisi-yapilisini-defterine-yazdi","status":"publish","type":"post","link":"https:\/\/www.tgrthaber.com\/mavikadin\/masterchef-balon-gibi-sisen-tereyagli-acma-tarifi-pastanecilerin-sirri-ifsa-oldu-milyonlarca-kisi-yapilisini-defterine-yazdi\/","title":{"rendered":"MasterChef balon gibi \u015fi\u015fen tereya\u011fl\u0131 a\u00e7ma tarifi! Pastanecilerin s\u0131rr\u0131 if\u015fa oldu milyonlarca ki\u015fi yap\u0131l\u0131\u015f\u0131n\u0131 defterine yazd\u0131"},"content":{"rendered":"<p>TV8&#8217;in sevilen yar\u0131\u015fma program\u0131 MasterChef&#8217;te tarifi verilen balon gibi \u015fi\u015fen a\u00e7man\u0131n nas\u0131l yap\u0131ld\u0131\u011f\u0131 ara\u015ft\u0131r\u0131lmaya ba\u015fland\u0131. Pastanecilerin s\u0131rr\u0131n\u0131n if\u015fa oldu\u011fu bu lezzeti tarife g\u00f6re haz\u0131rlayanlar ortaya \u00e7\u0131kacak sonuca \u015fa\u015f\u0131r\u0131p kalacaklar. Puf puf \u015fi\u015fen, tel tel ayr\u0131lan lezzeti ile yemelere doyamayaca\u011f\u0131n\u0131z bu tarifin nas\u0131l yap\u0131ld\u0131\u011f\u0131na gelin birlikte bakal\u0131m. \u0130\u015fte <a href=\"https:\/\/www.tgrthaber.com\/mavikadin\/masterchefte-el-lezzetini-bambaska-bir-seviyeye-tasiyan-tarif-tadanlar-parmaklarini-yiyecek\/\">MasterChef<\/a> balon gibi \u015fi\u015fen en g\u00fczel a\u00e7ma tarifi&#8230;<\/p>\n<h3>MASTERCHEF BALON G\u0130B\u0130 \u015e\u0130\u015eEN A\u00c7MA TAR\u0130F\u0130<\/h3>\n<p><strong>Malzemeler:\u00a0<\/strong><\/p>\n<p class=\"p1\"><b>Yumu\u015fac\u0131k Tel Tel Pamuk A\u00e7ma Tarifi \u0130\u00e7in Malzemeler<\/b><\/p>\n<p class=\"p2\">Hamuru i\u00e7in;<\/p>\n<ul class=\"ul1\">\n<li class=\"li2\">2 su barda\u011f\u0131 \u0131l\u0131k s\u00fct (400 ml)<\/li>\n<li class=\"li2\">1 \u00e7ay barda\u011f\u0131 s\u0131v\u0131 ya\u011f (125 ml)<\/li>\n<li class=\"li2\">1 adet yumurta ak\u0131<\/li>\n<\/ul>\n<p><img loading=\"lazy\" decoding=\"async\" class=\"alignnone wp-image-251544 \" src=\"https:\/\/www.tgrthaber.com\/mavikadin\/wp-content\/uploads\/Ekran-Resmi-2025-10-20-13.51.19-1024x617.png\" alt=\"\" width=\"1613\" height=\"972\" title=\"\" srcset=\"https:\/\/www.tgrthaber.com\/mavikadin\/wp-content\/uploads\/Ekran-Resmi-2025-10-20-13.51.19-1024x617.png 1024w, https:\/\/www.tgrthaber.com\/mavikadin\/wp-content\/uploads\/Ekran-Resmi-2025-10-20-13.51.19-300x181.png 300w, https:\/\/www.tgrthaber.com\/mavikadin\/wp-content\/uploads\/Ekran-Resmi-2025-10-20-13.51.19-768x463.png 768w, https:\/\/www.tgrthaber.com\/mavikadin\/wp-content\/uploads\/Ekran-Resmi-2025-10-20-13.51.19-1536x925.png 1536w, https:\/\/www.tgrthaber.com\/mavikadin\/wp-content\/uploads\/Ekran-Resmi-2025-10-20-13.51.19-2048x1234.png 2048w\" sizes=\"(max-width: 1613px) 100vw, 1613px\" \/><\/p>\n<hr \/>\n<ul class=\"ul1\">\n<li class=\"li2\">2 yemek ka\u015f\u0131\u011f\u0131 toz \u015feker<\/li>\n<li class=\"li2\">1,5 tatl\u0131 ka\u015f\u0131\u011f\u0131 tuz<\/li>\n<li class=\"li2\">1 paket instant maya<\/li>\n<li class=\"li2\">7 su barda\u011f\u0131 un<\/li>\n<\/ul>\n<p class=\"p2\"><strong>Aras\u0131na s\u00fcrmek i\u00e7in;<\/strong><\/p>\n<ul class=\"ul1\">\n<li class=\"li2\">100 gr tereya\u011f\u0131<\/li>\n<\/ul>\n<p><img loading=\"lazy\" decoding=\"async\" class=\"alignnone wp-image-251545 \" src=\"https:\/\/www.tgrthaber.com\/mavikadin\/wp-content\/uploads\/Ekran-Resmi-2025-10-20-13.51.25-1024x650.png\" alt=\"\" width=\"1601\" height=\"1016\" title=\"\" srcset=\"https:\/\/www.tgrthaber.com\/mavikadin\/wp-content\/uploads\/Ekran-Resmi-2025-10-20-13.51.25-1024x650.png 1024w, https:\/\/www.tgrthaber.com\/mavikadin\/wp-content\/uploads\/Ekran-Resmi-2025-10-20-13.51.25-300x190.png 300w, https:\/\/www.tgrthaber.com\/mavikadin\/wp-content\/uploads\/Ekran-Resmi-2025-10-20-13.51.25-768x487.png 768w, https:\/\/www.tgrthaber.com\/mavikadin\/wp-content\/uploads\/Ekran-Resmi-2025-10-20-13.51.25.png 1412w\" sizes=\"(max-width: 1601px) 100vw, 1601px\" \/><\/p>\n<hr \/>\n<p class=\"p2\">\u00dczeri i\u00e7in;<\/p>\n<ul class=\"ul1\">\n<li class=\"li2\">1 adet yumurta sar\u0131s\u0131<\/li>\n<li class=\"li2\">Susam<\/li>\n<li class=\"li2\">\u00c7\u00f6rek otu<\/li>\n<\/ul>\n<p><img loading=\"lazy\" decoding=\"async\" class=\"alignnone wp-image-251546 \" src=\"https:\/\/www.tgrthaber.com\/mavikadin\/wp-content\/uploads\/Ekran-Resmi-2025-10-20-13.51.33-1024x555.png\" alt=\"\" width=\"1596\" height=\"865\" title=\"\" srcset=\"https:\/\/www.tgrthaber.com\/mavikadin\/wp-content\/uploads\/Ekran-Resmi-2025-10-20-13.51.33-1024x555.png 1024w, https:\/\/www.tgrthaber.com\/mavikadin\/wp-content\/uploads\/Ekran-Resmi-2025-10-20-13.51.33-300x162.png 300w, https:\/\/www.tgrthaber.com\/mavikadin\/wp-content\/uploads\/Ekran-Resmi-2025-10-20-13.51.33-768x416.png 768w, https:\/\/www.tgrthaber.com\/mavikadin\/wp-content\/uploads\/Ekran-Resmi-2025-10-20-13.51.33.png 1418w\" sizes=\"(max-width: 1596px) 100vw, 1596px\" \/><\/p>\n<hr \/>\n<h3>Haz\u0131rlan\u0131\u015f\u0131:<\/h3>\n<p class=\"p2\">\u0130lk olara uygun bir yo\u011furma kab\u0131na \u0131l\u0131k s\u00fct, s\u0131v\u0131ya, yumurta ak\u0131n, \u015feker ve tuzu ekleyin ve kar\u0131\u015ft\u0131r\u0131n. \u00dczerine yava\u015f yava\u015f un ve mayay\u0131 ekleyerek kar\u0131\u015ft\u0131rmaya devam edin. Hamurunuz unu ekledik\u00e7e k\u0131vam alacakt\u0131r. K\u0131vam alan ununuzu \u00e7ok az un septiniz tezgaha al\u0131n ve biraz daha yo\u011furun. Haz\u0131rlad\u0131\u011f\u0131n\u0131z hamuru tekrar yo\u011furma kab\u0131na al\u0131n ve \u00fczerini stresle kapat\u0131n. Ard\u0131ndan mayalanan hamurunuzun \u00fczerini a\u00e7\u0131n havas\u0131n\u0131 al\u0131n. Tezgaha ya\u011f tdamlat\u0131n ve hamuru tezgaha al\u0131n.<\/p>\n<p><img loading=\"lazy\" decoding=\"async\" class=\"alignnone wp-image-251547 \" src=\"https:\/\/www.tgrthaber.com\/mavikadin\/wp-content\/uploads\/Ekran-Resmi-2025-10-20-13.51.39-1024x635.png\" alt=\"\" width=\"1600\" height=\"992\" title=\"\" srcset=\"https:\/\/www.tgrthaber.com\/mavikadin\/wp-content\/uploads\/Ekran-Resmi-2025-10-20-13.51.39-1024x635.png 1024w, https:\/\/www.tgrthaber.com\/mavikadin\/wp-content\/uploads\/Ekran-Resmi-2025-10-20-13.51.39-300x186.png 300w, https:\/\/www.tgrthaber.com\/mavikadin\/wp-content\/uploads\/Ekran-Resmi-2025-10-20-13.51.39-768x476.png 768w, https:\/\/www.tgrthaber.com\/mavikadin\/wp-content\/uploads\/Ekran-Resmi-2025-10-20-13.51.39.png 1338w\" sizes=\"(max-width: 1600px) 100vw, 1600px\" \/><\/p>\n<hr \/>\n<p class=\"p2\">Elinizle bast\u0131rarak geni\u015fletin. Hamurunuz yeteri kadar geni\u015flediyse \u00fczerine tereya\u011f\u0131ndan s\u00fcr\u00fcn kenarlar\u0131ndan tutarak orta k\u0131sm\u0131nda birle\u015ftirin. Tekrar s\u00fcr\u00fcp tekrar katlay\u0131n. Ard\u0131ndan hamurumuzun \u00fczerine bast\u0131rarak geni\u015fletin ve 1 parmak geni\u015fli\u011finde \u015feritler halinde kesin. T\u00fcm hamur bitene kadar a\u00e7malar\u0131n\u0131za \u015feklini verin.<\/p>\n<p class=\"p2\"><img loading=\"lazy\" decoding=\"async\" class=\"alignnone wp-image-251548 \" src=\"https:\/\/www.tgrthaber.com\/mavikadin\/wp-content\/uploads\/Ekran-Resmi-2025-10-20-13.51.45-1024x558.png\" alt=\"\" width=\"1598\" height=\"871\" title=\"\" srcset=\"https:\/\/www.tgrthaber.com\/mavikadin\/wp-content\/uploads\/Ekran-Resmi-2025-10-20-13.51.45-1024x558.png 1024w, https:\/\/www.tgrthaber.com\/mavikadin\/wp-content\/uploads\/Ekran-Resmi-2025-10-20-13.51.45-300x164.png 300w, https:\/\/www.tgrthaber.com\/mavikadin\/wp-content\/uploads\/Ekran-Resmi-2025-10-20-13.51.45-768x419.png 768w, https:\/\/www.tgrthaber.com\/mavikadin\/wp-content\/uploads\/Ekran-Resmi-2025-10-20-13.51.45-1536x837.png 1536w, https:\/\/www.tgrthaber.com\/mavikadin\/wp-content\/uploads\/Ekran-Resmi-2025-10-20-13.51.45-2048x1116.png 2048w\" sizes=\"(max-width: 1598px) 100vw, 1598px\" \/><\/p>\n<hr \/>\n<p class=\"p2\">Dikkat etmen gereken p\u00fcf noktalardan biri a\u00e7malar\u0131 tepsiye \u00e7ok biti\u015fik koymaman\u0131z ve hamuru haz\u0131rlarken \u0131l\u0131k s\u00fct kullanman\u0131zd\u0131r.<span class=\"Apple-converted-space\">\u00a0 <\/span>20 dakika kadar da tepsi de mayaland\u0131r\u0131n.<span class=\"Apple-converted-space\">\u00a0 <\/span>Mayas\u0131 geldikten sonra \u00fczerine yumurta sar\u0131s\u0131ndan s\u00fcr\u00fcp susam ve \u00e7\u00f6rek otu<span class=\"Apple-converted-space\">\u00a0 <\/span>serpi\u015ftirin. 200 derece f\u0131r\u0131nda 20 dakika kadar pi\u015firin. Afiyetler olsun.<\/p>\n<h3 class=\"p1\">ELEME POTASINDA K\u0130MLER VARDI?<\/h3>\n<p class=\"p1\">Onur<\/p>\n<p class=\"p1\">Cansu<\/p>\n<p class=\"p1\">Murat Can<\/p>\n<p class=\"p1\">Nisa<\/p>\n<p class=\"p1\">Sezer<\/p>\n<p class=\"p1\">Bar\u0131\u015f<\/p>\n<p class=\"p1\">Furkan<\/p>\n<p><img loading=\"lazy\" decoding=\"async\" class=\"alignnone wp-image-251540 \" src=\"https:\/\/www.tgrthaber.com\/mavikadin\/wp-content\/uploads\/Ekran-Resmi-2025-10-20-12.47.27-1024x597.png\" alt=\"\" width=\"1607\" height=\"937\" title=\"\" srcset=\"https:\/\/www.tgrthaber.com\/mavikadin\/wp-content\/uploads\/Ekran-Resmi-2025-10-20-12.47.27-1024x597.png 1024w, https:\/\/www.tgrthaber.com\/mavikadin\/wp-content\/uploads\/Ekran-Resmi-2025-10-20-12.47.27-300x175.png 300w, https:\/\/www.tgrthaber.com\/mavikadin\/wp-content\/uploads\/Ekran-Resmi-2025-10-20-12.47.27-768x448.png 768w, https:\/\/www.tgrthaber.com\/mavikadin\/wp-content\/uploads\/Ekran-Resmi-2025-10-20-12.47.27.png 1318w\" sizes=\"(max-width: 1607px) 100vw, 1607px\" \/><\/p>\n<hr \/>\n<h3 class=\"p1\">MASTERCHEF ELENEN YARI\u015eMACI 18 EK\u0130M<\/h3>\n<p class=\"p1\">MasterChef&#8217;te hayallerine veda isim\u00a0<b>Cansu<\/b>\u00a0oldu.<\/p>\n<p><img loading=\"lazy\" decoding=\"async\" class=\"alignnone wp-image-251541 \" src=\"https:\/\/www.tgrthaber.com\/mavikadin\/wp-content\/uploads\/Ekran-Resmi-2025-10-20-12.53.55-1-1024x659.png\" alt=\"\" width=\"1594\" height=\"1026\" title=\"\" srcset=\"https:\/\/www.tgrthaber.com\/mavikadin\/wp-content\/uploads\/Ekran-Resmi-2025-10-20-12.53.55-1-1024x659.png 1024w, https:\/\/www.tgrthaber.com\/mavikadin\/wp-content\/uploads\/Ekran-Resmi-2025-10-20-12.53.55-1-300x193.png 300w, https:\/\/www.tgrthaber.com\/mavikadin\/wp-content\/uploads\/Ekran-Resmi-2025-10-20-12.53.55-1-768x494.png 768w, https:\/\/www.tgrthaber.com\/mavikadin\/wp-content\/uploads\/Ekran-Resmi-2025-10-20-12.53.55-1.png 1060w\" sizes=\"(max-width: 1594px) 100vw, 1594px\" \/><\/p>\n<hr \/>\n<h3 class=\"p1\">MASTERCHEF 2025 ANA KADRO L\u0130STES\u0130<\/h3>\n<p class=\"p1\">MasterChef T\u00fcrkiye 2025 ana kadro g\u00fcncel listesi:<\/p>\n<p class=\"p1\">MasterChef T\u00fcrkiye Ana Kadroya Giren 1. Yar\u0131\u015fmac\u0131: Furkan<\/p>\n<p class=\"p1\">MasterChef T\u00fcrkiye Ana Kadroya Giren 2. Yar\u0131\u015fmac\u0131: Eyl\u00fcl<\/p>\n<p class=\"p1\">MasterChef T\u00fcrkiye Ana Kadroya Giren 3. Yar\u0131\u015fmac\u0131: \u00c7a\u011fatay<\/p>\n<p class=\"p1\">MasterChef T\u00fcrkiye Ana Kadroya Giren 4. Yar\u0131\u015fmac\u0131: Onur<\/p>\n<p class=\"p1\">MasterChef T\u00fcrkiye Ana kadroya giren 5. Yar\u0131\u015fmac\u0131: Nisa Nur ( yedeklerden dahil oldu)<\/p>\n<p><img loading=\"lazy\" decoding=\"async\" class=\"alignnone wp-image-251542 \" src=\"https:\/\/www.tgrthaber.com\/mavikadin\/wp-content\/uploads\/Ekran-Resmi-2025-10-20-12.49.01-1024x598.png\" alt=\"\" width=\"1598\" height=\"933\" title=\"\" srcset=\"https:\/\/www.tgrthaber.com\/mavikadin\/wp-content\/uploads\/Ekran-Resmi-2025-10-20-12.49.01-1024x598.png 1024w, https:\/\/www.tgrthaber.com\/mavikadin\/wp-content\/uploads\/Ekran-Resmi-2025-10-20-12.49.01-300x175.png 300w, https:\/\/www.tgrthaber.com\/mavikadin\/wp-content\/uploads\/Ekran-Resmi-2025-10-20-12.49.01-768x448.png 768w, https:\/\/www.tgrthaber.com\/mavikadin\/wp-content\/uploads\/Ekran-Resmi-2025-10-20-12.49.01.png 1192w\" sizes=\"(max-width: 1598px) 100vw, 1598px\" \/><\/p>\n<hr \/>\n<p class=\"p1\">MasterChef T\u00fcrkiye Ana kadroya giren 6. Yar\u0131\u015fmac\u0131: Sercan(elendi)<\/p>\n<p class=\"p1\">MasterChef T\u00fcrkiye Ana kadroya giren 7. Yar\u0131\u015fmac\u0131: Ayla<\/p>\n<p class=\"p1\">MasterChef T\u00fcrkiye Ana kadroya giren 8. Yar\u0131\u015fmac\u0131: \u0130hsan(elendi)<\/p>\n<p class=\"p1\">MasterChef T\u00fcrkiye Ana kadroya giren 9. Yar\u0131\u015fmac\u0131: Ayten<\/p>\n<p class=\"p1\">MasterChef T\u00fcrkiye Ana kadroya giren 10. Yar\u0131\u015fmac\u0131: \u00c7a\u011flar<\/p>\n<p class=\"p1\">MasterChef T\u00fcrkiye Ana kadroya giren 11. Yar\u0131\u015fmac\u0131: Sezer<\/p>\n<p class=\"p1\">MasterChef T\u00fcrkiye Ana kadroya giren 12. Yar\u0131\u015fmac\u0131: Cansu(elendi)<\/p>\n<p><img loading=\"lazy\" decoding=\"async\" class=\"alignnone wp-image-251543 \" src=\"https:\/\/www.tgrthaber.com\/mavikadin\/wp-content\/uploads\/Ekran-Resmi-2025-10-20-12.48.04-1-1024x501.png\" alt=\"\" width=\"1625\" height=\"795\" title=\"\" srcset=\"https:\/\/www.tgrthaber.com\/mavikadin\/wp-content\/uploads\/Ekran-Resmi-2025-10-20-12.48.04-1-1024x501.png 1024w, https:\/\/www.tgrthaber.com\/mavikadin\/wp-content\/uploads\/Ekran-Resmi-2025-10-20-12.48.04-1-300x147.png 300w, https:\/\/www.tgrthaber.com\/mavikadin\/wp-content\/uploads\/Ekran-Resmi-2025-10-20-12.48.04-1-768x376.png 768w, https:\/\/www.tgrthaber.com\/mavikadin\/wp-content\/uploads\/Ekran-Resmi-2025-10-20-12.48.04-1.png 1492w\" sizes=\"(max-width: 1625px) 100vw, 1625px\" \/><\/p>\n<hr \/>\n<p class=\"p1\">MasterChef T\u00fcrkiye Ana kadroya giren 13. Yar\u0131\u015fmac\u0131: \u00d6zkan<\/p>\n<p class=\"p1\">MasterChef T\u00fcrkiye Ana kadroya giren 14. yar\u0131\u015fmac\u0131: Gizem<\/p>\n<p class=\"p1\">MasterChef T\u00fcrkiye Ana kadroya giren 15. yar\u0131\u015fmac\u0131: \u0130rem (elendi)<\/p>\n<p class=\"p1\">MasterChef T\u00fcrkiye Ana kadroya giren 16. yar\u0131\u015fmac\u0131: Hakan<\/p>\n<p class=\"p1\">MasterChef T\u00fcrkiye Ana kadroya giren 17. yar\u0131\u015fmac\u0131: Mert ( yedeklerden dahil oldu)<\/p>\n<p class=\"p1\">MasterChef T\u00fcrkiye Ana kadroya giren 18. yar\u0131\u015fmac\u0131: S\u00fcmeyye<\/p>\n<p class=\"p1\">MasterChef T\u00fcrkiye Ana kadroya giren 19. yar\u0131\u015fmac\u0131: Bar\u0131\u015f Kaya ( yedeklerden dahil oldu)<\/p>\n<p class=\"p1\">\n","protected":false},"excerpt":{"rendered":"<p>Ekranlar\u0131n sevilen program\u0131 MasterChef&#8217;te yap\u0131ld\u0131ktan sonra herkesin tarifini unutmamak i\u00e7in defterine yazd\u0131\u011f\u0131 balon gibi \u015fi\u015fen a\u00e7man\u0131n nas\u0131l yap\u0131ld\u0131\u011f\u0131n\u0131 sizler i\u00e7in ara\u015ft\u0131rd\u0131k. Puf puf kabaran lezzeti ile bir kez yiyenin s\u00fcrekli yapmak isteyece\u011fi tarifin detaylar\u0131n\u0131 \u00f6\u011frenmek i\u00e7in i\u00e7eri\u011fimize g\u00f6z atabilirsiniz. Peki MasterChef balon gibi \u015fi\u015fen a\u00e7ma nas\u0131l yap\u0131l\u0131r? \u0130\u015fte detaylar&#8230; <\/p>\n","protected":false},"author":16,"featured_media":251549,"comment_status":"closed","ping_status":"closed","sticky":false,"template":"","format":"standard","meta":{"rank_math_lock_modified_date":false,"footnotes":""},"categories":[191],"tags":[64768,64767,2842,3411],"class_list":["post-251539","post","type-post","status-publish","format-standard","has-post-thumbnail","hentry","category-yemek-tarifleri","tag-masterchef-acma-tarifi","tag-masterchef-balon-gibi-sisen-acma-tarifi","tag-masterchef-yemek-tarifleri","tag-yemek-tarifleri"],"_links":{"self":[{"href":"https:\/\/www.tgrthaber.com\/mavikadin\/wp-json\/wp\/v2\/posts\/251539"}],"collection":[{"href":"https:\/\/www.tgrthaber.com\/mavikadin\/wp-json\/wp\/v2\/posts"}],"about":[{"href":"https:\/\/www.tgrthaber.com\/mavikadin\/wp-json\/wp\/v2\/types\/post"}],"author":[{"embeddable":true,"href":"https:\/\/www.tgrthaber.com\/mavikadin\/wp-json\/wp\/v2\/users\/16"}],"replies":[{"embeddable":true,"href":"https:\/\/www.tgrthaber.com\/mavikadin\/wp-json\/wp\/v2\/comments?post=251539"}],"version-history":[{"count":3,"href":"https:\/\/www.tgrthaber.com\/mavikadin\/wp-json\/wp\/v2\/posts\/251539\/revisions"}],"predecessor-version":[{"id":251804,"href":"https:\/\/www.tgrthaber.com\/mavikadin\/wp-json\/wp\/v2\/posts\/251539\/revisions\/251804"}],"wp:featuredmedia":[{"embeddable":true,"href":"https:\/\/www.tgrthaber.com\/mavikadin\/wp-json\/wp\/v2\/media\/251549"}],"wp:attachment":[{"href":"https:\/\/www.tgrthaber.com\/mavikadin\/wp-json\/wp\/v2\/media?parent=251539"}],"wp:term":[{"taxonomy":"category","embeddable":true,"href":"https:\/\/www.tgrthaber.com\/mavikadin\/wp-json\/wp\/v2\/categories?post=251539"},{"taxonomy":"post_tag","embeddable":true,"href":"https:\/\/www.tgrthaber.com\/mavikadin\/wp-json\/wp\/v2\/tags?post=251539"}],"curies":[{"name":"wp","href":"https:\/\/api.w.org\/{rel}","templated":true}]}}