{"id":251553,"date":"2025-10-20T14:32:18","date_gmt":"2025-10-20T11:32:18","guid":{"rendered":"https:\/\/www.tgrthaber.com\/mavikadin\/?p=251553"},"modified":"2025-10-20T14:32:18","modified_gmt":"2025-10-20T11:32:18","slug":"masterchefte-90li-yillarin-tarifi-lezzeti-sahane-yiyenlerin-asla-unutamadigi-pasta","status":"publish","type":"post","link":"https:\/\/www.tgrthaber.com\/mavikadin\/masterchefte-90li-yillarin-tarifi-lezzeti-sahane-yiyenlerin-asla-unutamadigi-pasta\/","title":{"rendered":"MasterChef&#8217;te 90&#8217;l\u0131 y\u0131llar\u0131n tarifi! Lezzeti \u015fahane yiyenlerin asla unutamad\u0131\u011f\u0131 pasta"},"content":{"rendered":"<p>Ekranlar\u0131n sevilen program\u0131 <a href=\"https:\/\/www.tgrthaber.com\/mavikadin\/masterchef-2025-konugu-sampiyon-metin-yavuz-kimdir-masterhef-metin-kac-yasinda-evli-mi\/\">MasterChef&#8217;<\/a>te bu ak\u015fam 90&#8217;lar konsepti var. 90&#8217;l\u0131 y\u0131llarda me\u015fhur olarak yap\u0131lan pasta, b\u00f6rek, \u00e7\u00f6reklerin yer ald\u0131\u011f\u0131 program izleyenlerin yine a\u011fz\u0131n\u0131 suland\u0131rd\u0131. O y\u0131llara damga vuran g\u00fcn\u00fcm\u00fczde de hala yap\u0131m\u0131na devam edilen bir pasta ise p\u00fcf noktalar\u0131 ile merak edildi. \u0130\u015fte lezzeti \u015fahane yiyenlerin unutamad\u0131\u011f\u0131 o pastan\u0131n yap\u0131l\u0131\u015f\u0131&#8230;<\/p>\n<h3>MASTERCHEF&#8217;TE 90&#8217;LI YILLARIN TAR\u0130F\u0130:<\/h3>\n<p><strong>Muzlu rulo pasta malzemeler:\u00a0<\/strong><\/p>\n<ul class=\"ul1\">\n<li class=\"li1\">\u00a03 adet yumurta<\/li>\n<li class=\"li1\">\u00a01 su barda\u011f\u0131ndan 1 parmak eksik toz \u015feker (120 g)<\/li>\n<li class=\"li1\">\u00a01 paket kabartma tozu<\/li>\n<li class=\"li1\">\u00a01 su barda\u011f\u0131 un (110 g)<\/li>\n<li class=\"li1\">\u00a01 paket vanilya<\/li>\n<\/ul>\n<p><img loading=\"lazy\" decoding=\"async\" class=\"alignnone wp-image-251564 \" src=\"https:\/\/www.tgrthaber.com\/mavikadin\/wp-content\/uploads\/Ekran-Resmi-2025-10-20-14.16.03-1024x572.png\" alt=\"\" width=\"1600\" height=\"894\" title=\"\" srcset=\"https:\/\/www.tgrthaber.com\/mavikadin\/wp-content\/uploads\/Ekran-Resmi-2025-10-20-14.16.03-1024x572.png 1024w, https:\/\/www.tgrthaber.com\/mavikadin\/wp-content\/uploads\/Ekran-Resmi-2025-10-20-14.16.03-300x168.png 300w, https:\/\/www.tgrthaber.com\/mavikadin\/wp-content\/uploads\/Ekran-Resmi-2025-10-20-14.16.03-768x429.png 768w, https:\/\/www.tgrthaber.com\/mavikadin\/wp-content\/uploads\/Ekran-Resmi-2025-10-20-14.16.03.png 1292w\" sizes=\"(max-width: 1600px) 100vw, 1600px\" \/><\/p>\n<hr \/>\n<p class=\"p1\">Krema i\u00e7in:<\/p>\n<ul class=\"ul1\">\n<li class=\"li1\">500 ml s\u00fct<\/li>\n<li class=\"li1\">\u00a01 paket vanilya<\/li>\n<li class=\"li1\">\u00a02,5 yemek ka\u015f\u0131\u011f\u0131 un (50 g)<\/li>\n<li class=\"li1\">\u00a01 yemek ka\u015f\u0131\u011f\u0131 ni\u015fasta (15 g)<\/li>\n<li class=\"li1\">\u00a04 yemek ka\u015f\u0131\u011f\u0131 \u015feker (65 g)<\/li>\n<li class=\"li1\">\u00a01 yemek ka\u015f\u0131\u011f\u0131 tereya\u011f\u0131<\/li>\n<\/ul>\n<p><img loading=\"lazy\" decoding=\"async\" class=\"alignnone wp-image-251565 \" src=\"https:\/\/www.tgrthaber.com\/mavikadin\/wp-content\/uploads\/Ekran-Resmi-2025-10-20-14.16.16-1024x561.png\" alt=\"\" width=\"1652\" height=\"905\" title=\"\" srcset=\"https:\/\/www.tgrthaber.com\/mavikadin\/wp-content\/uploads\/Ekran-Resmi-2025-10-20-14.16.16-1024x561.png 1024w, https:\/\/www.tgrthaber.com\/mavikadin\/wp-content\/uploads\/Ekran-Resmi-2025-10-20-14.16.16-300x164.png 300w, https:\/\/www.tgrthaber.com\/mavikadin\/wp-content\/uploads\/Ekran-Resmi-2025-10-20-14.16.16-768x421.png 768w, https:\/\/www.tgrthaber.com\/mavikadin\/wp-content\/uploads\/Ekran-Resmi-2025-10-20-14.16.16-1536x841.png 1536w, https:\/\/www.tgrthaber.com\/mavikadin\/wp-content\/uploads\/Ekran-Resmi-2025-10-20-14.16.16.png 1764w\" sizes=\"(max-width: 1652px) 100vw, 1652px\" \/><\/p>\n<hr \/>\n<p class=\"p1\">Aras\u0131 i\u00e7in;<\/p>\n<ul class=\"ul1\">\n<li class=\"li1\">Muz<\/li>\n<\/ul>\n<p class=\"p1\">\u00dczeri i\u00e7in;<\/p>\n<ul class=\"ul1\">\n<li class=\"li1\">1 po\u015fet krem \u015fanti<\/li>\n<li class=\"li1\">150 ml so\u011fuk s\u00fct<\/li>\n<\/ul>\n<p><img loading=\"lazy\" decoding=\"async\" class=\"alignnone wp-image-251566 \" src=\"https:\/\/www.tgrthaber.com\/mavikadin\/wp-content\/uploads\/Ekran-Resmi-2025-10-20-14.16.11-1024x678.png\" alt=\"\" width=\"1630\" height=\"1079\" title=\"\" srcset=\"https:\/\/www.tgrthaber.com\/mavikadin\/wp-content\/uploads\/Ekran-Resmi-2025-10-20-14.16.11-1024x678.png 1024w, https:\/\/www.tgrthaber.com\/mavikadin\/wp-content\/uploads\/Ekran-Resmi-2025-10-20-14.16.11-300x199.png 300w, https:\/\/www.tgrthaber.com\/mavikadin\/wp-content\/uploads\/Ekran-Resmi-2025-10-20-14.16.11-768x508.png 768w, https:\/\/www.tgrthaber.com\/mavikadin\/wp-content\/uploads\/Ekran-Resmi-2025-10-20-14.16.11-1536x1017.png 1536w, https:\/\/www.tgrthaber.com\/mavikadin\/wp-content\/uploads\/Ekran-Resmi-2025-10-20-14.16.11.png 1982w\" sizes=\"(max-width: 1630px) 100vw, 1630px\" \/><\/p>\n<hr \/>\n<h3>HAZIRLANI\u015eI:<\/h3>\n<p class=\"p1\">\u0130lk olarak pastan\u0131z\u0131n kremas\u0131n\u0131 haz\u0131rlamakla i\u015fe ba\u015flay\u0131n. Krema i\u00e7in tencerenize vanilya ve tereya\u011f\u0131 hari\u00e7 t\u00fcm malzemeleri koyun ve kar\u0131\u015ft\u0131r\u0131n. Kaynad\u0131ktan sonra oca\u011f\u0131n\u0131z\u0131n alt\u0131n\u0131 kapat\u0131n. B-Vanilya ve tereya\u011f\u0131n\u0131 da ekledikten sonra kenara al\u0131n. Pandispanyan\u0131z\u0131 haz\u0131rlayana kadar kreman\u0131z kenarda so\u011fusun. \u00dczerini stres bir filmle kapat\u0131rsan\u0131z kurumas\u0131n\u0131 \u00f6nlemi\u015f olursunuz.<\/p>\n<p><img loading=\"lazy\" decoding=\"async\" class=\"alignnone wp-image-251567 \" src=\"https:\/\/www.tgrthaber.com\/mavikadin\/wp-content\/uploads\/Ekran-Resmi-2025-10-20-14.16.21-1024x689.png\" alt=\"\" width=\"1590\" height=\"1070\" title=\"\" srcset=\"https:\/\/www.tgrthaber.com\/mavikadin\/wp-content\/uploads\/Ekran-Resmi-2025-10-20-14.16.21-1024x689.png 1024w, https:\/\/www.tgrthaber.com\/mavikadin\/wp-content\/uploads\/Ekran-Resmi-2025-10-20-14.16.21-300x202.png 300w, https:\/\/www.tgrthaber.com\/mavikadin\/wp-content\/uploads\/Ekran-Resmi-2025-10-20-14.16.21-768x517.png 768w, https:\/\/www.tgrthaber.com\/mavikadin\/wp-content\/uploads\/Ekran-Resmi-2025-10-20-14.16.21-1536x1034.png 1536w, https:\/\/www.tgrthaber.com\/mavikadin\/wp-content\/uploads\/Ekran-Resmi-2025-10-20-14.16.21-2048x1378.png 2048w\" sizes=\"(max-width: 1590px) 100vw, 1590px\" \/><\/p>\n<hr \/>\n<p class=\"p1\">Yumurtalar\u0131 ve \u015fekeri derince bir kapta kar\u0131\u015f\u0131m beyazlayana kadar iyice mikser yard\u0131m\u0131 ile \u00e7\u0131rp\u0131n. Ard\u0131ndan unu, vanilya ve kabartma tozunu ekleyerek tekrar \u00e7\u0131rpmaya devam edin. Tepsiye ya\u011fl\u0131 ka\u011f\u0131t sererek hamuru her yeri e\u015fit ince bir katman olacak \u015fekilde yay\u0131n. Hamurun f\u0131r\u0131n tepsisine e\u015fit bir \u015fekilde yay\u0131lmas\u0131ndan emin olun. \u00d6nceden \u0131s\u0131t\u0131\u015fm\u0131\u015f f\u0131r\u0131nda 12 dakika kadar pi\u015firin. \u00dczeri hafif\u00e7e k\u0131zaran kekinizi tezgah\u0131n \u00fczerine \u00e7\u0131kar\u0131n ve ya\u011fl\u0131 ka\u011f\u0131t serili pi\u015firme ya\u011f\u0131d\u0131 \u00fczerine ters \u00e7evirin. Alt\u0131ndaki pi\u015firme ka\u011f\u0131d\u0131n\u0131 soyun.<\/p>\n<p><img loading=\"lazy\" decoding=\"async\" class=\"alignnone wp-image-251576 \" src=\"https:\/\/www.tgrthaber.com\/mavikadin\/wp-content\/uploads\/Ekran-Resmi-2025-10-20-14.29.32-1024x551.png\" alt=\"\" width=\"1587\" height=\"854\" title=\"\" srcset=\"https:\/\/www.tgrthaber.com\/mavikadin\/wp-content\/uploads\/Ekran-Resmi-2025-10-20-14.29.32-1024x551.png 1024w, https:\/\/www.tgrthaber.com\/mavikadin\/wp-content\/uploads\/Ekran-Resmi-2025-10-20-14.29.32-300x162.png 300w, https:\/\/www.tgrthaber.com\/mavikadin\/wp-content\/uploads\/Ekran-Resmi-2025-10-20-14.29.32-768x413.png 768w, https:\/\/www.tgrthaber.com\/mavikadin\/wp-content\/uploads\/Ekran-Resmi-2025-10-20-14.29.32.png 1408w\" sizes=\"(max-width: 1587px) 100vw, 1587px\" \/><\/p>\n<hr \/>\n<p class=\"p1\">Kenarlar\u0131 \u00e7ok d\u00fczg\u00fcn de\u011filse b\u0131\u00e7ak ile keserek d\u00fczeltin. Haz\u0131rlad\u0131\u011f\u0131n\u0131z kremay\u0131 tamamen \u00fczerine s\u00fcr\u00fcn. aha sonra ortadan ikiye kesti\u011finiz\u00a0 muzu veya sevdi\u011finiz di\u011fer meyvelerden kreman\u0131n \u00fczerine yerle\u015ftirdikten sonra pi\u015firme ka\u011f\u0131d\u0131 ile rulo \u015feklinde sarabilirsiniz. Bu pastay\u0131 bu \u015fekilde t\u00fcketenler var. Krem santimi t\u00fcketmek isterseniz ise<span class=\"Apple-converted-space\">\u00a0 <\/span>krem santimi haz\u0131rlad\u0131ktan sonra pastan\u0131n \u00fczerini kek g\u00f6r\u00fcnmeyecek \u015fekilde krem \u015fantiyle kapat\u0131n. F\u0131nd\u0131k, hindistan cevizi ya da pasta \u015fekerleri ile istedi\u011finiz \u015fekilde s\u00fcsleyebilirsiniz. \u015eimdiden afiyetler olsun.<\/p>\n<p><img loading=\"lazy\" decoding=\"async\" class=\"alignnone wp-image-251570 \" src=\"https:\/\/www.tgrthaber.com\/mavikadin\/wp-content\/uploads\/Ekran-Resmi-2025-10-20-14.29.26-1024x662.png\" alt=\"\" width=\"1589\" height=\"1027\" title=\"\" srcset=\"https:\/\/www.tgrthaber.com\/mavikadin\/wp-content\/uploads\/Ekran-Resmi-2025-10-20-14.29.26-1024x662.png 1024w, https:\/\/www.tgrthaber.com\/mavikadin\/wp-content\/uploads\/Ekran-Resmi-2025-10-20-14.29.26-300x194.png 300w, https:\/\/www.tgrthaber.com\/mavikadin\/wp-content\/uploads\/Ekran-Resmi-2025-10-20-14.29.26-768x497.png 768w, https:\/\/www.tgrthaber.com\/mavikadin\/wp-content\/uploads\/Ekran-Resmi-2025-10-20-14.29.26-1536x993.png 1536w, https:\/\/www.tgrthaber.com\/mavikadin\/wp-content\/uploads\/Ekran-Resmi-2025-10-20-14.29.26.png 1834w\" sizes=\"(max-width: 1589px) 100vw, 1589px\" \/><\/p>\n<hr \/>\n<h3 class=\"p2\">ELEME POTASINDA K\u0130MLER VARDI?<\/h3>\n<p class=\"p2\">Onur<\/p>\n<p class=\"p2\">Cansu<\/p>\n<p class=\"p2\">Murat Can<\/p>\n<p class=\"p2\">Nisa<\/p>\n<p class=\"p2\">Sezer<\/p>\n<p class=\"p2\">Bar\u0131\u015f<\/p>\n<p class=\"p2\">Furkan<\/p>\n<p><img loading=\"lazy\" decoding=\"async\" class=\"alignnone wp-image-251540 \" src=\"https:\/\/www.tgrthaber.com\/mavikadin\/wp-content\/uploads\/Ekran-Resmi-2025-10-20-12.47.27-1024x597.png\" alt=\"\" width=\"1604\" height=\"935\" title=\"\" srcset=\"https:\/\/www.tgrthaber.com\/mavikadin\/wp-content\/uploads\/Ekran-Resmi-2025-10-20-12.47.27-1024x597.png 1024w, https:\/\/www.tgrthaber.com\/mavikadin\/wp-content\/uploads\/Ekran-Resmi-2025-10-20-12.47.27-300x175.png 300w, https:\/\/www.tgrthaber.com\/mavikadin\/wp-content\/uploads\/Ekran-Resmi-2025-10-20-12.47.27-768x448.png 768w, https:\/\/www.tgrthaber.com\/mavikadin\/wp-content\/uploads\/Ekran-Resmi-2025-10-20-12.47.27.png 1318w\" sizes=\"(max-width: 1604px) 100vw, 1604px\" \/><\/p>\n<hr \/>\n<h3 class=\"p2\">MASTERCHEF ELENEN YARI\u015eMACI 18 EK\u0130M<\/h3>\n<p class=\"p2\">MasterChef&#8217;te hayallerine veda isim\u00a0<b>Cansu<\/b>\u00a0oldu.<\/p>\n<p><img loading=\"lazy\" decoding=\"async\" class=\"alignnone wp-image-251554 \" src=\"https:\/\/www.tgrthaber.com\/mavikadin\/wp-content\/uploads\/Ekran-Resmi-2025-10-20-12.53.55-2-1024x659.png\" alt=\"\" width=\"1633\" height=\"1051\" title=\"\" srcset=\"https:\/\/www.tgrthaber.com\/mavikadin\/wp-content\/uploads\/Ekran-Resmi-2025-10-20-12.53.55-2-1024x659.png 1024w, https:\/\/www.tgrthaber.com\/mavikadin\/wp-content\/uploads\/Ekran-Resmi-2025-10-20-12.53.55-2-300x193.png 300w, https:\/\/www.tgrthaber.com\/mavikadin\/wp-content\/uploads\/Ekran-Resmi-2025-10-20-12.53.55-2-768x494.png 768w, https:\/\/www.tgrthaber.com\/mavikadin\/wp-content\/uploads\/Ekran-Resmi-2025-10-20-12.53.55-2.png 1060w\" sizes=\"(max-width: 1633px) 100vw, 1633px\" \/><\/p>\n<hr \/>\n<h3 class=\"p2\">MASTERCHEF 2025 ANA KADRO L\u0130STES\u0130<\/h3>\n<p class=\"p2\">MasterChef T\u00fcrkiye 2025 ana kadro g\u00fcncel listesi:<\/p>\n<p class=\"p2\">MasterChef T\u00fcrkiye Ana Kadroya Giren 1. Yar\u0131\u015fmac\u0131: Furkan<\/p>\n<p class=\"p2\">MasterChef T\u00fcrkiye Ana Kadroya Giren 2. Yar\u0131\u015fmac\u0131: Eyl\u00fcl<\/p>\n<p class=\"p2\">MasterChef T\u00fcrkiye Ana Kadroya Giren 3. Yar\u0131\u015fmac\u0131: \u00c7a\u011fatay<\/p>\n<p class=\"p2\">MasterChef T\u00fcrkiye Ana Kadroya Giren 4. Yar\u0131\u015fmac\u0131: Onur<\/p>\n<p class=\"p2\">MasterChef T\u00fcrkiye Ana kadroya giren 5. Yar\u0131\u015fmac\u0131: Nisa Nur ( yedeklerden dahil oldu)<\/p>\n<p class=\"p2\">MasterChef T\u00fcrkiye Ana kadroya giren 6. Yar\u0131\u015fmac\u0131: Sercan(elendi)<\/p>\n<p class=\"p2\">MasterChef T\u00fcrkiye Ana kadroya giren 7. Yar\u0131\u015fmac\u0131: Ayla<\/p>\n<p class=\"p2\">MasterChef T\u00fcrkiye Ana kadroya giren 8. Yar\u0131\u015fmac\u0131: \u0130hsan(elendi)<\/p>\n<p><img loading=\"lazy\" decoding=\"async\" class=\"alignnone wp-image-251555 \" src=\"https:\/\/www.tgrthaber.com\/mavikadin\/wp-content\/uploads\/Ekran-Resmi-2025-10-20-12.48.04-2-1024x501.png\" alt=\"\" width=\"1623\" height=\"794\" title=\"\" srcset=\"https:\/\/www.tgrthaber.com\/mavikadin\/wp-content\/uploads\/Ekran-Resmi-2025-10-20-12.48.04-2-1024x501.png 1024w, https:\/\/www.tgrthaber.com\/mavikadin\/wp-content\/uploads\/Ekran-Resmi-2025-10-20-12.48.04-2-300x147.png 300w, https:\/\/www.tgrthaber.com\/mavikadin\/wp-content\/uploads\/Ekran-Resmi-2025-10-20-12.48.04-2-768x376.png 768w, https:\/\/www.tgrthaber.com\/mavikadin\/wp-content\/uploads\/Ekran-Resmi-2025-10-20-12.48.04-2.png 1492w\" sizes=\"(max-width: 1623px) 100vw, 1623px\" \/><\/p>\n<hr \/>\n<p class=\"p2\">MasterChef T\u00fcrkiye Ana kadroya giren 9. Yar\u0131\u015fmac\u0131: Ayten<\/p>\n<p class=\"p2\">MasterChef T\u00fcrkiye Ana kadroya giren 10. Yar\u0131\u015fmac\u0131: \u00c7a\u011flar<\/p>\n<p class=\"p2\">MasterChef T\u00fcrkiye Ana kadroya giren 11. Yar\u0131\u015fmac\u0131: Sezer<\/p>\n<p class=\"p2\">MasterChef T\u00fcrkiye Ana kadroya giren 12. Yar\u0131\u015fmac\u0131: Cansu(elendi)<\/p>\n<p class=\"p2\">MasterChef T\u00fcrkiye Ana kadroya giren 13. Yar\u0131\u015fmac\u0131: \u00d6zkan<\/p>\n<p class=\"p2\">MasterChef T\u00fcrkiye Ana kadroya giren 14. yar\u0131\u015fmac\u0131: Gizem<\/p>\n<p class=\"p2\">MasterChef T\u00fcrkiye Ana kadroya giren 15. yar\u0131\u015fmac\u0131: \u0130rem (elendi)<\/p>\n<p><img loading=\"lazy\" decoding=\"async\" class=\"alignnone wp-image-251556 \" src=\"https:\/\/www.tgrthaber.com\/mavikadin\/wp-content\/uploads\/Ekran-Resmi-2025-10-20-12.48.22-1024x603.png\" alt=\"\" width=\"1612\" height=\"949\" title=\"\" srcset=\"https:\/\/www.tgrthaber.com\/mavikadin\/wp-content\/uploads\/Ekran-Resmi-2025-10-20-12.48.22-1024x603.png 1024w, https:\/\/www.tgrthaber.com\/mavikadin\/wp-content\/uploads\/Ekran-Resmi-2025-10-20-12.48.22-300x177.png 300w, https:\/\/www.tgrthaber.com\/mavikadin\/wp-content\/uploads\/Ekran-Resmi-2025-10-20-12.48.22-768x452.png 768w, https:\/\/www.tgrthaber.com\/mavikadin\/wp-content\/uploads\/Ekran-Resmi-2025-10-20-12.48.22.png 1318w\" sizes=\"(max-width: 1612px) 100vw, 1612px\" \/><\/p>\n<hr \/>\n<p class=\"p2\">MasterChef T\u00fcrkiye Ana kadroya giren 16. yar\u0131\u015fmac\u0131: Hakan<\/p>\n<p class=\"p2\">MasterChef T\u00fcrkiye Ana kadroya giren 17. yar\u0131\u015fmac\u0131: Mert ( yedeklerden dahil oldu)<\/p>\n<p class=\"p2\">MasterChef T\u00fcrkiye Ana kadroya giren 18. yar\u0131\u015fmac\u0131: S\u00fcmeyye<\/p>\n<p class=\"p2\">MasterChef T\u00fcrkiye Ana kadroya giren 19. yar\u0131\u015fmac\u0131: Bar\u0131\u015f Kaya ( yedeklerden dahil oldu)<\/p>\n<p class=\"p2\">\n<p class=\"p2\">\n","protected":false},"excerpt":{"rendered":"<p>Ekranlar\u0131n fenomen yemek yar\u0131\u015fmas\u0131 MasterChef&#8217;in bu ak\u015famki konseptinde 90&#8217;l\u0131 y\u0131llarda yer alan pasta ve \u00e7\u00f6rekler var. 90&#8217;l\u0131 y\u0131llardan g\u00fcn\u00fcm\u00fcze gelen ve yiyenlerin tad\u0131n\u0131 kolay kolay unutamad\u0131\u011f\u0131 bu pastan\u0131n nas\u0131l yap\u0131ld\u0131\u011f\u0131na gelin hep birlikte bakal\u0131m. <\/p>\n","protected":false},"author":16,"featured_media":251558,"comment_status":"closed","ping_status":"closed","sticky":false,"template":"","format":"standard","meta":{"rank_math_lock_modified_date":false,"footnotes":""},"categories":[191],"tags":[64770,64771,64772,29661,3411],"class_list":["post-251553","post","type-post","status-publish","format-standard","has-post-thumbnail","hentry","category-yemek-tarifleri","tag-masterchef-90li-yillar-pasta","tag-masterchef-muzlu-rulo-pasta","tag-masterchef-muzlu-rulo-pasta-nasil-yapilir","tag-masterchef-tatli-tarifleri","tag-yemek-tarifleri"],"_links":{"self":[{"href":"https:\/\/www.tgrthaber.com\/mavikadin\/wp-json\/wp\/v2\/posts\/251553"}],"collection":[{"href":"https:\/\/www.tgrthaber.com\/mavikadin\/wp-json\/wp\/v2\/posts"}],"about":[{"href":"https:\/\/www.tgrthaber.com\/mavikadin\/wp-json\/wp\/v2\/types\/post"}],"author":[{"embeddable":true,"href":"https:\/\/www.tgrthaber.com\/mavikadin\/wp-json\/wp\/v2\/users\/16"}],"replies":[{"embeddable":true,"href":"https:\/\/www.tgrthaber.com\/mavikadin\/wp-json\/wp\/v2\/comments?post=251553"}],"version-history":[{"count":2,"href":"https:\/\/www.tgrthaber.com\/mavikadin\/wp-json\/wp\/v2\/posts\/251553\/revisions"}],"predecessor-version":[{"id":251580,"href":"https:\/\/www.tgrthaber.com\/mavikadin\/wp-json\/wp\/v2\/posts\/251553\/revisions\/251580"}],"wp:featuredmedia":[{"embeddable":true,"href":"https:\/\/www.tgrthaber.com\/mavikadin\/wp-json\/wp\/v2\/media\/251558"}],"wp:attachment":[{"href":"https:\/\/www.tgrthaber.com\/mavikadin\/wp-json\/wp\/v2\/media?parent=251553"}],"wp:term":[{"taxonomy":"category","embeddable":true,"href":"https:\/\/www.tgrthaber.com\/mavikadin\/wp-json\/wp\/v2\/categories?post=251553"},{"taxonomy":"post_tag","embeddable":true,"href":"https:\/\/www.tgrthaber.com\/mavikadin\/wp-json\/wp\/v2\/tags?post=251553"}],"curies":[{"name":"wp","href":"https:\/\/api.w.org\/{rel}","templated":true}]}}