{"id":251563,"date":"2025-10-20T14:31:16","date_gmt":"2025-10-20T11:31:16","guid":{"rendered":"https:\/\/www.tgrthaber.com\/mavikadin\/?p=251563"},"modified":"2025-10-20T14:31:16","modified_gmt":"2025-10-20T11:31:16","slug":"ramazan-ayi-2026-hangi-gun-baslayacak-ramazan-ayi-2026-kac-gun-surecek","status":"publish","type":"post","link":"https:\/\/www.tgrthaber.com\/mavikadin\/ramazan-ayi-2026-hangi-gun-baslayacak-ramazan-ayi-2026-kac-gun-surecek\/","title":{"rendered":"Ramazan ay\u0131 2026 hangi g\u00fcn ba\u015flayacak? Ramazan ay\u0131 2026 ka\u00e7 g\u00fcn s\u00fcrecek?"},"content":{"rendered":"<p>Ramazan ay\u0131, \u0130slam dininde m\u00fcbarek kabul edilen ve manevi ar\u0131nman\u0131n, payla\u015fman\u0131n \u00f6n planda olmas\u0131yla \u00f6n plana \u00e7\u0131kmaktad\u0131r. \u0130slam alemi i\u00e7in \u00f6nemli olan bu ayda oru\u00e7 tutularak ibadet edilir. Bu sebepledir ki Ramazan ay\u0131 2026 y\u0131l\u0131nda hangi g\u00fcn ba\u015flayacak merak edildi. Peki, Ramazan ay\u0131 2026 hangi g\u00fcn ba\u015flayacak? Ramazan ay\u0131 2026 ka\u00e7 g\u00fcn s\u00fcrecek? Sorular\u0131n\u0131 sizin i\u00e7in ara\u015ft\u0131rd\u0131k. \u0130\u015fte detaylar\u2026<\/p>\n<h3>RAMAZAN AYI 2026 HANG\u0130 G\u00dcN BA\u015eLAYACAK?<\/h3>\n<p>Ramazan ay\u0131 ve Ramazan Bayram\u0131 merak edilerek ara\u015ft\u0131r\u0131lmaya ba\u015fland\u0131. \u0130slam dini i\u00e7in m\u00fcbarek kabul edilen bu ay hem manevi ar\u0131nman\u0131n hem de payla\u015fman\u0131n \u00f6n plana \u00e7\u0131kt\u0131\u011f\u0131 aylardan biridir. Bu ayda oru\u00e7 tutulur ve ibadet edilir. Fakir ve ihtiya\u00e7 sahiplerine yard\u0131m etmek, fitre ve zek\u00e2t vermek gibi ibadetler \u00f6n plana \u00e7\u0131kar.<\/p>\n<p><img loading=\"lazy\" decoding=\"async\" class=\"alignnone size-full wp-image-251575\" src=\"https:\/\/www.tgrthaber.com\/mavikadin\/wp-content\/uploads\/ARZU-81-17.jpg\" alt=\"Ramazan ay\u0131 2026 hangi g\u00fcn ba\u015flayacak? Ramazan ay\u0131 2026 ka\u00e7 g\u00fcn s\u00fcrecek?\" width=\"1208\" height=\"680\" title=\"\" srcset=\"https:\/\/www.tgrthaber.com\/mavikadin\/wp-content\/uploads\/ARZU-81-17.jpg 1208w, https:\/\/www.tgrthaber.com\/mavikadin\/wp-content\/uploads\/ARZU-81-17-300x169.jpg 300w, https:\/\/www.tgrthaber.com\/mavikadin\/wp-content\/uploads\/ARZU-81-17-1024x576.jpg 1024w, https:\/\/www.tgrthaber.com\/mavikadin\/wp-content\/uploads\/ARZU-81-17-768x432.jpg 768w\" sizes=\"(max-width: 1208px) 100vw, 1208px\" \/><\/p>\n<hr \/>\n<p><a href=\"https:\/\/www.tgrthaber.com\/mavikadin\/ramazan-ne-zaman-2026-ramazan-ayi-baslangici-hangi-tarih\/\">Ramazan ay\u0131,<\/a> \u0130slam d\u00fcnyas\u0131nda manevi yo\u011funlu\u011fun en y\u00fcksek oldu\u011fu d\u00f6nemlerden biri olarak her y\u0131l b\u00fcy\u00fck bir heyecanla kar\u015f\u0131lanmaya devam ediyor. 2026 y\u0131l\u0131 itibaren \u00fc\u00e7 aylar 21 Aral\u0131k 2025 Cuma g\u00fcn\u00fc ba\u015fl\u0131yor.<\/p>\n<p><img loading=\"lazy\" decoding=\"async\" class=\"alignnone size-full wp-image-251574\" src=\"https:\/\/www.tgrthaber.com\/mavikadin\/wp-content\/uploads\/ARZU-82-17.jpg\" alt=\"Ramazan ay\u0131 2026 hangi g\u00fcn ba\u015flayacak? Ramazan ay\u0131 2026 ka\u00e7 g\u00fcn s\u00fcrecek?\" width=\"1208\" height=\"680\" title=\"\" srcset=\"https:\/\/www.tgrthaber.com\/mavikadin\/wp-content\/uploads\/ARZU-82-17.jpg 1208w, https:\/\/www.tgrthaber.com\/mavikadin\/wp-content\/uploads\/ARZU-82-17-300x169.jpg 300w, https:\/\/www.tgrthaber.com\/mavikadin\/wp-content\/uploads\/ARZU-82-17-1024x576.jpg 1024w, https:\/\/www.tgrthaber.com\/mavikadin\/wp-content\/uploads\/ARZU-82-17-768x432.jpg 768w\" sizes=\"(max-width: 1208px) 100vw, 1208px\" \/>\u015f<\/p>\n<hr \/>\n<p>Recep ay\u0131yla ba\u015flayan \u00fc\u00e7 aylar, \u015eaban ve Ramazan ay\u0131yla devam ediyor. Ramazan ay\u0131, oru\u00e7 tutulmas\u0131 sebebiyle de her y\u00f6nden iyi olmas\u0131yla dikkat \u00e7ekiyor.<\/p>\n<p><img loading=\"lazy\" decoding=\"async\" class=\"alignnone size-full wp-image-251573\" src=\"https:\/\/www.tgrthaber.com\/mavikadin\/wp-content\/uploads\/ARZU-83-18.jpg\" alt=\"Ramazan ay\u0131 2026 hangi g\u00fcn ba\u015flayacak? Ramazan ay\u0131 2026 ka\u00e7 g\u00fcn s\u00fcrecek?\" width=\"1208\" height=\"680\" title=\"\" srcset=\"https:\/\/www.tgrthaber.com\/mavikadin\/wp-content\/uploads\/ARZU-83-18.jpg 1208w, https:\/\/www.tgrthaber.com\/mavikadin\/wp-content\/uploads\/ARZU-83-18-300x169.jpg 300w, https:\/\/www.tgrthaber.com\/mavikadin\/wp-content\/uploads\/ARZU-83-18-1024x576.jpg 1024w, https:\/\/www.tgrthaber.com\/mavikadin\/wp-content\/uploads\/ARZU-83-18-768x432.jpg 768w\" sizes=\"(max-width: 1208px) 100vw, 1208px\" \/><\/p>\n<hr \/>\n<p>Hem fiziksel hem de ruhsal bir disiplin kazand\u0131ran, insanlara yard\u0131mla\u015fma ve payla\u015fma duygular\u0131n\u0131 birbirine yakla\u015ft\u0131ran bir ay olmas\u0131yla dikkatleri \u00fczerine \u00e7ekmektedir. Ramazan ay\u0131 boyunca camilerde teravih namazlar\u0131 k\u0131l\u0131n\u0131r, iftar sofralar\u0131 kurulur.<\/p>\n<p><img loading=\"lazy\" decoding=\"async\" class=\"alignnone size-full wp-image-251572\" src=\"https:\/\/www.tgrthaber.com\/mavikadin\/wp-content\/uploads\/ARZU-84-17.jpg\" alt=\"Ramazan ay\u0131 2026 hangi g\u00fcn ba\u015flayacak? Ramazan ay\u0131 2026 ka\u00e7 g\u00fcn s\u00fcrecek?\" width=\"1208\" height=\"680\" title=\"\" srcset=\"https:\/\/www.tgrthaber.com\/mavikadin\/wp-content\/uploads\/ARZU-84-17.jpg 1208w, https:\/\/www.tgrthaber.com\/mavikadin\/wp-content\/uploads\/ARZU-84-17-300x169.jpg 300w, https:\/\/www.tgrthaber.com\/mavikadin\/wp-content\/uploads\/ARZU-84-17-1024x576.jpg 1024w, https:\/\/www.tgrthaber.com\/mavikadin\/wp-content\/uploads\/ARZU-84-17-768x432.jpg 768w\" sizes=\"(max-width: 1208px) 100vw, 1208px\" \/><\/p>\n<hr \/>\n<p>Ramazan ay\u0131 2026 y\u0131l\u0131nda 18 \u015eubat 2026 \u00c7ar\u015famba\u2019y\u0131 Per\u015fembe\u2019ye ba\u011flayan gece ilk sahura kalk\u0131lmas\u0131yla ba\u015flanacak. Ve Ramazan ay\u0131 19 Mart Per\u015fembe g\u00fcn\u00fc sona erecek.<\/p>\n<h3><img loading=\"lazy\" decoding=\"async\" class=\"alignnone size-full wp-image-251571\" src=\"https:\/\/www.tgrthaber.com\/mavikadin\/wp-content\/uploads\/ARZU-85-18.jpg\" alt=\"Ramazan ay\u0131 2026 hangi g\u00fcn ba\u015flayacak? Ramazan ay\u0131 2026 ka\u00e7 g\u00fcn s\u00fcrecek?\" width=\"1208\" height=\"680\" title=\"\" srcset=\"https:\/\/www.tgrthaber.com\/mavikadin\/wp-content\/uploads\/ARZU-85-18.jpg 1208w, https:\/\/www.tgrthaber.com\/mavikadin\/wp-content\/uploads\/ARZU-85-18-300x169.jpg 300w, https:\/\/www.tgrthaber.com\/mavikadin\/wp-content\/uploads\/ARZU-85-18-1024x576.jpg 1024w, https:\/\/www.tgrthaber.com\/mavikadin\/wp-content\/uploads\/ARZU-85-18-768x432.jpg 768w\" sizes=\"(max-width: 1208px) 100vw, 1208px\" \/><\/h3>\n<hr \/>\n<h3>RAMAZAN AYI 2026 KA\u00c7 G\u00dcN S\u00dcRECEK?<\/h3>\n<p>M\u00fcsl\u00fcman aleminin merakla bekledi\u011fi Ramazan ay\u0131 18 \u015eubat 2026 ak\u015fam\u0131 ba\u015flayacak. Ramazan Bayram\u0131 20 Mart 2026 Cuma g\u00fcn\u00fc ba\u015flayacak olup \u00fc\u00e7 g\u00fcn s\u00fcrecek. 19 Mart 2026 tarihinde ise Ramazan Bayram\u0131\u2019n\u0131n Arefesi olacak.<\/p>\n<p><img loading=\"lazy\" decoding=\"async\" class=\"alignnone size-full wp-image-251568\" src=\"https:\/\/www.tgrthaber.com\/mavikadin\/wp-content\/uploads\/ARZU-87-19.jpg\" alt=\"Ramazan ay\u0131 2026 hangi g\u00fcn ba\u015flayacak? Ramazan ay\u0131 2026 ka\u00e7 g\u00fcn s\u00fcrecek?\" width=\"1208\" height=\"680\" title=\"\" srcset=\"https:\/\/www.tgrthaber.com\/mavikadin\/wp-content\/uploads\/ARZU-87-19.jpg 1208w, https:\/\/www.tgrthaber.com\/mavikadin\/wp-content\/uploads\/ARZU-87-19-300x169.jpg 300w, https:\/\/www.tgrthaber.com\/mavikadin\/wp-content\/uploads\/ARZU-87-19-1024x576.jpg 1024w, https:\/\/www.tgrthaber.com\/mavikadin\/wp-content\/uploads\/ARZU-87-19-768x432.jpg 768w\" sizes=\"(max-width: 1208px) 100vw, 1208px\" \/><\/p>\n<hr \/>\n<p>Bayram\u0131n ilk g\u00fcn\u00fc hafta sonuna yak\u0131n bir zamana denk gelirken resm\u00ee tatil s\u00fcrelerinde toplam 3,5 g\u00fcn tatil yap\u0131lm\u0131\u015f olunacak. Ramazan ay\u0131 toplamda 30 g\u00fcn s\u00fcrecek. M\u00fcsl\u00fcman aleminin bu ayda birlik ve beraberli\u011fi \u00e7ok daha \u00f6n plana \u00e7\u0131kmaktad\u0131r.<\/p>\n","protected":false},"excerpt":{"rendered":"<p>Milyonlarca M\u00fcsl\u00fcman taraf\u0131ndan heyecanla beklenen Ramazan ay\u0131, hangi g\u00fcn ba\u015flayaca\u011f\u0131 ile ara\u015ft\u0131r\u0131lmaya ba\u015fland\u0131. 2026 y\u0131l\u0131nda oru\u00e7 ibadetini yerine getirmek isteyen M\u00fcsl\u00fcmanlar, arama motorlar\u0131nda merak ettiklerini ara\u015ft\u0131rmaya ba\u015flad\u0131. Peki, Ramazan ay\u0131 2026 hangi g\u00fcn ba\u015flayacak? Ramazan ay\u0131 2026 ka\u00e7 g\u00fcn s\u00fcrecek? \u0130\u015fte detaylar\u2026<\/p>\n","protected":false},"author":34,"featured_media":251569,"comment_status":"closed","ping_status":"closed","sticky":false,"template":"","format":"standard","meta":{"rank_math_lock_modified_date":false,"footnotes":""},"categories":[78],"tags":[6170,64769,9496,11951],"class_list":["post-251563","post","type-post","status-publish","format-standard","has-post-thumbnail","hentry","category-yasam","tag-ramazan-ayi","tag-ramazan-ayi-2026","tag-ramazan-bayrami","tag-yasam-haberleri"],"_links":{"self":[{"href":"https:\/\/www.tgrthaber.com\/mavikadin\/wp-json\/wp\/v2\/posts\/251563"}],"collection":[{"href":"https:\/\/www.tgrthaber.com\/mavikadin\/wp-json\/wp\/v2\/posts"}],"about":[{"href":"https:\/\/www.tgrthaber.com\/mavikadin\/wp-json\/wp\/v2\/types\/post"}],"author":[{"embeddable":true,"href":"https:\/\/www.tgrthaber.com\/mavikadin\/wp-json\/wp\/v2\/users\/34"}],"replies":[{"embeddable":true,"href":"https:\/\/www.tgrthaber.com\/mavikadin\/wp-json\/wp\/v2\/comments?post=251563"}],"version-history":[{"count":2,"href":"https:\/\/www.tgrthaber.com\/mavikadin\/wp-json\/wp\/v2\/posts\/251563\/revisions"}],"predecessor-version":[{"id":251578,"href":"https:\/\/www.tgrthaber.com\/mavikadin\/wp-json\/wp\/v2\/posts\/251563\/revisions\/251578"}],"wp:featuredmedia":[{"embeddable":true,"href":"https:\/\/www.tgrthaber.com\/mavikadin\/wp-json\/wp\/v2\/media\/251569"}],"wp:attachment":[{"href":"https:\/\/www.tgrthaber.com\/mavikadin\/wp-json\/wp\/v2\/media?parent=251563"}],"wp:term":[{"taxonomy":"category","embeddable":true,"href":"https:\/\/www.tgrthaber.com\/mavikadin\/wp-json\/wp\/v2\/categories?post=251563"},{"taxonomy":"post_tag","embeddable":true,"href":"https:\/\/www.tgrthaber.com\/mavikadin\/wp-json\/wp\/v2\/tags?post=251563"}],"curies":[{"name":"wp","href":"https:\/\/api.w.org\/{rel}","templated":true}]}}