{"id":251582,"date":"2025-10-20T15:09:53","date_gmt":"2025-10-20T12:09:53","guid":{"rendered":"https:\/\/www.tgrthaber.com\/mavikadin\/?p=251582"},"modified":"2025-10-20T19:04:36","modified_gmt":"2025-10-20T16:04:36","slug":"masterchefte-ayten-firtinasi-erkeklerden-olusan-takimi-olay-oldu-baris-tepkisini-gizleyemedi","status":"publish","type":"post","link":"https:\/\/www.tgrthaber.com\/mavikadin\/masterchefte-ayten-firtinasi-erkeklerden-olusan-takimi-olay-oldu-baris-tepkisini-gizleyemedi\/","title":{"rendered":"MasterChef\u2019te Ayten f\u0131rt\u0131nas\u0131! Erkeklerden olu\u015fan tak\u0131m\u0131 olay oldu, Bar\u0131\u015f tepkisini gizleyemedi"},"content":{"rendered":"<p>Ekranlar\u0131n sevilen program\u0131 MasterChef T\u00fcrkiye&#8217;nin bu ak\u015fam yay\u0131nlanan b\u00f6l\u00fcm\u00fcn\u00fcn fragman\u0131nda dikkat \u00e7eken anlar ya\u015fand\u0131. Mavi tak\u0131m kaptan\u0131 Ayten&#8217;in tak\u0131m\u0131n\u0131 erkek yar\u0131\u015fmac\u0131larla kurmas\u0131 Bar\u0131\u015f&#8217;\u0131n tepkisine neden oldu. Kad\u0131n dayan\u0131\u015fmas\u0131n\u0131 savunan Ayten&#8217;in bu hareketinin yanl\u0131\u015f oldu\u011funu d\u00fc\u015f\u00fcnen Bar\u0131\u015f&#8217;a sosyal medyadan da yorum ya\u011fd\u0131.<\/p>\n<h3>MASTERCHEF&#8217;TE AYTEN FIRTINASI! ERKEKLERDEN OLU\u015eAN TAKIMI OLAY OLDU, BARI\u015e TEPS\u0130K\u0130S\u0130N\u0130 G\u0130ZLEYEMED\u0130<\/h3>\n<p><a href=\"https:\/\/www.tgrthaber.com\/mavikadin\/masterchefte-el-lezzetini-bambaska-bir-seviyeye-tasiyan-tarif-tadanlar-parmaklarini-yiyecek\/\">MasterChef<\/a> T\u00fcrkiye yeni sezonu h\u0131z kesmeden devam ediyor. Bu ak\u015fam haftan\u0131n ilk dokunulmazl\u0131k oyunu oynanacak. Reyting rekoru k\u0131ran program\u0131n ak\u015famki b\u00f6l\u00fcm\u00fcn\u00fcn fragman\u0131 yay\u0131nland\u0131. Fragmanda Bar\u0131\u015f&#8217;\u0131n Ayten&#8217;e olan tepkisi dikkat \u00e7ekti. Bu hafta mavi tak\u0131m kaptan\u0131 olan Ayten&#8217;in tak\u0131m\u0131n\u0131 tamamen erkeklerden olu\u015fturmas\u0131 Bar\u0131\u015f&#8217;\u0131n tepkisine neden oldu. Bar\u0131\u015f kad\u0131n dayan\u0131\u015fmas\u0131ndan yana oldu\u011funu her f\u0131rsatta dile getiren Ayten&#8217;in tak\u0131m\u0131n\u0131 tamamen erkeklerden olu\u015fturmas\u0131na tepki g\u00f6sterdi. Bar\u0131\u015f&#8217;\u0131n bu tepkisi sosyal medyada da g\u00fcndem oldu. Baz\u0131 kullan\u0131c\u0131lar Bar\u0131\u015f&#8217;a &#8216;Do\u011fru s\u00f6yl\u00fcyor, yapt\u0131klar\u0131 ve davran\u0131\u015flar\u0131 uyumlu de\u011fil&#8217;, &#8216;Yine \u00fcslubunu bozmadan do\u011frular\u0131 s\u00f6yledi helal sana Bar\u0131\u015f&#8217; yorumunu yaparken, baz\u0131 kullan\u0131c\u0131lar ise &#8216;Bar\u0131\u015f&#8217;a ne oluyor&#8217;, &#8216;Gereksiz bir \u00e7\u0131k\u0131\u015ft\u0131&#8217;, &#8216;Kad\u0131n ne yapsa rahats\u0131z oluyorsun Bar\u0131\u015f&#8217; \u015feklinde yorumlar ya\u011fd\u0131rd\u0131.<\/p>\n<div style=\"width: 640px;\" class=\"wp-video\"><!--[if lt IE 9]><script>document.createElement('video');<\/script><![endif]-->\n<video class=\"wp-video-shortcode\" id=\"video-251582-1\" width=\"640\" height=\"332\" preload=\"metadata\" controls=\"controls\"><source type=\"video\/mp4\" src=\"https:\/\/www.tgrthaber.com\/mavikadin\/wp-content\/uploads\/baris.mp4?_=1\" \/><a href=\"https:\/\/www.tgrthaber.com\/mavikadin\/wp-content\/uploads\/baris.mp4\">https:\/\/www.tgrthaber.com\/mavikadin\/wp-content\/uploads\/baris.mp4<\/a><\/video><\/div>\n<h3 class=\"p1\">MASTERCHEF BU HAFTANIN KAPTANLARI K\u0130M OLDU?<\/h3>\n<p class=\"p2\">Haftan\u0131n kaptanlar\u0131 Ayten ve Nisa se\u00e7ildi. Ayten mavi tak\u0131m, Nisa k\u0131rm\u0131z\u0131 tak\u0131m kaptan\u0131 oldu.<\/p>\n<p><img loading=\"lazy\" decoding=\"async\" class=\"alignnone wp-image-251583 \" src=\"https:\/\/www.tgrthaber.com\/mavikadin\/wp-content\/uploads\/Ekran-Resmi-2025-10-20-12.46.13-1-1024x562.png\" alt=\"\" width=\"1600\" height=\"878\" title=\"\" srcset=\"https:\/\/www.tgrthaber.com\/mavikadin\/wp-content\/uploads\/Ekran-Resmi-2025-10-20-12.46.13-1-1024x562.png 1024w, https:\/\/www.tgrthaber.com\/mavikadin\/wp-content\/uploads\/Ekran-Resmi-2025-10-20-12.46.13-1-300x165.png 300w, https:\/\/www.tgrthaber.com\/mavikadin\/wp-content\/uploads\/Ekran-Resmi-2025-10-20-12.46.13-1-768x422.png 768w, https:\/\/www.tgrthaber.com\/mavikadin\/wp-content\/uploads\/Ekran-Resmi-2025-10-20-12.46.13-1-1536x843.png 1536w, https:\/\/www.tgrthaber.com\/mavikadin\/wp-content\/uploads\/Ekran-Resmi-2025-10-20-12.46.13-1.png 1632w\" sizes=\"(max-width: 1600px) 100vw, 1600px\" \/><\/p>\n<hr \/>\n<p class=\"p2\"><strong>MAV\u0130 TAKIM<\/strong><\/p>\n<p class=\"p2\">Ayten (Kaptan)<\/p>\n<p class=\"p2\">Hakan<\/p>\n<p class=\"p2\">\u00d6zkan<\/p>\n<p class=\"p2\">\u00c7a\u011fatay<\/p>\n<p class=\"p2\">Mert<\/p>\n<p class=\"p2\">Sezer<\/p>\n<p class=\"p2\">Eyl\u00fcl<\/p>\n<p class=\"p2\">\u00c7a\u011flar<\/p>\n<p><img loading=\"lazy\" decoding=\"async\" class=\"alignnone wp-image-251584 \" src=\"https:\/\/www.tgrthaber.com\/mavikadin\/wp-content\/uploads\/Ekran-Resmi-2025-10-20-12.46.24-1-1024x545.png\" alt=\"\" width=\"1599\" height=\"851\" title=\"\" srcset=\"https:\/\/www.tgrthaber.com\/mavikadin\/wp-content\/uploads\/Ekran-Resmi-2025-10-20-12.46.24-1-1024x545.png 1024w, https:\/\/www.tgrthaber.com\/mavikadin\/wp-content\/uploads\/Ekran-Resmi-2025-10-20-12.46.24-1-300x160.png 300w, https:\/\/www.tgrthaber.com\/mavikadin\/wp-content\/uploads\/Ekran-Resmi-2025-10-20-12.46.24-1-768x408.png 768w, https:\/\/www.tgrthaber.com\/mavikadin\/wp-content\/uploads\/Ekran-Resmi-2025-10-20-12.46.24-1-1536x817.png 1536w, https:\/\/www.tgrthaber.com\/mavikadin\/wp-content\/uploads\/Ekran-Resmi-2025-10-20-12.46.24-1.png 1636w\" sizes=\"(max-width: 1599px) 100vw, 1599px\" \/><\/p>\n<hr \/>\n<p class=\"p2\"><strong>KIRMIZI TAKIM<\/strong><\/p>\n<p class=\"p2\">Nisa (Kaptan)<\/p>\n<p class=\"p2\">Furkan<\/p>\n<p class=\"p2\">Gizem<\/p>\n<p class=\"p2\">S\u00fcmeyye<\/p>\n<p class=\"p2\">Ayla<\/p>\n<p class=\"p2\">Murat Can<\/p>\n<p class=\"p2\">Bar\u0131\u015f<\/p>\n<p><img loading=\"lazy\" decoding=\"async\" class=\"alignnone wp-image-251585 \" src=\"https:\/\/www.tgrthaber.com\/mavikadin\/wp-content\/uploads\/Ekran-Resmi-2025-10-20-12.46.34-1-1024x529.png\" alt=\"\" width=\"1609\" height=\"831\" title=\"\" srcset=\"https:\/\/www.tgrthaber.com\/mavikadin\/wp-content\/uploads\/Ekran-Resmi-2025-10-20-12.46.34-1-1024x529.png 1024w, https:\/\/www.tgrthaber.com\/mavikadin\/wp-content\/uploads\/Ekran-Resmi-2025-10-20-12.46.34-1-300x155.png 300w, https:\/\/www.tgrthaber.com\/mavikadin\/wp-content\/uploads\/Ekran-Resmi-2025-10-20-12.46.34-1-768x397.png 768w, https:\/\/www.tgrthaber.com\/mavikadin\/wp-content\/uploads\/Ekran-Resmi-2025-10-20-12.46.34-1-1536x794.png 1536w, https:\/\/www.tgrthaber.com\/mavikadin\/wp-content\/uploads\/Ekran-Resmi-2025-10-20-12.46.34-1.png 1564w\" sizes=\"(max-width: 1609px) 100vw, 1609px\" \/><\/p>\n<hr \/>\n<h3 class=\"p2\">ELEME POTASINDA K\u0130MLER VARDI?<\/h3>\n<p class=\"p2\">Onur<\/p>\n<p class=\"p2\">Cansu<\/p>\n<p class=\"p2\">Murat Can<\/p>\n<p class=\"p2\">Nisa<\/p>\n<p class=\"p2\">Sezer<\/p>\n<p class=\"p2\">Bar\u0131\u015f<\/p>\n<p class=\"p2\">Furkan<\/p>\n<p><img loading=\"lazy\" decoding=\"async\" class=\"alignnone wp-image-251586 \" src=\"https:\/\/www.tgrthaber.com\/mavikadin\/wp-content\/uploads\/Ekran-Resmi-2025-10-20-12.47.27-1-1024x597.png\" alt=\"\" width=\"1662\" height=\"969\" title=\"\" srcset=\"https:\/\/www.tgrthaber.com\/mavikadin\/wp-content\/uploads\/Ekran-Resmi-2025-10-20-12.47.27-1-1024x597.png 1024w, https:\/\/www.tgrthaber.com\/mavikadin\/wp-content\/uploads\/Ekran-Resmi-2025-10-20-12.47.27-1-300x175.png 300w, https:\/\/www.tgrthaber.com\/mavikadin\/wp-content\/uploads\/Ekran-Resmi-2025-10-20-12.47.27-1-768x448.png 768w, https:\/\/www.tgrthaber.com\/mavikadin\/wp-content\/uploads\/Ekran-Resmi-2025-10-20-12.47.27-1.png 1318w\" sizes=\"(max-width: 1662px) 100vw, 1662px\" \/><\/p>\n<hr \/>\n<h3 class=\"p2\">MASTERCHEF ELENEN YARI\u015eMACI 18 EK\u0130M<\/h3>\n<p class=\"p2\">MasterChef&#8217;te hayallerine veda isim\u00a0<b>Cansu<\/b>\u00a0oldu.<\/p>\n<p><img loading=\"lazy\" decoding=\"async\" class=\"alignnone wp-image-251554 \" src=\"https:\/\/www.tgrthaber.com\/mavikadin\/wp-content\/uploads\/Ekran-Resmi-2025-10-20-12.53.55-2-1024x659.png\" alt=\"\" width=\"1594\" height=\"1026\" title=\"\" srcset=\"https:\/\/www.tgrthaber.com\/mavikadin\/wp-content\/uploads\/Ekran-Resmi-2025-10-20-12.53.55-2-1024x659.png 1024w, https:\/\/www.tgrthaber.com\/mavikadin\/wp-content\/uploads\/Ekran-Resmi-2025-10-20-12.53.55-2-300x193.png 300w, https:\/\/www.tgrthaber.com\/mavikadin\/wp-content\/uploads\/Ekran-Resmi-2025-10-20-12.53.55-2-768x494.png 768w, https:\/\/www.tgrthaber.com\/mavikadin\/wp-content\/uploads\/Ekran-Resmi-2025-10-20-12.53.55-2.png 1060w\" sizes=\"(max-width: 1594px) 100vw, 1594px\" \/><\/p>\n<hr \/>\n<h3 class=\"p2\">MASTERCHEF 2025 ANA KADRO L\u0130STES\u0130<\/h3>\n<p class=\"p2\">MasterChef T\u00fcrkiye 2025 ana kadro g\u00fcncel listesi:<\/p>\n<p class=\"p2\">MasterChef T\u00fcrkiye Ana Kadroya Giren 1. Yar\u0131\u015fmac\u0131: Furkan<\/p>\n<p class=\"p2\">MasterChef T\u00fcrkiye Ana Kadroya Giren 2. Yar\u0131\u015fmac\u0131: Eyl\u00fcl<\/p>\n<p class=\"p2\">MasterChef T\u00fcrkiye Ana Kadroya Giren 3. Yar\u0131\u015fmac\u0131: \u00c7a\u011fatay<\/p>\n<p class=\"p2\">MasterChef T\u00fcrkiye Ana Kadroya Giren 4. Yar\u0131\u015fmac\u0131: Onur<\/p>\n<p class=\"p2\">MasterChef T\u00fcrkiye Ana kadroya giren 5. Yar\u0131\u015fmac\u0131: Nisa Nur ( yedeklerden dahil oldu)<\/p>\n<p class=\"p2\">MasterChef T\u00fcrkiye Ana kadroya giren 6. Yar\u0131\u015fmac\u0131: Sercan(elendi)<\/p>\n<p><img loading=\"lazy\" decoding=\"async\" class=\"alignnone wp-image-251587 \" src=\"https:\/\/www.tgrthaber.com\/mavikadin\/wp-content\/uploads\/Ekran-Resmi-2025-10-20-12.48.04-3-1024x501.png\" alt=\"\" width=\"1627\" height=\"796\" title=\"\" srcset=\"https:\/\/www.tgrthaber.com\/mavikadin\/wp-content\/uploads\/Ekran-Resmi-2025-10-20-12.48.04-3-1024x501.png 1024w, https:\/\/www.tgrthaber.com\/mavikadin\/wp-content\/uploads\/Ekran-Resmi-2025-10-20-12.48.04-3-300x147.png 300w, https:\/\/www.tgrthaber.com\/mavikadin\/wp-content\/uploads\/Ekran-Resmi-2025-10-20-12.48.04-3-768x376.png 768w, https:\/\/www.tgrthaber.com\/mavikadin\/wp-content\/uploads\/Ekran-Resmi-2025-10-20-12.48.04-3.png 1492w\" sizes=\"(max-width: 1627px) 100vw, 1627px\" \/><\/p>\n<hr \/>\n<p class=\"p2\">MasterChef T\u00fcrkiye Ana kadroya giren 7. Yar\u0131\u015fmac\u0131: Ayla<\/p>\n<p class=\"p2\">MasterChef T\u00fcrkiye Ana kadroya giren 8. Yar\u0131\u015fmac\u0131: \u0130hsan(elendi)<\/p>\n<p class=\"p2\">MasterChef T\u00fcrkiye Ana kadroya giren 9. Yar\u0131\u015fmac\u0131: Ayten<\/p>\n<p class=\"p2\">MasterChef T\u00fcrkiye Ana kadroya giren 10. Yar\u0131\u015fmac\u0131: \u00c7a\u011flar<\/p>\n<p class=\"p2\">MasterChef T\u00fcrkiye Ana kadroya giren 11. Yar\u0131\u015fmac\u0131: Sezer<\/p>\n<p class=\"p2\">MasterChef T\u00fcrkiye Ana kadroya giren 12. Yar\u0131\u015fmac\u0131: Cansu(elendi)<\/p>\n<p class=\"p2\">MasterChef T\u00fcrkiye Ana kadroya giren 13. Yar\u0131\u015fmac\u0131: \u00d6zkan<\/p>\n<p class=\"p2\">MasterChef T\u00fcrkiye Ana kadroya giren 14. yar\u0131\u015fmac\u0131: Gizem<\/p>\n<p><img loading=\"lazy\" decoding=\"async\" class=\"alignnone wp-image-251588 \" src=\"https:\/\/www.tgrthaber.com\/mavikadin\/wp-content\/uploads\/Ekran-Resmi-2025-10-20-12.48.10-3-1024x617.png\" alt=\"\" width=\"1651\" height=\"995\" title=\"\" srcset=\"https:\/\/www.tgrthaber.com\/mavikadin\/wp-content\/uploads\/Ekran-Resmi-2025-10-20-12.48.10-3-1024x617.png 1024w, https:\/\/www.tgrthaber.com\/mavikadin\/wp-content\/uploads\/Ekran-Resmi-2025-10-20-12.48.10-3-300x181.png 300w, https:\/\/www.tgrthaber.com\/mavikadin\/wp-content\/uploads\/Ekran-Resmi-2025-10-20-12.48.10-3-768x463.png 768w, https:\/\/www.tgrthaber.com\/mavikadin\/wp-content\/uploads\/Ekran-Resmi-2025-10-20-12.48.10-3.png 1344w\" sizes=\"(max-width: 1651px) 100vw, 1651px\" \/><\/p>\n<hr \/>\n<p class=\"p2\">MasterChef T\u00fcrkiye Ana kadroya giren 15. yar\u0131\u015fmac\u0131: \u0130rem (elendi)<\/p>\n<p class=\"p2\">MasterChef T\u00fcrkiye Ana kadroya giren 16. yar\u0131\u015fmac\u0131: Hakan<\/p>\n<p class=\"p2\">MasterChef T\u00fcrkiye Ana kadroya giren 17. yar\u0131\u015fmac\u0131: Mert ( yedeklerden dahil oldu)<\/p>\n<p class=\"p2\">MasterChef T\u00fcrkiye Ana kadroya giren 18. yar\u0131\u015fmac\u0131: S\u00fcmeyye<\/p>\n<p class=\"p2\">MasterChef T\u00fcrkiye Ana kadroya giren 19. yar\u0131\u015fmac\u0131: Bar\u0131\u015f Kaya ( yedeklerden dahil oldu)<\/p>\n<p class=\"p2\">\n","protected":false},"excerpt":{"rendered":"<p>TV8&#8217;in fenomen yar\u0131\u015fmas\u0131 MasterChef T\u00fcrkiye&#8217;de yar\u0131\u015fmac\u0131lar aras\u0131 zaman zaman tansiyon y\u00fckselebiliyor. Bu ak\u015fam yay\u0131nlanacak olan b\u00f6l\u00fcm\u00fcn fragman\u0131nda da mavi tak\u0131m kaptan\u0131 olan Ayten&#8217;in tak\u0131m\u0131n\u0131 erkeklerden kurmas\u0131na tepki g\u00f6steren Bar\u0131\u015f&#8217;\u0131n s\u00f6zleri dikkat \u00e7ekti. Bar\u0131\u015f&#8217;\u0131n Ayten&#8217;in yapm\u0131\u015f oldu\u011fu bu davran\u0131\u015fa kar\u015f\u0131 s\u00f6yledikleri sosyal medyada da g\u00fcndem oldu. <\/p>\n","protected":false},"author":16,"featured_media":251597,"comment_status":"closed","ping_status":"closed","sticky":false,"template":"","format":"standard","meta":{"rank_math_lock_modified_date":false,"footnotes":""},"categories":[76],"tags":[133,64775,64774,62412],"class_list":["post-251582","post","type-post","status-publish","format-standard","has-post-thumbnail","hentry","category-magazin","tag-magazin","tag-masterchef-ayten-mavi-takim-erkek-yarismacilar","tag-masterchef-aytenin-erkekler-takimi","tag-msterchef-haberleri"],"_links":{"self":[{"href":"https:\/\/www.tgrthaber.com\/mavikadin\/wp-json\/wp\/v2\/posts\/251582"}],"collection":[{"href":"https:\/\/www.tgrthaber.com\/mavikadin\/wp-json\/wp\/v2\/posts"}],"about":[{"href":"https:\/\/www.tgrthaber.com\/mavikadin\/wp-json\/wp\/v2\/types\/post"}],"author":[{"embeddable":true,"href":"https:\/\/www.tgrthaber.com\/mavikadin\/wp-json\/wp\/v2\/users\/16"}],"replies":[{"embeddable":true,"href":"https:\/\/www.tgrthaber.com\/mavikadin\/wp-json\/wp\/v2\/comments?post=251582"}],"version-history":[{"count":3,"href":"https:\/\/www.tgrthaber.com\/mavikadin\/wp-json\/wp\/v2\/posts\/251582\/revisions"}],"predecessor-version":[{"id":251766,"href":"https:\/\/www.tgrthaber.com\/mavikadin\/wp-json\/wp\/v2\/posts\/251582\/revisions\/251766"}],"wp:featuredmedia":[{"embeddable":true,"href":"https:\/\/www.tgrthaber.com\/mavikadin\/wp-json\/wp\/v2\/media\/251597"}],"wp:attachment":[{"href":"https:\/\/www.tgrthaber.com\/mavikadin\/wp-json\/wp\/v2\/media?parent=251582"}],"wp:term":[{"taxonomy":"category","embeddable":true,"href":"https:\/\/www.tgrthaber.com\/mavikadin\/wp-json\/wp\/v2\/categories?post=251582"},{"taxonomy":"post_tag","embeddable":true,"href":"https:\/\/www.tgrthaber.com\/mavikadin\/wp-json\/wp\/v2\/tags?post=251582"}],"curies":[{"name":"wp","href":"https:\/\/api.w.org\/{rel}","templated":true}]}}