{"id":251604,"date":"2025-10-20T15:40:01","date_gmt":"2025-10-20T12:40:01","guid":{"rendered":"https:\/\/www.tgrthaber.com\/mavikadin\/?p=251604"},"modified":"2025-10-20T20:20:53","modified_gmt":"2025-10-20T17:20:53","slug":"survivor-nagihandan-bomba-almeda-cikisi-o-varsa-ben-yokum-dedi-ortalik-karisti","status":"publish","type":"post","link":"https:\/\/www.tgrthaber.com\/mavikadin\/survivor-nagihandan-bomba-almeda-cikisi-o-varsa-ben-yokum-dedi-ortalik-karisti\/","title":{"rendered":"Survivor Nagihan&#8217;dan bomba Almeda \u00e7\u0131k\u0131\u015f\u0131! O varsa ben yokum dedi ortal\u0131k kar\u0131\u015ft\u0131"},"content":{"rendered":"<p>TV8&#8217;in fenomen yar\u0131\u015fmas\u0131 Survivor yeni sezonu heyecanla bekleniyor. MasterChef T\u00fcrkiye&#8217;nin final yapmas\u0131yla birlikte ekranlara gelecek olan yar\u0131\u015fman\u0131n yar\u0131\u015fmac\u0131lar\u0131 da yava\u015f yava\u015f a\u00e7\u0131klanmaya ba\u015flad\u0131. Survivor yeni sezonda yar\u0131\u015facak olan yar\u0131\u015fmac\u0131lar\u0131n kimler oldu\u011fu merak edilirken sosyal medyada yer alan bir iddia ortal\u0131\u011f\u0131 fena kar\u0131\u015ft\u0131rd\u0131. Survivor eski yar\u0131\u015fmac\u0131lardan olan Nagihan&#8217;\u0131n Survivor ge\u00e7en sezon yar\u0131\u015fmac\u0131lar\u0131ndan biri olan Almeda i\u00e7in s\u00f6yledi\u011fi iddia edilen s\u00f6zler g\u00fcndeme bomba gibi d\u00fc\u015ft\u00fc. Survivor Nagihan&#8217;\u0131n &#8216;O varsa ben yokum&#8217; s\u00f6zleri dikkat \u00e7ekti.<\/p>\n<h3>SURV\u0130VOR NAG\u0130HAN&#8217;DAN BOMBA ALMEDA \u00c7IKI\u015eI!&#8217; O VARSA BEN YOKUM DED\u0130 ORTALIK FENA KARI\u015eTI<\/h3>\n<p>Ekranlar\u0131n sevilerek seyredilen ve reyting rekoru k\u0131ran yar\u0131\u015fmas\u0131 Survivor yeni sezonu heyecanla bekleniyor.Yar\u0131\u015fmac\u0131lar\u0131n teker teker a\u00e7\u0131klanmaya ba\u015flad\u0131\u011f\u0131 \u015fu g\u00fcnlerde Survivor&#8217;un ilk yar\u0131\u015fmac\u0131s\u0131n\u0131n \u015fark\u0131c\u0131 Bayhan oldu\u011fu duyurulmu\u015ftu. Acun Il\u0131cal\u0131&#8217;n\u0131n Survivor hesab\u0131ndan yapt\u0131\u011f\u0131 a\u00e7\u0131klama ile ilk yar\u0131\u015fmac\u0131n\u0131n Bayhan olmas\u0131 yeni sezon i\u00e7in meraklar\u0131 da artt\u0131rm\u0131\u015ft\u0131.<\/p>\n<p><img loading=\"lazy\" decoding=\"async\" class=\"alignnone wp-image-251608 \" src=\"https:\/\/www.tgrthaber.com\/mavikadin\/wp-content\/uploads\/Ekran-Resmi-2025-10-20-15.30.55-1024x608.png\" alt=\"\" width=\"1590\" height=\"944\" title=\"\" srcset=\"https:\/\/www.tgrthaber.com\/mavikadin\/wp-content\/uploads\/Ekran-Resmi-2025-10-20-15.30.55-1024x608.png 1024w, https:\/\/www.tgrthaber.com\/mavikadin\/wp-content\/uploads\/Ekran-Resmi-2025-10-20-15.30.55-300x178.png 300w, https:\/\/www.tgrthaber.com\/mavikadin\/wp-content\/uploads\/Ekran-Resmi-2025-10-20-15.30.55-768x456.png 768w, https:\/\/www.tgrthaber.com\/mavikadin\/wp-content\/uploads\/Ekran-Resmi-2025-10-20-15.30.55.png 1176w\" sizes=\"(max-width: 1590px) 100vw, 1590px\" \/><\/p>\n<hr \/>\n<p>Yar\u0131\u015fmac\u0131lar\u0131n yava\u015f yava\u015f a\u00e7\u0131kland\u0131\u011f\u0131 program i\u00e7in sosyal medyada dikkat \u00e7eken bir iddia yer ald\u0131.<\/p>\n<p><img loading=\"lazy\" decoding=\"async\" class=\"alignnone wp-image-251614 \" src=\"https:\/\/www.tgrthaber.com\/mavikadin\/wp-content\/uploads\/Ekran-Resmi-2025-10-20-15.35.38-1024x561.png\" alt=\"\" width=\"1603\" height=\"878\" title=\"\" srcset=\"https:\/\/www.tgrthaber.com\/mavikadin\/wp-content\/uploads\/Ekran-Resmi-2025-10-20-15.35.38-1024x561.png 1024w, https:\/\/www.tgrthaber.com\/mavikadin\/wp-content\/uploads\/Ekran-Resmi-2025-10-20-15.35.38-300x164.png 300w, https:\/\/www.tgrthaber.com\/mavikadin\/wp-content\/uploads\/Ekran-Resmi-2025-10-20-15.35.38-768x421.png 768w, https:\/\/www.tgrthaber.com\/mavikadin\/wp-content\/uploads\/Ekran-Resmi-2025-10-20-15.35.38.png 1398w\" sizes=\"(max-width: 1603px) 100vw, 1603px\" \/><\/p>\n<hr \/>\n<p>Sosyal medya hesab\u0131 Master Bilgi&#8217;de yer alan habere g\u00f6re, yeni sezonda olmas\u0131 gereken yar\u0131\u015fmac\u0131lar aras\u0131nda Nagihan ve Almeda&#8217;n\u0131n kaos ya\u015fad\u0131\u011f\u0131 \u00f6\u011frenildi. Nagihan Karadere&#8217;nin &#8216;Almeda kadroda varsa ben yokum&#8217; dedi\u011fi iddia edildi. \u0130kiliden gelen resmi bir a\u00e7\u0131klama hen\u00fcz yokken bu iddia sosyal medyada da dikkat \u00e7ekti.<\/p>\n<p><img loading=\"lazy\" decoding=\"async\" class=\"alignnone wp-image-251609 \" src=\"https:\/\/www.tgrthaber.com\/mavikadin\/wp-content\/uploads\/Ekran-Resmi-2025-10-20-15.30.33-1024x599.png\" alt=\"\" width=\"1597\" height=\"934\" title=\"\" srcset=\"https:\/\/www.tgrthaber.com\/mavikadin\/wp-content\/uploads\/Ekran-Resmi-2025-10-20-15.30.33-1024x599.png 1024w, https:\/\/www.tgrthaber.com\/mavikadin\/wp-content\/uploads\/Ekran-Resmi-2025-10-20-15.30.33-300x176.png 300w, https:\/\/www.tgrthaber.com\/mavikadin\/wp-content\/uploads\/Ekran-Resmi-2025-10-20-15.30.33-768x449.png 768w, https:\/\/www.tgrthaber.com\/mavikadin\/wp-content\/uploads\/Ekran-Resmi-2025-10-20-15.30.33.png 1282w\" sizes=\"(max-width: 1597px) 100vw, 1597px\" \/><\/p>\n<hr \/>\n<h3>&#8221;G\u00dcNE\u015e BAL\u00c7IKLA SIVANMAZ&#8217; A\u00c7IKLAMASI D\u0130KKAT \u00c7EKM\u0130\u015eT\u0130<\/h3>\n<p class=\"p1\">Survivor 2025 yar\u0131\u015fmas\u0131n\u0131n sona ermesinden sonra Survivor \u015fampiyonu Adem K\u0131l\u0131\u00e7c\u0131\u2019n\u0131n en iyi kad\u0131n yar\u0131\u015fmac\u0131n\u0131n Almeda oldu\u011funu s\u00f6ylemesi \u00fczerine ortal\u0131k fena kar\u0131\u015fm\u0131\u015ft\u0131. Hatta \u00f6yleki Adem\u2019in a\u00e7\u0131klamalar\u0131ndan sonra Nagihan\u2019\u0131n pe\u015f pe\u015fe sosyal medyada yapt\u0131\u011f\u0131 a\u00e7\u0131klamalar dikkatleri \u00fczerine \u00e7ekmi\u015fti.<\/p>\n<p><img loading=\"lazy\" decoding=\"async\" class=\"alignnone wp-image-251610 \" src=\"https:\/\/www.tgrthaber.com\/mavikadin\/wp-content\/uploads\/Ekran-Resmi-2025-10-20-15.30.06-1024x646.png\" alt=\"\" width=\"1633\" height=\"1030\" title=\"\" srcset=\"https:\/\/www.tgrthaber.com\/mavikadin\/wp-content\/uploads\/Ekran-Resmi-2025-10-20-15.30.06-1024x646.png 1024w, https:\/\/www.tgrthaber.com\/mavikadin\/wp-content\/uploads\/Ekran-Resmi-2025-10-20-15.30.06-300x189.png 300w, https:\/\/www.tgrthaber.com\/mavikadin\/wp-content\/uploads\/Ekran-Resmi-2025-10-20-15.30.06-768x485.png 768w, https:\/\/www.tgrthaber.com\/mavikadin\/wp-content\/uploads\/Ekran-Resmi-2025-10-20-15.30.06.png 1328w\" sizes=\"(max-width: 1633px) 100vw, 1633px\" \/><\/p>\n<hr \/>\n<p class=\"p1\">Nagihan Karadere, \u201c\u00c7ok \u015fey biliyoruz, bildi\u011fimiz \u015feyleri sizler de biliyorsunuz:)) Bizi birileriyle k\u0131yaslamay\u0131n, biz o kulvarda de\u011filiz. G\u00fcne\u015f bal\u00e7\u0131kla s\u0131vanmaz. Belli ki final g\u00fcn\u00fc sahaya girdi\u011fim ilk andan itibaren seyircinin ilgisi ve Nagihan tezah\u00fcratlar\u0131 g\u00f6z\u00fcn\u00fcz\u00fc \u00e7ok korkutmu\u015f.\u201d ifadelerini kullanm\u0131\u015ft\u0131.<\/p>\n<p><img loading=\"lazy\" decoding=\"async\" class=\"alignnone wp-image-251612 \" src=\"https:\/\/www.tgrthaber.com\/mavikadin\/wp-content\/uploads\/Ekran-Resmi-2025-10-20-15.30.26-1024x557.png\" alt=\"\" width=\"1594\" height=\"867\" title=\"\" srcset=\"https:\/\/www.tgrthaber.com\/mavikadin\/wp-content\/uploads\/Ekran-Resmi-2025-10-20-15.30.26-1024x557.png 1024w, https:\/\/www.tgrthaber.com\/mavikadin\/wp-content\/uploads\/Ekran-Resmi-2025-10-20-15.30.26-300x163.png 300w, https:\/\/www.tgrthaber.com\/mavikadin\/wp-content\/uploads\/Ekran-Resmi-2025-10-20-15.30.26-768x418.png 768w, https:\/\/www.tgrthaber.com\/mavikadin\/wp-content\/uploads\/Ekran-Resmi-2025-10-20-15.30.26.png 1330w\" sizes=\"(max-width: 1594px) 100vw, 1594px\" \/><\/p>\n<hr \/>\n<h3>NAG\u0130HAN&#8217;IN ALMEDA D\u0130SKAL\u0130F\u0130YE OLUNCA YAPTI\u011eI PAYLA\u015eIM G\u00dcNDEM OLMU\u015eTU<\/h3>\n<p class=\"p1\">Fakat yine Almeda\u2019n\u0131n elenmesinden sonra sosyal medya hesab\u0131ndan a\u00e7\u0131klama yapan Nagihan dikkat \u00e7eken bir payla\u015f\u0131mda bulunmu\u015ftu. Karadere, Aaaahhhh Almeda ahhh. Niye b\u00f6yle sa\u00e7ma sapan olaylara giriyorsun? Daha yeni geldin s\u00fcrg\u00fcn adas\u0131ndan.<\/p>\n<p><img loading=\"lazy\" decoding=\"async\" class=\"alignnone wp-image-251613 \" src=\"https:\/\/www.tgrthaber.com\/mavikadin\/wp-content\/uploads\/Ekran-Resmi-2025-10-20-15.33.40-1024x632.png\" alt=\"\" width=\"1599\" height=\"987\" title=\"\" srcset=\"https:\/\/www.tgrthaber.com\/mavikadin\/wp-content\/uploads\/Ekran-Resmi-2025-10-20-15.33.40-1024x632.png 1024w, https:\/\/www.tgrthaber.com\/mavikadin\/wp-content\/uploads\/Ekran-Resmi-2025-10-20-15.33.40-300x185.png 300w, https:\/\/www.tgrthaber.com\/mavikadin\/wp-content\/uploads\/Ekran-Resmi-2025-10-20-15.33.40-768x474.png 768w, https:\/\/www.tgrthaber.com\/mavikadin\/wp-content\/uploads\/Ekran-Resmi-2025-10-20-15.33.40.png 1258w\" sizes=\"(max-width: 1599px) 100vw, 1599px\" \/><\/p>\n<hr \/>\n<p class=\"p1\">Nas\u0131l bu f\u0131rsat\u0131 de\u011ferlendiremedin? \u00dcst\u00fcne \u00fcstl\u00fck \u015fampiyon gitti be, \u015faka m\u0131s\u0131n sen!! \u0130\u00e7im s\u0131zlad\u0131 ah ah!! Ge\u00e7mi\u015f olsun Almeda. Seni yemediler, yuttular resmen. Survivor i\u015fte b\u00f6yle bir yer. Ger\u00e7ekten \u00fcz\u00fcc\u00fc bir durum, tecr\u00fcbe olmu\u015f oldu.\u201d ifadeleri ile dikkatleri \u00fczerine \u00e7ekmi\u015fti. \u015eimdi g\u00f6zler ikiliden \u00e7\u0131kan haberler i\u00e7in gelecek a\u00e7\u0131klamaya \u00e7evrildi.<\/p>\n","protected":false},"excerpt":{"rendered":"<p>TV8 &#8216;in fenomen yar\u0131\u015fmas\u0131 Survivor yeni sezonu heyecanla bekleniyor. Yar\u0131\u015fmac\u0131lar\u0131n yava\u015f yava\u015f a\u00e7\u0131klanmaya ba\u015flad\u0131\u011f\u0131 \u015fu g\u00fcnlerde sosyal medyada dola\u015fan bir iddia ortal\u0131\u011f\u0131 fena kar\u0131\u015ft\u0131rd\u0131. Survivor&#8217;un dikkat \u00e7eken yar\u0131\u015fmac\u0131s\u0131 Nagihan Karadere&#8217;nin ge\u00e7en sezon yar\u0131\u015fmac\u0131lar\u0131ndan olan Almeda i\u00e7in s\u00f6yledi\u011fi iddia edilen s\u00f6zler g\u00fcndeme bomba gibi d\u00fc\u015ft\u00fc. \u015eimdi Nagihan&#8217;\u0131n &#8216;O varsa ben yokum&#8217; s\u00f6zleri konu\u015fuluyor. \u0130\u015fte detaylar.. <\/p>\n","protected":false},"author":16,"featured_media":251618,"comment_status":"closed","ping_status":"closed","sticky":false,"template":"","format":"standard","meta":{"rank_math_lock_modified_date":false,"footnotes":""},"categories":[76],"tags":[2218,64776,64777,23413],"class_list":["post-251604","post","type-post","status-publish","format-standard","has-post-thumbnail","hentry","category-magazin","tag-magazin-haberleri","tag-survivor-nagihan-almeda","tag-survivor-nagihan-almeda-varsa-yokum","tag-survivor-nagihan-karadere-kimdir"],"_links":{"self":[{"href":"https:\/\/www.tgrthaber.com\/mavikadin\/wp-json\/wp\/v2\/posts\/251604"}],"collection":[{"href":"https:\/\/www.tgrthaber.com\/mavikadin\/wp-json\/wp\/v2\/posts"}],"about":[{"href":"https:\/\/www.tgrthaber.com\/mavikadin\/wp-json\/wp\/v2\/types\/post"}],"author":[{"embeddable":true,"href":"https:\/\/www.tgrthaber.com\/mavikadin\/wp-json\/wp\/v2\/users\/16"}],"replies":[{"embeddable":true,"href":"https:\/\/www.tgrthaber.com\/mavikadin\/wp-json\/wp\/v2\/comments?post=251604"}],"version-history":[{"count":1,"href":"https:\/\/www.tgrthaber.com\/mavikadin\/wp-json\/wp\/v2\/posts\/251604\/revisions"}],"predecessor-version":[{"id":251619,"href":"https:\/\/www.tgrthaber.com\/mavikadin\/wp-json\/wp\/v2\/posts\/251604\/revisions\/251619"}],"wp:featuredmedia":[{"embeddable":true,"href":"https:\/\/www.tgrthaber.com\/mavikadin\/wp-json\/wp\/v2\/media\/251618"}],"wp:attachment":[{"href":"https:\/\/www.tgrthaber.com\/mavikadin\/wp-json\/wp\/v2\/media?parent=251604"}],"wp:term":[{"taxonomy":"category","embeddable":true,"href":"https:\/\/www.tgrthaber.com\/mavikadin\/wp-json\/wp\/v2\/categories?post=251604"},{"taxonomy":"post_tag","embeddable":true,"href":"https:\/\/www.tgrthaber.com\/mavikadin\/wp-json\/wp\/v2\/tags?post=251604"}],"curies":[{"name":"wp","href":"https:\/\/api.w.org\/{rel}","templated":true}]}}