{"id":251679,"date":"2025-10-20T17:49:11","date_gmt":"2025-10-20T14:49:11","guid":{"rendered":"https:\/\/www.tgrthaber.com\/mavikadin\/?p=251679"},"modified":"2025-10-20T17:49:11","modified_gmt":"2025-10-20T14:49:11","slug":"zuhal-topalla-yemekteyiz-dilan-akcelik-kimdir-kac-yasinda-yemekteyiz-dilan-meslegi-nedir","status":"publish","type":"post","link":"https:\/\/www.tgrthaber.com\/mavikadin\/zuhal-topalla-yemekteyiz-dilan-akcelik-kimdir-kac-yasinda-yemekteyiz-dilan-meslegi-nedir\/","title":{"rendered":"Zuhal Topal&#8217;la Yemekteyiz Dilan Ak\u00e7elik kimdir, ka\u00e7 ya\u015f\u0131nda? Yemekteyiz Dilan mesle\u011fi nedir?"},"content":{"rendered":"<p>Zuhal Topal&#8217;la Yemekteyiz&#8217;in 20 &#8211; 24 Ekim tarihleri aras\u0131nda yar\u0131\u015fan ilk g\u00fcn yar\u0131\u015fmac\u0131s\u0131 Dilan Ak\u00e7elik, program\u0131n daha ilk dakikalar\u0131nda izleyicisinin radar\u0131na girmeyi ba\u015fard\u0131. Daha program\u0131n ilk dakikalar\u0131ndan itibaren, dikkatleri \u00fczerine \u00e7eken Yemekteyiz Dilan&#8217;a dair sosyal medyada &#8216;Zuhal Topal&#8217;la Yemekteyiz Dilan Ak\u00e7elik kimdir?&#8217;, &#8216;Yemekteyiz Dilan ka\u00e7 ya\u015f\u0131nda, ne i\u015f yap\u0131yor?&#8217; sorular\u0131 s\u0131kl\u0131kla ara\u015ft\u0131r\u0131l\u0131yor. \u0130\u015fte Yemekteyiz&#8217;in ilk g\u00fcn yar\u0131\u015fan yar\u0131\u015fmac\u0131s\u0131 Dilan Ak\u00e7elik hakk\u0131nda merak edilen t\u00fcm detaylar&#8230;<\/p>\n<h3>ZUHAL TOPAL&#8217;LA YEMEKTEY\u0130Z D\u0130LAN AK\u00c7EL\u0130K K\u0130MD\u0130R, KA\u00c7 YA\u015eINDA?<\/h3>\n<p>TV 8 ekranlar\u0131na her hafta damva vuran Zuhal Topal&#8217;la Yemekteyiz&#8217;de bu hafta yine birbirinden iddial\u0131 yar\u0131\u015fmac\u0131lar yer al\u0131yor. 20 ila 24 Ekim haftas\u0131 yar\u0131\u015fan Yemekteyiz&#8217;in birinci g\u00fcn yar\u0131\u015fmac\u0131s\u0131 Dilan Ak\u00e7elik ise izleyici taraf\u0131ndan olduk\u00e7a merak edildi.<\/p>\n<p><img loading=\"lazy\" decoding=\"async\" class=\"alignnone wp-image-251707\" src=\"https:\/\/www.tgrthaber.com\/mavikadin\/wp-content\/uploads\/Ekran-goruntusu-2025-10-20-171157-300x179.png\" alt=\"\" width=\"1208\" height=\"721\" title=\"\" srcset=\"https:\/\/www.tgrthaber.com\/mavikadin\/wp-content\/uploads\/Ekran-goruntusu-2025-10-20-171157-300x179.png 300w, https:\/\/www.tgrthaber.com\/mavikadin\/wp-content\/uploads\/Ekran-goruntusu-2025-10-20-171157.png 749w\" sizes=\"(max-width: 1208px) 100vw, 1208px\" \/><\/p>\n<hr \/>\n<p>28 ya\u015f\u0131nda olan Dilan Ak\u00e7elik, bekard\u0131r. Aslen Ardahanl\u0131 olan yar\u0131\u015fmac\u0131 ailesiyle birlikte ya\u015f\u0131yor. Ben bu yar\u0131\u015fmaya kat\u0131ld\u0131ysam e\u011fer, o masadan da birinci olarak ayr\u0131l\u0131r\u0131m diyen Dilan Ak\u00e7elik, yar\u0131\u015fmadaki iddias\u0131yla da ad\u0131ndan s\u00f6z ettirdi.<\/p>\n<p><img loading=\"lazy\" decoding=\"async\" class=\"alignnone wp-image-251711\" src=\"https:\/\/www.tgrthaber.com\/mavikadin\/wp-content\/uploads\/Ekran-goruntusu-2025-10-20-171218-300x183.png\" alt=\"\" width=\"1208\" height=\"738\" title=\"\" srcset=\"https:\/\/www.tgrthaber.com\/mavikadin\/wp-content\/uploads\/Ekran-goruntusu-2025-10-20-171218-300x183.png 300w, https:\/\/www.tgrthaber.com\/mavikadin\/wp-content\/uploads\/Ekran-goruntusu-2025-10-20-171218.png 741w\" sizes=\"(max-width: 1208px) 100vw, 1208px\" \/><\/p>\n<hr \/>\n<h3>YEMEKTEY\u0130Z D\u0130LAN MESLE\u011e\u0130 NED\u0130R?<\/h3>\n<p>Yemekteyiz Dilan&#8217;\u0131n as\u0131l mesle\u011fi a\u015f\u00e7\u0131l\u0131km\u0131\u015f. Gen\u00e7 isim daha \u00f6nce \u00f6zel bir \u00fcniversitede a\u015f\u00e7\u0131l\u0131k b\u00f6l\u00fcm\u00fcn\u00fc bitirdi\u011fini ve staj zaman\u0131nda k\u0131sa s\u00fcrede olsa a\u015f\u00e7\u0131l\u0131k yapt\u0131\u011f\u0131n\u0131 dile getirdi.<\/p>\n<p><img loading=\"lazy\" decoding=\"async\" class=\"alignnone wp-image-251710\" src=\"https:\/\/www.tgrthaber.com\/mavikadin\/wp-content\/uploads\/Ekran-goruntusu-2025-10-20-171212-300x181.png\" alt=\"\" width=\"1208\" height=\"729\" title=\"\" srcset=\"https:\/\/www.tgrthaber.com\/mavikadin\/wp-content\/uploads\/Ekran-goruntusu-2025-10-20-171212-300x181.png 300w, https:\/\/www.tgrthaber.com\/mavikadin\/wp-content\/uploads\/Ekran-goruntusu-2025-10-20-171212.png 756w\" sizes=\"(max-width: 1208px) 100vw, 1208px\" \/><\/p>\n<hr \/>\n<p>Zuhal Topal&#8217;da haftan\u0131n ilk g\u00fcn\u00fc mutfa\u011fa girerek ter d\u00f6ken Dilan Han\u0131m \u015fu anda ise a\u015f\u00e7\u0131l\u0131k yapm\u0131yor. Bay ve bayan g\u00fczellik merkezi i\u015fleten Dilan Ak\u00e7elik, yar\u0131\u015fma boyunca izleyiciden tam not ald\u0131.<\/p>\n<p><img loading=\"lazy\" decoding=\"async\" class=\"alignnone wp-image-251709\" src=\"https:\/\/www.tgrthaber.com\/mavikadin\/wp-content\/uploads\/Ekran-goruntusu-2025-10-20-171207-300x188.png\" alt=\"\" width=\"1208\" height=\"756\" title=\"\" srcset=\"https:\/\/www.tgrthaber.com\/mavikadin\/wp-content\/uploads\/Ekran-goruntusu-2025-10-20-171207-300x188.png 300w, https:\/\/www.tgrthaber.com\/mavikadin\/wp-content\/uploads\/Ekran-goruntusu-2025-10-20-171207.png 721w\" sizes=\"(max-width: 1208px) 100vw, 1208px\" \/><\/p>\n<hr \/>\n<h3>ZUHAL TOPAL&#8217;LA YEMEKTEY\u0130Z D\u0130LAN AK\u00c7EL\u0130K MEN\u00dcS\u00dcNDE NELER VAR?<\/h3>\n<p>Zuhal Topal&#8217;la Yemekteyiz 20 &#8211; 24 Ekim haftas\u0131nda yar\u0131\u015fam Dilan Ak\u00e7elik, a\u015f\u00e7\u0131l\u0131k b\u00f6l\u00fcm\u00fcn\u00fc bitirmenin verdi\u011fi tecr\u00fcbe ve deneyimle, men\u00fcs\u00fcnde olduk\u00e7a de\u011fi\u015fik lezzetlere yer verdi. \u0130\u015fte haftan\u0131n ilk g\u00fcn\u00fc yar\u0131\u015fan Dilan Han\u0131m&#8217;\u0131n yar\u0131\u015fmac\u0131 arkada\u015flar\u0131na ve Zuhal Topal&#8217;a haz\u0131rlad\u0131\u011f\u0131 lezzetler&#8230;<\/p>\n<p><img loading=\"lazy\" decoding=\"async\" class=\"alignnone wp-image-251713\" src=\"https:\/\/www.tgrthaber.com\/mavikadin\/wp-content\/uploads\/Ekran-goruntusu-2025-10-20-171225-300x177.png\" alt=\"\" width=\"1208\" height=\"714\" title=\"\" srcset=\"https:\/\/www.tgrthaber.com\/mavikadin\/wp-content\/uploads\/Ekran-goruntusu-2025-10-20-171225-300x177.png 300w, https:\/\/www.tgrthaber.com\/mavikadin\/wp-content\/uploads\/Ekran-goruntusu-2025-10-20-171225.png 753w\" sizes=\"(max-width: 1208px) 100vw, 1208px\" \/><\/p>\n<hr \/>\n<p>Zuppa Di Pomodoro (Fesle\u011fenli Domates \u00c7orbas\u0131)<\/p>\n<p>Avokado ve Mangolu Bruschetta<\/p>\n<p>Mini Patl\u0131can Parmigiana<\/p>\n<p>Polpette K\u00f6fte ve Orzotto<\/p>\n<p><img loading=\"lazy\" decoding=\"async\" class=\"alignnone wp-image-251708\" src=\"https:\/\/www.tgrthaber.com\/mavikadin\/wp-content\/uploads\/Ekran-goruntusu-2025-10-20-171202-300x184.png\" alt=\"\" width=\"1208\" height=\"739\" title=\"\" srcset=\"https:\/\/www.tgrthaber.com\/mavikadin\/wp-content\/uploads\/Ekran-goruntusu-2025-10-20-171202-300x184.png 300w, https:\/\/www.tgrthaber.com\/mavikadin\/wp-content\/uploads\/Ekran-goruntusu-2025-10-20-171202.png 737w\" sizes=\"(max-width: 1208px) 100vw, 1208px\" \/><\/p>\n<hr \/>\n<p>Insalata Di Rucola E Pere (Rokal\u0131 Elmal\u0131 Salata)<\/p>\n<p>\u00c7ikolata Par\u00e7ac\u0131kl\u0131 Cannoli<\/p>\n","protected":false},"excerpt":{"rendered":"<p>TV8 ekranlar\u0131n\u0131n y\u0131llard\u0131r en \u00e7ok izlenen yar\u0131\u015fma program\u0131 Yemekteyiz, yeni bir haftaya start verdi. Yemekteyiz&#8217;in ilk haftas\u0131nda ilk g\u00fcn yar\u0131\u015fan yar\u0131\u015fmac\u0131s\u0131 Dilan Ak\u00e7elik ise sosyal medyada merak ediliyor. Peki Zuhal Topal&#8217;la Yemekteyiz Dilan Ak\u00e7elik kimdir, ka\u00e7 ya\u015f\u0131nda? Yemekteyiz Dilan mesle\u011fi nedir? \u0130\u015fte detaylar&#8230;<\/p>\n","protected":false},"author":35,"featured_media":251683,"comment_status":"closed","ping_status":"closed","sticky":false,"template":"","format":"standard","meta":{"rank_math_lock_modified_date":false,"footnotes":""},"categories":[491],"tags":[3374,64790,8465,63265,64789],"class_list":["post-251679","post","type-post","status-publish","format-standard","has-post-thumbnail","hentry","category-biyografi","tag-biyografi","tag-dilan-akcelik-kimdir","tag-yemekteyiz","tag-yemekteyiz-1-gun-yarismacisi","tag-yemekteyiz-dilan-kac-yasinda"],"_links":{"self":[{"href":"https:\/\/www.tgrthaber.com\/mavikadin\/wp-json\/wp\/v2\/posts\/251679"}],"collection":[{"href":"https:\/\/www.tgrthaber.com\/mavikadin\/wp-json\/wp\/v2\/posts"}],"about":[{"href":"https:\/\/www.tgrthaber.com\/mavikadin\/wp-json\/wp\/v2\/types\/post"}],"author":[{"embeddable":true,"href":"https:\/\/www.tgrthaber.com\/mavikadin\/wp-json\/wp\/v2\/users\/35"}],"replies":[{"embeddable":true,"href":"https:\/\/www.tgrthaber.com\/mavikadin\/wp-json\/wp\/v2\/comments?post=251679"}],"version-history":[{"count":2,"href":"https:\/\/www.tgrthaber.com\/mavikadin\/wp-json\/wp\/v2\/posts\/251679\/revisions"}],"predecessor-version":[{"id":251715,"href":"https:\/\/www.tgrthaber.com\/mavikadin\/wp-json\/wp\/v2\/posts\/251679\/revisions\/251715"}],"wp:featuredmedia":[{"embeddable":true,"href":"https:\/\/www.tgrthaber.com\/mavikadin\/wp-json\/wp\/v2\/media\/251683"}],"wp:attachment":[{"href":"https:\/\/www.tgrthaber.com\/mavikadin\/wp-json\/wp\/v2\/media?parent=251679"}],"wp:term":[{"taxonomy":"category","embeddable":true,"href":"https:\/\/www.tgrthaber.com\/mavikadin\/wp-json\/wp\/v2\/categories?post=251679"},{"taxonomy":"post_tag","embeddable":true,"href":"https:\/\/www.tgrthaber.com\/mavikadin\/wp-json\/wp\/v2\/tags?post=251679"}],"curies":[{"name":"wp","href":"https:\/\/api.w.org\/{rel}","templated":true}]}}