{"id":251754,"date":"2025-10-20T19:03:35","date_gmt":"2025-10-20T16:03:35","guid":{"rendered":"https:\/\/www.tgrthaber.com\/mavikadin\/?p=251754"},"modified":"2025-10-20T19:03:35","modified_gmt":"2025-10-20T16:03:35","slug":"cocuklarda-kis-uykusuna-dikkat-saatler-cok-onemli","status":"publish","type":"post","link":"https:\/\/www.tgrthaber.com\/mavikadin\/cocuklarda-kis-uykusuna-dikkat-saatler-cok-onemli\/","title":{"rendered":"\u00c7ocuklarda k\u0131\u015f uykusuna dikkat! Saatler \u00e7ok \u00f6nemli"},"content":{"rendered":"<p>K\u0131\u015f aylar\u0131nda <a href=\"https:\/\/www.tgrthaber.com\/mavikadin\/okul-doneminde-zorluk-cekmeyin-cocuklarin-uyku-duzeni-icin-altin-kurallar\/\">\u00e7ocuklar\u0131n<\/a> uyku d\u00fczeni, genel sa\u011fl\u0131klar\u0131, zihinsel geli\u015fimleri ve ba\u011f\u0131\u015f\u0131kl\u0131k sistemleri a\u00e7\u0131s\u0131ndan hayati \u00f6neme sahiptir. \u201cK\u0131\u015f uykusu\u201d terimi her ne kadar hayvanlara \u00f6zg\u00fc bir kavram olsa da, insanlar i\u00e7in de bu d\u00f6nemde artan uyku ihtiyac\u0131n\u0131 tan\u0131mlamak ad\u0131na mecazi olarak kullan\u0131labilir. \u00d6zellikle \u00e7ocuklar i\u00e7in k\u0131\u015f mevsiminde uyku kalitesi ve s\u00fcresi daha da belirleyici bir hal al\u0131r.<\/p>\n<h3>\u00c7OCUKLARDA KI\u015e UYKUSUNA D\u0130KKAT!<\/h3>\n<p><a href=\"https:\/\/www.tgrthaber.com\/mavikadin\/sicak-havalarda-bebeklerin-uyku-duzenini-koruyun-uzman-isimlerden-oneriler\/\">\u00c7ocuklarda<\/a> k\u0131\u015f uykusu olduk\u00e7a \u00f6nemlidir. Ba\u011f\u0131\u015f\u0131kl\u0131k sisteminin de bir par\u00e7as\u0131 olan k\u0131\u015f uykusu b\u00fcy\u00fcme ve fiziksel geli\u015fimi de destekler. K\u0131\u015f\u0131n havalar\u0131n erken kararmas\u0131 da \u00e7ocuklar\u0131n daha erken uyumalar\u0131na f\u0131rsat sa\u011flar. \u0130\u015fte k\u0131\u015f uykusunun avantajlar\u0131:<\/p>\n<p><img loading=\"lazy\" decoding=\"async\" class=\"aligncenter wp-image-226867 size-full\" src=\"https:\/\/www.tgrthaber.com\/mavikadin\/wp-content\/uploads\/bebeklerde-demir-eksikligi-9.jpg\" alt=\"\" width=\"1208\" height=\"680\" title=\"\" srcset=\"https:\/\/www.tgrthaber.com\/mavikadin\/wp-content\/uploads\/bebeklerde-demir-eksikligi-9.jpg 1208w, https:\/\/www.tgrthaber.com\/mavikadin\/wp-content\/uploads\/bebeklerde-demir-eksikligi-9-300x169.jpg 300w, https:\/\/www.tgrthaber.com\/mavikadin\/wp-content\/uploads\/bebeklerde-demir-eksikligi-9-1024x576.jpg 1024w, https:\/\/www.tgrthaber.com\/mavikadin\/wp-content\/uploads\/bebeklerde-demir-eksikligi-9-768x432.jpg 768w\" sizes=\"(max-width: 1208px) 100vw, 1208px\" \/><\/p>\n<hr \/>\n<h3>1. Ba\u011f\u0131\u015f\u0131kl\u0131k Sistemi G\u00fc\u00e7lenir<\/h3>\n<p>K\u0131\u015f aylar\u0131nda artan enfeksiyon riski, \u00e7ocuklar\u0131n ba\u011f\u0131\u015f\u0131kl\u0131k sisteminin g\u00fc\u00e7l\u00fc olmas\u0131n\u0131 gerektirir. Kaliteli ve yeterli uyku uyumak ba\u011f\u0131\u015f\u0131kl\u0131k h\u00fccrelerinin daha etkin \u00e7al\u0131\u015fmas\u0131na yard\u0131m eder. Uykusuz kalan \u00e7ocuklar, grip ve so\u011fuk alg\u0131nl\u0131\u011f\u0131 gibi mevsimsel hastal\u0131klara kar\u015f\u0131 daha savunmas\u0131z olurlar.<\/p>\n<h3>2. B\u00fcy\u00fcme ve Fiziksel Geli\u015fim Desteklenir<\/h3>\n<p>\u00c7ocuklar\u0131n fiziksel geli\u015fimi b\u00fcy\u00fck \u00f6l\u00e7\u00fcde uykuda olur. Uyku s\u0131ras\u0131nda salg\u0131lanan b\u00fcy\u00fcme hormonu, kemik ve kas geli\u015fimini \u00e7ok fazla destek olur. K\u0131\u015f\u0131n erken kararan havalar, \u00e7ocuklar\u0131n daha erken yatmalar\u0131 i\u00e7in do\u011fal bir avantaj sa\u011flar.<\/p>\n<p><img loading=\"lazy\" decoding=\"async\" class=\"aligncenter size-full wp-image-251761\" src=\"https:\/\/www.tgrthaber.com\/mavikadin\/wp-content\/uploads\/bebek-1-1.jpg\" alt=\"\" width=\"1280\" height=\"720\" title=\"\" srcset=\"https:\/\/www.tgrthaber.com\/mavikadin\/wp-content\/uploads\/bebek-1-1.jpg 1280w, https:\/\/www.tgrthaber.com\/mavikadin\/wp-content\/uploads\/bebek-1-1-300x169.jpg 300w, https:\/\/www.tgrthaber.com\/mavikadin\/wp-content\/uploads\/bebek-1-1-1024x576.jpg 1024w, https:\/\/www.tgrthaber.com\/mavikadin\/wp-content\/uploads\/bebek-1-1-768x432.jpg 768w\" sizes=\"(max-width: 1280px) 100vw, 1280px\" \/><\/p>\n<hr \/>\n<h3>3. Zihinsel Performans ve Duygusal Denge Artar<\/h3>\n<p>Uyku, \u00f6\u011frenme, haf\u0131za ve dikkat becerileri \u00fczerinde do\u011frudan etkili olur. Ayr\u0131ca, k\u0131\u015f\u0131n azalan g\u00fcne\u015f \u0131\u015f\u0131\u011f\u0131 \u00e7ocuklarda ruh hali de\u011fi\u015fimlerine yol a\u00e7ar. D\u00fczenli uyku uyumak bu duygusal dalgalanmalar\u0131 dengelemeye yard\u0131m eder. Bu da \u00e7ocu\u011fun ruh sa\u011fl\u0131\u011f\u0131n\u0131 korur.<\/p>\n<h3>4. Akademik Ba\u015far\u0131y\u0131 Destekler<\/h3>\n<p>Okul \u00e7a\u011f\u0131ndaki \u00e7ocuklar i\u00e7in yeterli uyku uyumak, derslere odaklanma ve bilgiyi i\u015fleme kapasitesini art\u0131r\u0131r. K\u0131\u015f aylar\u0131nda ya\u015fanan yorgunluk, dikkat da\u011f\u0131n\u0131kl\u0131\u011f\u0131 gibi sorunlar, d\u00fczenli bir uyku rutiniyle b\u00fcy\u00fck \u00f6l\u00e7\u00fcde azalt\u0131labilir.<\/p>\n<h3>5. Biyolojik Saatle Uyum Sa\u011flan\u0131r<\/h3>\n<p>K\u0131\u015f\u0131n g\u00fcn \u0131\u015f\u0131\u011f\u0131n\u0131n azalmas\u0131yla birlikte v\u00fccut, melatonin hormonunu daha erken salg\u0131lamaya ba\u015flar. Bu da \u00e7ocuklarda uyku iste\u011fini art\u0131r\u0131r. Uyku saatlerinin bu biyolojik ritme uygun \u015fekilde ayarlanmas\u0131, hormonal denge a\u00e7\u0131s\u0131ndan olduk\u00e7a faydal\u0131d\u0131r.<\/p>\n<p><img loading=\"lazy\" decoding=\"async\" class=\"aligncenter size-full wp-image-251762\" src=\"https:\/\/www.tgrthaber.com\/mavikadin\/wp-content\/uploads\/bebek-3-3.jpg\" alt=\"\" width=\"1100\" height=\"733\" title=\"\" srcset=\"https:\/\/www.tgrthaber.com\/mavikadin\/wp-content\/uploads\/bebek-3-3.jpg 1100w, https:\/\/www.tgrthaber.com\/mavikadin\/wp-content\/uploads\/bebek-3-3-300x200.jpg 300w, https:\/\/www.tgrthaber.com\/mavikadin\/wp-content\/uploads\/bebek-3-3-1024x682.jpg 1024w, https:\/\/www.tgrthaber.com\/mavikadin\/wp-content\/uploads\/bebek-3-3-768x512.jpg 768w\" sizes=\"(max-width: 1100px) 100vw, 1100px\" \/><\/p>\n<hr \/>\n<h3>EBEVEYNLER \u0130\u00c7\u0130N PRAT\u0130K UYKU \u00d6NER\u0130LER\u0130<\/h3>\n<p>Uyku saatlerini erkene \u00e7ekin: K\u0131\u015f\u0131n karanl\u0131k erken \u00e7\u00f6kt\u00fc\u011f\u00fc zaman \u00e7ocuklar\u0131n daha erken uyumas\u0131 da ka\u00e7\u0131n\u0131lmaz olur. Bu s\u00fcreci desteklemek de \u00e7ok \u00f6nemlidir.<\/p>\n<p>D\u00fczenli bir uyku rutini olu\u015fturun: Her g\u00fcn ayn\u0131 saatte yatmak ve uyanmak, biyolojik saatin d\u00fczenlenmesine yard\u0131m eder.<\/p>\n<p>G\u00fcn \u0131\u015f\u0131\u011f\u0131ndan faydalan\u0131n: \u00c7ocuklar\u0131n g\u00fcn i\u00e7inde d\u0131\u015far\u0131da vakit ge\u00e7irmesi, melatonin \u00fcretimini dengeleyerek gece daha iyi uyumalar\u0131na destek olur.<\/p>\n<p>Her ne kadar insanlar k\u0131\u015f uykusuna yatmasa da, k\u0131\u015f aylar\u0131 \u00e7ocuklar i\u00e7in daha fazla uykuya ihtiya\u00e7 duyulan bir d\u00f6nemdir. Bu d\u00f6nemde sa\u011fl\u0131kl\u0131 ve d\u00fczenli bir uyku al\u0131\u015fkanl\u0131\u011f\u0131 olu\u015fturmak; \u00e7ocuklar\u0131n fiziksel geli\u015fimini, ruh sa\u011fl\u0131\u011f\u0131n\u0131, okul ba\u015far\u0131s\u0131n\u0131 ve ba\u011f\u0131\u015f\u0131kl\u0131k sistemini olumlu y\u00f6nde etkileyecektir.<\/p>\n<p><img loading=\"lazy\" decoding=\"async\" class=\"aligncenter size-full wp-image-251763\" src=\"https:\/\/www.tgrthaber.com\/mavikadin\/wp-content\/uploads\/bebek-4-2.jpg\" alt=\"\" width=\"1280\" height=\"853\" title=\"\" srcset=\"https:\/\/www.tgrthaber.com\/mavikadin\/wp-content\/uploads\/bebek-4-2.jpg 1280w, https:\/\/www.tgrthaber.com\/mavikadin\/wp-content\/uploads\/bebek-4-2-300x200.jpg 300w, https:\/\/www.tgrthaber.com\/mavikadin\/wp-content\/uploads\/bebek-4-2-1024x682.jpg 1024w, https:\/\/www.tgrthaber.com\/mavikadin\/wp-content\/uploads\/bebek-4-2-768x512.jpg 768w\" sizes=\"(max-width: 1280px) 100vw, 1280px\" \/><\/p>\n<hr \/>\n<h3>\u00c7OCUKLARDA UYKU D\u00dcZEN\u0130 HAKKINDA SIK SORULANLAR<\/h3>\n<h3>\u00c7ocuklarda uyku d\u00fczeni nas\u0131l olmal\u0131?<\/h3>\n<p>G\u00fcnd\u00fcz uykusu, ilk bir ay g\u00fcnd\u00fcz 4 kez, 1 ay ile 3 ay aras\u0131nda g\u00fcnde 3 kez, 6 ay ile 18 ay aras\u0131nda g\u00fcnde 2 kez ve 6 aydan sonra g\u00fcnde 1 kez olmal\u0131. Bir ya\u015f\u0131ndaki bebeklerin b\u00fcy\u00fck \u00e7o\u011funlu\u011fu geceleri iyi ve sorunsuz uyur. Yakla\u015f\u0131k y\u00fczde 10&#8217;luk bir k\u0131sm\u0131 ise gece uykusu s\u0131ras\u0131nda arada bir uyan\u0131r.<\/p>\n<h3>20\/5 kural\u0131 nedir?<\/h3>\n<p>Haftada \u00fc\u00e7 g\u00fcn yerel park\u0131n\u0131zda 20 dakika, her ay bir do\u011fa koruma alan\u0131nda be\u015f saat ve y\u0131lda bir kez k\u0131rsalda \u00fc\u00e7 g\u00fcn ge\u00e7irmek (kamp veya y\u00fcr\u00fcy\u00fc\u015f gezisi gibi). Buna 20-5-3 kural\u0131 deniyor ve a\u00e7\u0131k havada ge\u00e7irilen zamana dair d\u00fc\u015f\u00fcnce bi\u00e7imimizi k\u00f6kten de\u011fi\u015ftirebilecek, bilim taraf\u0131ndan desteklenen bir form\u00fcl.<\/p>\n<p><img loading=\"lazy\" decoding=\"async\" class=\"aligncenter wp-image-245304 size-full\" src=\"https:\/\/www.tgrthaber.com\/mavikadin\/wp-content\/uploads\/bebeklerde-kabizlik-6.jpg\" alt=\"\" width=\"1208\" height=\"680\" title=\"\" srcset=\"https:\/\/www.tgrthaber.com\/mavikadin\/wp-content\/uploads\/bebeklerde-kabizlik-6.jpg 1208w, https:\/\/www.tgrthaber.com\/mavikadin\/wp-content\/uploads\/bebeklerde-kabizlik-6-300x169.jpg 300w, https:\/\/www.tgrthaber.com\/mavikadin\/wp-content\/uploads\/bebeklerde-kabizlik-6-1024x576.jpg 1024w, https:\/\/www.tgrthaber.com\/mavikadin\/wp-content\/uploads\/bebeklerde-kabizlik-6-768x432.jpg 768w\" sizes=\"(max-width: 1208px) 100vw, 1208px\" \/><\/p>\n<hr \/>\n<h3>\u00c7ocuklar i\u00e7in en verimli uyku saatleri?<\/h3>\n<p>23.00-00.00 saatleri aras\u0131nda uyuyan yeti\u015fkinler i\u00e7in 06.00-07.00 saatleri aras\u0131nda uyanmalar\u0131 tavsiye edilir. \u00c7ocuklar 20.00-21.00 saatleri aras\u0131nda uyumal\u0131 ve okul d\u00fczenlerine g\u00f6re uyanmal\u0131d\u0131r. Ergenlerin de en ge\u00e7 22.00-23.00&#8217;den sabah 07.00 civar\u0131nda g\u00fcne ba\u015flamalar\u0131 \u00f6nerilir.<\/p>\n","protected":false},"excerpt":{"rendered":"<p>K\u0131\u015f aylar\u0131nda \u00e7ocuklar\u0131n uyku d\u00fczeni, genel sa\u011fl\u0131klar\u0131, zihinsel geli\u015fimleri ve ba\u011f\u0131\u015f\u0131kl\u0131k sistemleri a\u00e7\u0131s\u0131ndan hayati bir \u00f6neme sahiptir. Ebeveynler \u00e7ocuklar\u0131n\u0131n sa\u011fl\u0131kl\u0131 geli\u015fmelerine destek vermek i\u00e7in uyku saatlerini aksatmamal\u0131d\u0131r. \u00c7ocuklar\u0131n k\u0131\u015f aylar\u0131nda uyku d\u00fczenlerinin okul saatlerine g\u00f6re ayarlanmas\u0131 gerekir. En ge\u00e7 yata\u011fa girme saatleri ise 20.00-21.00 saatleri aras\u0131nda olmal\u0131d\u0131r. <\/p>\n","protected":false},"author":5,"featured_media":251759,"comment_status":"closed","ping_status":"closed","sticky":false,"template":"","format":"standard","meta":{"rank_math_lock_modified_date":false,"footnotes":""},"categories":[111],"tags":[64793,64792,64794],"class_list":["post-251754","post","type-post","status-publish","format-standard","has-post-thumbnail","hentry","category-anne-cocuk","tag-cocuklarda-uyku-saati","tag-cocuklarin-uyku-saati","tag-kisin-uyku-saati"],"_links":{"self":[{"href":"https:\/\/www.tgrthaber.com\/mavikadin\/wp-json\/wp\/v2\/posts\/251754"}],"collection":[{"href":"https:\/\/www.tgrthaber.com\/mavikadin\/wp-json\/wp\/v2\/posts"}],"about":[{"href":"https:\/\/www.tgrthaber.com\/mavikadin\/wp-json\/wp\/v2\/types\/post"}],"author":[{"embeddable":true,"href":"https:\/\/www.tgrthaber.com\/mavikadin\/wp-json\/wp\/v2\/users\/5"}],"replies":[{"embeddable":true,"href":"https:\/\/www.tgrthaber.com\/mavikadin\/wp-json\/wp\/v2\/comments?post=251754"}],"version-history":[{"count":2,"href":"https:\/\/www.tgrthaber.com\/mavikadin\/wp-json\/wp\/v2\/posts\/251754\/revisions"}],"predecessor-version":[{"id":251765,"href":"https:\/\/www.tgrthaber.com\/mavikadin\/wp-json\/wp\/v2\/posts\/251754\/revisions\/251765"}],"wp:featuredmedia":[{"embeddable":true,"href":"https:\/\/www.tgrthaber.com\/mavikadin\/wp-json\/wp\/v2\/media\/251759"}],"wp:attachment":[{"href":"https:\/\/www.tgrthaber.com\/mavikadin\/wp-json\/wp\/v2\/media?parent=251754"}],"wp:term":[{"taxonomy":"category","embeddable":true,"href":"https:\/\/www.tgrthaber.com\/mavikadin\/wp-json\/wp\/v2\/categories?post=251754"},{"taxonomy":"post_tag","embeddable":true,"href":"https:\/\/www.tgrthaber.com\/mavikadin\/wp-json\/wp\/v2\/tags?post=251754"}],"curies":[{"name":"wp","href":"https:\/\/api.w.org\/{rel}","templated":true}]}}