{"id":251756,"date":"2025-10-20T19:48:34","date_gmt":"2025-10-20T16:48:34","guid":{"rendered":"https:\/\/www.tgrthaber.com\/mavikadin\/?p=251756"},"modified":"2025-10-20T19:48:34","modified_gmt":"2025-10-20T16:48:34","slug":"zuhal-topalla-yemekteyiz-safiye-iseri-kimdir-kac-yasinda-yemekteyiz-2-gun-yarismacisi-merak-edildi","status":"publish","type":"post","link":"https:\/\/www.tgrthaber.com\/mavikadin\/zuhal-topalla-yemekteyiz-safiye-iseri-kimdir-kac-yasinda-yemekteyiz-2-gun-yarismacisi-merak-edildi\/","title":{"rendered":"Zuhal Topal&#8217;la Yemekteyiz Safiye \u0130\u015feri kimdir, ka\u00e7 ya\u015f\u0131nda? Yemekteyiz 2. g\u00fcn yar\u0131\u015fmac\u0131s\u0131 merak edildi"},"content":{"rendered":"<p>TV8 ekranlar\u0131n\u0131n fenomen yar\u0131\u015fmas\u0131 Zuhal Topal&#8217;la Yemekteyiz, 20 &#8211; 24 Ekim haftas\u0131na h\u0131zl\u0131 bir giri\u015f yapt\u0131. Yeni haftada\u00a0 nefes kesen bir maratona daha ba\u015flayan Yemekteyiz&#8217;de yine birbirinden iddial\u0131 yar\u0131\u015fmac\u0131lar bulunuyor. 200 bin TL i\u00e7in rekabet k\u0131yas\u0131ya devam ederken, bu hafta 2. g\u00fcn Yemekteyiz mutfa\u011f\u0131na girecek isim mercek alt\u0131na al\u0131nd\u0131. Peki Yemekteyiz&#8217;de 2. g\u00fcn yar\u0131\u015fan Safiye \u0130\u015feri kimdir, ka\u00e7 ya\u015f\u0131nda? \u0130\u015fte Yemekteyiz Safiye Han\u0131m hakk\u0131nda merak edilen t\u00fcm detaylar&#8230;<\/p>\n<h3>ZUHAL TOPAL&#8217;LA YEMEKTEY\u0130Z SAF\u0130YE \u0130\u015eER\u0130 K\u0130MD\u0130R, KA\u00c7 YA\u015eINDA?<\/h3>\n<p>Zuhal Topal&#8217;la Yemekteyiz&#8217;de 20 ila 24 Ekim haftas\u0131nda yar\u0131\u015fan Safiye \u0130\u015feri, yar\u0131\u015fman\u0131n daha ilk g\u00fcn\u00fcnden enerjisi, konu\u015fmalar\u0131 ve ele\u015ftirileriyle sosyal medyan\u0131n g\u00fcndemine oturdu.<\/p>\n<p><img loading=\"lazy\" decoding=\"async\" class=\"alignnone wp-image-251769\" src=\"https:\/\/www.tgrthaber.com\/mavikadin\/wp-content\/uploads\/Ekran-goruntusu-2025-10-20-192703-300x167.png\" alt=\"\" width=\"1208\" height=\"672\" title=\"\" srcset=\"https:\/\/www.tgrthaber.com\/mavikadin\/wp-content\/uploads\/Ekran-goruntusu-2025-10-20-192703-300x167.png 300w, https:\/\/www.tgrthaber.com\/mavikadin\/wp-content\/uploads\/Ekran-goruntusu-2025-10-20-192703-1024x569.png 1024w, https:\/\/www.tgrthaber.com\/mavikadin\/wp-content\/uploads\/Ekran-goruntusu-2025-10-20-192703-768x427.png 768w, https:\/\/www.tgrthaber.com\/mavikadin\/wp-content\/uploads\/Ekran-goruntusu-2025-10-20-192703.png 1036w\" sizes=\"(max-width: 1208px) 100vw, 1208px\" \/><\/p>\n<hr \/>\n<p>Yemekteyiz Safiye Han\u0131m&#8217;\u0131n hakk\u0131nda en \u00e7ok merak edilen detay ise ya\u015f\u0131, e\u011fitim hayat\u0131 ve ne i\u015fle u\u011fra\u015ft\u0131\u011f\u0131 oldu. Gen\u00e7 yar\u0131\u015fmac\u0131, yemek konusundaki iddias\u0131yla rakiplerine adeta meydan okudu.<\/p>\n<p><img loading=\"lazy\" decoding=\"async\" class=\"alignnone wp-image-251768\" src=\"https:\/\/www.tgrthaber.com\/mavikadin\/wp-content\/uploads\/zuhal-topalla-yemekteyiz-safiye-iseri-kim-kac-yasinda-nereli-safiye-instagram-300x169.webp\" alt=\"\" width=\"1208\" height=\"680\" title=\"\" srcset=\"https:\/\/www.tgrthaber.com\/mavikadin\/wp-content\/uploads\/zuhal-topalla-yemekteyiz-safiye-iseri-kim-kac-yasinda-nereli-safiye-instagram-300x169.webp 300w, https:\/\/www.tgrthaber.com\/mavikadin\/wp-content\/uploads\/zuhal-topalla-yemekteyiz-safiye-iseri-kim-kac-yasinda-nereli-safiye-instagram-1024x576.webp 1024w, https:\/\/www.tgrthaber.com\/mavikadin\/wp-content\/uploads\/zuhal-topalla-yemekteyiz-safiye-iseri-kim-kac-yasinda-nereli-safiye-instagram-768x432.webp 768w, https:\/\/www.tgrthaber.com\/mavikadin\/wp-content\/uploads\/zuhal-topalla-yemekteyiz-safiye-iseri-kim-kac-yasinda-nereli-safiye-instagram.webp 1280w\" sizes=\"(max-width: 1208px) 100vw, 1208px\" \/><\/p>\n<hr \/>\n<p>Yar\u0131\u015fman\u0131n 2. g\u00fcn yar\u0131\u015fmac\u0131s\u0131 Safiye \u0130\u015feri, gen\u00e7 ya\u015f\u0131na ra\u011fmen hem e\u011fitim hayat\u0131yla hem de samimi tav\u0131rlar\u0131yla izleyicinin dikkatini \u00e7ekmeyi ba\u015fard\u0131. Aslen Kayserili olan Safiye \u0130\u015feri&#8217;nin, ailesi Bursa\u2019da ya\u015f\u0131yor. \u0130stanbul\u2019da \u00f6\u011frenci yurdunda kalan Safiye, e\u011fitimle birlikte sosyal hayat\u0131na da aktif bi\u00e7imde devam ediyor.<\/p>\n<p><img loading=\"lazy\" decoding=\"async\" class=\"alignnone wp-image-251771\" src=\"https:\/\/www.tgrthaber.com\/mavikadin\/wp-content\/uploads\/Ekran-goruntusu-2025-10-20-192748-300x171.png\" alt=\"\" width=\"1208\" height=\"687\" title=\"\" srcset=\"https:\/\/www.tgrthaber.com\/mavikadin\/wp-content\/uploads\/Ekran-goruntusu-2025-10-20-192748-300x171.png 300w, https:\/\/www.tgrthaber.com\/mavikadin\/wp-content\/uploads\/Ekran-goruntusu-2025-10-20-192748-1024x583.png 1024w, https:\/\/www.tgrthaber.com\/mavikadin\/wp-content\/uploads\/Ekran-goruntusu-2025-10-20-192748-768x437.png 768w, https:\/\/www.tgrthaber.com\/mavikadin\/wp-content\/uploads\/Ekran-goruntusu-2025-10-20-192748.png 1030w\" sizes=\"(max-width: 1208px) 100vw, 1208px\" \/><\/p>\n<hr \/>\n<p>Yemekteyiz&#8217;in yeni haftas\u0131nda 2. g\u00fcn mutfa\u011fa giren Safiye \u0130\u015feri, iddias\u0131yla da sosyal medyan\u0131n en \u00e7ok konu\u015fulan isimlerinden biri oldu. B\u00fcy\u00fck \u00f6d\u00fcl\u00fc ben alaca\u011f\u0131m diyen Safiye&#8217;nin Cuma g\u00fcn\u00fc ka\u00e7 puan toplayaca\u011f\u0131 ise \u015fimdiden merak konusu oldu.<\/p>\n<h3><img loading=\"lazy\" decoding=\"async\" class=\"alignnone wp-image-251770\" src=\"https:\/\/www.tgrthaber.com\/mavikadin\/wp-content\/uploads\/Ekran-goruntusu-2025-10-20-192739-300x167.png\" alt=\"\" width=\"1208\" height=\"671\" title=\"\" srcset=\"https:\/\/www.tgrthaber.com\/mavikadin\/wp-content\/uploads\/Ekran-goruntusu-2025-10-20-192739-300x167.png 300w, https:\/\/www.tgrthaber.com\/mavikadin\/wp-content\/uploads\/Ekran-goruntusu-2025-10-20-192739-1024x569.png 1024w, https:\/\/www.tgrthaber.com\/mavikadin\/wp-content\/uploads\/Ekran-goruntusu-2025-10-20-192739-768x427.png 768w, https:\/\/www.tgrthaber.com\/mavikadin\/wp-content\/uploads\/Ekran-goruntusu-2025-10-20-192739.png 1038w\" sizes=\"(max-width: 1208px) 100vw, 1208px\" \/><\/h3>\n<hr \/>\n<h3>YEMEKTEY\u0130Z SAF\u0130YE \u0130\u015eER\u0130 NE \u0130\u015e YAPIYOR?<\/h3>\n<p>Safiye \u0130\u015feri, \u015fu anda \u00fcniversitede e\u011fitimine devam eden gen\u00e7 bir \u00f6\u011frenci. Peyzaj mimarl\u0131\u011f\u0131 okuyan Safiye\u2019nin hayali, mezun olduktan sonra \u015fehir planlamas\u0131 ve \u00e7evre d\u00fczenlemesi projelerinde yer almak.<\/p>\n<p><img loading=\"lazy\" decoding=\"async\" class=\"alignnone wp-image-251772\" src=\"https:\/\/www.tgrthaber.com\/mavikadin\/wp-content\/uploads\/Ekran-goruntusu-2025-10-20-192828-300x167.png\" alt=\"\" width=\"1208\" height=\"672\" title=\"\" srcset=\"https:\/\/www.tgrthaber.com\/mavikadin\/wp-content\/uploads\/Ekran-goruntusu-2025-10-20-192828-300x167.png 300w, https:\/\/www.tgrthaber.com\/mavikadin\/wp-content\/uploads\/Ekran-goruntusu-2025-10-20-192828-768x427.png 768w, https:\/\/www.tgrthaber.com\/mavikadin\/wp-content\/uploads\/Ekran-goruntusu-2025-10-20-192828.png 1023w\" sizes=\"(max-width: 1208px) 100vw, 1208px\" \/><\/p>\n<hr \/>\n<h3>ZUHAL TOPAL&#8217;LA YEMEKTEY\u0130Z HAFTA \u0130\u00c7\u0130 TV 8 EKRANLARINA DAMGA VURUYOR<\/h3>\n<p>Hafta i\u00e7i her g\u00fcn saat 16.00\u2019da TV8 ekranlar\u0131nda yay\u0131nlanan Zuhal Topal\u2019la Yemekteyiz, 20\u201324 Ekim haftas\u0131nda da ekranlara damga vurmaya devam ediyor.<\/p>\n<p><img loading=\"lazy\" decoding=\"async\" class=\"alignnone wp-image-251773\" src=\"https:\/\/www.tgrthaber.com\/mavikadin\/wp-content\/uploads\/Ekran-Resmi-2025-10-14-05.59.34-1-300x203.webp\" alt=\"\" width=\"1208\" height=\"817\" title=\"\" srcset=\"https:\/\/www.tgrthaber.com\/mavikadin\/wp-content\/uploads\/Ekran-Resmi-2025-10-14-05.59.34-1-300x203.webp 300w, https:\/\/www.tgrthaber.com\/mavikadin\/wp-content\/uploads\/Ekran-Resmi-2025-10-14-05.59.34-1-1024x693.webp 1024w, https:\/\/www.tgrthaber.com\/mavikadin\/wp-content\/uploads\/Ekran-Resmi-2025-10-14-05.59.34-1-768x519.webp 768w, https:\/\/www.tgrthaber.com\/mavikadin\/wp-content\/uploads\/Ekran-Resmi-2025-10-14-05.59.34-1.webp 1440w\" sizes=\"(max-width: 1208px) 100vw, 1208px\" \/><\/p>\n<hr \/>\n<p>5 yar\u0131\u015fmac\u0131 her hafta 200 bin TL\u2019lik b\u00fcy\u00fck \u00f6d\u00fcl i\u00e7in yar\u0131\u015f\u0131yor. Haftan\u0131n sonunda, Cuma g\u00fcn\u00fc verilen toplam puanlarla <a href=\"https:\/\/www.tgrthaber.com\/mavikadin\/zuhal-topalla-yemekteyiz-haftanin-kazanani-kim-oldu-yemekteyiz-17-ekim-birincisi-kim\/\">Zuhal Topal&#8217;la Yemekteyiz<\/a>&#8216;de birinci belirleniyor ve kazanan yar\u0131\u015fmac\u0131 200 bin TL&#8217;lik b\u00fcy\u00fck \u00f6d\u00fcl\u00fcn sahibi oluyor.<\/p>\n","protected":false},"excerpt":{"rendered":"<p>Ekranlar\u0131n her hafta b\u00fcy\u00fck bir merakla beklenen yar\u0131\u015fmas\u0131 Yemekteyiz, yeni haftaya yine bomba gibi ba\u015flad\u0131. Yemekteyiz&#8217;in 2. g\u00fcn\u00fc yar\u0131\u015fan yar\u0131\u015fmac\u0131s\u0131 Safiye \u0130\u015feri ise daha ilk dakikadan izleyiciden tam not ald\u0131. Peki Zuhal Topal&#8217;la Yemekteyiz Safiye \u0130\u015feri kimdir, ka\u00e7 ya\u015f\u0131nda? Yemekteyiz Safiye ne i\u015f yap\u0131yor? \u0130\u015fte Yemekteyiz&#8217;e dair merak edilen detaylar&#8230;<\/p>\n","protected":false},"author":35,"featured_media":251767,"comment_status":"closed","ping_status":"closed","sticky":false,"template":"","format":"standard","meta":{"rank_math_lock_modified_date":false,"footnotes":""},"categories":[491],"tags":[3374,64798,64795,64796,64797],"class_list":["post-251756","post","type-post","status-publish","format-standard","has-post-thumbnail","hentry","category-biyografi","tag-biyografi","tag-safiye-iseri-kac-yasinda","tag-yeemkteyiz","tag-yemekteyiz-20-24-ekim","tag-yemekteyiz-safiye-kimdir"],"_links":{"self":[{"href":"https:\/\/www.tgrthaber.com\/mavikadin\/wp-json\/wp\/v2\/posts\/251756"}],"collection":[{"href":"https:\/\/www.tgrthaber.com\/mavikadin\/wp-json\/wp\/v2\/posts"}],"about":[{"href":"https:\/\/www.tgrthaber.com\/mavikadin\/wp-json\/wp\/v2\/types\/post"}],"author":[{"embeddable":true,"href":"https:\/\/www.tgrthaber.com\/mavikadin\/wp-json\/wp\/v2\/users\/35"}],"replies":[{"embeddable":true,"href":"https:\/\/www.tgrthaber.com\/mavikadin\/wp-json\/wp\/v2\/comments?post=251756"}],"version-history":[{"count":2,"href":"https:\/\/www.tgrthaber.com\/mavikadin\/wp-json\/wp\/v2\/posts\/251756\/revisions"}],"predecessor-version":[{"id":251775,"href":"https:\/\/www.tgrthaber.com\/mavikadin\/wp-json\/wp\/v2\/posts\/251756\/revisions\/251775"}],"wp:featuredmedia":[{"embeddable":true,"href":"https:\/\/www.tgrthaber.com\/mavikadin\/wp-json\/wp\/v2\/media\/251767"}],"wp:attachment":[{"href":"https:\/\/www.tgrthaber.com\/mavikadin\/wp-json\/wp\/v2\/media?parent=251756"}],"wp:term":[{"taxonomy":"category","embeddable":true,"href":"https:\/\/www.tgrthaber.com\/mavikadin\/wp-json\/wp\/v2\/categories?post=251756"},{"taxonomy":"post_tag","embeddable":true,"href":"https:\/\/www.tgrthaber.com\/mavikadin\/wp-json\/wp\/v2\/tags?post=251756"}],"curies":[{"name":"wp","href":"https:\/\/api.w.org\/{rel}","templated":true}]}}