{"id":251777,"date":"2025-10-20T20:33:15","date_gmt":"2025-10-20T17:33:15","guid":{"rendered":"https:\/\/www.tgrthaber.com\/mavikadin\/?p=251777"},"modified":"2025-10-20T20:33:16","modified_gmt":"2025-10-20T17:33:16","slug":"unlulerin-aciklanan-test-sonuclarina-dair-soke-eden-detay-sosyal-medya-calkalaniyor","status":"publish","type":"post","link":"https:\/\/www.tgrthaber.com\/mavikadin\/unlulerin-aciklanan-test-sonuclarina-dair-soke-eden-detay-sosyal-medya-calkalaniyor\/","title":{"rendered":"\u00dcnl\u00fclerin a\u00e7\u0131klanan test sonu\u00e7lar\u0131na dair \u015foke eden detay! Sosyal medya \u00e7alkalan\u0131yor"},"content":{"rendered":"<p>Haftalard\u0131r magazin d\u00fcnyas\u0131n\u0131 sarsan \u00fcnl\u00fc operasyonuna dair \u015foke eden detay ortal\u0131\u011f\u0131 resmen kar\u0131\u015ft\u0131rd\u0131. \u0130stanbul \u0130l Jandarma Komutanl\u0131\u011f\u0131 Narkotik \u015eube M\u00fcd\u00fcrl\u00fc\u011f\u00fc taraf\u0131ndan d\u00fczenlenen operasyonda, 19 \u00fcnl\u00fc isimden sa\u00e7 ve kan \u00f6rnekleri al\u0131nm\u0131\u015f, test sonu\u00e7lar\u0131 ge\u00e7ti\u011fimiz Cuma ak\u015fam\u0131 bas\u0131nla payla\u015f\u0131lm\u0131\u015ft\u0131. Ancak \u00fcnl\u00fclerin a\u00e7\u0131klanan test sonu\u00e7lar\u0131na dair beklenmeyen bir detay sosyal medyan\u0131n g\u00fcndemine oturdu. \u00d6yle ki, bu bilgi dosyan\u0131n seyrini de\u011fi\u015ftirecek nitelikte! Adli T\u0131p raporlar\u0131n\u0131n hala savc\u0131l\u0131\u011fa ula\u015fmad\u0131\u011f\u0131 ve UYAP sisteminde bile g\u00f6r\u00fcnmedi\u011fi ortaya \u00e7\u0131kt\u0131. \u0130\u015fte detaylar&#8230;<\/p>\n<h3>\u00dcNL\u00dcLER\u0130N A\u00c7IKLANAN TEST SONU\u00c7LARINA DA\u0130R \u015eOKE EDEN DETAY!<\/h3>\n<p>\u0130stanbul \u0130l Jandarma Komutanl\u0131\u011f\u0131 Narkotik \u015eube M\u00fcd\u00fcrl\u00fc\u011f\u00fc\u2019n\u00fcn y\u00fcr\u00fctt\u00fc\u011f\u00fc soru\u015fturma kapsam\u0131nda \u00fcnl\u00fc isimlere yap\u0131lan \u015fafak operasyonu, bas\u0131nda ve sosyal medyada b\u00fcy\u00fck ses getirmi\u015fti.<\/p>\n<p><img loading=\"lazy\" decoding=\"async\" class=\"alignnone wp-image-251781\" src=\"https:\/\/www.tgrthaber.com\/mavikadin\/wp-content\/uploads\/test-sonuclari-aciklandi-hangi-unluler-temiz-kimler-madde-kullandi-300x169.webp\" alt=\"\" width=\"1208\" height=\"680\" title=\"\" srcset=\"https:\/\/www.tgrthaber.com\/mavikadin\/wp-content\/uploads\/test-sonuclari-aciklandi-hangi-unluler-temiz-kimler-madde-kullandi-300x169.webp 300w, https:\/\/www.tgrthaber.com\/mavikadin\/wp-content\/uploads\/test-sonuclari-aciklandi-hangi-unluler-temiz-kimler-madde-kullandi-1024x576.webp 1024w, https:\/\/www.tgrthaber.com\/mavikadin\/wp-content\/uploads\/test-sonuclari-aciklandi-hangi-unluler-temiz-kimler-madde-kullandi-768x432.webp 768w, https:\/\/www.tgrthaber.com\/mavikadin\/wp-content\/uploads\/test-sonuclari-aciklandi-hangi-unluler-temiz-kimler-madde-kullandi.webp 1280w\" sizes=\"(max-width: 1208px) 100vw, 1208px\" \/><\/p>\n<hr \/>\n<p>Operasyonda Dilan Polat, Engin Polat, \u0130rem Derici, Kubilay Aka, Kaan Y\u0131ld\u0131r\u0131m, Hadise A\u00e7\u0131kg\u00f6z, Berrak T\u00fcz\u00fcnata\u00e7, Duygu \u00d6zaslan Mutaf, Demet Evgar Babata\u015f, Zeynep Meri\u00e7 Aral Keskin, \u00d6zge \u00d6zpirin\u00e7ci, <a href=\"https:\/\/www.tgrthaber.com\/mavikadin\/mert-yazicioglu-neden-gozaltina-alindi-unlu-isimlere-safak-operasyonu\/\">Mert Yaz\u0131c\u0131o\u011flu<\/a>, Feyza Altun, Derin ve Deren Talu, Ziynet Sali, Birce Akalay, Metin Akd\u00fclger ile Ceren Moray Orcan yer alm\u0131\u015ft\u0131. Herkes Adli T\u0131p raporlar\u0131ndan \u00e7\u0131kacak sonu\u00e7lar\u0131 merak ediyordu.<\/p>\n<p><img loading=\"lazy\" decoding=\"async\" class=\"alignnone wp-image-251779\" src=\"https:\/\/www.tgrthaber.com\/mavikadin\/wp-content\/uploads\/unluler-4-300x169.webp\" alt=\"\" width=\"1208\" height=\"680\" title=\"\" srcset=\"https:\/\/www.tgrthaber.com\/mavikadin\/wp-content\/uploads\/unluler-4-300x169.webp 300w, https:\/\/www.tgrthaber.com\/mavikadin\/wp-content\/uploads\/unluler-4-1024x576.webp 1024w, https:\/\/www.tgrthaber.com\/mavikadin\/wp-content\/uploads\/unluler-4-768x432.webp 768w, https:\/\/www.tgrthaber.com\/mavikadin\/wp-content\/uploads\/unluler-4.webp 1280w\" sizes=\"(max-width: 1208px) 100vw, 1208px\" \/><\/p>\n<hr \/>\n<p>Ancak \u00fcnl\u00fc operasyonu sonunda a\u00e7\u0131klanan test sonu\u00e7lar\u0131na dair \u015foke eden bir detay ortaya \u00e7\u0131kt\u0131. Avukatlar\u0131n ba\u015fvurusu sonucunda, raporlar\u0131n daha savc\u0131l\u0131k dosyas\u0131na bile girmedi\u011fi \u00f6\u011frenildi. \u00dcstelik UYAP \u00fczerinden de eri\u015fim sa\u011flanam\u0131yor. Bununla birlikte dosyada hala resmi bir i\u015flem de ba\u015flat\u0131lm\u0131\u015f de\u011fil.<\/p>\n<p><img loading=\"lazy\" decoding=\"async\" class=\"alignnone wp-image-251782\" src=\"https:\/\/www.tgrthaber.com\/mavikadin\/wp-content\/uploads\/Ekran-goruntusu-2025-10-20-202745-300x169.png\" alt=\"\" width=\"1208\" height=\"680\" title=\"\" srcset=\"https:\/\/www.tgrthaber.com\/mavikadin\/wp-content\/uploads\/Ekran-goruntusu-2025-10-20-202745-300x169.png 300w, https:\/\/www.tgrthaber.com\/mavikadin\/wp-content\/uploads\/Ekran-goruntusu-2025-10-20-202745.png 622w\" sizes=\"(max-width: 1208px) 100vw, 1208px\" \/><\/p>\n<hr \/>\n<h3>8 POZ\u0130T\u0130F 4 YE\u015e\u0130L RE\u00c7ETE<\/h3>\n<p>Payla\u015f\u0131lan sonu\u00e7lara g\u00f6re, 19 isimden 8\u2019inin testleri pozitif \u00e7\u0131km\u0131\u015ft\u0131. Belirlenen bu ki\u015filerde uyu\u015fturucu madde tespit edildi. 4 \u00fcnl\u00fc isim ise yaln\u0131zca ye\u015fil re\u00e7ete ile temin edilen ila\u00e7 etken maddeleri tespit edildi. Geriye kalan 7 ki\u015finin sonu\u00e7lar\u0131nda herhangi bir maddeye rastlanmad\u0131.<\/p>\n<p><img loading=\"lazy\" decoding=\"async\" class=\"alignnone wp-image-251784\" src=\"https:\/\/www.tgrthaber.com\/mavikadin\/wp-content\/uploads\/Ekran-goruntusu-2025-10-20-202804-300x146.png\" alt=\"\" width=\"1208\" height=\"587\" title=\"\" srcset=\"https:\/\/www.tgrthaber.com\/mavikadin\/wp-content\/uploads\/Ekran-goruntusu-2025-10-20-202804-300x146.png 300w, https:\/\/www.tgrthaber.com\/mavikadin\/wp-content\/uploads\/Ekran-goruntusu-2025-10-20-202804.png 638w\" sizes=\"(max-width: 1208px) 100vw, 1208px\" \/><\/p>\n<hr \/>\n<h3>Testleri pozitif \u00e7\u0131kan \u00fcnl\u00fcler<\/h3>\n<p>Dilan Polat<\/p>\n<p>Derin Talu<\/p>\n<p>Deren Talu<\/p>\n<p>Berrak T\u00fcz\u00fcnata\u00e7<\/p>\n<p><img loading=\"lazy\" decoding=\"async\" class=\"alignnone wp-image-251780\" src=\"https:\/\/www.tgrthaber.com\/mavikadin\/wp-content\/uploads\/gozalti-unluler-300x169.webp\" alt=\"\" width=\"1208\" height=\"680\" title=\"\" srcset=\"https:\/\/www.tgrthaber.com\/mavikadin\/wp-content\/uploads\/gozalti-unluler-300x169.webp 300w, https:\/\/www.tgrthaber.com\/mavikadin\/wp-content\/uploads\/gozalti-unluler-1024x576.webp 1024w, https:\/\/www.tgrthaber.com\/mavikadin\/wp-content\/uploads\/gozalti-unluler-768x432.webp 768w, https:\/\/www.tgrthaber.com\/mavikadin\/wp-content\/uploads\/gozalti-unluler.webp 1280w\" sizes=\"(max-width: 1208px) 100vw, 1208px\" \/><\/p>\n<hr \/>\n<p>Birce Akalay<\/p>\n<p>Kubilay Aka<\/p>\n<p>Metin Akd\u00fclger<\/p>\n<p>Kaan Y\u0131ld\u0131r\u0131m<\/p>\n<p><img loading=\"lazy\" decoding=\"async\" class=\"alignnone wp-image-251783\" src=\"https:\/\/www.tgrthaber.com\/mavikadin\/wp-content\/uploads\/Ekran-goruntusu-2025-10-20-202756-300x171.png\" alt=\"\" width=\"1208\" height=\"689\" title=\"\" srcset=\"https:\/\/www.tgrthaber.com\/mavikadin\/wp-content\/uploads\/Ekran-goruntusu-2025-10-20-202756-300x171.png 300w, https:\/\/www.tgrthaber.com\/mavikadin\/wp-content\/uploads\/Ekran-goruntusu-2025-10-20-202756.png 621w\" sizes=\"(max-width: 1208px) 100vw, 1208px\" \/><\/p>\n<hr \/>\n<h3>Ye\u015fil re\u00e7ete ile temin edilen ila\u00e7 etken maddesine rastlanan \u00fcnl\u00fcler<\/h3>\n<p>Engin Polat<\/p>\n<p>\u0130rem Derici<\/p>\n<p>Feyza Altun<\/p>\n<p>Ziynet Sali<\/p>\n","protected":false},"excerpt":{"rendered":"<p>Haftalard\u0131r g\u00fcndemden d\u00fc\u015fmeyen \u00fcnl\u00fc operasyonu davas\u0131nda fla\u015f bir geli\u015fme ya\u015fand\u0131. Magazin sayfalar\u0131nda yer alan test sonu\u00e7lar\u0131 man\u015fetlerde ilk s\u0131rada yer al\u0131rken, ortaya \u00e7\u0131kan ger\u00e7ek herkesi \u015foke etti. \u0130\u015fte \u00fcnl\u00fc operasyonuna dair son geli\u015fmeler&#8230;<\/p>\n","protected":false},"author":35,"featured_media":251778,"comment_status":"closed","ping_status":"closed","sticky":false,"template":"","format":"standard","meta":{"rank_math_lock_modified_date":false,"footnotes":""},"categories":[76],"tags":[133,64800,64801,64799],"class_list":["post-251777","post","type-post","status-publish","format-standard","has-post-thumbnail","hentry","category-magazin","tag-magazin","tag-unlu-operasyonu","tag-unlu-safak-operasyonu","tag-unlu-test-sonucu"],"_links":{"self":[{"href":"https:\/\/www.tgrthaber.com\/mavikadin\/wp-json\/wp\/v2\/posts\/251777"}],"collection":[{"href":"https:\/\/www.tgrthaber.com\/mavikadin\/wp-json\/wp\/v2\/posts"}],"about":[{"href":"https:\/\/www.tgrthaber.com\/mavikadin\/wp-json\/wp\/v2\/types\/post"}],"author":[{"embeddable":true,"href":"https:\/\/www.tgrthaber.com\/mavikadin\/wp-json\/wp\/v2\/users\/35"}],"replies":[{"embeddable":true,"href":"https:\/\/www.tgrthaber.com\/mavikadin\/wp-json\/wp\/v2\/comments?post=251777"}],"version-history":[{"count":2,"href":"https:\/\/www.tgrthaber.com\/mavikadin\/wp-json\/wp\/v2\/posts\/251777\/revisions"}],"predecessor-version":[{"id":251786,"href":"https:\/\/www.tgrthaber.com\/mavikadin\/wp-json\/wp\/v2\/posts\/251777\/revisions\/251786"}],"wp:featuredmedia":[{"embeddable":true,"href":"https:\/\/www.tgrthaber.com\/mavikadin\/wp-json\/wp\/v2\/media\/251778"}],"wp:attachment":[{"href":"https:\/\/www.tgrthaber.com\/mavikadin\/wp-json\/wp\/v2\/media?parent=251777"}],"wp:term":[{"taxonomy":"category","embeddable":true,"href":"https:\/\/www.tgrthaber.com\/mavikadin\/wp-json\/wp\/v2\/categories?post=251777"},{"taxonomy":"post_tag","embeddable":true,"href":"https:\/\/www.tgrthaber.com\/mavikadin\/wp-json\/wp\/v2\/tags?post=251777"}],"curies":[{"name":"wp","href":"https:\/\/api.w.org\/{rel}","templated":true}]}}