{"id":251788,"date":"2025-10-20T21:19:31","date_gmt":"2025-10-20T18:19:31","guid":{"rendered":"https:\/\/www.tgrthaber.com\/mavikadin\/?p=251788"},"modified":"2025-10-20T21:19:32","modified_gmt":"2025-10-20T18:19:32","slug":"kurtlar-vadisinin-ereni-kerem-firtina-ve-sunucu-gozde-seker-evlendi-nikah-paylasimina-begeni-yagdi","status":"publish","type":"post","link":"https:\/\/www.tgrthaber.com\/mavikadin\/kurtlar-vadisinin-ereni-kerem-firtina-ve-sunucu-gozde-seker-evlendi-nikah-paylasimina-begeni-yagdi\/","title":{"rendered":"Kurtlar Vadisi&#8217;nin Eren&#8217;i Kerem F\u0131rt\u0131na ve sunucu G\u00f6zde \u015eeker evlendi! Nikah payla\u015f\u0131m\u0131na be\u011feni ya\u011fd\u0131"},"content":{"rendered":"<p>\u00dcnl\u00fc oyuncu Kerem F\u0131rt\u0131na ve Halk TV sunucusu G\u00f6zde \u015eeker, sade bir nikah t\u00f6reniyle d\u00fcnyaevine girdi. Aile ve yak\u0131n dostlar\u0131n kat\u0131ld\u0131\u011f\u0131 nikah, sosyal medyada geni\u015f yank\u0131 uyand\u0131rd\u0131. Siyasetten, sanat d\u00fcnyas\u0131na pek \u00e7ok \u00fcnl\u00fc ismin yer ald\u0131\u011f\u0131 nikah t\u00f6reninden gelen karelere ise sosyal medyadan be\u011feni ya\u011fd\u0131. \u00dcnl\u00fc \u00e7iftin nikah\u0131ndan en \u00e7ok konu\u015fulan detaylardan biri de Selahattin Demirta\u015f&#8217;\u0131n e\u015fi Ba\u015fak Demirta\u015f&#8217;\u0131n nikah \u015fahidi olmas\u0131 oldu. \u0130\u015fte detaylar&#8230;<\/p>\n<h3>KURTLAR VAD\u0130S\u0130&#8217;N\u0130N EREN&#8217;\u0130 KEREM FIRTINA VE SUNUCU G\u00d6ZDE \u015eEKER EVLEND\u0130!<\/h3>\n<p>Uzun zamand\u0131r oyunculu\u011fundaki performans\u0131 ve siyasetteki hamleleriyle ad\u0131ndan s\u00f6z ettiren Kerem F\u0131rt\u0131na, \u00f6zel hayat\u0131yla g\u00fcndeme bomba gibi d\u00fc\u015ft\u00fc.<\/p>\n<p><img loading=\"lazy\" decoding=\"async\" class=\"alignnone wp-image-251790\" src=\"https:\/\/www.tgrthaber.com\/mavikadin\/wp-content\/uploads\/Adsiz-tasarim-46-19-300x169.png\" alt=\"\" width=\"1208\" height=\"680\" title=\"\" srcset=\"https:\/\/www.tgrthaber.com\/mavikadin\/wp-content\/uploads\/Adsiz-tasarim-46-19-300x169.png 300w, https:\/\/www.tgrthaber.com\/mavikadin\/wp-content\/uploads\/Adsiz-tasarim-46-19-1024x576.png 1024w, https:\/\/www.tgrthaber.com\/mavikadin\/wp-content\/uploads\/Adsiz-tasarim-46-19-768x432.png 768w, https:\/\/www.tgrthaber.com\/mavikadin\/wp-content\/uploads\/Adsiz-tasarim-46-19-1536x864.png 1536w, https:\/\/www.tgrthaber.com\/mavikadin\/wp-content\/uploads\/Adsiz-tasarim-46-19.png 1920w\" sizes=\"(max-width: 1208px) 100vw, 1208px\" \/><\/p>\n<hr \/>\n<p>Halk TV&#8217;nin ba\u015far\u0131l\u0131 isimlerinden G\u00f6zde \u015eeker ile evlenen Kerem F\u0131rt\u0131na, sade bir nikah t\u00f6reni ile nikah masas\u0131na oturdu. Sosyal medyadan payla\u015f\u0131lan karelere ise binlerce be\u011feni ya\u011fd\u0131. \u0130\u015fte <span class=\"css-1jxf684 r-bcqeeo r-1ttztb7 r-qvutc0 r-poiln3\">Oyuncu <\/span><span class=\"css-1jxf684 r-bcqeeo r-1ttztb7 r-qvutc0 r-poiln3 r-b88u0q\">Kerem<\/span> <span class=\"css-1jxf684 r-bcqeeo r-1ttztb7 r-qvutc0 r-poiln3 r-b88u0q\">F\u0131rt\u0131na<\/span><span class=\"css-1jxf684 r-bcqeeo r-1ttztb7 r-qvutc0 r-poiln3\">, spiker G\u00f6zde \u015eeker&#8217;in nikah\u0131na dair g\u00fcndem olan g\u00f6r\u00fcnt\u00fcler&#8230;<\/span><\/p>\n<p><img loading=\"lazy\" decoding=\"async\" class=\"alignnone wp-image-251795\" src=\"https:\/\/www.tgrthaber.com\/mavikadin\/wp-content\/uploads\/yeni-haber-basligi_1da3e181-300x174.webp\" alt=\"\" width=\"1208\" height=\"699\" title=\"\" srcset=\"https:\/\/www.tgrthaber.com\/mavikadin\/wp-content\/uploads\/yeni-haber-basligi_1da3e181-300x174.webp 300w, https:\/\/www.tgrthaber.com\/mavikadin\/wp-content\/uploads\/yeni-haber-basligi_1da3e181-1024x592.webp 1024w, https:\/\/www.tgrthaber.com\/mavikadin\/wp-content\/uploads\/yeni-haber-basligi_1da3e181-768x444.webp 768w, https:\/\/www.tgrthaber.com\/mavikadin\/wp-content\/uploads\/yeni-haber-basligi_1da3e181.webp 1200w\" sizes=\"(max-width: 1208px) 100vw, 1208px\" \/><\/p>\n<hr \/>\n<h3>N\u0130KAH PAYLA\u015eIMINA BE\u011eEN\u0130 YA\u011eDI<\/h3>\n<p>Kerem F\u0131rt\u0131na ve G\u00f6zde \u015eeker&#8217;in nikah t\u00f6renine dair kareler sosyal medya \u00fczerinden takip\u00e7ileriyle payla\u015f\u0131ld\u0131. Nikah foto\u011fraflar\u0131na an\u0131nda be\u011feni ve tebrik mesajlar\u0131 ya\u011fd\u0131.<\/p>\n<p><img loading=\"lazy\" decoding=\"async\" class=\"alignnone wp-image-251793\" src=\"https:\/\/www.tgrthaber.com\/mavikadin\/wp-content\/uploads\/PtYQ62Tcv0WDSRjHxAxcEQ-300x170.webp\" alt=\"\" width=\"1208\" height=\"686\" title=\"\" srcset=\"https:\/\/www.tgrthaber.com\/mavikadin\/wp-content\/uploads\/PtYQ62Tcv0WDSRjHxAxcEQ-300x170.webp 300w, https:\/\/www.tgrthaber.com\/mavikadin\/wp-content\/uploads\/PtYQ62Tcv0WDSRjHxAxcEQ-1024x581.webp 1024w, https:\/\/www.tgrthaber.com\/mavikadin\/wp-content\/uploads\/PtYQ62Tcv0WDSRjHxAxcEQ-768x436.webp 768w, https:\/\/www.tgrthaber.com\/mavikadin\/wp-content\/uploads\/PtYQ62Tcv0WDSRjHxAxcEQ.webp 1080w\" sizes=\"(max-width: 1208px) 100vw, 1208px\" \/><\/p>\n<hr \/>\n<p>\u00d6zellikle Kurtlar Vadisi&#8217;nde ba\u015far\u0131l\u0131 performans\u0131yla haf\u0131zalara kaz\u0131nan Kerem F\u0131rt\u0131na i\u00e7in &#8216; Polat&#8217;\u0131n dostu art\u0131k evli&#8217;, &#8216;Kurtlar Vadisi Eren&#8217;i damat oldu&#8217; gibi yorumlar eksik olmad\u0131.<\/p>\n<p><img loading=\"lazy\" decoding=\"async\" class=\"alignnone wp-image-251797\" src=\"https:\/\/www.tgrthaber.com\/mavikadin\/wp-content\/uploads\/Adsiz-tasarim-47-18-300x169.png\" alt=\"\" width=\"1208\" height=\"680\" title=\"\" srcset=\"https:\/\/www.tgrthaber.com\/mavikadin\/wp-content\/uploads\/Adsiz-tasarim-47-18-300x169.png 300w, https:\/\/www.tgrthaber.com\/mavikadin\/wp-content\/uploads\/Adsiz-tasarim-47-18-1024x576.png 1024w, https:\/\/www.tgrthaber.com\/mavikadin\/wp-content\/uploads\/Adsiz-tasarim-47-18-768x432.png 768w, https:\/\/www.tgrthaber.com\/mavikadin\/wp-content\/uploads\/Adsiz-tasarim-47-18-1536x864.png 1536w, https:\/\/www.tgrthaber.com\/mavikadin\/wp-content\/uploads\/Adsiz-tasarim-47-18.png 1920w\" sizes=\"(max-width: 1208px) 100vw, 1208px\" \/><\/p>\n<hr \/>\n<h3>N\u0130KAH \u015eAH\u0130D\u0130 BA\u015eAK DEM\u0130RTA\u015e OLDU<\/h3>\n<p>\u00dcnl\u00fc \u00e7iftin nikah\u0131na dair en dikkat \u00e7eken detay ise \u015fu anda cezaevinde bulunan eski HDP E\u015f Genel Ba\u015fkan\u0131 Selahattin Demirta\u015f&#8217;\u0131n e\u015fi Ba\u015fak Demirta\u015f&#8217;\u0131n nikah \u015fahidi oldu\u011fu anlard\u0131. Siyaset d\u00fcnyas\u0131nda da geni\u015f yer bulan bu detay, ayn\u0131 zamanda sosyal medyan\u0131n da g\u00fcndeminde yank\u0131 buldu.<\/p>\n<div style=\"width: 640px;\" class=\"wp-video\"><!--[if lt IE 9]><script>document.createElement('video');<\/script><![endif]-->\n<video class=\"wp-video-shortcode\" id=\"video-251788-1\" width=\"640\" height=\"1138\" preload=\"metadata\" controls=\"controls\"><source type=\"video\/mp4\" src=\"https:\/\/www.tgrthaber.com\/mavikadin\/wp-content\/uploads\/w-5bslA-MxCwEqep.mp4?_=1\" \/><a href=\"https:\/\/www.tgrthaber.com\/mavikadin\/wp-content\/uploads\/w-5bslA-MxCwEqep.mp4\">https:\/\/www.tgrthaber.com\/mavikadin\/wp-content\/uploads\/w-5bslA-MxCwEqep.mp4<\/a><\/video><\/div>\n<hr \/>\n<p>Bununla birlikte Kerem F\u0131rt\u0131na ve <a href=\"https:\/\/www.tgrthaber.com\/mavikadin\/gozde-seker-kimdir-halk-tv-sunucusu-gozde-sekerin-hayati\/\">G\u00f6zde \u015eeker<\/a>&#8216;in nikah t\u00f6reninde Sol Parti Meclisi \u00dcyesi Alper Ta\u015f da dikkat \u00e7eken isimler aras\u0131nda bulunuyordu.<\/p>\n<p><img loading=\"lazy\" decoding=\"async\" class=\"alignnone wp-image-251798\" src=\"https:\/\/www.tgrthaber.com\/mavikadin\/wp-content\/uploads\/Adsiz-tasarim-48-21-300x169.png\" alt=\"\" width=\"1208\" height=\"680\" title=\"\" srcset=\"https:\/\/www.tgrthaber.com\/mavikadin\/wp-content\/uploads\/Adsiz-tasarim-48-21-300x169.png 300w, https:\/\/www.tgrthaber.com\/mavikadin\/wp-content\/uploads\/Adsiz-tasarim-48-21-1024x576.png 1024w, https:\/\/www.tgrthaber.com\/mavikadin\/wp-content\/uploads\/Adsiz-tasarim-48-21-768x432.png 768w, https:\/\/www.tgrthaber.com\/mavikadin\/wp-content\/uploads\/Adsiz-tasarim-48-21-1536x864.png 1536w, https:\/\/www.tgrthaber.com\/mavikadin\/wp-content\/uploads\/Adsiz-tasarim-48-21.png 1920w\" sizes=\"(max-width: 1208px) 100vw, 1208px\" \/><\/p>\n<hr \/>\n<p>\u00dcnl\u00fc \u00e7iftin \u00e7ok konu\u015fulan nikah\u0131nda bulunan Sol Parti PM \u00dcyesi Alper Ta\u015f &#8220;G\u00f6zde \u015eeker ve Kerem F\u0131rt\u0131na\u2019n\u0131n g\u00fczelliklerine e\u015flik ettik. Her daim mutluluklar diledik\u2019\u2019 ifadelerini kulland\u0131.<\/p>\n","protected":false},"excerpt":{"rendered":"<p>Ekranlar\u0131n unutulmaz dizilerinden Kurtlar Vadisi&#8217;nin haf\u0131zalara kaz\u0131nan ismi Eren&#8217;i oynayan \u00fcnl\u00fc oyuncu Kerem F\u0131rt\u0131na, g\u00fczel sunucu G\u00f6zde \u015eeker ile evlendi. Nikahtan ilk karelere ise sosyal medyadan be\u011feni ve yorum ya\u011fd\u0131. \u0130\u015fte detaylar&#8230;<\/p>\n","protected":false},"author":35,"featured_media":251789,"comment_status":"closed","ping_status":"closed","sticky":false,"template":"","format":"standard","meta":{"rank_math_lock_modified_date":false,"footnotes":""},"categories":[76],"tags":[64754,64803,64802,64804,133],"class_list":["post-251788","post","type-post","status-publish","format-standard","has-post-thumbnail","hentry","category-magazin","tag-gozde-seker","tag-halk-tv-spikeri","tag-kerem-firtina","tag-kerem-firtina-evlendi","tag-magazin"],"_links":{"self":[{"href":"https:\/\/www.tgrthaber.com\/mavikadin\/wp-json\/wp\/v2\/posts\/251788"}],"collection":[{"href":"https:\/\/www.tgrthaber.com\/mavikadin\/wp-json\/wp\/v2\/posts"}],"about":[{"href":"https:\/\/www.tgrthaber.com\/mavikadin\/wp-json\/wp\/v2\/types\/post"}],"author":[{"embeddable":true,"href":"https:\/\/www.tgrthaber.com\/mavikadin\/wp-json\/wp\/v2\/users\/35"}],"replies":[{"embeddable":true,"href":"https:\/\/www.tgrthaber.com\/mavikadin\/wp-json\/wp\/v2\/comments?post=251788"}],"version-history":[{"count":2,"href":"https:\/\/www.tgrthaber.com\/mavikadin\/wp-json\/wp\/v2\/posts\/251788\/revisions"}],"predecessor-version":[{"id":251800,"href":"https:\/\/www.tgrthaber.com\/mavikadin\/wp-json\/wp\/v2\/posts\/251788\/revisions\/251800"}],"wp:featuredmedia":[{"embeddable":true,"href":"https:\/\/www.tgrthaber.com\/mavikadin\/wp-json\/wp\/v2\/media\/251789"}],"wp:attachment":[{"href":"https:\/\/www.tgrthaber.com\/mavikadin\/wp-json\/wp\/v2\/media?parent=251788"}],"wp:term":[{"taxonomy":"category","embeddable":true,"href":"https:\/\/www.tgrthaber.com\/mavikadin\/wp-json\/wp\/v2\/categories?post=251788"},{"taxonomy":"post_tag","embeddable":true,"href":"https:\/\/www.tgrthaber.com\/mavikadin\/wp-json\/wp\/v2\/tags?post=251788"}],"curies":[{"name":"wp","href":"https:\/\/api.w.org\/{rel}","templated":true}]}}