{"id":251818,"date":"2025-10-20T22:49:18","date_gmt":"2025-10-20T19:49:18","guid":{"rendered":"https:\/\/www.tgrthaber.com\/mavikadin\/?p=251818"},"modified":"2025-10-20T22:49:18","modified_gmt":"2025-10-20T19:49:18","slug":"merakla-beklenen-inci-taneleri-basliyor-yilmaz-erdogan-yeni-sezonu-mujdeledi","status":"publish","type":"post","link":"https:\/\/www.tgrthaber.com\/mavikadin\/merakla-beklenen-inci-taneleri-basliyor-yilmaz-erdogan-yeni-sezonu-mujdeledi\/","title":{"rendered":"Merakla beklenen \u0130nci Taneleri ba\u015fl\u0131yor! Y\u0131lmaz Erdo\u011fan yeni sezonu m\u00fcjdeledi"},"content":{"rendered":"<p>\u0130nci Taneleri ilk sezonuyla reytingleri alt\u00fcst etmi\u015fti. Sosyal medyada f\u0131rt\u0131nalar estiren \u0130nci Taneleri, b\u00fcy\u00fck bir heyecanla yeni sezon i\u00e7in beklenen d\u00f6n\u00fc\u015f\u00fcn\u00fc yap\u0131yor. Y\u0131lmaz Erdo\u011fan\u2019\u0131n kendi sosyal medya hesab\u0131 \u00fczerinden yapt\u0131\u011f\u0131 payla\u015f\u0131m, milyonlar\u0131n y\u00fcz\u00fcn\u00fc g\u00fcld\u00fcrecek t\u00fcrden. \u0130\u015fte \u0130nci Taneleri dizisini merakla bekleyenleri ilgilendiren t\u00fcm detaylar&#8230;<\/p>\n<h3>MERAKLA BEKLENEN \u0130NC\u0130 TANELER\u0130 BA\u015eLIYOR!<\/h3>\n<p>Ekranlara damga vuran yap\u0131mlar\u0131ndan \u0130nci Taneleri, ikinci sezonuyla yeniden g\u00fcndemde. Usta oyuncu, senarist ve y\u00f6netmen Y\u0131lmaz Erdo\u011fan, kendi sosyal medya hesab\u0131ndan yapt\u0131\u011f\u0131 payla\u015f\u0131mla dizinin \u00e7ekimlerinin ba\u015flad\u0131\u011f\u0131n\u0131 duyurdu.<\/p>\n<p><img loading=\"lazy\" decoding=\"async\" class=\"alignnone wp-image-251825\" src=\"https:\/\/www.tgrthaber.com\/mavikadin\/wp-content\/uploads\/68263d270240c6da461ae98c-1-300x169.webp\" alt=\"\" width=\"1208\" height=\"680\" title=\"\" srcset=\"https:\/\/www.tgrthaber.com\/mavikadin\/wp-content\/uploads\/68263d270240c6da461ae98c-1-300x169.webp 300w, https:\/\/www.tgrthaber.com\/mavikadin\/wp-content\/uploads\/68263d270240c6da461ae98c-1-1024x576.webp 1024w, https:\/\/www.tgrthaber.com\/mavikadin\/wp-content\/uploads\/68263d270240c6da461ae98c-1-768x432.webp 768w, https:\/\/www.tgrthaber.com\/mavikadin\/wp-content\/uploads\/68263d270240c6da461ae98c-1.webp 1200w\" sizes=\"(max-width: 1208px) 100vw, 1208px\" \/><\/p>\n<hr \/>\n<p>Y\u0131lmaz Erdo\u011fan yapt\u0131\u011f\u0131 payla\u015f\u0131mda, &#8216;Halletmemiz gereken baz\u0131 ORGAN\u0130ZE \u0130\u015eLER var, biter bitmez \u0130NC\u0130 TANELER\u0130\u2019ne ba\u015fl\u0131yoruz\u201d diyerek hem \u0130nci Taneleri 2. sezonu m\u00fcjdeledi hem de sosyal medyada dizi takip\u00e7ilerini heyecanland\u0131rd\u0131.<\/p>\n<p><img loading=\"lazy\" decoding=\"async\" class=\"alignnone wp-image-251827\" src=\"https:\/\/www.tgrthaber.com\/mavikadin\/wp-content\/uploads\/i-62-2-300x169.webp\" alt=\"\" width=\"1208\" height=\"680\" title=\"\" srcset=\"https:\/\/www.tgrthaber.com\/mavikadin\/wp-content\/uploads\/i-62-2-300x169.webp 300w, https:\/\/www.tgrthaber.com\/mavikadin\/wp-content\/uploads\/i-62-2.webp 480w\" sizes=\"(max-width: 1208px) 100vw, 1208px\" \/><\/p>\n<hr \/>\n<h3>YILMAZ ERDO\u011eAN YEN\u0130 SEZONU M\u00dcJDELED\u0130<\/h3>\n<p><!--StartFragment --><\/p>\n<p><span class=\"cf0\">Y<\/span><span class=\"cf1\">\u0131lmaz Erdo\u011fan&#8217;\u0131n sosyal medya <\/span><span class=\"cf2\">\u00fczerinden yapt<\/span><span class=\"cf3\">\u0131\u011f\u0131 payla\u015f\u0131mla birlikte, sosyal medya adeta <\/span><span class=\"cf2\">\u00e7alkaland<\/span><span class=\"cf3\">\u0131. Dizinin hayranlar\u0131 &#8216;\u015eubat\u2019ta ba\u015flay\u0131p May\u0131s\u2019ta bitecek galiba&#8217;, &#8216;\u0130nci Taneleri unutulmaz, tozlu raflara kalkmaz,&#8217; &#8216;Sonunda beklenen haber geldi&#8217; gibi yorumlarda bulundu. <\/span><\/p>\n<p><img loading=\"lazy\" decoding=\"async\" class=\"alignnone wp-image-251820\" src=\"https:\/\/www.tgrthaber.com\/mavikadin\/wp-content\/uploads\/6825c6d39e1c606b5fea0ed8-300x169.webp\" alt=\"\" width=\"1208\" height=\"680\" title=\"\" srcset=\"https:\/\/www.tgrthaber.com\/mavikadin\/wp-content\/uploads\/6825c6d39e1c606b5fea0ed8-300x169.webp 300w, https:\/\/www.tgrthaber.com\/mavikadin\/wp-content\/uploads\/6825c6d39e1c606b5fea0ed8-768x432.webp 768w, https:\/\/www.tgrthaber.com\/mavikadin\/wp-content\/uploads\/6825c6d39e1c606b5fea0ed8.webp 1024w\" sizes=\"(max-width: 1208px) 100vw, 1208px\" \/><\/p>\n<hr \/>\n<p><span class=\"cf2\">\u00d6zellikle ilk sezonun etkileyici sezon finalinin sonras<\/span><span class=\"cf3\">\u0131, yeni sezonda merak edilen karakterlerin ak\u0131beti, yeni sezona olan ilgiyi ve heycan\u0131 daha da art\u0131rd\u0131.<\/span><\/p>\n<p><img loading=\"lazy\" decoding=\"async\" class=\"alignnone wp-image-251824\" src=\"https:\/\/www.tgrthaber.com\/mavikadin\/wp-content\/uploads\/66598ffcf13b48132e07e3bb-300x218.webp\" alt=\"\" width=\"1208\" height=\"879\" title=\"\" srcset=\"https:\/\/www.tgrthaber.com\/mavikadin\/wp-content\/uploads\/66598ffcf13b48132e07e3bb-300x218.webp 300w, https:\/\/www.tgrthaber.com\/mavikadin\/wp-content\/uploads\/66598ffcf13b48132e07e3bb-768x559.webp 768w, https:\/\/www.tgrthaber.com\/mavikadin\/wp-content\/uploads\/66598ffcf13b48132e07e3bb.webp 770w\" sizes=\"(max-width: 1208px) 100vw, 1208px\" \/><\/p>\n<hr \/>\n<p><!--EndFragment --><\/p>\n<h3>\u0130NC\u0130 TANELER\u0130 SEZON F\u0130NAL\u0130NDE NELER OLDU?<\/h3>\n<p>Y\u0131lmaz Erdo\u011fan\u2019\u0131n kaleminden \u00e7\u0131kan ve usta oyuncunun ba\u015frolde yer ald\u0131\u011f\u0131 \u0130nci Taneleri, sezon finaliyle izleyicilere unutulmaz sahneler ya\u015fatt\u0131. \u0130nci Taneleri sezon finali sahneleri tansiyonu resmen tavan yapm\u0131\u015ft\u0131.<\/p>\n<p><img loading=\"lazy\" decoding=\"async\" class=\"alignnone wp-image-251823\" src=\"https:\/\/www.tgrthaber.com\/mavikadin\/wp-content\/uploads\/6655c78c6724658493d36b1e-300x169.webp\" alt=\"\" width=\"1208\" height=\"680\" title=\"\" srcset=\"https:\/\/www.tgrthaber.com\/mavikadin\/wp-content\/uploads\/6655c78c6724658493d36b1e-300x169.webp 300w, https:\/\/www.tgrthaber.com\/mavikadin\/wp-content\/uploads\/6655c78c6724658493d36b1e.webp 750w\" sizes=\"(max-width: 1208px) 100vw, 1208px\" \/><\/p>\n<hr \/>\n<p>Dizinin ekranlara gelen son b\u00f6l\u00fc\u00fcnde Zahir, Dilber, Y\u0131ld\u0131z ve Zerre\u2019ye sald\u0131rarak ortal\u0131\u011f\u0131 adeta sava\u015f alan\u0131na \u00e7evirdi. Sokak ortas\u0131nda ya\u015fanan tart\u0131\u015fma s\u0131ras\u0131nda silah sesinin yank\u0131lansa da izleyici kimin vuruldu\u011funu \u00e7\u00f6zemedi ve bu detay sezon finaline adeta damga vurdu.<\/p>\n<p><img loading=\"lazy\" decoding=\"async\" class=\"alignnone wp-image-251826\" src=\"https:\/\/www.tgrthaber.com\/mavikadin\/wp-content\/uploads\/6829db608e64107031533314-300x169.webp\" alt=\"\" width=\"1208\" height=\"680\" title=\"\" srcset=\"https:\/\/www.tgrthaber.com\/mavikadin\/wp-content\/uploads\/6829db608e64107031533314-300x169.webp 300w, https:\/\/www.tgrthaber.com\/mavikadin\/wp-content\/uploads\/6829db608e64107031533314-1024x576.webp 1024w, https:\/\/www.tgrthaber.com\/mavikadin\/wp-content\/uploads\/6829db608e64107031533314-768x432.webp 768w, https:\/\/www.tgrthaber.com\/mavikadin\/wp-content\/uploads\/6829db608e64107031533314.webp 1200w\" sizes=\"(max-width: 1208px) 100vw, 1208px\" \/><\/p>\n<hr \/>\n<p>Bununla birlikte, Azem\u2019in ger\u00e7ek kimli\u011finin ortaya \u00e7\u0131kmas\u0131yla Piraye \u00e7\u00f6k\u00fc\u015f ya\u015fad\u0131, Bir daha Ay\u00e7a\u2019y\u0131 g\u00f6remeyeceksin s\u00f6zleri Azem\u2019i sarsmaya yetti. Azem, b\u00fcy\u00fck bir pi\u015fmanl\u0131k ya\u015farken, Piraye ve Ay\u00e7a ile son bir kez vedala\u015ft\u0131 ve hayatlar\u0131ndan \u00e7\u0131kma karar\u0131 ald\u0131. Finalin en dikkat \u00e7eken detay\u0131 ise, \u00e7ok uzun zaman sonra Cihan ve Nehir\u2019in annelerinin mezarl\u0131\u011f\u0131nda babalar\u0131 Azem\u2019le kar\u015f\u0131la\u015fmas\u0131 oldu.<\/p>\n<p><img loading=\"lazy\" decoding=\"async\" class=\"alignnone wp-image-251822\" src=\"https:\/\/www.tgrthaber.com\/mavikadin\/wp-content\/uploads\/inci_taneleri_sezon_finali_ile_ekrana_geldi_h7920_eb589-300x169.webp\" alt=\"\" width=\"1208\" height=\"680\" title=\"\" srcset=\"https:\/\/www.tgrthaber.com\/mavikadin\/wp-content\/uploads\/inci_taneleri_sezon_finali_ile_ekrana_geldi_h7920_eb589-300x169.webp 300w, https:\/\/www.tgrthaber.com\/mavikadin\/wp-content\/uploads\/inci_taneleri_sezon_finali_ile_ekrana_geldi_h7920_eb589-1024x576.webp 1024w, https:\/\/www.tgrthaber.com\/mavikadin\/wp-content\/uploads\/inci_taneleri_sezon_finali_ile_ekrana_geldi_h7920_eb589-768x432.webp 768w, https:\/\/www.tgrthaber.com\/mavikadin\/wp-content\/uploads\/inci_taneleri_sezon_finali_ile_ekrana_geldi_h7920_eb589.webp 1280w\" sizes=\"(max-width: 1208px) 100vw, 1208px\" \/><\/p>\n<hr \/>\n<p><a href=\"https:\/\/www.tgrthaber.com\/mavikadin\/inci-taneleri-yeni-sezon-basladi-mi-inci-taneleri-hangi-gun\/\">\u0130nci Taneleri<\/a> yeni sezonuyla \u00e7ok yak\u0131nda ba\u015flayacak gibi g\u00f6r\u00fcn\u00fcyor.<\/p>\n","protected":false},"excerpt":{"rendered":"<p>Ekranlara damga vuran \u0130nci Taneleri yeni sezon i\u00e7in beklenen haber geldi. Usta oyuncu Y\u0131lmaz Erdo\u011fan, sosyal medyadan yapt\u0131\u011f\u0131 dikkat \u00e7eken bir payla\u015f\u0131mla dizinin yeni sezonuna dair detaylar\u0131 resmen m\u00fcjdeledi. \u0130\u015fte detaylar&#8230;<\/p>\n","protected":false},"author":35,"featured_media":251819,"comment_status":"closed","ping_status":"closed","sticky":false,"template":"","format":"standard","meta":{"rank_math_lock_modified_date":false,"footnotes":""},"categories":[602],"tags":[3602,3034,64809,3035],"class_list":["post-251818","post","type-post","status-publish","format-standard","has-post-thumbnail","hentry","category-diziler","tag-diziler","tag-inci-taneleri","tag-inci-taneleri-basliyor","tag-yilmaz-erdogan"],"_links":{"self":[{"href":"https:\/\/www.tgrthaber.com\/mavikadin\/wp-json\/wp\/v2\/posts\/251818"}],"collection":[{"href":"https:\/\/www.tgrthaber.com\/mavikadin\/wp-json\/wp\/v2\/posts"}],"about":[{"href":"https:\/\/www.tgrthaber.com\/mavikadin\/wp-json\/wp\/v2\/types\/post"}],"author":[{"embeddable":true,"href":"https:\/\/www.tgrthaber.com\/mavikadin\/wp-json\/wp\/v2\/users\/35"}],"replies":[{"embeddable":true,"href":"https:\/\/www.tgrthaber.com\/mavikadin\/wp-json\/wp\/v2\/comments?post=251818"}],"version-history":[{"count":2,"href":"https:\/\/www.tgrthaber.com\/mavikadin\/wp-json\/wp\/v2\/posts\/251818\/revisions"}],"predecessor-version":[{"id":251829,"href":"https:\/\/www.tgrthaber.com\/mavikadin\/wp-json\/wp\/v2\/posts\/251818\/revisions\/251829"}],"wp:featuredmedia":[{"embeddable":true,"href":"https:\/\/www.tgrthaber.com\/mavikadin\/wp-json\/wp\/v2\/media\/251819"}],"wp:attachment":[{"href":"https:\/\/www.tgrthaber.com\/mavikadin\/wp-json\/wp\/v2\/media?parent=251818"}],"wp:term":[{"taxonomy":"category","embeddable":true,"href":"https:\/\/www.tgrthaber.com\/mavikadin\/wp-json\/wp\/v2\/categories?post=251818"},{"taxonomy":"post_tag","embeddable":true,"href":"https:\/\/www.tgrthaber.com\/mavikadin\/wp-json\/wp\/v2\/tags?post=251818"}],"curies":[{"name":"wp","href":"https:\/\/api.w.org\/{rel}","templated":true}]}}