{"id":251830,"date":"2025-10-20T23:31:21","date_gmt":"2025-10-20T20:31:21","guid":{"rendered":"https:\/\/www.tgrthaber.com\/mavikadin\/?p=251830"},"modified":"2025-10-20T23:31:21","modified_gmt":"2025-10-20T20:31:21","slug":"amerikali-buyukusta-daniel-naroditsky-kimdir-daniel-naroditsky-kac-yasinda-neden-oldu","status":"publish","type":"post","link":"https:\/\/www.tgrthaber.com\/mavikadin\/amerikali-buyukusta-daniel-naroditsky-kimdir-daniel-naroditsky-kac-yasinda-neden-oldu\/","title":{"rendered":"Amerikal\u0131 B\u00fcy\u00fckusta Daniel Naroditsky kimdir? Daniel Naroditsky ka\u00e7 ya\u015f\u0131nda, neden \u00f6ld\u00fc?"},"content":{"rendered":"<p>D\u00fcnyaca \u00fcnl\u00fc gen\u00e7 isim B\u00fcy\u00fckusta Daniel Naroditsky\u2019nin vefat\u0131, internet g\u00fcndeminde h\u0131zl\u0131 yay\u0131ld\u0131. 29 ya\u015f\u0131nda vefat etti\u011fi a\u00e7\u0131klanan Naroditsky\u2019nin \u00f6l\u00fcm sebebi hen\u00fcz a\u00e7\u0131klanmad\u0131. Peki herkesin merak etti\u011fi Amerikal\u0131 B\u00fcy\u00fckusta Daniel Naroditsky kimdir? Daniel Naroditsky ka\u00e7 ya\u015f\u0131nda, neden \u00f6ld\u00fc? \u0130\u015fte merak edilen t\u00fcm detaylar&#8230;<\/p>\n<h3>AMER\u0130KALI B\u00dcY\u00dcKUSTA DANIEL NARODITSKY K\u0130MD\u0130R, KA\u00c7 YA\u015eINDA?<\/h3>\n<p><!--StartFragment --><\/p>\n<p class=\"pf0\"><span class=\"cf0\">Daniel Naroditsky, 9 Kas<\/span><span class=\"cf1\">\u0131m 1995\u2019te Kaliforniya, San Mateo\u2019da do\u011fdu. <\/span><span class=\"cf2\">\u00c7ok k\u00fc\u00e7\u00fck ya<\/span><span class=\"cf3\">\u015fta satran<\/span><span class=\"cf2\">\u00e7la tan<\/span><span class=\"cf3\">\u0131\u015ft\u0131 ve satran<\/span><span class=\"cf2\">\u00e7a olan bu yetene<\/span><span class=\"cf3\">\u011fini h\u0131zla ilerletti. Daniel Naroditsky, 2007\u2019de U12 D<\/span><span class=\"cf2\">\u00fcnya Y<\/span><span class=\"cf3\">\u0131ld\u0131zlar \u015eampiyonas\u0131\u2019nda alt\u0131n madalya kazand\u0131 ve bu zaferle uluslararas\u0131 arenaya ta\u015f\u0131nd\u0131.<\/span><\/p>\n<p><img loading=\"lazy\" decoding=\"async\" class=\"alignnone wp-image-251839\" src=\"https:\/\/www.tgrthaber.com\/mavikadin\/wp-content\/uploads\/Daniel-Naroditsky-450x270-1-300x180.jpeg\" alt=\"\" width=\"1208\" height=\"725\" title=\"\" srcset=\"https:\/\/www.tgrthaber.com\/mavikadin\/wp-content\/uploads\/Daniel-Naroditsky-450x270-1-300x180.jpeg 300w, https:\/\/www.tgrthaber.com\/mavikadin\/wp-content\/uploads\/Daniel-Naroditsky-450x270-1.jpeg 450w\" sizes=\"(max-width: 1208px) 100vw, 1208px\" \/><\/p>\n<hr \/>\n<p class=\"pf0\"><span class=\"cf3\">2013 y\u0131l\u0131nda b<\/span><span class=\"cf2\">\u00fcy\u00fckusta (GM) unvan<\/span><span class=\"cf3\">\u0131n\u0131 elde etti. En y<\/span><span class=\"cf2\">\u00fcksek Elo derecesi May<\/span><span class=\"cf3\">\u0131s 2017\u2019de 2647 olarak kay\u0131tlara ge<\/span><span class=\"cf2\">\u00e7ti. Akademik olarak da dikkat \u00e7eken Daniel Naroditsky, Stanford \u00dcniversitesi\u2019nde tarih alan<\/span><span class=\"cf3\">\u0131nda e\u011fitim alm\u0131\u015ft\u0131r. Satran<\/span><span class=\"cf2\">\u00e7 etkinliklerinde ba<\/span><span class=\"cf3\">\u015far\u0131l\u0131 performans\u0131n\u0131n yan\u0131 s\u0131ra, i<\/span><span class=\"cf2\">\u00e7erik \u00fcreticisi olarak da aktif rol ald<\/span><span class=\"cf3\">\u0131.<\/span><\/p>\n<p><img loading=\"lazy\" decoding=\"async\" class=\"alignnone wp-image-251836\" src=\"https:\/\/www.tgrthaber.com\/mavikadin\/wp-content\/uploads\/images-3-4.jpeg\" alt=\"\" width=\"1208\" height=\"804\" title=\"\"><\/p>\n<hr \/>\n<p class=\"pf0\"><span class=\"cf3\">YouTube ve Twitch gibi <a href=\"https:\/\/www.tgrthaber.com\/mavikadin\/unlulerin-aciklanan-test-sonuclarina-dair-soke-eden-detay-sosyal-medya-calkalaniyor\/\">sosyal medya<\/a> platformlar\u0131nda satran<\/span><span class=\"cf2\">\u00e7 yay<\/span><span class=\"cf3\">\u0131nlar\u0131, ve takip<\/span><span class=\"cf2\">\u00e7ileriyle kurdu<\/span><span class=\"cf3\">\u011fu <\/span><span class=\"cf2\">\u00f6zel ba<\/span><span class=\"cf3\">\u011f sayesinde Daniel Naroditsky ismi, geni\u015f bir kitleye ula\u015ft\u0131. Ayr\u0131ca 2020\u2019den itibaren Charlotte<\/span><span class=\"cf2\">\u202fChess\u202fCenter\u2019da GM-in-Residence olarak g<\/span><span class=\"cf2\">\u00f6rev ald<\/span><span class=\"cf3\">\u0131.<\/span><\/p>\n<p><img loading=\"lazy\" decoding=\"async\" class=\"alignnone wp-image-251838\" src=\"https:\/\/www.tgrthaber.com\/mavikadin\/wp-content\/uploads\/chess-influencer-grandmaster-daniel-naroditsky-1032646933-300x172.webp\" alt=\"\" width=\"1208\" height=\"693\" title=\"\" srcset=\"https:\/\/www.tgrthaber.com\/mavikadin\/wp-content\/uploads\/chess-influencer-grandmaster-daniel-naroditsky-1032646933-300x172.webp 300w, https:\/\/www.tgrthaber.com\/mavikadin\/wp-content\/uploads\/chess-influencer-grandmaster-daniel-naroditsky-1032646933.webp 715w\" sizes=\"(max-width: 1208px) 100vw, 1208px\" \/><\/p>\n<hr \/>\n<h3 class=\"pf0\"><span class=\"cf3\">DANIEL NARODITSKY MESLE\u011e\u0130 NED\u0130R? <\/span><\/h3>\n<p class=\"pf0\"><span class=\"cf3\">Naroditsky\u2019nin mesle\u011fi Satran<\/span><span class=\"cf2\">\u00e7 B\u00fcy\u00fckustas<\/span><span class=\"cf3\">\u0131 olarak tan\u0131mlan\u0131yor. Ancak Daniel Naroditsky satran<\/span><span class=\"cf2\">\u00e7 kariyerinin yan<\/span><span class=\"cf3\">\u0131 s\u0131ra, dijital i<\/span><span class=\"cf2\">\u00e7erik \u00fcreticili<\/span><span class=\"cf3\">\u011fi de yap\u0131yordu. <\/span><\/p>\n<p><img loading=\"lazy\" decoding=\"async\" class=\"alignnone wp-image-251835\" src=\"https:\/\/www.tgrthaber.com\/mavikadin\/wp-content\/uploads\/daniel-naroditsky-300x180.jpg\" alt=\"\" width=\"1208\" height=\"724\" title=\"\" srcset=\"https:\/\/www.tgrthaber.com\/mavikadin\/wp-content\/uploads\/daniel-naroditsky-300x180.jpg 300w, https:\/\/www.tgrthaber.com\/mavikadin\/wp-content\/uploads\/daniel-naroditsky.jpg 736w\" sizes=\"(max-width: 1208px) 100vw, 1208px\" \/><\/p>\n<hr \/>\n<p class=\"pf0\"><span class=\"cf3\">Chess.com platformunda yorumcu olarak bulundu. Canl\u0131 yay\u0131nlarda hamle analizleri, <\/span><span class=\"cf2\">\u00f6<\/span><span class=\"cf3\">\u011fretici videolar ve satran<\/span><span class=\"cf2\">\u00e7 k\u00fclt\u00fcr\u00fc \u00fczerine sohbetlerle milyonlar<\/span><span class=\"cf3\">\u0131n sevgisini ve ilgisini kazand\u0131.<\/span><\/p>\n<p><img loading=\"lazy\" decoding=\"async\" class=\"alignnone wp-image-251837\" src=\"https:\/\/www.tgrthaber.com\/mavikadin\/wp-content\/uploads\/danyanaroditsky21uschamps.jpg-300x160.webp\" alt=\"\" width=\"1208\" height=\"644\" title=\"\" srcset=\"https:\/\/www.tgrthaber.com\/mavikadin\/wp-content\/uploads\/danyanaroditsky21uschamps.jpg-300x160.webp 300w, https:\/\/www.tgrthaber.com\/mavikadin\/wp-content\/uploads\/danyanaroditsky21uschamps.jpg.webp 750w\" sizes=\"(max-width: 1208px) 100vw, 1208px\" \/><\/p>\n<hr \/>\n<h3 class=\"pf0\"><span class=\"cf3\">DANIEL NARODITSKY\u00a0 NEDEN \u00d6LD\u00dc?<\/span><\/h3>\n<p class=\"pf0\"><span class=\"cf2\">Daniel Naroditsky\u2019nin vefat haberi, 20 Ekim 2025 tarihinde ailesi ve Charlotte Chess Center taraf<\/span><span class=\"cf3\">\u0131ndan yap\u0131lan a<\/span><span class=\"cf2\">\u00e7<\/span><span class=\"cf3\">\u0131klamayla duyuruldu.<\/span><\/p>\n<p><img loading=\"lazy\" decoding=\"async\" class=\"alignnone wp-image-251833\" src=\"https:\/\/www.tgrthaber.com\/mavikadin\/wp-content\/uploads\/images-4-10.jpeg\" alt=\"\" width=\"1208\" height=\"1208\" title=\"\" srcset=\"https:\/\/www.tgrthaber.com\/mavikadin\/wp-content\/uploads\/images-4-10.jpeg 225w, https:\/\/www.tgrthaber.com\/mavikadin\/wp-content\/uploads\/images-4-10-150x150.jpeg 150w\" sizes=\"(max-width: 1208px) 100vw, 1208px\" \/><\/p>\n<hr \/>\n<p class=\"pf0\"><span class=\"cf2\">\u00d6ld\u00fc<\/span><span class=\"cf3\">\u011f<\/span><span class=\"cf2\">\u00fc zaman 29 ya<\/span><span class=\"cf3\">\u015f\u0131nda olan Daniel Naroditsky&#8217;\u0131n <\/span><span class=\"cf2\">\u00f6l\u00fcm sebebi hen\u00fcz netle<\/span><span class=\"cf3\">\u015fmedi. Daniel Naroditsky <\/span><span class=\"cf2\">\u00f6l\u00fcm nedenine dair sosyal medyada &#8216;beklenmedik <\/span><span class=\"cf3\">\u015fekilde hayat\u0131n\u0131 kaybetti&#8217; ifadeleri kullan\u0131ld\u0131.<\/span><\/p>\n<p><!--EndFragment --><\/p>\n","protected":false},"excerpt":{"rendered":"<p>Gen\u00e7 ya\u015f\u0131nda hayata g\u00f6zlerini yuman satran\u00e7 y\u0131ld\u0131z\u0131 ve i\u00e7erik \u00fcreticisi Daniel Naroditsky, sosyal medyada geni\u015f yank\u0131 uyand\u0131rd\u0131. \u00d6l\u00fcm\u00fcn\u00fcn ard\u0131ndan sosyal medyada &#8216;Daniel Naroditsky kimdir?&#8217;,\u00a0 &#8216;Daniel Naroditsky ka\u00e7 ya\u015f\u0131nda, neden \u00f6ld\u00fc?&#8217; sorular\u0131 fazlaca ara\u015ft\u0131r\u0131l\u0131yor. Peki Amerikal\u0131 B\u00fcy\u00fckusta Daniel Naroditsky kimdir, ka\u00e7 ya\u015f\u0131ndayd\u0131? Daniel Naroditsky neden ve nas\u0131l \u00f6ld\u00fc? \u0130\u015fte merak edilen t\u00fcm detaylar&#8230;<\/p>\n","protected":false},"author":35,"featured_media":251841,"comment_status":"closed","ping_status":"closed","sticky":false,"template":"","format":"standard","meta":{"rank_math_lock_modified_date":false,"footnotes":""},"categories":[491],"tags":[3374,64810,64813,64811,64812],"class_list":["post-251830","post","type-post","status-publish","format-standard","has-post-thumbnail","hentry","category-biyografi","tag-biyografi","tag-daniel-naroditsky","tag-daniel-naroditsky-kac-yasinda","tag-daniel-naroditsky-kimdir","tag-daniel-naroditsky-neden-oldu"],"_links":{"self":[{"href":"https:\/\/www.tgrthaber.com\/mavikadin\/wp-json\/wp\/v2\/posts\/251830"}],"collection":[{"href":"https:\/\/www.tgrthaber.com\/mavikadin\/wp-json\/wp\/v2\/posts"}],"about":[{"href":"https:\/\/www.tgrthaber.com\/mavikadin\/wp-json\/wp\/v2\/types\/post"}],"author":[{"embeddable":true,"href":"https:\/\/www.tgrthaber.com\/mavikadin\/wp-json\/wp\/v2\/users\/35"}],"replies":[{"embeddable":true,"href":"https:\/\/www.tgrthaber.com\/mavikadin\/wp-json\/wp\/v2\/comments?post=251830"}],"version-history":[{"count":2,"href":"https:\/\/www.tgrthaber.com\/mavikadin\/wp-json\/wp\/v2\/posts\/251830\/revisions"}],"predecessor-version":[{"id":251843,"href":"https:\/\/www.tgrthaber.com\/mavikadin\/wp-json\/wp\/v2\/posts\/251830\/revisions\/251843"}],"wp:featuredmedia":[{"embeddable":true,"href":"https:\/\/www.tgrthaber.com\/mavikadin\/wp-json\/wp\/v2\/media\/251841"}],"wp:attachment":[{"href":"https:\/\/www.tgrthaber.com\/mavikadin\/wp-json\/wp\/v2\/media?parent=251830"}],"wp:term":[{"taxonomy":"category","embeddable":true,"href":"https:\/\/www.tgrthaber.com\/mavikadin\/wp-json\/wp\/v2\/categories?post=251830"},{"taxonomy":"post_tag","embeddable":true,"href":"https:\/\/www.tgrthaber.com\/mavikadin\/wp-json\/wp\/v2\/tags?post=251830"}],"curies":[{"name":"wp","href":"https:\/\/api.w.org\/{rel}","templated":true}]}}