{"id":251844,"date":"2025-10-21T00:32:44","date_gmt":"2025-10-20T21:32:44","guid":{"rendered":"https:\/\/www.tgrthaber.com\/mavikadin\/?p=251844"},"modified":"2025-10-21T00:32:44","modified_gmt":"2025-10-20T21:32:44","slug":"kisin-tas-gibi-camasir-kurutmanin-yontemleri-bu-yontem-isinizi-kolaylastiracak","status":"publish","type":"post","link":"https:\/\/www.tgrthaber.com\/mavikadin\/kisin-tas-gibi-camasir-kurutmanin-yontemleri-bu-yontem-isinizi-kolaylastiracak\/","title":{"rendered":"K\u0131\u015f\u0131n ta\u015f gibi \u00e7ama\u015f\u0131r kurutman\u0131n y\u00f6ntemleri! Bu y\u00f6ntem i\u015finizi kolayla\u015ft\u0131racak"},"content":{"rendered":"<p>K\u0131\u015f aylar\u0131nda \u00e7ama\u015f\u0131r kurutma i\u015flemi sab\u0131r gerektiren bir i\u015ftir. \u00d6zellikle evin i\u00e7ine as\u0131larak \u00e7ama\u015f\u0131rlar\u0131n kurumas\u0131n\u0131 beklemek, zor ve s\u0131k\u0131c\u0131 bir a\u015famad\u0131r. \u00c7ama\u015f\u0131rlar ge\u00e7 kurur ve k\u00f6t\u00fc koku olu\u015fumuna da neden olur. Fakat birka\u00e7 basit y\u00f6ntemle, \u00e7ama\u015f\u0131rlar\u0131n\u0131z\u0131 k\u0131\u015f aylar\u0131nda da \u00e7ok rahat kurutabilirsiniz. Do\u011fru y\u00f6ntemlerle, \u00e7ama\u015f\u0131r kurutmak \u00e7ocuk oyunca\u011f\u0131 olacak. \u0130\u015fte detaylar&#8230;<\/p>\n<h3>KI\u015eIN TA\u015e G\u0130B\u0130 \u00c7AMA\u015eIR KURUTMANIN Y\u00d6NTEMLER\u0130<\/h3>\n<p>So\u011fuk havalarda \u00e7ama\u015f\u0131rlar\u0131n\u0131 kurutmaya \u00e7al\u0131\u015fanlar hep ayn\u0131 sorunla kar\u015f\u0131la\u015f\u0131yor. Zaman\u0131n \u00e7ok uzamas\u0131 ve k\u00f6t\u00fc kokan \u00e7ama\u015f\u0131rlar. Ancak \u0131s\u0131dan havaland\u0131rmaya, do\u011fru ask\u0131 se\u00e7iminden, en pratik kurutma t\u00fcyolar\u0131na kadar pek \u00e7ok teknik, \u00e7ama\u015f\u0131r kuruturken, i\u015finizi \u00e7ok kolayla\u015ft\u0131racak.<\/p>\n<p><img loading=\"lazy\" decoding=\"async\" class=\"alignnone wp-image-251846\" src=\"https:\/\/www.tgrthaber.com\/mavikadin\/wp-content\/uploads\/man-drying-clothes-on-a-heavy-duty-drying-rack-300x200.webp\" alt=\"\" width=\"1208\" height=\"805\" title=\"\" srcset=\"https:\/\/www.tgrthaber.com\/mavikadin\/wp-content\/uploads\/man-drying-clothes-on-a-heavy-duty-drying-rack-300x200.webp 300w, https:\/\/www.tgrthaber.com\/mavikadin\/wp-content\/uploads\/man-drying-clothes-on-a-heavy-duty-drying-rack-768x512.webp 768w, https:\/\/www.tgrthaber.com\/mavikadin\/wp-content\/uploads\/man-drying-clothes-on-a-heavy-duty-drying-rack.webp 900w\" sizes=\"(max-width: 1208px) 100vw, 1208px\" \/><\/p>\n<hr \/>\n<p>\u015eimdi gelelim k\u0131\u015f\u0131n ta\u015f gibi \u00e7ama\u015f\u0131rlar i\u00e7in, i\u015finizi kolayla\u015ft\u0131racak kurutma y\u00f6ntemlerine&#8230;<\/p>\n<p><img loading=\"lazy\" decoding=\"async\" class=\"alignnone wp-image-251848\" src=\"https:\/\/www.tgrthaber.com\/mavikadin\/wp-content\/uploads\/87065-1-300x169.jpg\" alt=\"\" width=\"1208\" height=\"679\" title=\"\" srcset=\"https:\/\/www.tgrthaber.com\/mavikadin\/wp-content\/uploads\/87065-1-300x169.jpg 300w, https:\/\/www.tgrthaber.com\/mavikadin\/wp-content\/uploads\/87065-1.jpg 660w\" sizes=\"(max-width: 1208px) 100vw, 1208px\" \/><\/p>\n<hr \/>\n<h3>Do\u011fru Oda Se\u00e7imi<\/h3>\n<p>K\u0131\u015f aylar\u0131nda \u00e7ama\u015f\u0131r kurutman\u0131n en kritik noktas\u0131, asl\u0131nda do\u011fru oday\u0131 se\u00e7mekten ge\u00e7iyor. Is\u0131t\u0131c\u0131n\u0131n bulundu\u011fu, g\u00fcne\u015f g\u00f6ren ya da hava sirk\u00fclasyonu olan bir oda, \u00e7ama\u015f\u0131rlar\u0131 kurutmak i\u00e7in olduk\u00e7a idealdir. S\u0131cak havan\u0131n yukar\u0131 do\u011fru y\u00fckselir. \u00c7ama\u015f\u0131r ask\u0131s\u0131n\u0131 yerden biraz daha y\u00fckse\u011fe koymak, s\u0131cak hava do\u011frudan \u00e7ama\u015f\u0131rlarla temas etmesini sa\u011flayacakt\u0131r.<\/p>\n<p><img loading=\"lazy\" decoding=\"async\" class=\"alignnone wp-image-251849\" src=\"https:\/\/www.tgrthaber.com\/mavikadin\/wp-content\/uploads\/camasirkurutmajpg-GZovz_G290e9So27hL7Avw-300x169.webp\" alt=\"\" width=\"1208\" height=\"680\" title=\"\" srcset=\"https:\/\/www.tgrthaber.com\/mavikadin\/wp-content\/uploads\/camasirkurutmajpg-GZovz_G290e9So27hL7Avw-300x169.webp 300w, https:\/\/www.tgrthaber.com\/mavikadin\/wp-content\/uploads\/camasirkurutmajpg-GZovz_G290e9So27hL7Avw-1024x576.webp 1024w, https:\/\/www.tgrthaber.com\/mavikadin\/wp-content\/uploads\/camasirkurutmajpg-GZovz_G290e9So27hL7Avw-768x432.webp 768w, https:\/\/www.tgrthaber.com\/mavikadin\/wp-content\/uploads\/camasirkurutmajpg-GZovz_G290e9So27hL7Avw.webp 1200w\" sizes=\"(max-width: 1208px) 100vw, 1208px\" \/><\/p>\n<hr \/>\n<p>Ayr\u0131ca \u00e7ama\u015f\u0131rlar\u0131n bulundu\u011fu odada pencereyi az da olsa aral\u0131k b\u0131rakarak hava ak\u0131\u015f\u0131n\u0131 sa\u011flayabilirsiniz. \u00c7ama\u015f\u0131rlar havas\u0131z ortamda kurumaya b\u0131rak\u0131l\u0131rsa, hem daha ge\u00e7 kurur hem de k\u00f6t\u00fc koku yapabilir.<\/p>\n<p><img loading=\"lazy\" decoding=\"async\" class=\"alignnone wp-image-251847\" src=\"https:\/\/www.tgrthaber.com\/mavikadin\/wp-content\/uploads\/i-63-1-300x150.webp\" alt=\"\" width=\"1208\" height=\"604\" title=\"\" srcset=\"https:\/\/www.tgrthaber.com\/mavikadin\/wp-content\/uploads\/i-63-1-300x150.webp 300w, https:\/\/www.tgrthaber.com\/mavikadin\/wp-content\/uploads\/i-63-1.webp 480w\" sizes=\"(max-width: 1208px) 100vw, 1208px\" \/><\/p>\n<hr \/>\n<h3>\u00c7ama\u015f\u0131rlar\u0131 Do\u011fru \u015eekilde Asmak<\/h3>\n<p>\u00c7ama\u015f\u0131r kurutma esnas\u0131nda yap\u0131lan bir di\u011fer hata, \u00e7ama\u015f\u0131rlar\u0131 geli\u015fi g\u00fczel asmakt\u0131r. Bu \u015fekilde as\u0131lan \u00e7ama\u015f\u0131rlar hem kuruma s\u00fcresini uzat\u0131r hem de \u00e7ama\u015f\u0131rlarda baz\u0131 b\u00f6lgelerin nemli kalmas\u0131na neden olur. Her \u00e7ama\u015f\u0131r aras\u0131nda bo\u015fluk b\u0131rakarak hava dola\u015f\u0131m\u0131n\u0131 sa\u011flamakta fayda var. Havlu, \u00e7ar\u015faf gibi b\u00fcy\u00fck \u00e7ama\u015f\u0131rlar\u0131 ikiye katlamadan asmak gerekiyor.<\/p>\n<p>\u00c7ama\u015f\u0131rlar\u0131 ask\u0131ya asmadan \u00f6nce bir defa da olsa iyice silkeleyin. B\u00f6ylece hem k\u0131r\u0131\u015f\u0131kl\u0131k oran\u0131 azal\u0131r hem de hava daha rahat dola\u015farak kurutma s\u00fcresini h\u0131zland\u0131r\u0131r.<\/p>\n<p><img loading=\"lazy\" decoding=\"async\" class=\"alignnone wp-image-251850\" src=\"https:\/\/www.tgrthaber.com\/mavikadin\/wp-content\/uploads\/1732091512975-image-300x158.webp\" alt=\"\" width=\"1208\" height=\"634\" title=\"\" srcset=\"https:\/\/www.tgrthaber.com\/mavikadin\/wp-content\/uploads\/1732091512975-image-300x158.webp 300w, https:\/\/www.tgrthaber.com\/mavikadin\/wp-content\/uploads\/1732091512975-image-1024x538.webp 1024w, https:\/\/www.tgrthaber.com\/mavikadin\/wp-content\/uploads\/1732091512975-image-768x403.webp 768w, https:\/\/www.tgrthaber.com\/mavikadin\/wp-content\/uploads\/1732091512975-image.webp 1280w\" sizes=\"(max-width: 1208px) 100vw, 1208px\" \/><\/p>\n<hr \/>\n<h3>\u00c7ama\u015f\u0131r Kurutmada Havlu Hilesi<\/h3>\n<p>K\u0131\u015f\u0131n \u00e7ama\u015f\u0131r kurutma s\u00fcrecini h\u0131zland\u0131rman\u0131n en kolay yollar\u0131ndan biri de havlu hilesidir. Ask\u0131ya \u00e7ama\u015f\u0131rlarla birlikte birka\u00e7 kuru havlu as\u0131n. Bu havlular, ortam\u0131n nemini \u00e7ekecektir ve \u00e7ama\u015f\u0131rlar\u0131n daha h\u0131zl\u0131 kurumas\u0131n\u0131 sa\u011flayacakt\u0131r. Yine kaloriferin yan\u0131na nemi almay\u0131 sa\u011flayan bir tuz kab\u0131 veya pirin\u00e7 dolu bir kase koymak da havadaki nemi azalt\u0131p, \u00e7ama\u015f\u0131rlar\u0131n daha h\u0131zl\u0131 kurumas\u0131n\u0131 sa\u011flar.<\/p>\n<p><img loading=\"lazy\" decoding=\"async\" class=\"alignnone wp-image-251851\" src=\"https:\/\/www.tgrthaber.com\/mavikadin\/wp-content\/uploads\/kalorifer-uzerinde-camasir-kurutmayin-1451299145-300x165.jpg\" alt=\"\" width=\"1208\" height=\"664\" title=\"\" srcset=\"https:\/\/www.tgrthaber.com\/mavikadin\/wp-content\/uploads\/kalorifer-uzerinde-camasir-kurutmayin-1451299145-300x165.jpg 300w, https:\/\/www.tgrthaber.com\/mavikadin\/wp-content\/uploads\/kalorifer-uzerinde-camasir-kurutmayin-1451299145.jpg 640w\" sizes=\"(max-width: 1208px) 100vw, 1208px\" \/><\/p>\n<hr \/>\n<h3>Kalorifer \u00dczerinde Kurutmay\u0131n, Yak\u0131n\u0131na Yerle\u015ftirin<\/h3>\n<p>Bir\u00e7o\u011fumuz sand\u0131\u011f\u0131n\u0131n aksine <a href=\"https:\/\/www.tgrthaber.com\/mavikadin\/camasirlarin-orijinal-renginde-kalmasi-icin-yapmaniz-gereken-tek-sey-makine-devir-ayarlarina-dikkat\/\">\u00e7ama\u015f\u0131rlar<\/a>\u0131n\u0131 do\u011frudan kaloriferin \u00fczerine koyarak kurutmak olduk\u00e7a yanl\u0131\u015f bir y\u00f6ntemdir. Do\u011fru san\u0131lan bu y\u00f6ntem hem \u00e7ama\u015f\u0131rlar\u0131n sertle\u015fmesine neden olur hem de k\u00f6t\u00fc kokulara yol a\u00e7abilir. \u0130\u015fin en do\u011frusu, \u00e7ama\u015f\u0131r ask\u0131s\u0131n\u0131 kaloriferin birka\u00e7 santimetre yak\u0131n\u0131na koymaktan ge\u00e7iyor.<\/p>\n<p><img loading=\"lazy\" decoding=\"async\" class=\"alignnone wp-image-251852\" src=\"https:\/\/www.tgrthaber.com\/mavikadin\/wp-content\/uploads\/EVDE-CAMASIR-KURUTMA-YONTEMI-_4_-300x150.jpg\" alt=\"\" width=\"1208\" height=\"604\" title=\"\" srcset=\"https:\/\/www.tgrthaber.com\/mavikadin\/wp-content\/uploads\/EVDE-CAMASIR-KURUTMA-YONTEMI-_4_-300x150.jpg 300w, https:\/\/www.tgrthaber.com\/mavikadin\/wp-content\/uploads\/EVDE-CAMASIR-KURUTMA-YONTEMI-_4_-1024x512.jpg 1024w, https:\/\/www.tgrthaber.com\/mavikadin\/wp-content\/uploads\/EVDE-CAMASIR-KURUTMA-YONTEMI-_4_-768x384.jpg 768w, https:\/\/www.tgrthaber.com\/mavikadin\/wp-content\/uploads\/EVDE-CAMASIR-KURUTMA-YONTEMI-_4_.jpg 1068w\" sizes=\"(max-width: 1208px) 100vw, 1208px\" \/><\/p>\n<hr \/>\n<h3>EN SIK SORULAN SORULAR VE CEVAPLARI<\/h3>\n<h3>K\u0131\u015f\u0131n \u00e7ama\u015f\u0131rlar\u0131n kokmas\u0131n\u0131 nas\u0131l \u00f6nlerim?<\/h3>\n<p>\u00c7ama\u015f\u0131rlar\u0131n\u0131z\u0131 hava alan bir odada kurutman\u0131z, mutlaka odan\u0131n arada penceresini a\u00e7arak hava ak\u0131\u015f\u0131n\u0131 sa\u011flaman\u0131z gerekmektedir.<\/p>\n<h3>\u00c7ama\u015f\u0131rlar\u0131 kalorifer \u00fczerine koymak zararl\u0131 m\u0131?<\/h3>\n<p>Y\u00fcksek \u0131s\u0131ya maruz kalan \u00e7ama\u015f\u0131rlar i\u00e7in zararl\u0131d\u0131r. \u00c7ama\u015f\u0131r\u0131n sertle\u015fmesine ve dokusunun zarar g\u00f6rmesine neden olur.<\/p>\n<h3>Nemli evlerde \u00e7ama\u015f\u0131rlar daha zor mu kurur?<\/h3>\n<p>Evet. Nem oran\u0131 y\u00fckseldik\u00e7e \u00e7ama\u015f\u0131rlar\u0131n kurumas\u0131 daha da zorla\u015f\u0131r. Bu nedenle nem al\u0131c\u0131 bi rcihaz ya da do\u011fal nem \u00e7ekici y\u00f6ntemler denenmeli.<\/p>\n","protected":false},"excerpt":{"rendered":"<p>K\u0131\u015f aylar\u0131yla birlikte \u00e7ama\u015f\u0131r kurutmak da kabus olur. Sabahtan \u00e7ama\u015f\u0131rl\u0131\u011fa as\u0131lan \u00e7ama\u015f\u0131rlar, ak\u015fama kadar kalsa da hala nemli kalabiliyor. Peki k\u0131\u015f aylar\u0131nda en kolay \u00e7ama\u015f\u0131r kurutma y\u00f6ntemi nedir? \u0130\u015fte k\u0131\u015f\u0131n ta\u015f gibi \u00e7ama\u015f\u0131rlar\u0131 kurutmada, i\u015finizi kolayla\u015ft\u0131racak o y\u00f6ntem&#8230;<\/p>\n","protected":false},"author":35,"featured_media":251845,"comment_status":"closed","ping_status":"closed","sticky":false,"template":"","format":"standard","meta":{"rank_math_lock_modified_date":false,"footnotes":""},"categories":[101],"tags":[64814,64816,247,64815,64817],"class_list":["post-251844","post","type-post","status-publish","format-standard","has-post-thumbnail","hentry","category-kesfet","tag-camasir-kurutmak","tag-camasir-nasil-kurur","tag-kesfet","tag-kisin-camasir-kurutmak","tag-nemli-ortamda-camasir"],"_links":{"self":[{"href":"https:\/\/www.tgrthaber.com\/mavikadin\/wp-json\/wp\/v2\/posts\/251844"}],"collection":[{"href":"https:\/\/www.tgrthaber.com\/mavikadin\/wp-json\/wp\/v2\/posts"}],"about":[{"href":"https:\/\/www.tgrthaber.com\/mavikadin\/wp-json\/wp\/v2\/types\/post"}],"author":[{"embeddable":true,"href":"https:\/\/www.tgrthaber.com\/mavikadin\/wp-json\/wp\/v2\/users\/35"}],"replies":[{"embeddable":true,"href":"https:\/\/www.tgrthaber.com\/mavikadin\/wp-json\/wp\/v2\/comments?post=251844"}],"version-history":[{"count":1,"href":"https:\/\/www.tgrthaber.com\/mavikadin\/wp-json\/wp\/v2\/posts\/251844\/revisions"}],"predecessor-version":[{"id":251854,"href":"https:\/\/www.tgrthaber.com\/mavikadin\/wp-json\/wp\/v2\/posts\/251844\/revisions\/251854"}],"wp:featuredmedia":[{"embeddable":true,"href":"https:\/\/www.tgrthaber.com\/mavikadin\/wp-json\/wp\/v2\/media\/251845"}],"wp:attachment":[{"href":"https:\/\/www.tgrthaber.com\/mavikadin\/wp-json\/wp\/v2\/media?parent=251844"}],"wp:term":[{"taxonomy":"category","embeddable":true,"href":"https:\/\/www.tgrthaber.com\/mavikadin\/wp-json\/wp\/v2\/categories?post=251844"},{"taxonomy":"post_tag","embeddable":true,"href":"https:\/\/www.tgrthaber.com\/mavikadin\/wp-json\/wp\/v2\/tags?post=251844"}],"curies":[{"name":"wp","href":"https:\/\/api.w.org\/{rel}","templated":true}]}}