{"id":251855,"date":"2025-10-21T01:03:52","date_gmt":"2025-10-20T22:03:52","guid":{"rendered":"https:\/\/www.tgrthaber.com\/mavikadin\/?p=251855"},"modified":"2025-10-21T01:03:52","modified_gmt":"2025-10-20T22:03:52","slug":"arabalardaki-kotu-kokunun-nedeni-o-bolumu-mutlaka-temizleyin","status":"publish","type":"post","link":"https:\/\/www.tgrthaber.com\/mavikadin\/arabalardaki-kotu-kokunun-nedeni-o-bolumu-mutlaka-temizleyin\/","title":{"rendered":"Arabalardaki k\u00f6t\u00fc kokunun nedeni! O b\u00f6l\u00fcm\u00fc mutlaka temizleyin"},"content":{"rendered":"<p>\u00c7ok sevdi\u011finiz araban\u0131za g\u00fcl gibi bak\u0131yor, camlar\u0131n\u0131 parlat\u0131yor, koltuklar\u0131n\u0131 siliyor olabilirsiniz. Fakat ne yaparsan\u0131z yap\u0131n i\u00e7eride olu\u015fan k\u00fcf ve nem kokusunu araban\u0131n o b\u00f6l\u00fcm\u00fcn\u00fc temizlemedik\u00e7e engelleyemeyebilirsiniz.\u00a0 \u00d6nemli bir temizlik detay\u0131n\u0131 atlad\u0131\u011f\u0131n\u0131z s\u00fcrece, araban\u0131za yay\u0131lan k\u00f6t\u00fc kokular ge\u00e7meyecektir. Peki arabalarda k\u00f6t\u00fc koku neden olur? \u0130\u015fte temizlemeniz gereken araban\u0131n o b\u00f6l\u00fcm\u00fc&#8230;<\/p>\n<h3>ARABALARDAK\u0130 K\u00d6T\u00dc KOKUNUN NEDEN\u0130! O B\u00d6L\u00dcM\u00dc MUTLAKA TEM\u0130ZLEY\u0130N<\/h3>\n<p>Araban\u0131zda k\u00f6t\u00fc kokunun en yayg\u0131n ve bilinmeyen nedeni asl\u0131nda klima sistemi ve \u00f6zellikle polen filtresidir. Burada zamanla toz, polen, yaprak par\u00e7alar\u0131 ve nemli hava birikir. Bu durumda bakteri ve mantar olu\u015fumuna davetiye \u00e7\u0131kar\u0131r. Bu mikroorganizmalar hava kanallar\u0131 taraf\u0131ndan yay\u0131l\u0131r ve arac\u0131n i\u00e7ine k\u00f6t\u00fc kokular\u0131n olu\u015fmas\u0131na sebep olur.<\/p>\n<p><img loading=\"lazy\" decoding=\"async\" class=\"alignnone wp-image-251867\" src=\"https:\/\/www.tgrthaber.com\/mavikadin\/wp-content\/uploads\/a1f8c01e4cb449338998978a7c343de3-300x170.jpg\" alt=\"\" width=\"1208\" height=\"683\" title=\"\" srcset=\"https:\/\/www.tgrthaber.com\/mavikadin\/wp-content\/uploads\/a1f8c01e4cb449338998978a7c343de3-300x170.jpg 300w, https:\/\/www.tgrthaber.com\/mavikadin\/wp-content\/uploads\/a1f8c01e4cb449338998978a7c343de3-768x434.jpg 768w, https:\/\/www.tgrthaber.com\/mavikadin\/wp-content\/uploads\/a1f8c01e4cb449338998978a7c343de3.jpg 810w\" sizes=\"(max-width: 1208px) 100vw, 1208px\" \/><\/p>\n<hr \/>\n<p>Bir\u00e7ok s\u00fcr\u00fcc\u00fc bu detay\u0131 g\u00f6zden ka\u00e7\u0131rarak, koltuk temizli\u011fine giri\u015fir. Oysa polen filtresi ve klima kanallar\u0131n\u0131n y\u0131lda en az bir kez temizlenmesi gerekir. \u00d6zellikle ilkbahar ve sonbahar mevsim ge\u00e7i\u015flerinde bu temizli\u011fin mutlaka yap\u0131lmas\u0131 gerekir. \u00c7\u00fcnk\u00fc artan nem oran\u0131yla mikrobiyal olu\u015fum daha da h\u0131zlan\u0131r.<\/p>\n<p><img loading=\"lazy\" decoding=\"async\" class=\"alignnone wp-image-251865\" src=\"https:\/\/www.tgrthaber.com\/mavikadin\/wp-content\/uploads\/arabalarda-kotu-kokuya-son-bir-fincani-bile-arabayi-esir-eden-kotu-kokulari-ortadan-kaldirmaya-yetiyor-ii4j-300x169.webp\" alt=\"\" width=\"1208\" height=\"680\" title=\"\" srcset=\"https:\/\/www.tgrthaber.com\/mavikadin\/wp-content\/uploads\/arabalarda-kotu-kokuya-son-bir-fincani-bile-arabayi-esir-eden-kotu-kokulari-ortadan-kaldirmaya-yetiyor-ii4j-300x169.webp 300w, https:\/\/www.tgrthaber.com\/mavikadin\/wp-content\/uploads\/arabalarda-kotu-kokuya-son-bir-fincani-bile-arabayi-esir-eden-kotu-kokulari-ortadan-kaldirmaya-yetiyor-ii4j-1024x576.webp 1024w, https:\/\/www.tgrthaber.com\/mavikadin\/wp-content\/uploads\/arabalarda-kotu-kokuya-son-bir-fincani-bile-arabayi-esir-eden-kotu-kokulari-ortadan-kaldirmaya-yetiyor-ii4j-768x432.webp 768w, https:\/\/www.tgrthaber.com\/mavikadin\/wp-content\/uploads\/arabalarda-kotu-kokuya-son-bir-fincani-bile-arabayi-esir-eden-kotu-kokulari-ortadan-kaldirmaya-yetiyor-ii4j-1536x864.webp 1536w, https:\/\/www.tgrthaber.com\/mavikadin\/wp-content\/uploads\/arabalarda-kotu-kokuya-son-bir-fincani-bile-arabayi-esir-eden-kotu-kokulari-ortadan-kaldirmaya-yetiyor-ii4j.webp 1600w\" sizes=\"(max-width: 1208px) 100vw, 1208px\" \/><\/p>\n<hr \/>\n<h3>\u0130\u00c7 HAVA KANALLARI MUTLAKA TEM\u0130ZLENMEL\u0130<\/h3>\n<p>Araba y\u0131kat\u0131rken yap\u0131lan d\u0131\u015f temizlik ve i\u00e7 vakumlama araba temizli\u011finde olmazsa olmazd\u0131r, ancak k\u00f6t\u00fc kokular\u0131n olu\u015fmamas\u0131 i\u00e7in yeterli olmaz. \u00c7\u00fcnk\u00fc arabalardaki as\u0131l kokunun kayna\u011f\u0131, g\u00f6zle fark etmedi\u011fimiz hava kanallar\u0131 ve klima hortumlar\u0131 i\u00e7inden \u00e7\u0131kar. Ayr\u0131ca polen filtresini ortalama 15.000 kilometrede bir ya da y\u0131lda bir kez de\u011fi\u015ftirmenizde fayda var.<\/p>\n<p><img loading=\"lazy\" decoding=\"async\" class=\"alignnone wp-image-251866\" src=\"https:\/\/www.tgrthaber.com\/mavikadin\/wp-content\/uploads\/i-65-1-300x200.webp\" alt=\"\" width=\"1208\" height=\"805\" title=\"\" srcset=\"https:\/\/www.tgrthaber.com\/mavikadin\/wp-content\/uploads\/i-65-1-300x200.webp 300w, https:\/\/www.tgrthaber.com\/mavikadin\/wp-content\/uploads\/i-65-1.webp 480w\" sizes=\"(max-width: 1208px) 100vw, 1208px\" \/><\/p>\n<hr \/>\n<p>Klima sistemini dezenfekte etmeniz k\u00f6t\u00fc kokular\u0131 engeller. \u00d6zel sprey ya da ozon makineleri ile yap\u0131lan temizlik, bakteri olu\u015fumunu engeller. Havaland\u0131rmay\u0131 d\u00fczenli olarak \u00e7al\u0131\u015ft\u0131rmal\u0131s\u0131n\u0131z. Uzun s\u00fcre \u00e7al\u0131\u015fmayan sistemlerde nem birikir ve k\u00fcf olu\u015fumu h\u0131zlan\u0131r.<\/p>\n<p><img loading=\"lazy\" decoding=\"async\" class=\"alignnone wp-image-251869\" src=\"https:\/\/www.tgrthaber.com\/mavikadin\/wp-content\/uploads\/bigstock-Worker-Protecting-His-Nose-Fro-357006803-300x200.jpg\" alt=\"\" width=\"1208\" height=\"806\" title=\"\" srcset=\"https:\/\/www.tgrthaber.com\/mavikadin\/wp-content\/uploads\/bigstock-Worker-Protecting-His-Nose-Fro-357006803-300x200.jpg 300w, https:\/\/www.tgrthaber.com\/mavikadin\/wp-content\/uploads\/bigstock-Worker-Protecting-His-Nose-Fro-357006803-1024x683.jpg 1024w, https:\/\/www.tgrthaber.com\/mavikadin\/wp-content\/uploads\/bigstock-Worker-Protecting-His-Nose-Fro-357006803-768x512.jpg 768w, https:\/\/www.tgrthaber.com\/mavikadin\/wp-content\/uploads\/bigstock-Worker-Protecting-His-Nose-Fro-357006803-1536x1024.jpg 1536w, https:\/\/www.tgrthaber.com\/mavikadin\/wp-content\/uploads\/bigstock-Worker-Protecting-His-Nose-Fro-357006803.jpg 1600w\" sizes=\"(max-width: 1208px) 100vw, 1208px\" \/><\/p>\n<hr \/>\n<h3>ARABALARIN K\u00d6T\u00dc KOKMAMASI \u0130\u00c7\u0130N NE YAPILMALI?<\/h3>\n<p>Arabalar\u0131n k\u00f6t\u00fc kokmamas\u0131 i\u00e7in baz\u0131 detaylara dikkat etmek gerekiyor. \u0130\u015fte dikkat edilmesi gerekenler&#8230;<\/p>\n<p>Arac\u0131 nemli b\u0131rakmay\u0131n. \u00d6zellikle ya\u011fmurlu havalarda i\u00e7eri su girmi\u015fse hemen kurulaman\u0131z gerekiyor.<\/p>\n<p>Yiyecek t\u00fcketiminden ka\u00e7\u0131n\u0131n. Arabalarda k\u00f6t\u00fc kokular\u0131n ba\u015fl\u0131ca sebebpleri, araca d\u00f6k\u00fclen g\u0131dalardan kaynaklan\u0131r.<\/p>\n<p><img loading=\"lazy\" decoding=\"async\" class=\"alignnone wp-image-251868\" src=\"https:\/\/www.tgrthaber.com\/mavikadin\/wp-content\/uploads\/i-66-1-300x175.webp\" alt=\"\" width=\"1208\" height=\"705\" title=\"\" srcset=\"https:\/\/www.tgrthaber.com\/mavikadin\/wp-content\/uploads\/i-66-1-300x175.webp 300w, https:\/\/www.tgrthaber.com\/mavikadin\/wp-content\/uploads\/i-66-1.webp 480w\" sizes=\"(max-width: 1208px) 100vw, 1208px\" \/><\/p>\n<hr \/>\n<p>Hal\u0131 ve koltuklar\u0131 d\u00fczenli s\u00fcp\u00fcr\u00fcn. Arabalarda tozlar\u0131n birikmesi mikroorganizmalar\u0131 daha da art\u0131raca\u011f\u0131ndan k\u00f6t\u00fc kokuya neden olur.<\/p>\n<p>Havaland\u0131rmay\u0131 s\u0131k s\u0131k a\u00e7\u0131n. Arac\u0131n\u0131z\u0131 arada s\u0131rada k\u0131sa s\u00fcrede olsa mutlaka havaland\u0131r\u0131n.<\/p>\n<p>Bu y\u00f6ntemleri uygulad\u0131\u011f\u0131n\u0131z takdirde, araban\u0131zda hem ferah bir hava olu\u015facakt\u0131r hem de k\u00f6t\u00fc kokular\u0131n yeniden olu\u015fmas\u0131 engellenecektir.<\/p>\n<p><img loading=\"lazy\" decoding=\"async\" class=\"alignnone wp-image-251870\" src=\"https:\/\/www.tgrthaber.com\/mavikadin\/wp-content\/uploads\/burning-smell-300x169.jpg\" alt=\"\" width=\"1208\" height=\"680\" title=\"\" srcset=\"https:\/\/www.tgrthaber.com\/mavikadin\/wp-content\/uploads\/burning-smell-300x169.jpg 300w, https:\/\/www.tgrthaber.com\/mavikadin\/wp-content\/uploads\/burning-smell-1024x576.jpg 1024w, https:\/\/www.tgrthaber.com\/mavikadin\/wp-content\/uploads\/burning-smell-768x432.jpg 768w, https:\/\/www.tgrthaber.com\/mavikadin\/wp-content\/uploads\/burning-smell-1536x864.jpg 1536w, https:\/\/www.tgrthaber.com\/mavikadin\/wp-content\/uploads\/burning-smell.jpg 1920w\" sizes=\"(max-width: 1208px) 100vw, 1208px\" \/><\/p>\n<hr \/>\n<h3>EN SIK SORULAN SORULAR VE CEVAPLARI<\/h3>\n<h3>Arabamda k\u00f6t\u00fc kokuya kar\u015f\u0131 ilk ne yapmam gerekiyor?<\/h3>\n<p>Arac\u0131n\u0131z <a href=\"https:\/\/www.tgrthaber.com\/mavikadin\/evdeki-kotu-kokuya-son-giderlere-bir-damla-dokun\/\">k\u00f6t\u00fc koku<\/a>yorsa ilk olarak, polen filtresini kontrol etmeniz gerekiyor. E\u011fer kirli veya nemli filtreniz varsa araban\u0131zda k\u00f6t\u00fc koku olacakt\u0131r. Daha sonra ise klima sistemi de temizlenmeli.<\/p>\n<h3>Klima sistemi ne s\u0131kl\u0131kla temizlenmeli?<\/h3>\n<p>Klima sistemi y\u0131lda en az bir kere temizlenmelidir. Mevsim ge\u00e7i\u015flerinde bu s\u0131kl\u0131k art\u0131r\u0131labilir.<\/p>\n<p><img loading=\"lazy\" decoding=\"async\" class=\"alignnone wp-image-251871\" src=\"https:\/\/www.tgrthaber.com\/mavikadin\/wp-content\/uploads\/smelly-ac-300x169.jpg\" alt=\"\" width=\"1208\" height=\"680\" title=\"\" srcset=\"https:\/\/www.tgrthaber.com\/mavikadin\/wp-content\/uploads\/smelly-ac-300x169.jpg 300w, https:\/\/www.tgrthaber.com\/mavikadin\/wp-content\/uploads\/smelly-ac-1024x576.jpg 1024w, https:\/\/www.tgrthaber.com\/mavikadin\/wp-content\/uploads\/smelly-ac-768x432.jpg 768w, https:\/\/www.tgrthaber.com\/mavikadin\/wp-content\/uploads\/smelly-ac-1536x864.jpg 1536w, https:\/\/www.tgrthaber.com\/mavikadin\/wp-content\/uploads\/smelly-ac.jpg 1920w\" sizes=\"(max-width: 1208px) 100vw, 1208px\" \/><\/p>\n<hr \/>\n<h3>Arabalarda k\u00f6t\u00fc kokular i\u00e7in kendi ba\u015f\u0131ma temizlik yapabilir miyim?<\/h3>\n<p>E\u011fer basit bir filtre temizli\u011fi yapacaksan\u0131z, kendi ba\u015f\u0131n\u0131za halledebilirsiniz. Fakat araban\u0131n hava kanallar\u0131n\u0131n temizli\u011fi i\u00e7in destek almal\u0131s\u0131n\u0131z.<\/p>\n","protected":false},"excerpt":{"rendered":"<p>Sabah i\u015fe giderken araban\u0131za bindi\u011finizde burnunuza k\u00f6t\u00fc bir koku geliyor mu? Cam\u0131 da a\u00e7san\u0131z, parf\u00fcm de s\u0131ksan\u0131z bir t\u00fcrl\u00fc ge\u00e7miyor mu? Sebebi araban\u0131z\u0131n o b\u00f6l\u00fcm\u00fc olabilir. \u00c7o\u011fu ki\u015finin g\u00f6z\u00fcnden ka\u00e7an bir detay arabalarda k\u00f6t\u00fc kokuya neden olabiliyor. \u0130\u015fte araban\u0131zda ge\u00e7mek bilmeyen k\u00f6t\u00fc kokunun sebebi ve yapman\u0131z gerekenler&#8230;<\/p>\n","protected":false},"author":35,"featured_media":251857,"comment_status":"closed","ping_status":"closed","sticky":false,"template":"","format":"standard","meta":{"rank_math_lock_modified_date":false,"footnotes":""},"categories":[101],"tags":[3972,64819,64820,247],"class_list":["post-251855","post","type-post","status-publish","format-standard","has-post-thumbnail","hentry","category-kesfet","tag-araba-temizligi","tag-arabada-kotu-koku","tag-arac-neden-kotu-kokar","tag-kesfet"],"_links":{"self":[{"href":"https:\/\/www.tgrthaber.com\/mavikadin\/wp-json\/wp\/v2\/posts\/251855"}],"collection":[{"href":"https:\/\/www.tgrthaber.com\/mavikadin\/wp-json\/wp\/v2\/posts"}],"about":[{"href":"https:\/\/www.tgrthaber.com\/mavikadin\/wp-json\/wp\/v2\/types\/post"}],"author":[{"embeddable":true,"href":"https:\/\/www.tgrthaber.com\/mavikadin\/wp-json\/wp\/v2\/users\/35"}],"replies":[{"embeddable":true,"href":"https:\/\/www.tgrthaber.com\/mavikadin\/wp-json\/wp\/v2\/comments?post=251855"}],"version-history":[{"count":2,"href":"https:\/\/www.tgrthaber.com\/mavikadin\/wp-json\/wp\/v2\/posts\/251855\/revisions"}],"predecessor-version":[{"id":251873,"href":"https:\/\/www.tgrthaber.com\/mavikadin\/wp-json\/wp\/v2\/posts\/251855\/revisions\/251873"}],"wp:featuredmedia":[{"embeddable":true,"href":"https:\/\/www.tgrthaber.com\/mavikadin\/wp-json\/wp\/v2\/media\/251857"}],"wp:attachment":[{"href":"https:\/\/www.tgrthaber.com\/mavikadin\/wp-json\/wp\/v2\/media?parent=251855"}],"wp:term":[{"taxonomy":"category","embeddable":true,"href":"https:\/\/www.tgrthaber.com\/mavikadin\/wp-json\/wp\/v2\/categories?post=251855"},{"taxonomy":"post_tag","embeddable":true,"href":"https:\/\/www.tgrthaber.com\/mavikadin\/wp-json\/wp\/v2\/tags?post=251855"}],"curies":[{"name":"wp","href":"https:\/\/api.w.org\/{rel}","templated":true}]}}