{"id":251908,"date":"2025-10-21T06:30:44","date_gmt":"2025-10-21T03:30:44","guid":{"rendered":"https:\/\/www.tgrthaber.com\/mavikadin\/?p=251908"},"modified":"2025-10-21T06:32:40","modified_gmt":"2025-10-21T03:32:40","slug":"masterchef-2025-konugu-dilara-basaran-kimdir-ne-is-yapiyor-italyan-yemeklerinin-kralicesi-deniyor","status":"publish","type":"post","link":"https:\/\/www.tgrthaber.com\/mavikadin\/masterchef-2025-konugu-dilara-basaran-kimdir-ne-is-yapiyor-italyan-yemeklerinin-kralicesi-deniyor\/","title":{"rendered":"MasterChef 2025 konu\u011fu Dilara Ba\u015faran kimdir, ne i\u015f yap\u0131yor? \u0130talyan yemeklerinin krali\u00e7esi deniyor!"},"content":{"rendered":"<p>TV8 ekranlar\u0131n\u0131n sevilen yar\u0131\u015fma program\u0131 MasterChef T\u00fcrkiye&#8217;de yeni sezon heyecan\u0131 h\u0131z kesmeden devam ediyor. Haftan\u0131n 2. dokunulmazl\u0131k oyununun oynanaca\u011f\u0131 gecede 7 b\u00f6lge 7 yemek konsepti d\u00fczenlendi. MasterChef konuklar\u0131n\u0131n yer ald\u0131\u011f\u0131 gecede eski yar\u0131\u015fmac\u0131lardan Dilara Ba\u015faran&#8217;da vard\u0131. Somer \u015fefin \u0130talyan yemeklerinin krali\u00e7esi dedi\u011fi Dilara&#8217;n\u0131n hayat\u0131 yeniden merak edildi. Peki <a href=\"https:\/\/www.tgrthaber.com\/mavikadin\/masterchef-balon-gibi-sisen-tereyagli-acma-tarifi-pastanecilerin-sirri-ifsa-oldu-milyonlarca-kisi-yapilisini-defterine-yazdi\/\">MasterChef<\/a> konu\u011fu 2025 Dilara Ba\u015faran kimdir, ne i\u015f yap\u0131yor? \u0130\u015fte hayat\u0131na dair merak edilenler&#8230;<\/p>\n<h3>MASTERCHEF 2025 KONU\u011eU D\u0130LARA BA\u015eARAN K\u0130MD\u0130R, NE \u0130\u015e YAPIYOR?<\/h3>\n<p class=\"p1\">Dilara Ba\u015faran 1997 y\u0131l\u0131nda do\u011fmu\u015ftur. Lisede Turizm okuyan yar\u0131\u015fmac\u0131 \u00fcniversite e\u011fitimini de Turizm Otel i\u015fletmecili\u011finde tamamlam\u0131\u015ft\u0131r. Yar\u0131\u015fmaya \u0130stanbul\u2019dan kat\u0131lan Dilara 15 ya\u015f\u0131nda sekt\u00f6re stajyer olarak ad\u0131m atm\u0131\u015ft\u0131r. \u0130stanbul\u2019un en iyi otellerinde i\u015fe ba\u015flad\u0131\u011f\u0131n\u0131<span class=\"Apple-converted-space\">\u00a0 <\/span>ve hemen hemen 8 y\u0131ld\u0131r bu \u015fekilde devam etti\u011fini belirtiyor.<span class=\"Apple-converted-space\"> 2 y\u0131l\u0131n\u0131 Kuveyt&#8217;de ge\u00e7irmi\u015ftir. \u0130yi derecede \u0130ngilizce ve Arap\u00e7a bilmektedir.<\/span><\/p>\n<p><img loading=\"lazy\" decoding=\"async\" class=\"alignnone wp-image-251909 \" src=\"https:\/\/www.tgrthaber.com\/mavikadin\/wp-content\/uploads\/Ekran-Resmi-2025-10-21-06.21.19-1024x579.png\" alt=\"\" width=\"1601\" height=\"905\" title=\"\" srcset=\"https:\/\/www.tgrthaber.com\/mavikadin\/wp-content\/uploads\/Ekran-Resmi-2025-10-21-06.21.19-1024x579.png 1024w, https:\/\/www.tgrthaber.com\/mavikadin\/wp-content\/uploads\/Ekran-Resmi-2025-10-21-06.21.19-300x170.png 300w, https:\/\/www.tgrthaber.com\/mavikadin\/wp-content\/uploads\/Ekran-Resmi-2025-10-21-06.21.19-768x434.png 768w, https:\/\/www.tgrthaber.com\/mavikadin\/wp-content\/uploads\/Ekran-Resmi-2025-10-21-06.21.19.png 1274w\" sizes=\"(max-width: 1601px) 100vw, 1601px\" \/><\/p>\n<hr \/>\n<p class=\"p1\">T\u00fcrkiye\u2019nin pek \u00e7ok farkl\u0131 b\u00f6lgesinde ve yurtd\u0131\u015f\u0131nda pek \u00e7ok otelde a\u015f\u00e7\u0131l\u0131k yapan Dilara, emlak sekt\u00f6r\u00fcnde olan ailesine de zaman zaman yard\u0131m ediyor. Dilara disiplinli ve kararl\u0131 duru\u015fuyla yar\u0131\u015fmada dikkat \u00e7eken isimler aras\u0131nda yer alm\u0131\u015ft\u0131. Sosyal medyada her ne kadar pilav yapamayan Dilara olarak an\u0131lsa da \u015feflerin \u0130talyan yemeklerinin krali\u00e7esi \u00fcnvan\u0131yla \u00e7a\u011f\u0131rd\u0131\u011f\u0131 Dilara gen\u00e7 ya\u015f\u0131na ra\u011fmen g\u00f6sterdi\u011fi ba\u015far\u0131larla dikkat \u00e7ekiyor.<\/p>\n<p><img loading=\"lazy\" decoding=\"async\" class=\"alignnone wp-image-251910 \" src=\"https:\/\/www.tgrthaber.com\/mavikadin\/wp-content\/uploads\/Ekran-Resmi-2025-10-21-06.21.11-1024x535.png\" alt=\"\" width=\"1596\" height=\"834\" title=\"\" srcset=\"https:\/\/www.tgrthaber.com\/mavikadin\/wp-content\/uploads\/Ekran-Resmi-2025-10-21-06.21.11-1024x535.png 1024w, https:\/\/www.tgrthaber.com\/mavikadin\/wp-content\/uploads\/Ekran-Resmi-2025-10-21-06.21.11-300x157.png 300w, https:\/\/www.tgrthaber.com\/mavikadin\/wp-content\/uploads\/Ekran-Resmi-2025-10-21-06.21.11-768x401.png 768w, https:\/\/www.tgrthaber.com\/mavikadin\/wp-content\/uploads\/Ekran-Resmi-2025-10-21-06.21.11.png 1214w\" sizes=\"(max-width: 1596px) 100vw, 1596px\" \/><\/p>\n<hr \/>\n<p class=\"p1\">MasterChef T\u00fcrkiye&#8217;ye veda eden Dilara Ba\u015faran \u015fu s\u00f6zleri ile dikkat \u00e7ekmi\u015fti: Bu hafta asl\u0131nda hafta ba\u015flad\u0131\u011f\u0131ndan beri kafam\u0131 toparlayam\u0131yordum. Korkum benim d\u00fc\u015fman\u0131m oldu. Hayat\u0131m boyunca hep bununla sava\u015ft\u0131m. A\u011flamayaca\u011f\u0131m s\u00f6z verdim ama a\u011fl\u0131yorum. Ben hayatta hep insanlardan \u015funu duydum: Sen bu mesle\u011fi yapma. Sen kad\u0131ns\u0131n ba\u015fka bir i\u015f yap.<\/p>\n<p><img loading=\"lazy\" decoding=\"async\" class=\"alignnone wp-image-251911 \" src=\"https:\/\/www.tgrthaber.com\/mavikadin\/wp-content\/uploads\/Ekran-Resmi-2025-10-21-06.21.00-1024x567.png\" alt=\"\" width=\"1587\" height=\"879\" title=\"\" srcset=\"https:\/\/www.tgrthaber.com\/mavikadin\/wp-content\/uploads\/Ekran-Resmi-2025-10-21-06.21.00-1024x567.png 1024w, https:\/\/www.tgrthaber.com\/mavikadin\/wp-content\/uploads\/Ekran-Resmi-2025-10-21-06.21.00-300x166.png 300w, https:\/\/www.tgrthaber.com\/mavikadin\/wp-content\/uploads\/Ekran-Resmi-2025-10-21-06.21.00-768x426.png 768w, https:\/\/www.tgrthaber.com\/mavikadin\/wp-content\/uploads\/Ekran-Resmi-2025-10-21-06.21.00.png 1310w\" sizes=\"(max-width: 1587px) 100vw, 1587px\" \/><\/p>\n<hr \/>\n<p class=\"p1\">Ailem bile bu mesle\u011fi yapmam\u0131 istemiyorlard\u0131. Hayatta hi\u00e7bir zaman pes etmedim. Son damlas\u0131na kadar sava\u015ft\u0131m. Olmad\u0131. Bazen baz\u0131 \u015feyler ellerimizde de\u011fildir. Ben sadece buradan k\u0131z \u00e7ocuklar\u0131na ve kad\u0131nlara tek bir \u015fey s\u00f6ylemek istiyorum: Size yapamazs\u0131n diyenler olacak, senden olmaz, sen ba\u015faramazs\u0131n diyenler olacak. Ama siz durmay\u0131n olur mu? Sadece \u00e7al\u0131\u015f\u0131n. Bir g\u00fcn ben \u00e7ok iyi bir i\u015f kad\u0131n\u0131 olaca\u011f\u0131m ve o k\u0131z \u00e7ocuklar\u0131n\u0131n yan\u0131nda olaca\u011f\u0131m.<\/p>\n<p><img loading=\"lazy\" decoding=\"async\" class=\"alignnone wp-image-251914 \" src=\"https:\/\/www.tgrthaber.com\/mavikadin\/wp-content\/uploads\/Ekran-Resmi-2025-10-21-06.24.27-1024x609.png\" alt=\"\" width=\"1607\" height=\"956\" title=\"\" srcset=\"https:\/\/www.tgrthaber.com\/mavikadin\/wp-content\/uploads\/Ekran-Resmi-2025-10-21-06.24.27-1024x609.png 1024w, https:\/\/www.tgrthaber.com\/mavikadin\/wp-content\/uploads\/Ekran-Resmi-2025-10-21-06.24.27-300x178.png 300w, https:\/\/www.tgrthaber.com\/mavikadin\/wp-content\/uploads\/Ekran-Resmi-2025-10-21-06.24.27-768x457.png 768w, https:\/\/www.tgrthaber.com\/mavikadin\/wp-content\/uploads\/Ekran-Resmi-2025-10-21-06.24.27.png 1372w\" sizes=\"(max-width: 1607px) 100vw, 1607px\" \/><\/p>\n<hr \/>\n<h3 class=\"p1\">MASTERCHEF 2025 ANA KADRO L\u0130STES\u0130<\/h3>\n<p class=\"p1\">MasterChef T\u00fcrkiye 2025 ana kadro g\u00fcncel listesi:<\/p>\n<p class=\"p1\">MasterChef T\u00fcrkiye Ana Kadroya Giren 1. Yar\u0131\u015fmac\u0131: Furkan<\/p>\n<p class=\"p1\">MasterChef T\u00fcrkiye Ana Kadroya Giren 2. Yar\u0131\u015fmac\u0131: Eyl\u00fcl<\/p>\n<p class=\"p1\">MasterChef T\u00fcrkiye Ana Kadroya Giren 3. Yar\u0131\u015fmac\u0131: \u00c7a\u011fatay<\/p>\n<p class=\"p1\">MasterChef T\u00fcrkiye Ana Kadroya Giren 4. Yar\u0131\u015fmac\u0131: Onur<\/p>\n<p class=\"p1\">MasterChef T\u00fcrkiye Ana kadroya giren 5. Yar\u0131\u015fmac\u0131: Nisa Nur ( yedeklerden dahil oldu)<\/p>\n<p class=\"p1\">MasterChef T\u00fcrkiye Ana kadroya giren 6. Yar\u0131\u015fmac\u0131: Sercan(elendi)<\/p>\n<p class=\"p1\">MasterChef T\u00fcrkiye Ana kadroya giren 7. Yar\u0131\u015fmac\u0131: Ayla<\/p>\n<p class=\"p1\">MasterChef T\u00fcrkiye Ana kadroya giren 8. Yar\u0131\u015fmac\u0131: \u0130hsan(elendi)<\/p>\n<p><img loading=\"lazy\" decoding=\"async\" class=\"alignnone wp-image-251915 \" src=\"https:\/\/www.tgrthaber.com\/mavikadin\/wp-content\/uploads\/Ekran-Resmi-2025-10-21-05.51.42-1024x590.png\" alt=\"\" width=\"1612\" height=\"929\" title=\"\" srcset=\"https:\/\/www.tgrthaber.com\/mavikadin\/wp-content\/uploads\/Ekran-Resmi-2025-10-21-05.51.42-1024x590.png 1024w, https:\/\/www.tgrthaber.com\/mavikadin\/wp-content\/uploads\/Ekran-Resmi-2025-10-21-05.51.42-300x173.png 300w, https:\/\/www.tgrthaber.com\/mavikadin\/wp-content\/uploads\/Ekran-Resmi-2025-10-21-05.51.42-768x443.png 768w, https:\/\/www.tgrthaber.com\/mavikadin\/wp-content\/uploads\/Ekran-Resmi-2025-10-21-05.51.42.png 1100w\" sizes=\"(max-width: 1612px) 100vw, 1612px\" \/><\/p>\n<hr \/>\n<p class=\"p1\">MasterChef T\u00fcrkiye Ana kadroya giren 9. Yar\u0131\u015fmac\u0131: Ayten<\/p>\n<p class=\"p1\">MasterChef T\u00fcrkiye Ana kadroya giren 10. Yar\u0131\u015fmac\u0131: \u00c7a\u011flar<\/p>\n<p class=\"p1\">MasterChef T\u00fcrkiye Ana kadroya giren 11. Yar\u0131\u015fmac\u0131: Sezer<\/p>\n<p class=\"p1\">MasterChef T\u00fcrkiye Ana kadroya giren 12. Yar\u0131\u015fmac\u0131: Cansu(elendi)<\/p>\n<p class=\"p1\">MasterChef T\u00fcrkiye Ana kadroya giren 13. Yar\u0131\u015fmac\u0131: \u00d6zkan<\/p>\n<p class=\"p1\">MasterChef T\u00fcrkiye Ana kadroya giren 14. yar\u0131\u015fmac\u0131: Gizem<\/p>\n<p class=\"p1\">MasterChef T\u00fcrkiye Ana kadroya giren 15. yar\u0131\u015fmac\u0131: \u0130rem (elendi)<\/p>\n<p><img loading=\"lazy\" decoding=\"async\" class=\"alignnone wp-image-251905 \" src=\"https:\/\/www.tgrthaber.com\/mavikadin\/wp-content\/uploads\/MasterChef-21-Ekim-2025-dokunulmazligi-kim-kazandi-MasterChef-eleme-adaylari-kimler-oldu--1024x576.png\" alt=\"\" width=\"1604\" height=\"902\" title=\"\" srcset=\"https:\/\/www.tgrthaber.com\/mavikadin\/wp-content\/uploads\/MasterChef-21-Ekim-2025-dokunulmazligi-kim-kazandi-MasterChef-eleme-adaylari-kimler-oldu--1024x576.png 1024w, https:\/\/www.tgrthaber.com\/mavikadin\/wp-content\/uploads\/MasterChef-21-Ekim-2025-dokunulmazligi-kim-kazandi-MasterChef-eleme-adaylari-kimler-oldu--300x169.png 300w, https:\/\/www.tgrthaber.com\/mavikadin\/wp-content\/uploads\/MasterChef-21-Ekim-2025-dokunulmazligi-kim-kazandi-MasterChef-eleme-adaylari-kimler-oldu--768x432.png 768w, https:\/\/www.tgrthaber.com\/mavikadin\/wp-content\/uploads\/MasterChef-21-Ekim-2025-dokunulmazligi-kim-kazandi-MasterChef-eleme-adaylari-kimler-oldu--1536x864.png 1536w, https:\/\/www.tgrthaber.com\/mavikadin\/wp-content\/uploads\/MasterChef-21-Ekim-2025-dokunulmazligi-kim-kazandi-MasterChef-eleme-adaylari-kimler-oldu-.png 1600w\" sizes=\"(max-width: 1604px) 100vw, 1604px\" \/><\/p>\n<hr \/>\n<p class=\"p1\">MasterChef T\u00fcrkiye Ana kadroya giren 16. yar\u0131\u015fmac\u0131: Hakan<\/p>\n<p class=\"p1\">MasterChef T\u00fcrkiye Ana kadroya giren 17. yar\u0131\u015fmac\u0131: Mert ( yedeklerden dahil oldu)<\/p>\n<p class=\"p1\">MasterChef T\u00fcrkiye Ana kadroya giren 18. yar\u0131\u015fmac\u0131: S\u00fcmeyye<\/p>\n<p class=\"p1\">MasterChef T\u00fcrkiye Ana kadroya giren 19. yar\u0131\u015fmac\u0131: Bar\u0131\u015f Kaya ( yedeklerden dahil oldu)<\/p>\n","protected":false},"excerpt":{"rendered":"<p>Ekranlar\u0131n sevilerek seyredilen yar\u0131\u015fma program\u0131 MasterChef T\u00fcrkiye&#8217;nin bu ak\u015famki konuklar\u0131ndan biri Dilara Ba\u015faran oldu. \u015eeflerin &#8216;\u0130talyan yemeklerinin krali\u00e7esi&#8217; olarak \u00e7a\u011f\u0131rd\u0131\u011f\u0131 Dilara&#8217;n\u0131n hayat\u0131 yeniden merak edilip ara\u015ft\u0131r\u0131lmaya ba\u015fland\u0131. Peki MasterChef Dilara Ba\u015faran kimdir, ne i\u015f yap\u0131yor? \u0130\u015fte hayat\u0131na dair merak edilenler&#8230; <\/p>\n","protected":false},"author":16,"featured_media":251918,"comment_status":"closed","ping_status":"closed","sticky":false,"template":"","format":"standard","meta":{"rank_math_lock_modified_date":false,"footnotes":""},"categories":[491],"tags":[3374,16521,64826,64827],"class_list":["post-251908","post","type-post","status-publish","format-standard","has-post-thumbnail","hentry","category-biyografi","tag-biyografi","tag-biyografi-haberleri","tag-masterchef-2025-konugu-dilara-basaran-kimdir","tag-masterchef-2025-konugu-dilara-basaran-ne-is-yapiyor"],"_links":{"self":[{"href":"https:\/\/www.tgrthaber.com\/mavikadin\/wp-json\/wp\/v2\/posts\/251908"}],"collection":[{"href":"https:\/\/www.tgrthaber.com\/mavikadin\/wp-json\/wp\/v2\/posts"}],"about":[{"href":"https:\/\/www.tgrthaber.com\/mavikadin\/wp-json\/wp\/v2\/types\/post"}],"author":[{"embeddable":true,"href":"https:\/\/www.tgrthaber.com\/mavikadin\/wp-json\/wp\/v2\/users\/16"}],"replies":[{"embeddable":true,"href":"https:\/\/www.tgrthaber.com\/mavikadin\/wp-json\/wp\/v2\/comments?post=251908"}],"version-history":[{"count":2,"href":"https:\/\/www.tgrthaber.com\/mavikadin\/wp-json\/wp\/v2\/posts\/251908\/revisions"}],"predecessor-version":[{"id":251917,"href":"https:\/\/www.tgrthaber.com\/mavikadin\/wp-json\/wp\/v2\/posts\/251908\/revisions\/251917"}],"wp:featuredmedia":[{"embeddable":true,"href":"https:\/\/www.tgrthaber.com\/mavikadin\/wp-json\/wp\/v2\/media\/251918"}],"wp:attachment":[{"href":"https:\/\/www.tgrthaber.com\/mavikadin\/wp-json\/wp\/v2\/media?parent=251908"}],"wp:term":[{"taxonomy":"category","embeddable":true,"href":"https:\/\/www.tgrthaber.com\/mavikadin\/wp-json\/wp\/v2\/categories?post=251908"},{"taxonomy":"post_tag","embeddable":true,"href":"https:\/\/www.tgrthaber.com\/mavikadin\/wp-json\/wp\/v2\/tags?post=251908"}],"curies":[{"name":"wp","href":"https:\/\/api.w.org\/{rel}","templated":true}]}}