{"id":251934,"date":"2025-10-21T08:01:44","date_gmt":"2025-10-21T05:01:44","guid":{"rendered":"https:\/\/www.tgrthaber.com\/mavikadin\/?p=251934"},"modified":"2025-10-21T08:07:14","modified_gmt":"2025-10-21T05:07:14","slug":"masterchef-yarismacilarinin-restoranlari-iste-imza-lezzetleriyle-one-cikan-o-mekanlar","status":"publish","type":"post","link":"https:\/\/www.tgrthaber.com\/mavikadin\/masterchef-yarismacilarinin-restoranlari-iste-imza-lezzetleriyle-one-cikan-o-mekanlar\/","title":{"rendered":"MasterChef yar\u0131\u015fmac\u0131lar\u0131n\u0131n restoranlar\u0131! \u0130\u015fte imza lezzetleriyle \u00f6ne \u00e7\u0131kan o mekanlar"},"content":{"rendered":"<p>TV8 &#8216;in sevilen yar\u0131\u015fma program\u0131 MasterChef T\u00fcrkiye&#8217;nin s\u0131k\u0131 takip\u00e7ilerinin merakla okuyaca\u011f\u0131 bir i\u00e7erik haz\u0131rlad\u0131k. Y\u0131llard\u0131r ekranlara gelen programda en dikkat \u00e7eken yar\u0131\u015fmac\u0131lar\u0131n restoranlar\u0131n\u0131 birlikte ke\u015ffetmeye ne dersiniz? Her biri kendi mutfa\u011f\u0131n\u0131n y\u0131ld\u0131z\u0131 olan MasterChef yar\u0131\u015fmac\u0131lar\u0131n\u0131n mekanlar\u0131na gelin birlikte bakal\u0131m..<\/p>\n<h3>MASTERCHEF \u015eAMP\u0130YONU EREN KA\u015eIK\u00c7I RESTORANI NERDE?<\/h3>\n<p class=\"p1\"><a href=\"https:\/\/www.tgrthaber.com\/mavikadin\/masterchef-2025-finali-ne-zaman-masterchef-ne-zaman-bitiyor\/\">MasterChef<\/a> 2021&#8217;in \u015fampiyonu Eren Ka\u015f\u0131k\u00e7\u0131n\u0131n 2 farkl\u0131 \u015fubede mekan\u0131 bulunuyor. \u00c7e\u015fit \u00e7e\u015fit sandwichlerle damaklara \u015f\u00f6len ya\u015fatan Eren \u015fampiyonlu\u011fun hakk\u0131n\u0131 veriyor.<\/p>\n<p class=\"p1\"><b>Adres:\u00a0<\/b>Cafera\u011fa, Sak\u0131z G\u00fcl\u00fc Sk. no:22\/a, 34000 Kad\u0131k\u00f6y\/\u0130stanbul<\/p>\n<p><img loading=\"lazy\" decoding=\"async\" class=\"alignnone wp-image-251935 \" src=\"https:\/\/www.tgrthaber.com\/mavikadin\/wp-content\/uploads\/Ekran-Resmi-2025-10-21-07.39.22-1024x715.png\" alt=\"\" width=\"1634\" height=\"1141\" title=\"\" srcset=\"https:\/\/www.tgrthaber.com\/mavikadin\/wp-content\/uploads\/Ekran-Resmi-2025-10-21-07.39.22-1024x715.png 1024w, https:\/\/www.tgrthaber.com\/mavikadin\/wp-content\/uploads\/Ekran-Resmi-2025-10-21-07.39.22-300x209.png 300w, https:\/\/www.tgrthaber.com\/mavikadin\/wp-content\/uploads\/Ekran-Resmi-2025-10-21-07.39.22-768x536.png 768w, https:\/\/www.tgrthaber.com\/mavikadin\/wp-content\/uploads\/Ekran-Resmi-2025-10-21-07.39.22.png 1424w\" sizes=\"(max-width: 1634px) 100vw, 1634px\" \/><\/p>\n<hr \/>\n<h3 class=\"p1\">MASTERCHEF ARAZ AKNAM\u2019IN RESTORANI NERDE?<\/h3>\n<p class=\"p1\">Eski Masterchef yar\u0131\u015fmac\u0131lar\u0131ndan Araz Aknam\u2019\u0131n mekan\u0131 da Kad\u0131k\u00f6y\u2019de bulunuyor. Sokak lezzetleri, tatl\u0131lar\u0131n sunuldu\u011fu mekanda d\u00fcnya mutfa\u011f\u0131ndan lezzetlerde var. <b>Adres:<\/b>\u00a0Ac\u0131badem, Ac\u0131badem Cd. 87\/A, 34718 Kad\u0131k\u00f6y\/\u0130stanbul<\/p>\n<p><img loading=\"lazy\" decoding=\"async\" class=\"alignnone wp-image-251936 \" src=\"https:\/\/www.tgrthaber.com\/mavikadin\/wp-content\/uploads\/Ekran-Resmi-2025-10-21-07.42.58-1024x737.png\" alt=\"\" width=\"1631\" height=\"1174\" title=\"\" srcset=\"https:\/\/www.tgrthaber.com\/mavikadin\/wp-content\/uploads\/Ekran-Resmi-2025-10-21-07.42.58-1024x737.png 1024w, https:\/\/www.tgrthaber.com\/mavikadin\/wp-content\/uploads\/Ekran-Resmi-2025-10-21-07.42.58-300x216.png 300w, https:\/\/www.tgrthaber.com\/mavikadin\/wp-content\/uploads\/Ekran-Resmi-2025-10-21-07.42.58-768x553.png 768w, https:\/\/www.tgrthaber.com\/mavikadin\/wp-content\/uploads\/Ekran-Resmi-2025-10-21-07.42.58-1536x1105.png 1536w, https:\/\/www.tgrthaber.com\/mavikadin\/wp-content\/uploads\/Ekran-Resmi-2025-10-21-07.42.58.png 1548w\" sizes=\"(max-width: 1631px) 100vw, 1631px\" \/><\/p>\n<hr \/>\n<h3 class=\"p1\">MASTERCHEF SERHAT DO\u011eRAMACI\u2019NIN RESTORANI NERDE?<\/h3>\n<p class=\"p1\">MasterChef 2020 Serhat Do\u011framac\u0131\u2019n\u0131n mekan\u0131n\u0131n ad\u0131 White Burger.<span class=\"Apple-converted-space\">\u00a0 <\/span>Lezzetli hamburgerlerin yap\u0131ld\u0131\u011f\u0131 mekan\u0131n farkl\u0131 \u015fubeleri bulunuyor. White Burger&#8217;in Kad\u0131k\u00f6y, Sar\u0131yer, \u015ei\u015fli, \u00dcmraniye, Maltepe ve Ata\u015fehir olmak \u00fczere \u015fubeleri var. <b>Adres:<\/b>\u00a0Cafera\u011fa, Soner Sk. No:6A, 34710 Kad\u0131k\u00f6y\/\u0130stanbul<\/p>\n<p><img loading=\"lazy\" decoding=\"async\" class=\"alignnone wp-image-251937 \" src=\"https:\/\/www.tgrthaber.com\/mavikadin\/wp-content\/uploads\/Ekran-Resmi-2025-10-21-07.45.44.png\" alt=\"\" width=\"1607\" height=\"1042\" title=\"\" srcset=\"https:\/\/www.tgrthaber.com\/mavikadin\/wp-content\/uploads\/Ekran-Resmi-2025-10-21-07.45.44.png 1342w, https:\/\/www.tgrthaber.com\/mavikadin\/wp-content\/uploads\/Ekran-Resmi-2025-10-21-07.45.44-300x194.png 300w, https:\/\/www.tgrthaber.com\/mavikadin\/wp-content\/uploads\/Ekran-Resmi-2025-10-21-07.45.44-1024x664.png 1024w, https:\/\/www.tgrthaber.com\/mavikadin\/wp-content\/uploads\/Ekran-Resmi-2025-10-21-07.45.44-768x498.png 768w\" sizes=\"(max-width: 1607px) 100vw, 1607px\" \/><\/p>\n<hr \/>\n<h3 class=\"p1\">MASTERCHEF AYAZ GE\u00c7ER\u2019\u0130N<span class=\"Apple-converted-space\">\u00a0 <\/span>RESTORANI NERDE?<\/h3>\n<p class=\"p1\">MasterChef\u2019in 2022 sezonunda yar\u0131\u015fan Ayaz Ge\u00e7er, kanat\u00e7\u0131 Ayaz olarak biliniyordu. Restoran\u0131nda da birbirinden lezzetli kanatlar\u0131n yap\u0131ld\u0131\u011f\u0131 mekan\u0131nda ac\u0131l\u0131 ve ac\u0131s\u0131z se\u00e7enekleri bulunduruyor. <b>Adres:<\/b>\u00a0Maslak Mah. Atat\u00fcrk Oto Sanayi Sitesi, 2. K\u0131s\u0131m, 1. Sk. No:6, 34485 Sar\u0131yer\/\u0130stanbul<\/p>\n<p><img loading=\"lazy\" decoding=\"async\" class=\"alignnone wp-image-251938 \" src=\"https:\/\/www.tgrthaber.com\/mavikadin\/wp-content\/uploads\/Ekran-Resmi-2025-10-21-07.48.49-1024x720.png\" alt=\"\" width=\"1674\" height=\"1177\" title=\"\" srcset=\"https:\/\/www.tgrthaber.com\/mavikadin\/wp-content\/uploads\/Ekran-Resmi-2025-10-21-07.48.49-1024x720.png 1024w, https:\/\/www.tgrthaber.com\/mavikadin\/wp-content\/uploads\/Ekran-Resmi-2025-10-21-07.48.49-300x211.png 300w, https:\/\/www.tgrthaber.com\/mavikadin\/wp-content\/uploads\/Ekran-Resmi-2025-10-21-07.48.49-768x540.png 768w, https:\/\/www.tgrthaber.com\/mavikadin\/wp-content\/uploads\/Ekran-Resmi-2025-10-21-07.48.49.png 1402w\" sizes=\"(max-width: 1674px) 100vw, 1674px\" \/><\/p>\n<hr \/>\n<h3 class=\"p1\">MASTERCHEF BARI\u015e DEM\u0130R\u2019\u0130N<span class=\"Apple-converted-space\">\u00a0 <\/span>RESTORANI NERDE?<\/h3>\n<p class=\"p1\">Masterchef 2022 sezonunda yar\u0131\u015fan Bar\u0131\u015f, Sar\u0131yer&#8217;de a\u00e7t\u0131\u011f\u0131 d\u00f6nerci ile hizmet veriyor. Mekan\u0131n en g\u00fczel yan\u0131 gece d\u00f6neri olarakta hizmet vermesi olarak de\u011ferlendiriliyor. Adres<b>:<\/b>\u00a0Maslak, Dereboyu 2 Cd No:8, 34398 Sar\u0131yer\/\u0130stanbul<\/p>\n<p><img loading=\"lazy\" decoding=\"async\" class=\"alignnone wp-image-251939 \" src=\"https:\/\/www.tgrthaber.com\/mavikadin\/wp-content\/uploads\/Ekran-Resmi-2025-10-21-07.50.57-1024x760.png\" alt=\"\" width=\"1668\" height=\"1238\" title=\"\" srcset=\"https:\/\/www.tgrthaber.com\/mavikadin\/wp-content\/uploads\/Ekran-Resmi-2025-10-21-07.50.57-1024x760.png 1024w, https:\/\/www.tgrthaber.com\/mavikadin\/wp-content\/uploads\/Ekran-Resmi-2025-10-21-07.50.57-300x223.png 300w, https:\/\/www.tgrthaber.com\/mavikadin\/wp-content\/uploads\/Ekran-Resmi-2025-10-21-07.50.57-768x570.png 768w, https:\/\/www.tgrthaber.com\/mavikadin\/wp-content\/uploads\/Ekran-Resmi-2025-10-21-07.50.57.png 1506w\" sizes=\"(max-width: 1668px) 100vw, 1668px\" \/><\/p>\n<hr \/>\n<h3 class=\"p1\">MASTERCHEF SERGEN \u00d6ZEN&#8217;\u0130N<span class=\"Apple-converted-space\">\u00a0 <\/span>RESTORANI NERDE?<\/h3>\n<p class=\"p1\">Masterchef 2021 sezonunda yar\u0131\u015fan Sergen \u00d6zen\u2019in iki farkl\u0131 mekan\u0131 bulunuyor. Birisi Kad\u0131k\u00f6y\u2019de di\u011feri Tekirda\u011f\u2019da bulunan mekanda k\u00f6ftenin yan\u0131 s\u0131ra<span class=\"Apple-converted-space\">\u00a0 <\/span>serpme kahvalt\u0131da veriliyor. Adres:<b>\u00a0<\/b>Z\u00fcht\u00fcpa\u015fa, Ba\u011fdat Cad. Tu\u011flac\u0131ba\u015f\u0131 Mahallesi No:15\/2, 34710 Kad\u0131k\u00f6y\/\u0130stanbul<\/p>\n<p><img loading=\"lazy\" decoding=\"async\" class=\"alignnone wp-image-251940 \" src=\"https:\/\/www.tgrthaber.com\/mavikadin\/wp-content\/uploads\/Ekran-Resmi-2025-10-21-07.53.50-1024x583.png\" alt=\"\" width=\"1602\" height=\"912\" title=\"\" srcset=\"https:\/\/www.tgrthaber.com\/mavikadin\/wp-content\/uploads\/Ekran-Resmi-2025-10-21-07.53.50-1024x583.png 1024w, https:\/\/www.tgrthaber.com\/mavikadin\/wp-content\/uploads\/Ekran-Resmi-2025-10-21-07.53.50-300x171.png 300w, https:\/\/www.tgrthaber.com\/mavikadin\/wp-content\/uploads\/Ekran-Resmi-2025-10-21-07.53.50-768x438.png 768w, https:\/\/www.tgrthaber.com\/mavikadin\/wp-content\/uploads\/Ekran-Resmi-2025-10-21-07.53.50.png 1362w\" sizes=\"(max-width: 1602px) 100vw, 1602px\" \/><\/p>\n<hr \/>\n<h3 class=\"p1\">MASTERCHEF HASAN B\u0130LTEK\u0130N\u2019\u0130N RESTORANI NERDE?<\/h3>\n<p class=\"p1\">Masterchef 2021 sezonunda \u00fc\u00e7\u00fcnc\u00fc olan Hasan\u2019\u0131n \u015fef Burger isimli bir mekan\u0131 bulunuyor. Restoran\u0131nda hamburgerin d\u0131\u015f\u0131nda farkl\u0131 farkl\u0131 tatl\u0131 \u00e7e\u015fitleri de yer al\u0131yor.<\/p>\n<p><img loading=\"lazy\" decoding=\"async\" class=\"alignnone wp-image-251941 \" src=\"https:\/\/www.tgrthaber.com\/mavikadin\/wp-content\/uploads\/Ekran-Resmi-2025-10-21-07.56.20-1024x749.png\" alt=\"\" width=\"1617\" height=\"1183\" title=\"\" srcset=\"https:\/\/www.tgrthaber.com\/mavikadin\/wp-content\/uploads\/Ekran-Resmi-2025-10-21-07.56.20-1024x749.png 1024w, https:\/\/www.tgrthaber.com\/mavikadin\/wp-content\/uploads\/Ekran-Resmi-2025-10-21-07.56.20-300x220.png 300w, https:\/\/www.tgrthaber.com\/mavikadin\/wp-content\/uploads\/Ekran-Resmi-2025-10-21-07.56.20-768x562.png 768w, https:\/\/www.tgrthaber.com\/mavikadin\/wp-content\/uploads\/Ekran-Resmi-2025-10-21-07.56.20.png 1394w\" sizes=\"(max-width: 1617px) 100vw, 1617px\" \/><\/p>\n<hr \/>\n<h3 class=\"p2\">MASTERCHEF 2025 ANA KADRO L\u0130STES\u0130<\/h3>\n<p class=\"p2\">MasterChef T\u00fcrkiye 2025 ana kadro g\u00fcncel listesi:<\/p>\n<p class=\"p2\">MasterChef T\u00fcrkiye Ana Kadroya Giren 1. Yar\u0131\u015fmac\u0131: Furkan<\/p>\n<p class=\"p2\">MasterChef T\u00fcrkiye Ana Kadroya Giren 2. Yar\u0131\u015fmac\u0131: Eyl\u00fcl<\/p>\n<p class=\"p2\">MasterChef T\u00fcrkiye Ana Kadroya Giren 3. Yar\u0131\u015fmac\u0131: \u00c7a\u011fatay<\/p>\n<p class=\"p2\">MasterChef T\u00fcrkiye Ana Kadroya Giren 4. Yar\u0131\u015fmac\u0131: Onur<\/p>\n<p><img loading=\"lazy\" decoding=\"async\" class=\"alignnone wp-image-251901 \" src=\"https:\/\/www.tgrthaber.com\/mavikadin\/wp-content\/uploads\/Ekran-Resmi-2025-10-21-05.56.28-1024x612.png\" alt=\"\" width=\"1595\" height=\"953\" title=\"\" srcset=\"https:\/\/www.tgrthaber.com\/mavikadin\/wp-content\/uploads\/Ekran-Resmi-2025-10-21-05.56.28-1024x612.png 1024w, https:\/\/www.tgrthaber.com\/mavikadin\/wp-content\/uploads\/Ekran-Resmi-2025-10-21-05.56.28-300x179.png 300w, https:\/\/www.tgrthaber.com\/mavikadin\/wp-content\/uploads\/Ekran-Resmi-2025-10-21-05.56.28-768x459.png 768w, https:\/\/www.tgrthaber.com\/mavikadin\/wp-content\/uploads\/Ekran-Resmi-2025-10-21-05.56.28.png 1296w\" sizes=\"(max-width: 1595px) 100vw, 1595px\" \/><\/p>\n<hr \/>\n<p class=\"p2\">MasterChef T\u00fcrkiye Ana kadroya giren 5. Yar\u0131\u015fmac\u0131: Nisa Nur ( yedeklerden dahil oldu)<\/p>\n<p class=\"p2\">MasterChef T\u00fcrkiye Ana kadroya giren 6. Yar\u0131\u015fmac\u0131: Sercan(elendi)<\/p>\n<p class=\"p2\">MasterChef T\u00fcrkiye Ana kadroya giren 7. Yar\u0131\u015fmac\u0131: Ayla<\/p>\n<p class=\"p2\">MasterChef T\u00fcrkiye Ana kadroya giren 8. Yar\u0131\u015fmac\u0131: \u0130hsan(elendi)<\/p>\n<p class=\"p2\">MasterChef T\u00fcrkiye Ana kadroya giren 9. Yar\u0131\u015fmac\u0131: Ayten<\/p>\n<p class=\"p2\">MasterChef T\u00fcrkiye Ana kadroya giren 10. Yar\u0131\u015fmac\u0131: \u00c7a\u011flar<\/p>\n<p class=\"p2\">MasterChef T\u00fcrkiye Ana kadroya giren 11. Yar\u0131\u015fmac\u0131: Sezer<\/p>\n<p class=\"p2\">MasterChef T\u00fcrkiye Ana kadroya giren 12. Yar\u0131\u015fmac\u0131: Cansu(elendi)<\/p>\n<p class=\"p2\">MasterChef T\u00fcrkiye Ana kadroya giren 13. Yar\u0131\u015fmac\u0131: \u00d6zkan<\/p>\n<p><img loading=\"lazy\" decoding=\"async\" class=\"alignnone wp-image-251903 \" src=\"https:\/\/www.tgrthaber.com\/mavikadin\/wp-content\/uploads\/Ekran-Resmi-2025-10-21-05.49.45-1024x567.png\" alt=\"\" width=\"1607\" height=\"890\" title=\"\" srcset=\"https:\/\/www.tgrthaber.com\/mavikadin\/wp-content\/uploads\/Ekran-Resmi-2025-10-21-05.49.45-1024x567.png 1024w, https:\/\/www.tgrthaber.com\/mavikadin\/wp-content\/uploads\/Ekran-Resmi-2025-10-21-05.49.45-300x166.png 300w, https:\/\/www.tgrthaber.com\/mavikadin\/wp-content\/uploads\/Ekran-Resmi-2025-10-21-05.49.45-768x426.png 768w, https:\/\/www.tgrthaber.com\/mavikadin\/wp-content\/uploads\/Ekran-Resmi-2025-10-21-05.49.45.png 1404w\" sizes=\"(max-width: 1607px) 100vw, 1607px\" \/><\/p>\n<hr \/>\n<p class=\"p2\">MasterChef T\u00fcrkiye Ana kadroya giren 14. yar\u0131\u015fmac\u0131: Gizem<\/p>\n<p class=\"p2\">MasterChef T\u00fcrkiye Ana kadroya giren 15. yar\u0131\u015fmac\u0131: \u0130rem (elendi)<\/p>\n<p class=\"p2\">MasterChef T\u00fcrkiye Ana kadroya giren 16. yar\u0131\u015fmac\u0131: Hakan<\/p>\n<p class=\"p2\">MasterChef T\u00fcrkiye Ana kadroya giren 17. yar\u0131\u015fmac\u0131: Mert ( yedeklerden dahil oldu)<\/p>\n<p class=\"p2\">MasterChef T\u00fcrkiye Ana kadroya giren 18. yar\u0131\u015fmac\u0131: S\u00fcmeyye<\/p>\n<p class=\"p2\">MasterChef T\u00fcrkiye Ana kadroya giren 19. yar\u0131\u015fmac\u0131: Bar\u0131\u015f Kaya ( yedeklerden dahil oldu)<\/p>\n<p class=\"p2\">\n","protected":false},"excerpt":{"rendered":"<p>TV8 ekranlar\u0131n\u0131n sevilerek seyredilen yar\u0131\u015fma program\u0131 MasterChef T\u00fcrkiye&#8217;de yar\u0131\u015ft\u0131ktan sonra her biri kendi mutfa\u011f\u0131n\u0131n y\u0131ld\u0131z\u0131 olan birbirinden ba\u015far\u0131l\u0131 yar\u0131\u015fmac\u0131lar\u0131n yar\u0131\u015fmadan sonra a\u00e7t\u0131klar\u0131 restoranlar merak ediliyor. Sizler de MasterChef yar\u0131\u015fmac\u0131lar\u0131n\u0131n mekanlar\u0131n\u0131 merak ediyorsan\u0131z bu i\u00e7eri\u011fimiz tam da size g\u00f6re! \u0130\u015fte MasterChef&#8217;in en ba\u015far\u0131l\u0131 isimlerininin birbirinden g\u00fczel mekanlar\u0131&#8230; <\/p>\n","protected":false},"author":16,"featured_media":251944,"comment_status":"closed","ping_status":"closed","sticky":false,"template":"","format":"standard","meta":{"rank_math_lock_modified_date":false,"footnotes":""},"categories":[76],"tags":[133,2218,64834,64833],"class_list":["post-251934","post","type-post","status-publish","format-standard","has-post-thumbnail","hentry","category-magazin","tag-magazin","tag-magazin-haberleri","tag-masterchef-yarismacilarinin-restoranlari","tag-masterchef-yarismacilarinin-restoranlari-nerede"],"_links":{"self":[{"href":"https:\/\/www.tgrthaber.com\/mavikadin\/wp-json\/wp\/v2\/posts\/251934"}],"collection":[{"href":"https:\/\/www.tgrthaber.com\/mavikadin\/wp-json\/wp\/v2\/posts"}],"about":[{"href":"https:\/\/www.tgrthaber.com\/mavikadin\/wp-json\/wp\/v2\/types\/post"}],"author":[{"embeddable":true,"href":"https:\/\/www.tgrthaber.com\/mavikadin\/wp-json\/wp\/v2\/users\/16"}],"replies":[{"embeddable":true,"href":"https:\/\/www.tgrthaber.com\/mavikadin\/wp-json\/wp\/v2\/comments?post=251934"}],"version-history":[{"count":4,"href":"https:\/\/www.tgrthaber.com\/mavikadin\/wp-json\/wp\/v2\/posts\/251934\/revisions"}],"predecessor-version":[{"id":251946,"href":"https:\/\/www.tgrthaber.com\/mavikadin\/wp-json\/wp\/v2\/posts\/251934\/revisions\/251946"}],"wp:featuredmedia":[{"embeddable":true,"href":"https:\/\/www.tgrthaber.com\/mavikadin\/wp-json\/wp\/v2\/media\/251944"}],"wp:attachment":[{"href":"https:\/\/www.tgrthaber.com\/mavikadin\/wp-json\/wp\/v2\/media?parent=251934"}],"wp:term":[{"taxonomy":"category","embeddable":true,"href":"https:\/\/www.tgrthaber.com\/mavikadin\/wp-json\/wp\/v2\/categories?post=251934"},{"taxonomy":"post_tag","embeddable":true,"href":"https:\/\/www.tgrthaber.com\/mavikadin\/wp-json\/wp\/v2\/tags?post=251934"}],"curies":[{"name":"wp","href":"https:\/\/api.w.org\/{rel}","templated":true}]}}