{"id":251966,"date":"2025-10-21T09:50:46","date_gmt":"2025-10-21T06:50:46","guid":{"rendered":"https:\/\/www.tgrthaber.com\/mavikadin\/?p=251966"},"modified":"2025-10-21T09:50:46","modified_gmt":"2025-10-21T06:50:46","slug":"tuba-buyukustunun-hakan-sabanci-ile-ask-yasadigi-iddia-edilmisti-unlu-oyuncudan-kafalari-karistiran-cevap-geldi","status":"publish","type":"post","link":"https:\/\/www.tgrthaber.com\/mavikadin\/tuba-buyukustunun-hakan-sabanci-ile-ask-yasadigi-iddia-edilmisti-unlu-oyuncudan-kafalari-karistiran-cevap-geldi\/","title":{"rendered":"Tuba B\u00fcy\u00fck\u00fcst\u00fcn\u2019\u00fcn Hakan Sabanc\u0131 ile a\u015fk ya\u015fad\u0131\u011f\u0131 iddia edilmi\u015fti! \u00dcnl\u00fc oyuncudan kafalar\u0131 kar\u0131\u015ft\u0131ran cevap geldi"},"content":{"rendered":"<p>Tuba B\u00fcy\u00fck\u00fcst\u00fcn, ba\u015far\u0131l\u0131 oyunculuk kariyerinin yan\u0131 s\u0131ra \u00f6zel hayat\u0131yla da dikkatleri \u00fczerine \u00e7ekmeye devam ediyor. Son zamanlarda \u00f6zellikle de a\u015fk ya\u015fant\u0131s\u0131yla ad\u0131ndan s\u00f6z ettiren Tuba B\u00fcy\u00fck\u00fcst\u00fcn\u2019\u00fcn, \u015fimdilerde Hakan Sabanc\u0131\u2019yla a\u015fk ya\u015fad\u0131\u011f\u0131 konu\u015fuluyor. \u0130kili aras\u0131ndaki a\u015fk dedikodular\u0131 magazin g\u00fcndemine bomba gibi otururken, Tuba B\u00fcy\u00fck\u00fcst\u00fcn\u2019den gelen dikkat \u00e7eken a\u00e7\u0131klama, kafalar\u0131 kar\u0131\u015ft\u0131r\u0131yor. \u0130\u015fte Tuba B\u00fcy\u00fck\u00fcst\u00fcn\u2019\u00fcn Hakan Sabanc\u0131 ile a\u015fk dedikodular\u0131na cevab\u0131\u2026<\/p>\n<h3>TUBA B\u00dcY\u00dcK\u00dcST\u00dcN\u2019\u00dcN HAKAN SABANCI \u0130LE A\u015eK YA\u015eADI\u011eI \u0130DD\u0130A ED\u0130L\u0130YOR!<\/h3>\n<p>Tuba B\u00fcy\u00fck\u00fcst\u00fcn\u2019\u00fcn son zamanlarda \u00fcnl\u00fc i\u015f insan\u0131 <a href=\"https:\/\/www.tgrthaber.com\/mavikadin\/tuba-buyukustun-sorusu-hakan-sabanciyi-cileden-cikardi-cevabi-olay-oldu\/?p=7\">Hakan Sabanc\u0131<\/a> ile a\u015fk ya\u015fad\u0131\u011f\u0131 iddia ediliyor. \u00d6zellikle ba\u015far\u0131l\u0131 oyunculuk kariyeriyle ad\u0131ndan s\u00f6z ettiren B\u00fcy\u00fck\u00fcst\u00fcn, son zamanlarda a\u015fk dedikodular\u0131yla g\u00fcndeme geliyor. G\u00fczelli\u011fi ve ba\u015far\u0131l\u0131 oyunculu\u011fuyla dikkat \u00e7eken \u00fcnl\u00fc oyuncu, bu kez \u00f6zel hayat\u0131yla ad\u0131ndan s\u00f6z ettirdi.<\/p>\n<p><img loading=\"lazy\" decoding=\"async\" class=\"size-full wp-image-251976\" src=\"https:\/\/www.tgrthaber.com\/mavikadin\/wp-content\/uploads\/Tuba-Buyukustun-9.jpg\" alt=\"Tuba B\u00fcy\u00fck\u00fcst\u00fcn\u2019\u00fcn Hakan Sabanc\u0131 ile a\u015fk ya\u015fad\u0131\u011f\u0131 iddia edilmi\u015fti! \u00dcnl\u00fc oyuncudan kafalar\u0131 kar\u0131\u015ft\u0131ran cevap geldi\" width=\"1208\" height=\"680\" title=\"\" srcset=\"https:\/\/www.tgrthaber.com\/mavikadin\/wp-content\/uploads\/Tuba-Buyukustun-9.jpg 1208w, https:\/\/www.tgrthaber.com\/mavikadin\/wp-content\/uploads\/Tuba-Buyukustun-9-300x169.jpg 300w, https:\/\/www.tgrthaber.com\/mavikadin\/wp-content\/uploads\/Tuba-Buyukustun-9-1024x576.jpg 1024w, https:\/\/www.tgrthaber.com\/mavikadin\/wp-content\/uploads\/Tuba-Buyukustun-9-768x432.jpg 768w\" sizes=\"(max-width: 1208px) 100vw, 1208px\" \/><\/p>\n<hr \/>\n<p>Yer ald\u0131\u011f\u0131 birbirinden ba\u015far\u0131l\u0131 projelerle sevilen oyuncular aras\u0131nda yer alan Tuba B\u00fcy\u00fck\u00fcst\u00fcn\u2019\u00fcn, en son Netflix dijital platformunda yay\u0131nlanan Zeytin A\u011fac\u0131 dizisinde birlikte rol ald\u0131\u011f\u0131 \u015e\u00fckr\u00fc \u00d6zy\u0131ld\u0131z ile a\u015fk ya\u015fad\u0131\u011f\u0131 iddia edilmi\u015fti. \u015eimdilerde ad\u0131 Hakan Sabanc\u0131 ile a\u015fk dedikodular\u0131na kar\u0131\u015fan B\u00fcy\u00fck\u00fcst\u00fcn, magazin g\u00fcndemine bomba gibi oturdu.<\/p>\n<p><img loading=\"lazy\" decoding=\"async\" class=\"size-full wp-image-251972\" src=\"https:\/\/www.tgrthaber.com\/mavikadin\/wp-content\/uploads\/Tuba-Buyukustun-5-1.jpg\" alt=\"Tuba B\u00fcy\u00fck\u00fcst\u00fcn\u2019\u00fcn Hakan Sabanc\u0131 ile a\u015fk ya\u015fad\u0131\u011f\u0131 iddia edilmi\u015fti! \u00dcnl\u00fc oyuncudan kafalar\u0131 kar\u0131\u015ft\u0131ran cevap geldi\" width=\"1208\" height=\"680\" title=\"\" srcset=\"https:\/\/www.tgrthaber.com\/mavikadin\/wp-content\/uploads\/Tuba-Buyukustun-5-1.jpg 1208w, https:\/\/www.tgrthaber.com\/mavikadin\/wp-content\/uploads\/Tuba-Buyukustun-5-1-300x169.jpg 300w, https:\/\/www.tgrthaber.com\/mavikadin\/wp-content\/uploads\/Tuba-Buyukustun-5-1-1024x576.jpg 1024w, https:\/\/www.tgrthaber.com\/mavikadin\/wp-content\/uploads\/Tuba-Buyukustun-5-1-768x432.jpg 768w\" sizes=\"(max-width: 1208px) 100vw, 1208px\" \/><\/p>\n<hr \/>\n<p>\u201cIhlamurlar Alt\u0131nda\u201d, \u201cKara Para A\u015fk\u201d, \u201cAsi\u201d, \u201cG\u00f6n\u00fcl\u00e7elen\u201d ve \u201cZeytin A\u011fac\u0131\u201d gibi birbirinden ba\u015far\u0131l\u0131 projelerle ad\u0131ndan s\u00f6z ettiren Tuba B\u00fcy\u00fck\u00fcst\u00fcn, 2011 y\u0131l\u0131nda Paris\u2019te kendisi gibi oyuncu Onur Saylak ile d\u00fcnyaevine girmi\u015fti. B\u00fcy\u00fck\u00fcst\u00fcn\u2019\u00fcn bu evlili\u011finden 2012 y\u0131l\u0131nda ikiz k\u0131zlar\u0131 Toprak ve Maya d\u00fcnyaya gelmi\u015fti. Uzun bir s\u00fcre mutlu beraberliklerini devam ettiren \u00e7ift, 2017 y\u0131l\u0131nda s\u00fcrpriz bir kararla evliliklerini bitirmi\u015fti.<\/p>\n<p><img loading=\"lazy\" decoding=\"async\" class=\"size-full wp-image-251969\" src=\"https:\/\/www.tgrthaber.com\/mavikadin\/wp-content\/uploads\/Tuba-Buyukustun-2-2.jpg\" alt=\"Tuba B\u00fcy\u00fck\u00fcst\u00fcn\u2019\u00fcn Hakan Sabanc\u0131 ile a\u015fk ya\u015fad\u0131\u011f\u0131 iddia edilmi\u015fti! \u00dcnl\u00fc oyuncudan kafalar\u0131 kar\u0131\u015ft\u0131ran cevap geldi\" width=\"1208\" height=\"680\" title=\"\" srcset=\"https:\/\/www.tgrthaber.com\/mavikadin\/wp-content\/uploads\/Tuba-Buyukustun-2-2.jpg 1208w, https:\/\/www.tgrthaber.com\/mavikadin\/wp-content\/uploads\/Tuba-Buyukustun-2-2-300x169.jpg 300w, https:\/\/www.tgrthaber.com\/mavikadin\/wp-content\/uploads\/Tuba-Buyukustun-2-2-1024x576.jpg 1024w, https:\/\/www.tgrthaber.com\/mavikadin\/wp-content\/uploads\/Tuba-Buyukustun-2-2-768x432.jpg 768w\" sizes=\"(max-width: 1208px) 100vw, 1208px\" \/><\/p>\n<hr \/>\n<h3>HAKAN SABANCI\u2019DAN TUBA B\u00dcY\u00dcK\u00dcST\u00dcN\u2019E OLAY BE\u011eEN\u0130!<\/h3>\n<p>Uzun bir s\u00fcredir Hande Er\u00e7el ile a\u015fk ya\u015fayan Hakan Sabanc\u0131, Tuba B\u00fcy\u00fck\u00fcst\u00fcn\u2019\u00fcn foto\u011fraf\u0131n\u0131 be\u011fendikten k\u0131sa bir s\u00fcre sonra geri \u00e7ekmi\u015fti. Sabanc\u0131\u2019n\u0131n bu olay hamlesi magazin d\u00fcnyas\u0131nda geni\u015f yank\u0131 uyand\u0131r\u0131rken, ikili aras\u0131nda herhangi bir a\u015fk ya\u015fan\u0131p ya\u015fanmad\u0131\u011f\u0131 da merak konusu olmu\u015ftu.<\/p>\n<p><img loading=\"lazy\" decoding=\"async\" class=\"size-full wp-image-251971\" src=\"https:\/\/www.tgrthaber.com\/mavikadin\/wp-content\/uploads\/Tuba-Buyukustun-4-1.jpg\" alt=\"Tuba B\u00fcy\u00fck\u00fcst\u00fcn\u2019\u00fcn Hakan Sabanc\u0131 ile a\u015fk ya\u015fad\u0131\u011f\u0131 iddia edilmi\u015fti! \u00dcnl\u00fc oyuncudan kafalar\u0131 kar\u0131\u015ft\u0131ran cevap geldi\" width=\"1208\" height=\"680\" title=\"\" srcset=\"https:\/\/www.tgrthaber.com\/mavikadin\/wp-content\/uploads\/Tuba-Buyukustun-4-1.jpg 1208w, https:\/\/www.tgrthaber.com\/mavikadin\/wp-content\/uploads\/Tuba-Buyukustun-4-1-300x169.jpg 300w, https:\/\/www.tgrthaber.com\/mavikadin\/wp-content\/uploads\/Tuba-Buyukustun-4-1-1024x576.jpg 1024w, https:\/\/www.tgrthaber.com\/mavikadin\/wp-content\/uploads\/Tuba-Buyukustun-4-1-768x432.jpg 768w\" sizes=\"(max-width: 1208px) 100vw, 1208px\" \/><\/p>\n<hr \/>\n<p>Hakan Sabanc\u0131, ge\u00e7ti\u011fimiz g\u00fcnlerde bas\u0131n mensuplar\u0131n\u0131n kendisine Tuba B\u00fcy\u00fck\u00fcst\u00fcn\u2019\u00fc sormas\u0131na \u00e7ok sinirlenmi\u015f ve \u201cBeyler te\u015fekk\u00fcr ederim iyi ak\u015famlar\u201d ifadelerini kullanarak uzakla\u015fm\u0131\u015ft\u0131.<\/p>\n<p><img loading=\"lazy\" decoding=\"async\" class=\"size-full wp-image-251970\" src=\"https:\/\/www.tgrthaber.com\/mavikadin\/wp-content\/uploads\/Tuba-Buyukustun-3-1.jpg\" alt=\"Tuba B\u00fcy\u00fck\u00fcst\u00fcn\u2019\u00fcn Hakan Sabanc\u0131 ile a\u015fk ya\u015fad\u0131\u011f\u0131 iddia edilmi\u015fti! \u00dcnl\u00fc oyuncudan kafalar\u0131 kar\u0131\u015ft\u0131ran cevap geldi\" width=\"1208\" height=\"680\" title=\"\" srcset=\"https:\/\/www.tgrthaber.com\/mavikadin\/wp-content\/uploads\/Tuba-Buyukustun-3-1.jpg 1208w, https:\/\/www.tgrthaber.com\/mavikadin\/wp-content\/uploads\/Tuba-Buyukustun-3-1-300x169.jpg 300w, https:\/\/www.tgrthaber.com\/mavikadin\/wp-content\/uploads\/Tuba-Buyukustun-3-1-1024x576.jpg 1024w, https:\/\/www.tgrthaber.com\/mavikadin\/wp-content\/uploads\/Tuba-Buyukustun-3-1-768x432.jpg 768w\" sizes=\"(max-width: 1208px) 100vw, 1208px\" \/><\/p>\n<hr \/>\n<h3>TUBA B\u00dcY\u00dcK\u00dcST\u00dcN\u2019DEN A\u015eK \u0130DD\u0130ALARINA KAFA KARI\u015eTIRAN CEVAP!<\/h3>\n<p><a href=\"https:\/\/www.tgrthaber.com\/mavikadin\/tuba-buyukustun-sukru-ozyildiz-ile-hakkinda-cikan-ask-iddialarini-yalanladi\/?p=5\">Tuba B\u00fcy\u00fck\u00fcst\u00fcn, <\/a>son olarak ba\u015frol\u00fcnde yer ald\u0131\u011f\u0131 \u2018<a href=\"https:\/\/www.tgrthaber.com\/mavikadin\/dehset-bey-filminin-konusu-ne-dehset-bey-filminin-oyunculari-kimler\/\">Deh\u015fet Bey<\/a>\u2019 filminin galas\u0131nda \u015fa\u015f\u0131rtan sorularla kar\u015f\u0131 kar\u015f\u0131ya kald\u0131. B\u00fcy\u00fck\u00fcst\u00fcn, muhabirlerin; \u201cHakan Sabanc\u0131\u2019n\u0131n foto\u011fraf\u0131n\u0131z\u0131 be\u011fenip sildi\u011fi konu\u015fuluyor, ne s\u00f6ylemek istersiniz?\u201d sorusu kar\u015f\u0131s\u0131nda adeta \u015fa\u015fk\u0131na d\u00f6nd\u00fc. Ba\u015far\u0131l\u0131 oyuncu utanga\u00e7 bir \u015fekilde g\u00fcl\u00fcmseyerek, sorular\u0131 \u015fu \u015fekilde cevap verdi:<\/p>\n<p><img loading=\"lazy\" decoding=\"async\" class=\"size-full wp-image-251974\" src=\"https:\/\/www.tgrthaber.com\/mavikadin\/wp-content\/uploads\/Tuba-Buyukustun-7-1.jpg\" alt=\"Tuba B\u00fcy\u00fck\u00fcst\u00fcn\u2019\u00fcn Hakan Sabanc\u0131 ile a\u015fk ya\u015fad\u0131\u011f\u0131 iddia edilmi\u015fti! \u00dcnl\u00fc oyuncudan kafalar\u0131 kar\u0131\u015ft\u0131ran cevap geldi\" width=\"1208\" height=\"680\" title=\"\" srcset=\"https:\/\/www.tgrthaber.com\/mavikadin\/wp-content\/uploads\/Tuba-Buyukustun-7-1.jpg 1208w, https:\/\/www.tgrthaber.com\/mavikadin\/wp-content\/uploads\/Tuba-Buyukustun-7-1-300x169.jpg 300w, https:\/\/www.tgrthaber.com\/mavikadin\/wp-content\/uploads\/Tuba-Buyukustun-7-1-1024x576.jpg 1024w, https:\/\/www.tgrthaber.com\/mavikadin\/wp-content\/uploads\/Tuba-Buyukustun-7-1-768x432.jpg 768w\" sizes=\"(max-width: 1208px) 100vw, 1208px\" \/><\/p>\n<hr \/>\n<p>\u201cBir \u015fey s\u00f6yleyebilir miyim? Ben ger\u00e7ekten bu sorulardan utan\u0131yorum \u015fu an. Ba\u015fka zaman konu\u015fal\u0131m, buraya bir bakar m\u0131s\u0131n\u0131z l\u00fctfen?\u201d<\/p>\n","protected":false},"excerpt":{"rendered":"<p>Son zamanlarda Hakan Sabanc\u0131 ile a\u015fk ya\u015fad\u0131\u011f\u0131 iddia edilen Tuba B\u00fcy\u00fck\u00fcst\u00fcn, kendisine gelen sorular\u0131 cevaplad\u0131. Bak\u0131n \u00fcnl\u00fc oyuncu a\u015fk iddialar\u0131 kar\u015f\u0131s\u0131nda neler s\u00f6yledi\u2026<\/p>\n","protected":false},"author":26,"featured_media":251973,"comment_status":"closed","ping_status":"closed","sticky":false,"template":"","format":"standard","meta":{"rank_math_lock_modified_date":false,"footnotes":""},"categories":[76],"tags":[2738,64841,133,2218,3568],"class_list":["post-251966","post","type-post","status-publish","format-standard","has-post-thumbnail","hentry","category-magazin","tag-hakan-sabanci","tag-hakan-sabanci-tuba-buyukustun","tag-magazin","tag-magazin-haberleri","tag-tuba-buyukustun"],"_links":{"self":[{"href":"https:\/\/www.tgrthaber.com\/mavikadin\/wp-json\/wp\/v2\/posts\/251966"}],"collection":[{"href":"https:\/\/www.tgrthaber.com\/mavikadin\/wp-json\/wp\/v2\/posts"}],"about":[{"href":"https:\/\/www.tgrthaber.com\/mavikadin\/wp-json\/wp\/v2\/types\/post"}],"author":[{"embeddable":true,"href":"https:\/\/www.tgrthaber.com\/mavikadin\/wp-json\/wp\/v2\/users\/26"}],"replies":[{"embeddable":true,"href":"https:\/\/www.tgrthaber.com\/mavikadin\/wp-json\/wp\/v2\/comments?post=251966"}],"version-history":[{"count":1,"href":"https:\/\/www.tgrthaber.com\/mavikadin\/wp-json\/wp\/v2\/posts\/251966\/revisions"}],"predecessor-version":[{"id":251978,"href":"https:\/\/www.tgrthaber.com\/mavikadin\/wp-json\/wp\/v2\/posts\/251966\/revisions\/251978"}],"wp:featuredmedia":[{"embeddable":true,"href":"https:\/\/www.tgrthaber.com\/mavikadin\/wp-json\/wp\/v2\/media\/251973"}],"wp:attachment":[{"href":"https:\/\/www.tgrthaber.com\/mavikadin\/wp-json\/wp\/v2\/media?parent=251966"}],"wp:term":[{"taxonomy":"category","embeddable":true,"href":"https:\/\/www.tgrthaber.com\/mavikadin\/wp-json\/wp\/v2\/categories?post=251966"},{"taxonomy":"post_tag","embeddable":true,"href":"https:\/\/www.tgrthaber.com\/mavikadin\/wp-json\/wp\/v2\/tags?post=251966"}],"curies":[{"name":"wp","href":"https:\/\/api.w.org\/{rel}","templated":true}]}}