{"id":252036,"date":"2025-10-21T12:15:05","date_gmt":"2025-10-21T09:15:05","guid":{"rendered":"https:\/\/www.tgrthaber.com\/mavikadin\/?p=252036"},"modified":"2025-10-21T12:18:09","modified_gmt":"2025-10-21T09:18:09","slug":"yeralti-dizisi-konusu-nedir-yeralti-dizisi-nerede-oynayacak-oyunculari","status":"publish","type":"post","link":"https:\/\/www.tgrthaber.com\/mavikadin\/yeralti-dizisi-konusu-nedir-yeralti-dizisi-nerede-oynayacak-oyunculari\/","title":{"rendered":"Yeralt\u0131 dizisi konusu nedir? Yeralt\u0131 dizisi nerede oynayacak, oyuncular\u0131"},"content":{"rendered":"<p><a href=\"https:\/\/www.tgrthaber.com\/mavikadin\/yeralti-dizisinde-deniz-can-aktasin-partneri-belli-oldu-kulisleri-alevlendiren-transfer\/\">Yeralt\u0131<\/a> dizisi konusu nedir? \u015fimdiden merak ediliyor. Mafya ve dram t\u00fcrlerini harmanlayan dizinin ba\u015frol\u00fcnde Deniz Can Akta\u015f oynuyor. Ba\u015far\u0131l\u0131 oyuncunun partnerinin kim olaca\u011f\u0131 ise izleyiciler taraf\u0131ndan b\u00fcy\u00fck bir merakla ara\u015ft\u0131r\u0131l\u0131yor. \u0130\u015fte Yeralt\u0131 dizisi nerede oynayacak, oyuncular\u0131 detaylar\u0131.<\/p>\n<h3>YERALTI D\u0130Z\u0130S\u0130 KONUSU NED\u0130R?<\/h3>\n<p>Yap\u0131mc\u0131l\u0131\u011f\u0131n\u0131 ve hikaye s\u00fcrecini Bahad\u0131r \u00d6zdener\u2019in \u00fcstlendi\u011fi <a href=\"https:\/\/www.tgrthaber.com\/mavikadin\/nowun-yeni-dizisi-yeralti-konusu-nedir-yeralti-dizisinin-oyunculari-kimler\/\">Yeralt\u0131<\/a> dizisi, mafya d\u00fcnyas\u0131n\u0131n karanl\u0131k y\u00fcz\u00fcn\u00fc ekranlara ta\u015f\u0131yacak. Dizi, g\u00fc\u00e7 sava\u015flar\u0131, sadakat, ihanet ve yeralt\u0131 a\u011flar\u0131 aras\u0131ndaki \u00e7at\u0131\u015fmalar\u0131 konu al\u0131yor.<\/p>\n<p><img loading=\"lazy\" decoding=\"async\" class=\"aligncenter size-full wp-image-252042\" src=\"https:\/\/www.tgrthaber.com\/mavikadin\/wp-content\/uploads\/Yeralti-dizisi-1.png\" alt=\"\" width=\"1208\" height=\"680\" title=\"\" srcset=\"https:\/\/www.tgrthaber.com\/mavikadin\/wp-content\/uploads\/Yeralti-dizisi-1.png 1208w, https:\/\/www.tgrthaber.com\/mavikadin\/wp-content\/uploads\/Yeralti-dizisi-1-300x169.png 300w, https:\/\/www.tgrthaber.com\/mavikadin\/wp-content\/uploads\/Yeralti-dizisi-1-1024x576.png 1024w, https:\/\/www.tgrthaber.com\/mavikadin\/wp-content\/uploads\/Yeralti-dizisi-1-768x432.png 768w\" sizes=\"(max-width: 1208px) 100vw, 1208px\" \/><\/p>\n<hr \/>\n<h3>YERALTI D\u0130Z\u0130S\u0130 OYUNCU KADROSU<\/h3>\n<p>Dizinin erkek ba\u015frol\u00fc olarak Deniz Can Akta\u015f\u2019\u0131n ismi kesinle\u015fmi\u015f durumda. Akta\u015f\u2019\u0131n bir s\u00fcredir g\u00fcndemde olan Halo projesinden tamamen ayr\u0131ld\u0131\u011f\u0131 ve yeni sezonda rotas\u0131n\u0131 Yeralt\u0131 dizisine \u00e7evirdi\u011fi biliniyor.<\/p>\n<p><img loading=\"lazy\" decoding=\"async\" class=\"aligncenter size-full wp-image-252043\" src=\"https:\/\/www.tgrthaber.com\/mavikadin\/wp-content\/uploads\/Yeralti-dizisi-2.png\" alt=\"\" width=\"1208\" height=\"680\" title=\"\" srcset=\"https:\/\/www.tgrthaber.com\/mavikadin\/wp-content\/uploads\/Yeralti-dizisi-2.png 1208w, https:\/\/www.tgrthaber.com\/mavikadin\/wp-content\/uploads\/Yeralti-dizisi-2-300x169.png 300w, https:\/\/www.tgrthaber.com\/mavikadin\/wp-content\/uploads\/Yeralti-dizisi-2-1024x576.png 1024w, https:\/\/www.tgrthaber.com\/mavikadin\/wp-content\/uploads\/Yeralti-dizisi-2-768x432.png 768w\" sizes=\"(max-width: 1208px) 100vw, 1208px\" \/><\/p>\n<hr \/>\n<p>Devrim \u00d6zkan ise kad\u0131n ba\u015frol olarak en g\u00fc\u00e7l\u00fc aday. Son olarak \u00c7ift Ki\u015filik Oda projesinde izleyici kar\u015f\u0131s\u0131na \u00e7\u0131kan \u00d6zkan\u2019\u0131n yeni sezon i\u00e7in ba\u015fka bir projede yer almamas\u0131, Yeralt\u0131 dizisindeki partnerlik iddialar\u0131n\u0131 g\u00fc\u00e7lendiriyor.<\/p>\n<p><img loading=\"lazy\" decoding=\"async\" class=\"aligncenter size-full wp-image-252044\" src=\"https:\/\/www.tgrthaber.com\/mavikadin\/wp-content\/uploads\/Yeralti-dizisi-5.png\" alt=\"\" width=\"1208\" height=\"680\" title=\"\" srcset=\"https:\/\/www.tgrthaber.com\/mavikadin\/wp-content\/uploads\/Yeralti-dizisi-5.png 1208w, https:\/\/www.tgrthaber.com\/mavikadin\/wp-content\/uploads\/Yeralti-dizisi-5-300x169.png 300w, https:\/\/www.tgrthaber.com\/mavikadin\/wp-content\/uploads\/Yeralti-dizisi-5-1024x576.png 1024w, https:\/\/www.tgrthaber.com\/mavikadin\/wp-content\/uploads\/Yeralti-dizisi-5-768x432.png 768w\" sizes=\"(max-width: 1208px) 100vw, 1208px\" \/><\/p>\n<hr \/>\n<h3>OYUNCULAR SOSYAL MEDYADA G\u00dcNDEM OLDU<\/h3>\n<p>Sosyal medya kullan\u0131c\u0131lar\u0131, Deniz Can Akta\u015f ve Devrim \u00d6zkan\u2019\u0131n potansiyel ekran uyumunu \u015fimdiden konu\u015fmaya ba\u015flad\u0131. \u201cBu ikili olur\u201d \u015feklindeki yorumlar dikkat \u00e7ekerken, resmi a\u00e7\u0131klama i\u00e7in g\u00f6zler yap\u0131m ekibine \u00e7evrildi. Hen\u00fcz bir netlik kazanmasa da, \u00d6zkan\u2019\u0131n ba\u015frol partnerli\u011fi g\u00fc\u00e7l\u00fc bir ihtimal olarak de\u011ferlendiriliyor. \u0130zleyiciler ise bu ikiliye duyduklar\u0131 ilgiyi \u015fimdiden sosyal medyada g\u00f6steriyor.<\/p>\n<p><img loading=\"lazy\" decoding=\"async\" class=\"aligncenter size-full wp-image-252045\" src=\"https:\/\/www.tgrthaber.com\/mavikadin\/wp-content\/uploads\/Yeralti-dizisi-6.png\" alt=\"\" width=\"1208\" height=\"680\" title=\"\" srcset=\"https:\/\/www.tgrthaber.com\/mavikadin\/wp-content\/uploads\/Yeralti-dizisi-6.png 1208w, https:\/\/www.tgrthaber.com\/mavikadin\/wp-content\/uploads\/Yeralti-dizisi-6-300x169.png 300w, https:\/\/www.tgrthaber.com\/mavikadin\/wp-content\/uploads\/Yeralti-dizisi-6-1024x576.png 1024w, https:\/\/www.tgrthaber.com\/mavikadin\/wp-content\/uploads\/Yeralti-dizisi-6-768x432.png 768w\" sizes=\"(max-width: 1208px) 100vw, 1208px\" \/><\/p>\n<hr \/>\n<h3>YERALTI D\u0130Z\u0130S\u0130 NEREDE OYNAYACAK?<\/h3>\n<p>Yeni yerli dizi Yeralt\u0131 NOW (NOW\u202fTV) platformunda yay\u0131nlanacak. Kulis bilgilerine g\u00f6re, proje ilk olarak Netflix i\u00e7in geli\u015ftirildi, ancak daha sonra televizyon format\u0131na uyarlanarak NOW TV ekranlar\u0131nda yay\u0131nlanmas\u0131na karar verildi. Resmi yay\u0131n tarihi hen\u00fcz a\u00e7\u0131klanmasa da, senaryo \u00e7al\u0131\u015fmalar\u0131 ve oyuncu se\u00e7imlerinin devam etti\u011fi biliniyor. Hik\u00e2yenin ise \u0130stanbul merkezli geli\u015fece\u011fi tahmin ediliyor.<\/p>\n","protected":false},"excerpt":{"rendered":"<p>Yeralt\u0131 dizisi konusu nedir? merak ediliyor. Sezona bomba gibi giri\u015f yapacak Yeralt\u0131 dizisi y\u0131ld\u0131z oyuncu kadrosuyla \u015fimdiden heyecanland\u0131r\u0131yor. Mafya ve dram t\u00fcrlerini harmanlayan dizinin ba\u015frol\u00fcnde Deniz Can Akta\u015f yer al\u0131yor.<\/p>\n","protected":false},"author":5,"featured_media":252046,"comment_status":"closed","ping_status":"closed","sticky":false,"template":"","format":"standard","meta":{"rank_math_lock_modified_date":false,"footnotes":""},"categories":[602],"tags":[21462,159,3602,61211],"class_list":["post-252036","post","type-post","status-publish","format-standard","has-post-thumbnail","hentry","category-diziler","tag-deniz-can-aktas","tag-devrim-ozkan","tag-diziler","tag-yeralti-dizisi"],"_links":{"self":[{"href":"https:\/\/www.tgrthaber.com\/mavikadin\/wp-json\/wp\/v2\/posts\/252036"}],"collection":[{"href":"https:\/\/www.tgrthaber.com\/mavikadin\/wp-json\/wp\/v2\/posts"}],"about":[{"href":"https:\/\/www.tgrthaber.com\/mavikadin\/wp-json\/wp\/v2\/types\/post"}],"author":[{"embeddable":true,"href":"https:\/\/www.tgrthaber.com\/mavikadin\/wp-json\/wp\/v2\/users\/5"}],"replies":[{"embeddable":true,"href":"https:\/\/www.tgrthaber.com\/mavikadin\/wp-json\/wp\/v2\/comments?post=252036"}],"version-history":[{"count":4,"href":"https:\/\/www.tgrthaber.com\/mavikadin\/wp-json\/wp\/v2\/posts\/252036\/revisions"}],"predecessor-version":[{"id":252050,"href":"https:\/\/www.tgrthaber.com\/mavikadin\/wp-json\/wp\/v2\/posts\/252036\/revisions\/252050"}],"wp:featuredmedia":[{"embeddable":true,"href":"https:\/\/www.tgrthaber.com\/mavikadin\/wp-json\/wp\/v2\/media\/252046"}],"wp:attachment":[{"href":"https:\/\/www.tgrthaber.com\/mavikadin\/wp-json\/wp\/v2\/media?parent=252036"}],"wp:term":[{"taxonomy":"category","embeddable":true,"href":"https:\/\/www.tgrthaber.com\/mavikadin\/wp-json\/wp\/v2\/categories?post=252036"},{"taxonomy":"post_tag","embeddable":true,"href":"https:\/\/www.tgrthaber.com\/mavikadin\/wp-json\/wp\/v2\/tags?post=252036"}],"curies":[{"name":"wp","href":"https:\/\/api.w.org\/{rel}","templated":true}]}}