{"id":252089,"date":"2025-10-21T13:58:36","date_gmt":"2025-10-21T10:58:36","guid":{"rendered":"https:\/\/www.tgrthaber.com\/mavikadin\/?p=252089"},"modified":"2025-10-21T21:00:30","modified_gmt":"2025-10-21T18:00:30","slug":"masterchef-2025-konugu-guzide-mertcan-kimdir-esi-kim-masterchef-konugu-guzide-estetik-yaptirdi-herkes-son-halini-konusuyor","status":"publish","type":"post","link":"https:\/\/www.tgrthaber.com\/mavikadin\/masterchef-2025-konugu-guzide-mertcan-kimdir-esi-kim-masterchef-konugu-guzide-estetik-yaptirdi-herkes-son-halini-konusuyor\/","title":{"rendered":"MasterChef 2025 konu\u011fu G\u00fczide Mertcan kimdir, e\u015fi kim? MasterChef konu\u011fu G\u00fczide estetik yapt\u0131rd\u0131 herkes son halini konu\u015fuyor"},"content":{"rendered":"<p>Ekranlar\u0131n sevilerek seyredilen yar\u0131\u015fma program\u0131 MasterChef T\u00fcrkiye&#8217;nin bu ak\u015famki konuklar\u0131 aras\u0131nda yer alan G\u00fczide Mertcan&#8217;\u0131n hayat\u0131 yeniden merak edildi. 2019 y\u0131l\u0131n\u0131n yar\u0131\u015fmac\u0131lar\u0131ndan olan G\u00fczide estetikli hali ile dikkat \u00e7ekerken \u00f6zel hayat\u0131na dair detaylar da ara\u015ft\u0131r\u0131lmaya ba\u015fland\u0131. Peki <a href=\"https:\/\/www.tgrthaber.com\/mavikadin\/masterchef-2025-konugu-araz-aknam-kimdir-meslegi-ne-masterchef-araz-nereli-restorani-var-mi\/\">MasterChef\u00a0<\/a> 2025 konu\u011fu G\u00fczide Mertcan kimdir, e\u015fi kim?&#8217; MasterChef G\u00fczide estetik mi yapt\u0131rd\u0131? \u0130\u015fte detaylar&#8230;<\/p>\n<h3>MASTERCHEF KONU\u011eU G\u00dcZ\u0130DE MERTCAN K\u0130MD\u0130R E\u015e\u0130 K\u0130MD\u0130R?<\/h3>\n<p class=\"p1\">G\u00fczide MertCan 1988 y\u0131l\u0131nda \u0130zmir\u2019de d\u00fcnyaya gelmi\u015ftir. \u00dcniversiteyi celal Bayar\u2019da okumu\u015ftur. Evlendikten sonra \u0130stanbul\u2019a ta\u015f\u0131nm\u0131\u015f, ablas\u0131yla ortak bir tekstil firmas\u0131 kurmu\u015ftur. Abiye ve g\u00fcnl\u00fck giyim k\u0131yafetlerini sat\u0131\u015fa sundu\u011fu ma\u011fazas\u0131nda \u00e7ocuklar\u0131 k\u00fc\u00e7\u00fck oldu\u011fu i\u00e7in aktif bir \u015fekilde \u00e7al\u0131\u015famam\u0131\u015ft\u0131r.<\/p>\n<p><img loading=\"lazy\" decoding=\"async\" class=\"alignnone wp-image-252091 \" src=\"https:\/\/www.tgrthaber.com\/mavikadin\/wp-content\/uploads\/Ekran-Resmi-2025-10-21-13.49.15-1024x588.png\" alt=\"\" width=\"1599\" height=\"918\" title=\"\" srcset=\"https:\/\/www.tgrthaber.com\/mavikadin\/wp-content\/uploads\/Ekran-Resmi-2025-10-21-13.49.15-1024x588.png 1024w, https:\/\/www.tgrthaber.com\/mavikadin\/wp-content\/uploads\/Ekran-Resmi-2025-10-21-13.49.15-300x172.png 300w, https:\/\/www.tgrthaber.com\/mavikadin\/wp-content\/uploads\/Ekran-Resmi-2025-10-21-13.49.15-768x441.png 768w, https:\/\/www.tgrthaber.com\/mavikadin\/wp-content\/uploads\/Ekran-Resmi-2025-10-21-13.49.15.png 1282w\" sizes=\"(max-width: 1599px) 100vw, 1599px\" \/><\/p>\n<hr \/>\n<p class=\"p1\">\u00c7ocuklar\u0131n\u0131n b\u00fcy\u00fcmesiyle uzman estetisyenlik e\u011fitimi alm\u0131\u015ft\u0131r. Bunun yan\u0131 s\u0131ra hobi olarak yemek yapmay\u0131 olduk\u00e7a \u00e7ok sevmektedir. Hemen hemen her mutfa\u011f\u0131 deneyip, farkl\u0131 lezzetler \u00f6\u011frenmeyi \u00e7ok sevmektedir. Sosyal medyay\u0131 aktif olarak kullanan isim bir s\u00fcre Instagram \u00fczerinden tarif videolar\u0131 da \u00e7ekmi\u015ftir. G\u00fczide Mercan, Mustafa Mertcan\u2019la evlidir ve \u00fc\u00e7 \u00e7ocu\u011fu vard\u0131r.<\/p>\n<p><img loading=\"lazy\" decoding=\"async\" class=\"alignnone wp-image-252092 \" src=\"https:\/\/www.tgrthaber.com\/mavikadin\/wp-content\/uploads\/Ekran-Resmi-2025-10-21-13.48.51-1024x602.png\" alt=\"\" width=\"1606\" height=\"944\" title=\"\" srcset=\"https:\/\/www.tgrthaber.com\/mavikadin\/wp-content\/uploads\/Ekran-Resmi-2025-10-21-13.48.51-1024x602.png 1024w, https:\/\/www.tgrthaber.com\/mavikadin\/wp-content\/uploads\/Ekran-Resmi-2025-10-21-13.48.51-300x176.png 300w, https:\/\/www.tgrthaber.com\/mavikadin\/wp-content\/uploads\/Ekran-Resmi-2025-10-21-13.48.51-768x451.png 768w, https:\/\/www.tgrthaber.com\/mavikadin\/wp-content\/uploads\/Ekran-Resmi-2025-10-21-13.48.51.png 1334w\" sizes=\"(max-width: 1606px) 100vw, 1606px\" \/><\/p>\n<hr \/>\n<h3>MASTERCHEF 2025 KONU\u011eU G\u00dcZ\u0130DE ESTET\u0130K YAPTIRDI HERKES SON HAL\u0130N\u0130 KONU\u015eUYOR<\/h3>\n<p class=\"p1\">MasterChef T\u00fcrkiye\u2019nin sevilen yar\u0131\u015fmac\u0131lar\u0131ndan biri olan G\u00fczide Mertcan bu ak\u015fam MasterChef\u2019e konuk j\u00fcri olarak kat\u0131ld\u0131. Bir d\u00f6nem evi ile herkesi dilinde olan yar\u0131\u015fmac\u0131n\u0131n son hali dikkatleri \u00fczerine \u00e7ekti. 2019\u2019un sevilen yar\u0131\u015fmac\u0131lar\u0131ndan biri olan G\u00fczide yapt\u0131rd\u0131\u011f\u0131 estetiklerle dikkat \u00e7ekti.<\/p>\n<p><img loading=\"lazy\" decoding=\"async\" class=\"alignnone wp-image-252093 \" src=\"https:\/\/www.tgrthaber.com\/mavikadin\/wp-content\/uploads\/Ekran-Resmi-2025-10-21-13.49.09-1024x576.png\" alt=\"\" width=\"1630\" height=\"917\" title=\"\" srcset=\"https:\/\/www.tgrthaber.com\/mavikadin\/wp-content\/uploads\/Ekran-Resmi-2025-10-21-13.49.09-1024x576.png 1024w, https:\/\/www.tgrthaber.com\/mavikadin\/wp-content\/uploads\/Ekran-Resmi-2025-10-21-13.49.09-300x169.png 300w, https:\/\/www.tgrthaber.com\/mavikadin\/wp-content\/uploads\/Ekran-Resmi-2025-10-21-13.49.09-768x432.png 768w, https:\/\/www.tgrthaber.com\/mavikadin\/wp-content\/uploads\/Ekran-Resmi-2025-10-21-13.49.09.png 1288w\" sizes=\"(max-width: 1630px) 100vw, 1630px\" \/><\/p>\n<hr \/>\n<p class=\"p1\">Jawline dolgusu yapt\u0131r\u0131p g\u00f6z \u00e7evresine de ufak dokunu\u015flar yapt\u0131\u011f\u0131 iddia edilen G\u00fczide\u2019nin dudak ve burun b\u00f6lgesine de dolgu yapt\u0131rd\u0131\u011f\u0131 konu\u015fuluyor. G\u00fczide\u2019nin son hali sosyal medya kullan\u0131c\u0131lar\u0131n\u0131n da dikkatini \u00e7ekti. Baz\u0131 kullan\u0131c\u0131lar yar\u0131\u015fmac\u0131n\u0131n eski halini daha do\u011fal ve g\u00fczel oldu\u011fu yorumunu yaparken baz\u0131lar\u0131 ise onun bu halinin \u00e7ok daha g\u00fczel oldu\u011fu yorumunda bulundu.<\/p>\n<p><img loading=\"lazy\" decoding=\"async\" class=\"alignnone wp-image-252094 \" src=\"https:\/\/www.tgrthaber.com\/mavikadin\/wp-content\/uploads\/Ekran-Resmi-2025-10-21-13.48.46-1024x663.png\" alt=\"\" width=\"1658\" height=\"1074\" title=\"\" srcset=\"https:\/\/www.tgrthaber.com\/mavikadin\/wp-content\/uploads\/Ekran-Resmi-2025-10-21-13.48.46-1024x663.png 1024w, https:\/\/www.tgrthaber.com\/mavikadin\/wp-content\/uploads\/Ekran-Resmi-2025-10-21-13.48.46-300x194.png 300w, https:\/\/www.tgrthaber.com\/mavikadin\/wp-content\/uploads\/Ekran-Resmi-2025-10-21-13.48.46-768x497.png 768w, https:\/\/www.tgrthaber.com\/mavikadin\/wp-content\/uploads\/Ekran-Resmi-2025-10-21-13.48.46.png 1422w\" sizes=\"(max-width: 1658px) 100vw, 1658px\" \/><\/p>\n<hr \/>\n<h3 class=\"p1\">MASTERCHEF 2025 ANA KADRO L\u0130STES\u0130<\/h3>\n<p class=\"p1\">MasterChef T\u00fcrkiye 2025 ana kadro g\u00fcncel listesi:<\/p>\n<p class=\"p1\">MasterChef T\u00fcrkiye Ana Kadroya Giren 1. Yar\u0131\u015fmac\u0131: Furkan<\/p>\n<p class=\"p1\">MasterChef T\u00fcrkiye Ana Kadroya Giren 2. Yar\u0131\u015fmac\u0131: Eyl\u00fcl<\/p>\n<p class=\"p1\">MasterChef T\u00fcrkiye Ana Kadroya Giren 3. Yar\u0131\u015fmac\u0131: \u00c7a\u011fatay<\/p>\n<p class=\"p1\">MasterChef T\u00fcrkiye Ana Kadroya Giren 4. Yar\u0131\u015fmac\u0131: Onur<\/p>\n<p class=\"p1\">MasterChef T\u00fcrkiye Ana kadroya giren 5. Yar\u0131\u015fmac\u0131: Nisa Nur ( yedeklerden dahil oldu)<\/p>\n<p class=\"p1\">MasterChef T\u00fcrkiye Ana kadroya giren 6. Yar\u0131\u015fmac\u0131: Sercan(elendi)<\/p>\n<p><img loading=\"lazy\" decoding=\"async\" class=\"alignnone wp-image-252096 \" src=\"https:\/\/www.tgrthaber.com\/mavikadin\/wp-content\/uploads\/Ekran-Resmi-2025-10-21-05.49.41-1-1024x539.png\" alt=\"\" width=\"1641\" height=\"864\" title=\"\" srcset=\"https:\/\/www.tgrthaber.com\/mavikadin\/wp-content\/uploads\/Ekran-Resmi-2025-10-21-05.49.41-1-1024x539.png 1024w, https:\/\/www.tgrthaber.com\/mavikadin\/wp-content\/uploads\/Ekran-Resmi-2025-10-21-05.49.41-1-300x158.png 300w, https:\/\/www.tgrthaber.com\/mavikadin\/wp-content\/uploads\/Ekran-Resmi-2025-10-21-05.49.41-1-768x404.png 768w, https:\/\/www.tgrthaber.com\/mavikadin\/wp-content\/uploads\/Ekran-Resmi-2025-10-21-05.49.41-1.png 1528w\" sizes=\"(max-width: 1641px) 100vw, 1641px\" \/><\/p>\n<hr \/>\n<p class=\"p1\">MasterChef T\u00fcrkiye Ana kadroya giren 7. Yar\u0131\u015fmac\u0131: Ayla<\/p>\n<p class=\"p1\">MasterChef T\u00fcrkiye Ana kadroya giren 8. Yar\u0131\u015fmac\u0131: \u0130hsan(elendi)<\/p>\n<p class=\"p1\">MasterChef T\u00fcrkiye Ana kadroya giren 9. Yar\u0131\u015fmac\u0131: Ayten<\/p>\n<p class=\"p1\">MasterChef T\u00fcrkiye Ana kadroya giren 10. Yar\u0131\u015fmac\u0131: \u00c7a\u011flar<\/p>\n<p class=\"p1\">MasterChef T\u00fcrkiye Ana kadroya giren 11. Yar\u0131\u015fmac\u0131: Sezer<\/p>\n<p class=\"p1\">MasterChef T\u00fcrkiye Ana kadroya giren 12. Yar\u0131\u015fmac\u0131: Cansu(elendi)<\/p>\n<p class=\"p1\">MasterChef T\u00fcrkiye Ana kadroya giren 13. Yar\u0131\u015fmac\u0131: \u00d6zkan<\/p>\n<p class=\"p1\">MasterChef T\u00fcrkiye Ana kadroya giren 14. yar\u0131\u015fmac\u0131: Gizem<\/p>\n<p><img loading=\"lazy\" decoding=\"async\" class=\"alignnone wp-image-252098 \" src=\"https:\/\/www.tgrthaber.com\/mavikadin\/wp-content\/uploads\/Ekran-Resmi-2025-10-21-05.50.30-1-1024x580.png\" alt=\"\" width=\"1607\" height=\"910\" title=\"\" srcset=\"https:\/\/www.tgrthaber.com\/mavikadin\/wp-content\/uploads\/Ekran-Resmi-2025-10-21-05.50.30-1-1024x580.png 1024w, https:\/\/www.tgrthaber.com\/mavikadin\/wp-content\/uploads\/Ekran-Resmi-2025-10-21-05.50.30-1-300x170.png 300w, https:\/\/www.tgrthaber.com\/mavikadin\/wp-content\/uploads\/Ekran-Resmi-2025-10-21-05.50.30-1-768x435.png 768w, https:\/\/www.tgrthaber.com\/mavikadin\/wp-content\/uploads\/Ekran-Resmi-2025-10-21-05.50.30-1.png 1458w\" sizes=\"(max-width: 1607px) 100vw, 1607px\" \/><\/p>\n<hr \/>\n<p class=\"p1\">MasterChef T\u00fcrkiye Ana kadroya giren 15. yar\u0131\u015fmac\u0131: \u0130rem (elendi)<\/p>\n<p class=\"p1\">MasterChef T\u00fcrkiye Ana kadroya giren 16. yar\u0131\u015fmac\u0131: Hakan<\/p>\n<p class=\"p1\">MasterChef T\u00fcrkiye Ana kadroya giren 17. yar\u0131\u015fmac\u0131: Mert ( yedeklerden dahil oldu)<\/p>\n<p class=\"p1\">MasterChef T\u00fcrkiye Ana kadroya giren 18. yar\u0131\u015fmac\u0131: S\u00fcmeyye<\/p>\n<p class=\"p1\">MasterChef T\u00fcrkiye Ana kadroya giren 19. yar\u0131\u015fmac\u0131: Bar\u0131\u015f Kaya ( yedeklerden dahil oldu)<\/p>\n<p class=\"p1\">\n","protected":false},"excerpt":{"rendered":"<p>TV8&#8217;in fenomen yemek yar\u0131\u015fmas\u0131 MasterChef T\u00fcrkiye&#8217;ye bu ak\u015fam eski yar\u0131\u015fmac\u0131lar konuk oluyor. 2019 sezonunun sevilen yar\u0131\u015fmac\u0131lar\u0131ndan biri olan G\u00fczide Mertcan&#8217;\u0131n programa kat\u0131lmas\u0131yla hayat\u0131 yeniden merak edilip ara\u015ft\u0131r\u0131lmaya ba\u015fland\u0131. Son g\u00f6r\u00fcnt\u00fcs\u00fc ile dikkatleri \u00fczerine \u00e7eken G\u00fczide Mertcan i\u00e7in izleyiciler, &#8216;MasterChef G\u00fczide Mertcan estetik mi yapt\u0131rd\u0131? MasterChef G\u00fczide Mertcan kimdir, e\u015fi kim?&#8217; sorular\u0131na cevap ar\u0131yor. <\/p>\n","protected":false},"author":16,"featured_media":252099,"comment_status":"closed","ping_status":"closed","sticky":false,"template":"","format":"standard","meta":{"rank_math_lock_modified_date":false,"footnotes":""},"categories":[491],"tags":[16521,64856,64857,64855],"class_list":["post-252089","post","type-post","status-publish","format-standard","has-post-thumbnail","hentry","category-biyografi","tag-biyografi-haberleri","tag-masterchef-guzide-mertcan-esi-kim","tag-masterchef-guzide-mertcan-estetik-son-hali","tag-masterchef-guzide-mertcan-kimdir"],"_links":{"self":[{"href":"https:\/\/www.tgrthaber.com\/mavikadin\/wp-json\/wp\/v2\/posts\/252089"}],"collection":[{"href":"https:\/\/www.tgrthaber.com\/mavikadin\/wp-json\/wp\/v2\/posts"}],"about":[{"href":"https:\/\/www.tgrthaber.com\/mavikadin\/wp-json\/wp\/v2\/types\/post"}],"author":[{"embeddable":true,"href":"https:\/\/www.tgrthaber.com\/mavikadin\/wp-json\/wp\/v2\/users\/16"}],"replies":[{"embeddable":true,"href":"https:\/\/www.tgrthaber.com\/mavikadin\/wp-json\/wp\/v2\/comments?post=252089"}],"version-history":[{"count":3,"href":"https:\/\/www.tgrthaber.com\/mavikadin\/wp-json\/wp\/v2\/posts\/252089\/revisions"}],"predecessor-version":[{"id":252286,"href":"https:\/\/www.tgrthaber.com\/mavikadin\/wp-json\/wp\/v2\/posts\/252089\/revisions\/252286"}],"wp:featuredmedia":[{"embeddable":true,"href":"https:\/\/www.tgrthaber.com\/mavikadin\/wp-json\/wp\/v2\/media\/252099"}],"wp:attachment":[{"href":"https:\/\/www.tgrthaber.com\/mavikadin\/wp-json\/wp\/v2\/media?parent=252089"}],"wp:term":[{"taxonomy":"category","embeddable":true,"href":"https:\/\/www.tgrthaber.com\/mavikadin\/wp-json\/wp\/v2\/categories?post=252089"},{"taxonomy":"post_tag","embeddable":true,"href":"https:\/\/www.tgrthaber.com\/mavikadin\/wp-json\/wp\/v2\/tags?post=252089"}],"curies":[{"name":"wp","href":"https:\/\/api.w.org\/{rel}","templated":true}]}}