{"id":252107,"date":"2025-10-21T14:41:01","date_gmt":"2025-10-21T11:41:01","guid":{"rendered":"https:\/\/www.tgrthaber.com\/mavikadin\/?p=252107"},"modified":"2025-10-21T14:41:15","modified_gmt":"2025-10-21T11:41:15","slug":"gullunun-oglu-tugberk-yagizdan-ahmet-minguzzi-davasina-anlamli-destek-annesinin-acisi-tazeyken-adalet-nobetine-kostu","status":"publish","type":"post","link":"https:\/\/www.tgrthaber.com\/mavikadin\/gullunun-oglu-tugberk-yagizdan-ahmet-minguzzi-davasina-anlamli-destek-annesinin-acisi-tazeyken-adalet-nobetine-kostu\/","title":{"rendered":"G\u00fcll\u00fc\u2019n\u00fcn o\u011flu Tu\u011fberk Ya\u011f\u0131z\u2019dan Ahmet Minguzzi davas\u0131na anlaml\u0131 destek! Annesinin ac\u0131s\u0131 tazeyken adalet n\u00f6betine ko\u015ftu!"},"content":{"rendered":"<p class=\"p1\">Evinin balkonundan d\u00fc\u015ferek hayat\u0131n\u0131 kaybeden G\u00fcll\u00fc sevenlerini kahretmi\u015fti. 26 Eyl\u00fcl\u2019de hayat\u0131n\u0131 kaybeden Arabesk m\u00fczi\u011fin efsane ismi G\u00fcll\u00fc\u2019n\u00fcn \u00f6l\u00fcm sebebi mercek alt\u0131na al\u0131nm\u0131\u015ft\u0131. Hatta \u00f6yleki sanat\u00e7\u0131n\u0131n \u015f\u00fcpheli \u00f6l\u00fcm\u00fcnden sonra g\u00f6zler \u00e7ocuklar\u0131na \u00e7evrilmi\u015fti.<span class=\"Apple-converted-space\">\u00a0 <\/span>Ge\u00e7ti\u011fimiz ay hayat\u0131n\u0131 kaybeden \u015fark\u0131c\u0131n\u0131n o\u011flu ortaya at\u0131lan as\u0131ls\u0131z iddialara kar\u015f\u0131 tavr\u0131n\u0131 koymu\u015f, bu tarz haberlerle kamuoyu olu\u015fturmak isteyenlere dava a\u00e7aca\u011f\u0131n\u0131 dile getirmi\u015fti. Merhum sanat\u00e7\u0131 G\u00fcll\u00fc\u2019n\u00fcn o\u011flu<span class=\"Apple-converted-space\">\u00a0 <\/span>Tu\u011fberk Ya\u011f\u0131z, Yasemin Minguzzi\u2019nin adalet aray\u0131\u015f\u0131na destek vermek i\u00e7in geldi\u011fi Kartal Anadolu Adliyesi\u2019nde Gece Muhabiri Samet Aday\u2019a k\u0131sa bir deme\u00e7 vererek, \u201cMattia Ahmet Minguzzi \u0130\u00e7in Adalet\u201d dedi. Annesinin ac\u0131s\u0131 daha tazeyken adalet n\u00f6betine ko\u015fmas\u0131 sosyal medyadan alk\u0131\u015f toplad\u0131.<\/p>\n<h3>G\u011eLL\u011e&#8217;N\u00dcN O\u011eLU TU\u011eBERK YA\u011eIZ&#8217;DAN AHMET M\u0130NGUZZ\u0130 DAVASINA ANLAMLI DESTEK!<\/h3>\n<p class=\"p2\">Arabesk M\u00fczi\u011fin sevilen sanat\u00e7\u0131s\u0131 <a href=\"https:\/\/www.tgrthaber.com\/mavikadin\/gullunun-banyoya-girdigi-anlar-ilk-kez-ortaya-cikti-dikkat-ceken-detaylar-herkesi-uzdu\/\">G\u00fcll\u00fc<\/a><span class=\"Apple-converted-space\">\u00a0 <\/span>ge\u00e7ti\u011fimiz ay evinin balkonundan d\u00fc\u015ferek hayat\u0131n\u0131 kaybetmi\u015fti. Sanat\u00e7\u0131n\u0131n \u015f\u00fcpheli \u00f6l\u00fcm\u00fcn\u00fcn \u00fczerine pek \u00e7ok iddia ortaya at\u0131lm\u0131\u015ft\u0131. Bu iddialardan en \u00e7ok dikkat \u00e7ekeni ise \u00e7ocuklar\u0131na y\u00f6nelik olanlard\u0131. Sanat\u00e7\u0131n\u0131n t\u0131rnak aralar\u0131ndan al\u0131nan \u00f6rneklerde hi\u00e7 DNA izi bulunmamas\u0131, cinayet ihtimalini zay\u0131flatm\u0131\u015ft\u0131. Konu hakk\u0131nda ortaya at\u0131lan senaryolar devam ederken roman m\u00fczi\u011finin sevilen isimlerinden Kobra Murat, G\u00fcll\u00fc\u2019n\u00fcn cinayetini \u00e7\u00f6zd\u00fc\u011f\u00fcn\u00fc s\u00f6ylemi\u015f \u015fu ifadelerle dikkat \u00e7ekmi\u015fti:<\/p>\n<p><img loading=\"lazy\" decoding=\"async\" class=\"alignnone wp-image-252123 \" src=\"https:\/\/www.tgrthaber.com\/mavikadin\/wp-content\/uploads\/Ekran-Resmi-2025-10-21-14.28.55-1024x634.png\" alt=\"\" width=\"1593\" height=\"986\" title=\"\" srcset=\"https:\/\/www.tgrthaber.com\/mavikadin\/wp-content\/uploads\/Ekran-Resmi-2025-10-21-14.28.55-1024x634.png 1024w, https:\/\/www.tgrthaber.com\/mavikadin\/wp-content\/uploads\/Ekran-Resmi-2025-10-21-14.28.55-300x186.png 300w, https:\/\/www.tgrthaber.com\/mavikadin\/wp-content\/uploads\/Ekran-Resmi-2025-10-21-14.28.55-768x475.png 768w, https:\/\/www.tgrthaber.com\/mavikadin\/wp-content\/uploads\/Ekran-Resmi-2025-10-21-14.28.55.png 1312w\" sizes=\"(max-width: 1593px) 100vw, 1593px\" \/><\/p>\n<hr \/>\n<p class=\"p2\"><span class=\"Apple-converted-space\">\u00a0 <\/span>\u201cCinayetin nas\u0131l oldu\u011funu bulmu\u015f gibi hissediyorum. Odada ya\u015fananlar\u0131 size anlat\u0131yorum. G\u00fcll\u00fc, o saatte hep TikTok&#8217;ta canl\u0131 yay\u0131n yaparm\u0131\u015f. Lavaboya giriyor, elbisesini giriyor, sa\u00e7\u0131n\u0131 ba\u015f\u0131n\u0131 d\u00fczeltiyor, lavabodan \u00e7\u0131k\u0131yor. &#8216;Haz\u0131r m\u0131y\u0131z?&#8217; diyor. Sonra bak\u0131yor ki cam a\u00e7\u0131k\u2026<\/p>\n<p><img loading=\"lazy\" decoding=\"async\" class=\"alignnone wp-image-252128 \" src=\"https:\/\/www.tgrthaber.com\/mavikadin\/wp-content\/uploads\/Ekran-Resmi-2025-10-21-14.34.58-1024x595.png\" alt=\"\" width=\"1607\" height=\"934\" title=\"\" srcset=\"https:\/\/www.tgrthaber.com\/mavikadin\/wp-content\/uploads\/Ekran-Resmi-2025-10-21-14.34.58-1024x595.png 1024w, https:\/\/www.tgrthaber.com\/mavikadin\/wp-content\/uploads\/Ekran-Resmi-2025-10-21-14.34.58-300x174.png 300w, https:\/\/www.tgrthaber.com\/mavikadin\/wp-content\/uploads\/Ekran-Resmi-2025-10-21-14.34.58-768x447.png 768w, https:\/\/www.tgrthaber.com\/mavikadin\/wp-content\/uploads\/Ekran-Resmi-2025-10-21-14.34.58.png 1376w\" sizes=\"(max-width: 1607px) 100vw, 1607px\" \/><\/p>\n<hr \/>\n<p class=\"p2\">K\u0131zlar camdan a\u015fa\u011f\u0131da E\u015fref diye birisiyle konu\u015fuyor. E\u015fref&#8217;e \u015fak \u015fak at\u0131yorlar, &#8216;Biz geliyoruz&#8217; diyorlar. Annesi de bunu duyuyor, &#8216;O ne lan?&#8217; diyip hiddetle odaya oturuyor. K\u0131zlar da &#8216;Hadi g\u00f6r\u00fc\u015f\u00fcr\u00fcz&#8217; diye ka\u00e7maya \u00e7al\u0131\u015f\u0131yorlar. G\u00fcll\u00fc de onlar\u0131 omuzundan tutuyor, G\u00fcll\u00fc&#8217;n\u00fcn t\u0131rnaklar\u0131nda DNA \u00e7\u0131kmamas\u0131n\u0131n sebebi bu. K\u0131zlar\u0131 \u00e7ekiyor. K\u0131zlar da &#8216;B\u0131rak&#8217; diyor, orada sesler geliyor. Ya G\u00fcll\u00fc&#8217;n\u00fcn eli kay\u0131yor ya da k\u0131z &#8216;B\u0131rak&#8217; deyip G\u00fcll\u00fc&#8217;y\u00fc b\u00f6yle itiyor. Sultan. Bence Sultan.\u201d<\/p>\n<p><img loading=\"lazy\" decoding=\"async\" class=\"alignnone wp-image-252124 \" src=\"https:\/\/www.tgrthaber.com\/mavikadin\/wp-content\/uploads\/Ekran-Resmi-2025-10-21-14.31.15-678x1024.png\" alt=\"\" width=\"1621\" height=\"2448\" title=\"\" srcset=\"https:\/\/www.tgrthaber.com\/mavikadin\/wp-content\/uploads\/Ekran-Resmi-2025-10-21-14.31.15-678x1024.png 678w, https:\/\/www.tgrthaber.com\/mavikadin\/wp-content\/uploads\/Ekran-Resmi-2025-10-21-14.31.15-199x300.png 199w, https:\/\/www.tgrthaber.com\/mavikadin\/wp-content\/uploads\/Ekran-Resmi-2025-10-21-14.31.15-768x1160.png 768w, https:\/\/www.tgrthaber.com\/mavikadin\/wp-content\/uploads\/Ekran-Resmi-2025-10-21-14.31.15-1017x1536.png 1017w, https:\/\/www.tgrthaber.com\/mavikadin\/wp-content\/uploads\/Ekran-Resmi-2025-10-21-14.31.15-1356x2048.png 1356w, https:\/\/www.tgrthaber.com\/mavikadin\/wp-content\/uploads\/Ekran-Resmi-2025-10-21-14.31.15.png 1434w\" sizes=\"(max-width: 1621px) 100vw, 1621px\" \/><\/p>\n<hr \/>\n<p class=\"p2\">Kobra Murat\u2019\u0131n yapt\u0131\u011f\u0131 a\u00e7\u0131klamalar sonras\u0131 sosyal medya hesab\u0131ndan payla\u015f\u0131m yapan G\u00fcll\u00fc\u2019n\u00fcn o\u011flu Tu\u011fberk Ya\u011f\u0131z, avukat\u0131 arac\u0131l\u0131\u011f\u0131 ile yapt\u0131\u011f\u0131 a\u00e7\u0131klamada; \u201cKamuoyunda Kobra Murat olarak bilinen sanat\u00e7\u0131 Murat Divandiler hakk\u0131nda yak\u0131n tarihte vefat eden ve kamuoyunda G\u00fcll\u00fc olarak tan\u0131nan sanat\u00e7\u0131 merhume\u00a0G\u00fcl Tut&#8217;un miras\u00e7\u0131s\u0131 olan o\u011flu Tu\u011fberk Ya\u011f\u0131z Hamza G\u00fclter ad\u0131na avukat\u0131 olarak vekaleten ki\u015finin hat\u0131ras\u0131na hakaret ve halk\u0131 yan\u0131lt\u0131c\u0131 bilgiyi alenen yayma su\u00e7lar\u0131ndan\u00a0dolay\u0131 \u0130stanbul Anadolu Cumhuriyet Ba\u015fsavc\u0131l\u0131\u011f\u0131&#8217;na 14.10.2025 tarihinde\u00a0su\u00e7 duyurusunda bulunulmu\u015f olup kamuoyunun bilgisine sunar\u0131z.\u201d ifadelerini kullanm\u0131\u015ft\u0131.<\/p>\n<p><img loading=\"lazy\" decoding=\"async\" class=\"alignnone wp-image-252125 \" src=\"https:\/\/www.tgrthaber.com\/mavikadin\/wp-content\/uploads\/Ekran-Resmi-2025-10-21-14.32.11-1024x647.png\" alt=\"\" width=\"1594\" height=\"1007\" title=\"\" srcset=\"https:\/\/www.tgrthaber.com\/mavikadin\/wp-content\/uploads\/Ekran-Resmi-2025-10-21-14.32.11-1024x647.png 1024w, https:\/\/www.tgrthaber.com\/mavikadin\/wp-content\/uploads\/Ekran-Resmi-2025-10-21-14.32.11-300x190.png 300w, https:\/\/www.tgrthaber.com\/mavikadin\/wp-content\/uploads\/Ekran-Resmi-2025-10-21-14.32.11-768x485.png 768w, https:\/\/www.tgrthaber.com\/mavikadin\/wp-content\/uploads\/Ekran-Resmi-2025-10-21-14.32.11.png 1168w\" sizes=\"(max-width: 1594px) 100vw, 1594px\" \/><\/p>\n<hr \/>\n<p class=\"p2\">Tu\u011fberk Ya\u011f\u0131z \u015fimdi ise bug\u00fcn duru\u015fmas\u0131 olan Ahmet Minguzzi davas\u0131na destek olmak i\u00e7in solu\u011fu adliyede ald\u0131. Yasemin Minguzzi\u2019nin adalet aray\u0131\u015f\u0131na destek vermek i\u00e7in geldi\u011fi Kartal Anadolu Adliyesi\u2019nde Gece Muhabiri Samet Aday\u2019a k\u0131sa bir deme\u00e7 veren Tu\u011fberk Ya\u011f\u0131z, \u201cMattia Ahmet Minguzzi \u0130\u00e7in Adalet\u201d dedi\u2026 Ya\u011f\u0131z\u2019\u0131n bu dava i\u00e7in Yasemin Minguzzi\u2019ye destek olmas\u0131 sosyal medyada takdir toplad\u0131.<\/p>\n<div style=\"width: 640px;\" class=\"wp-video\"><!--[if lt IE 9]><script>document.createElement('video');<\/script><![endif]-->\n<video class=\"wp-video-shortcode\" id=\"video-252107-1\" width=\"640\" height=\"1124\" preload=\"metadata\" controls=\"controls\"><source type=\"video\/mp4\" src=\"https:\/\/www.tgrthaber.com\/mavikadin\/wp-content\/uploads\/tugberk-yagiz.-mp4.mp4?_=1\" \/><a href=\"https:\/\/www.tgrthaber.com\/mavikadin\/wp-content\/uploads\/tugberk-yagiz.-mp4.mp4\">https:\/\/www.tgrthaber.com\/mavikadin\/wp-content\/uploads\/tugberk-yagiz.-mp4.mp4<\/a><\/video><\/div>\n<h3 class=\"p1\">MATIA AHMET MINGUZZI DAVASI HAKKINDA<\/h3>\n<p class=\"p1\">15 ya\u015f\u0131ndaki Mattia Ahmet Minguzzi, Kad\u0131k\u00f6y&#8217;de 24 Ocak 2025 tarihinde pazarda 4 ki\u015finin sald\u0131r\u0131s\u0131 sonucu b\u0131\u00e7aklanarak hayat\u0131n\u0131 kaybetmi\u015fti.<\/p>\n<p><img loading=\"lazy\" decoding=\"async\" class=\"alignnone wp-image-252122 \" src=\"https:\/\/www.tgrthaber.com\/mavikadin\/wp-content\/uploads\/Ekran-Resmi-2025-10-21-14.28.23-1024x632.png\" alt=\"\" width=\"1602\" height=\"989\" title=\"\" srcset=\"https:\/\/www.tgrthaber.com\/mavikadin\/wp-content\/uploads\/Ekran-Resmi-2025-10-21-14.28.23-1024x632.png 1024w, https:\/\/www.tgrthaber.com\/mavikadin\/wp-content\/uploads\/Ekran-Resmi-2025-10-21-14.28.23-300x185.png 300w, https:\/\/www.tgrthaber.com\/mavikadin\/wp-content\/uploads\/Ekran-Resmi-2025-10-21-14.28.23-768x474.png 768w, https:\/\/www.tgrthaber.com\/mavikadin\/wp-content\/uploads\/Ekran-Resmi-2025-10-21-14.28.23.png 1222w\" sizes=\"(max-width: 1602px) 100vw, 1602px\" \/><\/p>\n<hr \/>\n<p class=\"p1\">Olay\u0131n ard\u0131ndan tutuklanan B.B. ve U.B. hakk\u0131nda &#8216;\u00e7ocu\u011fa kar\u015f\u0131 kasten \u00f6ld\u00fcrme&#8217; su\u00e7undan 24&#8217;er y\u0131la kadar hapis cezas\u0131 istenirken, san\u0131klara yard\u0131m eden M.A.D. ve A.\u00d6. hakk\u0131nda ise &#8216;\u00e7ocu\u011fu kasten \u00f6ld\u00fcrmek su\u00e7una yard\u0131m&#8217; su\u00e7undan dava a\u00e7\u0131lm\u0131\u015ft\u0131.<\/p>\n<p><img loading=\"lazy\" decoding=\"async\" class=\"alignnone wp-image-252127 \" src=\"https:\/\/www.tgrthaber.com\/mavikadin\/wp-content\/uploads\/Ekran-Resmi-2025-10-21-14.33.51-1024x636.png\" alt=\"\" width=\"1591\" height=\"988\" title=\"\" srcset=\"https:\/\/www.tgrthaber.com\/mavikadin\/wp-content\/uploads\/Ekran-Resmi-2025-10-21-14.33.51-1024x636.png 1024w, https:\/\/www.tgrthaber.com\/mavikadin\/wp-content\/uploads\/Ekran-Resmi-2025-10-21-14.33.51-300x186.png 300w, https:\/\/www.tgrthaber.com\/mavikadin\/wp-content\/uploads\/Ekran-Resmi-2025-10-21-14.33.51-768x477.png 768w, https:\/\/www.tgrthaber.com\/mavikadin\/wp-content\/uploads\/Ekran-Resmi-2025-10-21-14.33.51.png 1358w\" sizes=\"(max-width: 1591px) 100vw, 1591px\" \/><\/p>\n<hr \/>\n<p class=\"p1\">Minguzzi ailesine destek vermek i\u00e7in \u00e7ok say\u0131da vatanda\u015f ve avukat adliyeyi doldurdu. 20 y\u0131l hapis cezas\u0131 talep edilen san\u0131klar hakk\u0131nda mahkemenin ne kadar verece\u011fi merak ediliyor.<\/p>\n","protected":false},"excerpt":{"rendered":"<p>Ge\u00e7ti\u011fimiz ay hayat\u0131n\u0131 kaybeden G\u00fcll\u00fc&#8217;n\u00fcn o\u011flu Ahmet Minguzzi davas\u0131na destek olmak i\u00e7in solu\u011fu adliyede ald\u0131. Annesinin ac\u0131s\u0131 daha tazeyken adalet n\u00f6betine ko\u015fan Tu\u011fberk Ya\u011f\u0131z&#8217;\u0131n bu anlaml\u0131 hareketi sosyal medyadan da takdir toplad\u0131. <\/p>\n","protected":false},"author":16,"featured_media":252129,"comment_status":"closed","ping_status":"closed","sticky":false,"template":"","format":"standard","meta":{"rank_math_lock_modified_date":false,"footnotes":""},"categories":[76],"tags":[133,2218,64861,64860],"class_list":["post-252107","post","type-post","status-publish","format-standard","has-post-thumbnail","hentry","category-magazin","tag-magazin","tag-magazin-haberleri","tag-tugberk-yagiz-ahmet-minguzzi","tag-tugberk-yagiz-ahmet-minguzzi-davasi"],"_links":{"self":[{"href":"https:\/\/www.tgrthaber.com\/mavikadin\/wp-json\/wp\/v2\/posts\/252107"}],"collection":[{"href":"https:\/\/www.tgrthaber.com\/mavikadin\/wp-json\/wp\/v2\/posts"}],"about":[{"href":"https:\/\/www.tgrthaber.com\/mavikadin\/wp-json\/wp\/v2\/types\/post"}],"author":[{"embeddable":true,"href":"https:\/\/www.tgrthaber.com\/mavikadin\/wp-json\/wp\/v2\/users\/16"}],"replies":[{"embeddable":true,"href":"https:\/\/www.tgrthaber.com\/mavikadin\/wp-json\/wp\/v2\/comments?post=252107"}],"version-history":[{"count":2,"href":"https:\/\/www.tgrthaber.com\/mavikadin\/wp-json\/wp\/v2\/posts\/252107\/revisions"}],"predecessor-version":[{"id":252131,"href":"https:\/\/www.tgrthaber.com\/mavikadin\/wp-json\/wp\/v2\/posts\/252107\/revisions\/252131"}],"wp:featuredmedia":[{"embeddable":true,"href":"https:\/\/www.tgrthaber.com\/mavikadin\/wp-json\/wp\/v2\/media\/252129"}],"wp:attachment":[{"href":"https:\/\/www.tgrthaber.com\/mavikadin\/wp-json\/wp\/v2\/media?parent=252107"}],"wp:term":[{"taxonomy":"category","embeddable":true,"href":"https:\/\/www.tgrthaber.com\/mavikadin\/wp-json\/wp\/v2\/categories?post=252107"},{"taxonomy":"post_tag","embeddable":true,"href":"https:\/\/www.tgrthaber.com\/mavikadin\/wp-json\/wp\/v2\/tags?post=252107"}],"curies":[{"name":"wp","href":"https:\/\/api.w.org\/{rel}","templated":true}]}}