{"id":252132,"date":"2025-10-21T15:18:12","date_gmt":"2025-10-21T12:18:12","guid":{"rendered":"https:\/\/www.tgrthaber.com\/mavikadin\/?p=252132"},"modified":"2025-10-21T15:18:12","modified_gmt":"2025-10-21T12:18:12","slug":"kac-gram-altinla-hangi-model-araba-gelir-gram-altin-son-fiyati","status":"publish","type":"post","link":"https:\/\/www.tgrthaber.com\/mavikadin\/kac-gram-altinla-hangi-model-araba-gelir-gram-altin-son-fiyati\/","title":{"rendered":"Ka\u00e7 gram alt\u0131nla hangi model araba gelir? Gram alt\u0131n son fiyat\u0131!"},"content":{"rendered":"<p>Birikim yapmak i\u00e7in alt\u0131n\u0131 tercih eden vatanda\u015flar, ka\u00e7 gram alt\u0131nla hangi model araba al\u0131nabilece\u011fini merak ediyor. Sizde birikiminizi alt\u0131na yat\u0131r\u0131yor ve ilerde araba almak i\u00e7in sakl\u0131yorsan\u0131z, haberimize mutlaka g\u00f6z atmal\u0131s\u0131n\u0131z. Birikimleriyle ya da d\u00fc\u011f\u00fcnde tak\u0131lan alt\u0131nlarla araba almak isteyenler; \u201cKa\u00e7 gram alt\u0131nla hangi model araba gelir?\u201d sorusuna cevap ar\u0131yor. Peki, Ka\u00e7 gram alt\u0131nla hangi model araba gelir? Gram alt\u0131n son fiyat\u0131 ne? \u0130\u015fte g\u00fcncel gram alt\u0131n fiyat\u0131 ve hangi model al\u0131nabilece\u011fine dair detaylar\u2026<\/p>\n<h3>KA\u00c7 GRAM ALTINLA HANG\u0130 MODEL ARABA GEL\u0130R?<\/h3>\n<p>Alt\u0131n fiyatlar\u0131 her ge\u00e7en g\u00fcn art\u0131yor. G\u00fcncel alt\u0131n fiyatlar\u0131n\u0131 g\u00f6z \u00f6n\u00fcnde bulundurdu\u011fumuzda bug\u00fcn alt\u0131n al\u0131p kenara koymak pek de m\u00fcmk\u00fcn gibi g\u00f6z\u00fckm\u00fcyor. Fakat d\u00fczenli olarak her ay alt\u0131n yapan ya da uzun bir d\u00f6nem boyunca alt\u0131n biriktiren vatanda\u015flar, ka\u00e7<a href=\"https:\/\/www.tgrthaber.com\/mavikadin\/kac-gram-altinda-ne-kadar-gumus-alinir-14-ekim-gumus-fiyati\/\"> gram alt\u0131nla<\/a> hangi model araba al\u0131nabilece\u011fini merak ediyor.<\/p>\n<p><img loading=\"lazy\" decoding=\"async\" class=\"size-full wp-image-252135\" src=\"https:\/\/www.tgrthaber.com\/mavikadin\/wp-content\/uploads\/gram-altin-3-2.jpg\" alt=\"Ka\u00e7 gram alt\u0131nla hangi model araba gelir? Gram alt\u0131n son fiyat\u0131!\" width=\"1208\" height=\"680\" title=\"\" srcset=\"https:\/\/www.tgrthaber.com\/mavikadin\/wp-content\/uploads\/gram-altin-3-2.jpg 1208w, https:\/\/www.tgrthaber.com\/mavikadin\/wp-content\/uploads\/gram-altin-3-2-300x169.jpg 300w, https:\/\/www.tgrthaber.com\/mavikadin\/wp-content\/uploads\/gram-altin-3-2-1024x576.jpg 1024w, https:\/\/www.tgrthaber.com\/mavikadin\/wp-content\/uploads\/gram-altin-3-2-768x432.jpg 768w\" sizes=\"(max-width: 1208px) 100vw, 1208px\" \/><\/p>\n<hr \/>\n<p>\u00d6zellikle yat\u0131r\u0131m\u0131n\u0131 alt\u0131ndan yana kullan\u0131p gram alt\u0131n alan vatanda\u015flar, genellikle alt\u0131nlar\u0131n\u0131 <a href=\"https:\/\/www.tgrthaber.com\/mavikadin\/kac-altin-bilezikle-araba-alinir-altin-bilezik-fiyat-ve-modelleri-2025\/\">araba<\/a> almaktan yana kullan\u0131yor. Alt\u0131n fiyatlar\u0131 her ge\u00e7en g\u00fcn art\u0131\u015f ya\u015farken, gram alt\u0131n\u0131n g\u00fcncel fiyat\u0131 5.725,66 TL olarak piyasada yerini al\u0131yor. Son zamanlar\u0131n en s\u0131k tercih edilen alt\u0131n yat\u0131r\u0131mlar\u0131 aras\u0131nda hi\u00e7 \u015f\u00fcphesiz gram alt\u0131n yer al\u0131yor.<\/p>\n<p><img loading=\"lazy\" decoding=\"async\" class=\"size-full wp-image-252137\" src=\"https:\/\/www.tgrthaber.com\/mavikadin\/wp-content\/uploads\/gram-altin-5-1.jpg\" alt=\"Ka\u00e7 gram alt\u0131nla hangi model araba gelir? Gram alt\u0131n son fiyat\u0131!\" width=\"1208\" height=\"680\" title=\"\" srcset=\"https:\/\/www.tgrthaber.com\/mavikadin\/wp-content\/uploads\/gram-altin-5-1.jpg 1208w, https:\/\/www.tgrthaber.com\/mavikadin\/wp-content\/uploads\/gram-altin-5-1-300x169.jpg 300w, https:\/\/www.tgrthaber.com\/mavikadin\/wp-content\/uploads\/gram-altin-5-1-1024x576.jpg 1024w, https:\/\/www.tgrthaber.com\/mavikadin\/wp-content\/uploads\/gram-altin-5-1-768x432.jpg 768w\" sizes=\"(max-width: 1208px) 100vw, 1208px\" \/><\/p>\n<hr \/>\n<p>Hem araba fiyatlar\u0131n\u0131n hem de alt\u0131n fiyatlar\u0131n\u0131n git gide y\u00fckseldi\u011fi \u015fu d\u00f6nemde araba sahibi olmak isteyen ve yat\u0131r\u0131m\u0131n\u0131 alt\u0131ndan yana yapan vatanda\u015flar, kendilerine uygun arabay\u0131 bulmak i\u00e7in u\u011fra\u015f\u0131yor. Gram alt\u0131n \u00fczerinden hesaplama yapt\u0131\u011f\u0131m\u0131zda;<\/p>\n<p><img loading=\"lazy\" decoding=\"async\" class=\"size-full wp-image-252141\" src=\"https:\/\/www.tgrthaber.com\/mavikadin\/wp-content\/uploads\/gram-altin-9-1.jpg\" alt=\"Ka\u00e7 gram alt\u0131nla hangi model araba gelir? Gram alt\u0131n son fiyat\u0131!\" width=\"1208\" height=\"680\" title=\"\" srcset=\"https:\/\/www.tgrthaber.com\/mavikadin\/wp-content\/uploads\/gram-altin-9-1.jpg 1208w, https:\/\/www.tgrthaber.com\/mavikadin\/wp-content\/uploads\/gram-altin-9-1-300x169.jpg 300w, https:\/\/www.tgrthaber.com\/mavikadin\/wp-content\/uploads\/gram-altin-9-1-1024x576.jpg 1024w, https:\/\/www.tgrthaber.com\/mavikadin\/wp-content\/uploads\/gram-altin-9-1-768x432.jpg 768w\" sizes=\"(max-width: 1208px) 100vw, 1208px\" \/><\/p>\n<hr \/>\n<p>Yakla\u015f\u0131k 1.5000.000 TL civar\u0131nda Fiat Egea Seda model s\u0131f\u0131r km bir araba i\u00e7in; ortalama 263 gram alt\u0131na sahip olman\u0131z gerekiyor.<\/p>\n<p>Yakla\u015f\u0131k 1.7000.000 TL civar\u0131nda Renault Clio model s\u0131f\u0131r km bir araba i\u00e7in; ortalama 298 gram alt\u0131na sahip olman\u0131z gerekiyor.<\/p>\n<p>Yakla\u015f\u0131k 2.000.000 TL civar\u0131nda Peugeot 208 model s\u0131f\u0131r km bir araba i\u00e7in; 351 gram alt\u0131na sahip olman\u0131z gerekiyor.<\/p>\n<p>Yakla\u015f\u0131k 2.500.000 TL civar\u0131nda Toyota Corolla model s\u0131f\u0131r km bir araba i\u00e7in; 439 gram alt\u0131na sahip olman\u0131z gerekiyor.<\/p>\n<p>Yakla\u015f\u0131k 3.000.000 TL de\u011ferinde Volkswagen Golf model s\u0131f\u0131r km bir araba i\u00e7in; 526 gram alt\u0131na sahip olman\u0131z gerekiyor.<\/p>\n<p>Yakla\u015f\u0131k 3.500.000 TL de\u011ferinde Tesla Model Y s\u0131f\u0131r km bir araba i\u00e7in; 614 gram alt\u0131na sahip olman\u0131z gerekiyor.<\/p>\n<p>Yakla\u015f\u0131k 5.000.000 TL de\u011ferinde BMW 320i model s\u0131f\u0131r km bir araba i\u00e7in; 877 gram alt\u0131na sahip olman\u0131z gerekiyor.<\/p>\n<p><img loading=\"lazy\" decoding=\"async\" class=\"size-full wp-image-252136\" src=\"https:\/\/www.tgrthaber.com\/mavikadin\/wp-content\/uploads\/gram-altin-4-1.jpg\" alt=\"Ka\u00e7 gram alt\u0131nla hangi model araba gelir? Gram alt\u0131n son fiyat\u0131!\" width=\"1208\" height=\"680\" title=\"\" srcset=\"https:\/\/www.tgrthaber.com\/mavikadin\/wp-content\/uploads\/gram-altin-4-1.jpg 1208w, https:\/\/www.tgrthaber.com\/mavikadin\/wp-content\/uploads\/gram-altin-4-1-300x169.jpg 300w, https:\/\/www.tgrthaber.com\/mavikadin\/wp-content\/uploads\/gram-altin-4-1-1024x576.jpg 1024w, https:\/\/www.tgrthaber.com\/mavikadin\/wp-content\/uploads\/gram-altin-4-1-768x432.jpg 768w\" sizes=\"(max-width: 1208px) 100vw, 1208px\" \/><\/p>\n<hr \/>\n<h3>GRAM ALTIN SON F\u0130YATI!<\/h3>\n<p>Gram <a href=\"https:\/\/www.tgrthaber.com\/mavikadin\/guncel-fiyatlarla-kac-gram-altinla-kac-ajda-bilezik-alinir-12-ekim-altin-fiyatlari\/?p=5\">alt\u0131n<\/a> piyasadaki y\u00fckseli\u015fini korumaya devam ediyor. Her ge\u00e7en g\u00fcn art\u0131\u015f g\u00f6steren gram alt\u0131n\u0131n anl\u0131k olarak fiyat\u0131n\u0131n de\u011fi\u015fti\u011fini g\u00f6z \u00f6n\u00fcnde bulundurursak; bug\u00fcn gram alt\u0131n\u0131n al\u0131\u015f fiyat\u0131 5.724,46 TL iken sat\u0131\u015f fiyat\u0131 ise 5.725,66 TL olarak piyasada yerini al\u0131yor.<\/p>\n<p><img loading=\"lazy\" decoding=\"async\" class=\"size-full wp-image-252142\" src=\"https:\/\/www.tgrthaber.com\/mavikadin\/wp-content\/uploads\/gram-altin-1-2.jpg\" alt=\"Ka\u00e7 gram alt\u0131nla hangi model araba gelir? Gram alt\u0131n son fiyat\u0131!\" width=\"1208\" height=\"680\" title=\"\" srcset=\"https:\/\/www.tgrthaber.com\/mavikadin\/wp-content\/uploads\/gram-altin-1-2.jpg 1208w, https:\/\/www.tgrthaber.com\/mavikadin\/wp-content\/uploads\/gram-altin-1-2-300x169.jpg 300w, https:\/\/www.tgrthaber.com\/mavikadin\/wp-content\/uploads\/gram-altin-1-2-1024x576.jpg 1024w, https:\/\/www.tgrthaber.com\/mavikadin\/wp-content\/uploads\/gram-altin-1-2-768x432.jpg 768w\" sizes=\"(max-width: 1208px) 100vw, 1208px\" \/><\/p>\n<hr \/>\n<p>Alt\u0131n fiyatlar\u0131 her dakika de\u011fi\u015fiklik g\u00f6sterebiliyor. Alt\u0131n fiyatlar\u0131n\u0131n her an de\u011fi\u015febilece\u011fi ihtimalini g\u00f6z \u00f6n\u00fcnde bulunduruldu\u011funda 21 Ekim g\u00fcncel alt\u0131n fiyatlar\u0131 de\u011fi\u015fkenlik kazanabiliyor.<\/p>\n<p><img loading=\"lazy\" decoding=\"async\" class=\"size-full wp-image-252138\" src=\"https:\/\/www.tgrthaber.com\/mavikadin\/wp-content\/uploads\/gram-altin-6-1.jpg\" alt=\"Ka\u00e7 gram alt\u0131nla hangi model araba gelir? Gram alt\u0131n son fiyat\u0131!\" width=\"1208\" height=\"680\" title=\"\" srcset=\"https:\/\/www.tgrthaber.com\/mavikadin\/wp-content\/uploads\/gram-altin-6-1.jpg 1208w, https:\/\/www.tgrthaber.com\/mavikadin\/wp-content\/uploads\/gram-altin-6-1-300x169.jpg 300w, https:\/\/www.tgrthaber.com\/mavikadin\/wp-content\/uploads\/gram-altin-6-1-1024x576.jpg 1024w, https:\/\/www.tgrthaber.com\/mavikadin\/wp-content\/uploads\/gram-altin-6-1-768x432.jpg 768w\" sizes=\"(max-width: 1208px) 100vw, 1208px\" \/><\/p>\n<hr \/>\n<p>Sizde yat\u0131r\u0131m\u0131n\u0131z\u0131 alt\u0131ndan yana kullan\u0131yor ve elinizdeki gram alt\u0131nlar\u0131 de\u011ferlendirmek istiyorsan\u0131z, b\u00fct\u00e7enize uygun araba fiyatlar\u0131n\u0131 kontrol ederek, araba sahibi olabilirsiniz.<\/p>\n","protected":false},"excerpt":{"rendered":"<p>Alt\u0131n birikimi yapanlar ka\u00e7 gram alt\u0131nla hangi model araba al\u0131nabilece\u011fini merakla ara\u015ft\u0131r\u0131yor. Peki, Ka\u00e7 gram alt\u0131nla hangi model araba gelir? Gram alt\u0131n son fiyat\u0131 ne? \u0130\u015fte detaylar\u2026<\/p>\n","protected":false},"author":26,"featured_media":252139,"comment_status":"closed","ping_status":"closed","sticky":false,"template":"","format":"standard","meta":{"rank_math_lock_modified_date":false,"footnotes":""},"categories":[78],"tags":[565,3975,25744,64862,239,11951],"class_list":["post-252132","post","type-post","status-publish","format-standard","has-post-thumbnail","hentry","category-yasam","tag-altin","tag-araba","tag-gram-altin","tag-kac-gram-altinla-araba-alinir","tag-yasam","tag-yasam-haberleri"],"_links":{"self":[{"href":"https:\/\/www.tgrthaber.com\/mavikadin\/wp-json\/wp\/v2\/posts\/252132"}],"collection":[{"href":"https:\/\/www.tgrthaber.com\/mavikadin\/wp-json\/wp\/v2\/posts"}],"about":[{"href":"https:\/\/www.tgrthaber.com\/mavikadin\/wp-json\/wp\/v2\/types\/post"}],"author":[{"embeddable":true,"href":"https:\/\/www.tgrthaber.com\/mavikadin\/wp-json\/wp\/v2\/users\/26"}],"replies":[{"embeddable":true,"href":"https:\/\/www.tgrthaber.com\/mavikadin\/wp-json\/wp\/v2\/comments?post=252132"}],"version-history":[{"count":1,"href":"https:\/\/www.tgrthaber.com\/mavikadin\/wp-json\/wp\/v2\/posts\/252132\/revisions"}],"predecessor-version":[{"id":252144,"href":"https:\/\/www.tgrthaber.com\/mavikadin\/wp-json\/wp\/v2\/posts\/252132\/revisions\/252144"}],"wp:featuredmedia":[{"embeddable":true,"href":"https:\/\/www.tgrthaber.com\/mavikadin\/wp-json\/wp\/v2\/media\/252139"}],"wp:attachment":[{"href":"https:\/\/www.tgrthaber.com\/mavikadin\/wp-json\/wp\/v2\/media?parent=252132"}],"wp:term":[{"taxonomy":"category","embeddable":true,"href":"https:\/\/www.tgrthaber.com\/mavikadin\/wp-json\/wp\/v2\/categories?post=252132"},{"taxonomy":"post_tag","embeddable":true,"href":"https:\/\/www.tgrthaber.com\/mavikadin\/wp-json\/wp\/v2\/tags?post=252132"}],"curies":[{"name":"wp","href":"https:\/\/api.w.org\/{rel}","templated":true}]}}