{"id":252133,"date":"2025-10-21T15:25:17","date_gmt":"2025-10-21T12:25:17","guid":{"rendered":"https:\/\/www.tgrthaber.com\/mavikadin\/?p=252133"},"modified":"2025-10-21T15:25:17","modified_gmt":"2025-10-21T12:25:17","slug":"kurulus-orhanin-didari-sevinc-kiranli-kimdir-kac-yasinda-tarihte-didar-kimdir","status":"publish","type":"post","link":"https:\/\/www.tgrthaber.com\/mavikadin\/kurulus-orhanin-didari-sevinc-kiranli-kimdir-kac-yasinda-tarihte-didar-kimdir\/","title":{"rendered":"Kurulu\u015f Orhan&#8217;\u0131n Didar\u2019\u0131 Sevin\u00e7 K\u0131ranl\u0131 kimdir ka\u00e7 ya\u015f\u0131nda? Tarihte didar kimdir?"},"content":{"rendered":"<p><a href=\"https:\/\/www.tgrthaber.com\/mavikadin\/kurulus-orhan-kivanc-tatlitug-mu-olacakti-mert-yazicioglundan-once-kimlere-teklif-gitti\/\">Kurulu\u015f Orhan<\/a>&#8216;\u0131n Didar\u2019\u0131 Sevin\u00e7 K\u0131ranl\u0131 kimdir ka\u00e7 ya\u015f\u0131nda? ara\u015ft\u0131r\u0131l\u0131yor. Yeni projesi Kurulu\u015f Orhan ile g\u00fcndem olan \u00fcnl\u00fc isim \u00f6nemli projelerle ad\u0131ndan s\u00f6z ettirmeye devam ediyor. \u0130lk televizyon deneyimini 1992\u2019de yay\u0131nlanan Mahallenin Muhtarlar\u0131 dizisiyle ya\u015fayan K\u0131ranl\u0131 \u015fimdi Kurulu\u015f Orhan dizisinde oynamaya haz\u0131rlan\u0131yor.<\/p>\n<h3>SEV\u0130N\u00c7 KIRANLI K\u0130MD\u0130R KA\u00c7 YA\u015eINDA?<\/h3>\n<p>23 Ocak 1979 y\u0131l\u0131nda \u0130stanbul\u2019da d\u00fcnyaya gelen Sevin\u00e7 K\u0131ranl\u0131, \u0130stanbul \u00dcniversitesi Devlet Konservatuvar\u0131, Tiyatro B\u00f6l\u00fcm\u00fc mezunudur.<\/p>\n<p><a href=\"https:\/\/www.instagram.com\/p\/DPcA8pbDEZW\/\" target=\"_blank\" rel=\"noopener\">https:\/\/www.instagram.com\/p\/DPcA8pbDEZW\/<\/a><\/p>\n<hr \/>\n<p>Oyunculuk kariyerine gen\u00e7 ya\u015flarda ad\u0131m atm\u0131\u015f deneyimli oyuncu Sevin\u00e7 K\u0131ranl\u0131 T\u00fcrk televizyon ve sinema oyuncusudur. Ba\u015far\u0131l\u0131 oyuncu ilk dikkat \u00e7eken televizyon deneyimini 1992 y\u0131l\u0131nda yay\u0131nlanan Mahallenin Muhtarlar\u0131 ile ya\u015fam\u0131\u015ft\u0131r.<\/p>\n<p>Uzun soluklu kariyeri boyunca bir\u00e7ok projede yer alan K\u0131ranl\u0131, \u00f6zellikle E\u015fk\u0131ya D\u00fcnyaya H\u00fck\u00fcmdar Olmaz dizisinde oynad\u0131\u011f\u0131 Hatice Kalkandere karakteriyle geni\u015f kitleler taraf\u0131ndan tan\u0131nd\u0131. Bu dizide hamile bir karakteri oynad\u0131\u011f\u0131 d\u00f6nemde, ger\u00e7ek hayatta da hamile oldu\u011fu ve yakla\u015f\u0131k dokuz ay boyunca sete devam etti\u011fi medya haberlerine yans\u0131m\u0131\u015ft\u0131r.<\/p>\n<p><img loading=\"lazy\" decoding=\"async\" class=\"aligncenter size-full wp-image-252143\" src=\"https:\/\/www.tgrthaber.com\/mavikadin\/wp-content\/uploads\/Sevinc-Kiranli-1.jpg\" alt=\"\" width=\"1080\" height=\"1346\" title=\"\" srcset=\"https:\/\/www.tgrthaber.com\/mavikadin\/wp-content\/uploads\/Sevinc-Kiranli-1.jpg 1080w, https:\/\/www.tgrthaber.com\/mavikadin\/wp-content\/uploads\/Sevinc-Kiranli-1-241x300.jpg 241w, https:\/\/www.tgrthaber.com\/mavikadin\/wp-content\/uploads\/Sevinc-Kiranli-1-822x1024.jpg 822w, https:\/\/www.tgrthaber.com\/mavikadin\/wp-content\/uploads\/Sevinc-Kiranli-1-768x957.jpg 768w\" sizes=\"(max-width: 1080px) 100vw, 1080px\" \/><\/p>\n<hr \/>\n<p>\u00dcnl\u00fc oyuncu \u015fimdilerde ise <a href=\"https:\/\/www.tgrthaber.com\/mavikadin\/kurulus-orhan-dizisinin-afisi-yayinlandi-orhan-bey-gumbur-gumbur-geliyor\/\">Kurulu\u015f Orhan<\/a> dizisinin kadrosuna dahil olmu\u015ftur. Farkl\u0131 sanat dallar\u0131na da ilgi duyan oyuncunun \u015fiir yazd\u0131\u011f\u0131 ve \u015fiirlerinden birine beste yaparak \u015fark\u0131 haline getirdi\u011fi biliniyor.<\/p>\n<p>Sevin\u00e7 K\u0131ranl\u0131, hem tiyatro k\u00f6kenli bir oyuncu olarak sanat disiplinine olan ba\u011fl\u0131l\u0131\u011f\u0131yla hem de televizyon dizilerinde g\u00f6sterdi\u011fi performanslarla geni\u015f bir izleyici kitlesine ula\u015fmay\u0131 ba\u015farm\u0131\u015f, kariyerini istikrarl\u0131 bir \u015fekilde s\u00fcrd\u00fcren bir sanat\u00e7\u0131d\u0131r.<\/p>\n<p><img loading=\"lazy\" decoding=\"async\" class=\"aligncenter size-full wp-image-252145\" src=\"https:\/\/www.tgrthaber.com\/mavikadin\/wp-content\/uploads\/Sevinc-Kiranli-1.jpeg\" alt=\"\" width=\"1080\" height=\"1350\" title=\"\" srcset=\"https:\/\/www.tgrthaber.com\/mavikadin\/wp-content\/uploads\/Sevinc-Kiranli-1.jpeg 1080w, https:\/\/www.tgrthaber.com\/mavikadin\/wp-content\/uploads\/Sevinc-Kiranli-1-240x300.jpeg 240w, https:\/\/www.tgrthaber.com\/mavikadin\/wp-content\/uploads\/Sevinc-Kiranli-1-819x1024.jpeg 819w, https:\/\/www.tgrthaber.com\/mavikadin\/wp-content\/uploads\/Sevinc-Kiranli-1-768x960.jpeg 768w\" sizes=\"(max-width: 1080px) 100vw, 1080px\" \/><\/p>\n<hr \/>\n<h3>F\u0130LMOGRAF\u0130S\u0130<\/h3>\n<p>Kurulu\u015f Orhan &#8211; Didar &#8211; 2025<br \/>\nBinbir Gece Masallar\u0131 &#8211; S\u00fcheyla<br \/>\nBa\u015f\u0131m Belada &#8211; Vildan (2023)<br \/>\nAman Reis Duymas\u0131n &#8211; Hatice Kalkandere<br \/>\nE\u015fk\u0131ya D\u00fcnyaya H\u00fck\u00fcmdar Olmaz &#8211; Hatice Kalkandere (2015-2021)<br \/>\nReaksiyon &#8211; Sedef Arslan (2014)<br \/>\n\u00d6tesiz \u0130nsanlar &#8211; Rana (2013)<br \/>\nVe \u0130nsan Aldand\u0131 &#8211; Feryal (2012)<br \/>\nFarkl\u0131 Boyut &#8211; Doktor Asl\u0131 (2012)<br \/>\nPapatyam &#8211; Jale (3. sezon &#8211; 2011)<br \/>\nDoktorlar &#8211; Asl\u0131 (2011)<br \/>\n\u00c7akallarla Dans (2010)<br \/>\nG\u00fcm\u00fc\u015f &#8211; Bahar (2005-2007)<\/p>\n<p><img loading=\"lazy\" decoding=\"async\" class=\"aligncenter size-full wp-image-252146\" src=\"https:\/\/www.tgrthaber.com\/mavikadin\/wp-content\/uploads\/Sevinc-Kiranli-1-1.jpg\" alt=\"\" width=\"768\" height=\"960\" title=\"\" srcset=\"https:\/\/www.tgrthaber.com\/mavikadin\/wp-content\/uploads\/Sevinc-Kiranli-1-1.jpg 768w, https:\/\/www.tgrthaber.com\/mavikadin\/wp-content\/uploads\/Sevinc-Kiranli-1-1-240x300.jpg 240w\" sizes=\"(max-width: 768px) 100vw, 768px\" \/><\/p>\n<hr \/>\n<p>Can\u0131m Annem &#8211; Deniz (2004)<br \/>\nMetro Palas &#8211; Gaye (2004)<br \/>\nAsl\u0131 ile Kerem (2002)<br \/>\nMihriban &#8211; Deniz (2002)<br \/>\nBiz Size A\u015f\u0131k Olduk &#8211; Sinem (2002)<br \/>\nKuzenlerim &#8211; Asya (2002)<br \/>\nK\u00fc\u00e7\u00fck Besleme &#8211; Deniz (2001)<br \/>\nEvdeki Yabanc\u0131 &#8211; Pelin (2000)<br \/>\nG\u00fcnayd\u0131n \u0130stanbul Karde\u015f (1999)<br \/>\nDemir Leblebi (1999)<br \/>\nAh Bir Zengin Olsam &#8211; Buket (1999)<br \/>\nY\u0131lan Hik\u00e2yesi (1999)<br \/>\nAte\u015f Dans\u0131 &#8211; Bahar (1998)<br \/>\nRuhsar (1998)<br \/>\nBask\u00fcl Ailesi (1997)<br \/>\nMahallenin Muhtarlar\u0131 (1992)<\/p>\n<p><img loading=\"lazy\" decoding=\"async\" class=\"aligncenter size-full wp-image-252147\" src=\"https:\/\/www.tgrthaber.com\/mavikadin\/wp-content\/uploads\/Sevinc-Kiranli-2.jpg\" alt=\"\" width=\"1080\" height=\"1080\" title=\"\" srcset=\"https:\/\/www.tgrthaber.com\/mavikadin\/wp-content\/uploads\/Sevinc-Kiranli-2.jpg 1080w, https:\/\/www.tgrthaber.com\/mavikadin\/wp-content\/uploads\/Sevinc-Kiranli-2-300x300.jpg 300w, https:\/\/www.tgrthaber.com\/mavikadin\/wp-content\/uploads\/Sevinc-Kiranli-2-1024x1024.jpg 1024w, https:\/\/www.tgrthaber.com\/mavikadin\/wp-content\/uploads\/Sevinc-Kiranli-2-150x150.jpg 150w, https:\/\/www.tgrthaber.com\/mavikadin\/wp-content\/uploads\/Sevinc-Kiranli-2-768x768.jpg 768w\" sizes=\"(max-width: 1080px) 100vw, 1080px\" \/><\/p>\n<hr \/>\n<h3>TAR\u0130HTE &#8220;D\u0130DAR&#8221; ADINDA B\u0130R\u0130 TANINIYOR MU?<\/h3>\n<p>Tarih\u00ee kaynaklarda veya Osmanl\u0131, Sel\u00e7uklu, \u0130slam ya da Avrupa tarihindeki \u00f6nde gelen fig\u00fcrler aras\u0131nda &#8220;Didar&#8221; ad\u0131yla tan\u0131nan \u00f6nemli bir ki\u015fi yoktur. Ancak, baz\u0131 yerel tarih kitaplar\u0131nda ya da aile tarih\u00e7elerinde bu ismi duymak m\u00fcmk\u00fcnd\u00fcr.<\/p>\n","protected":false},"excerpt":{"rendered":"<p>Kurulu\u015f Orhan&#8217;\u0131n Didar\u2019\u0131 Sevin\u00e7 K\u0131ranl\u0131 kimdir ka\u00e7 ya\u015f\u0131nda? merak ediliyor. K\u0131ranl\u0131, ilk dikkat \u00e7eken televizyon deneyimini 1992\u2019de yay\u0131nlanan Mahallenin Muhtarlar\u0131 dizisiyle ya\u015fad\u0131. \u00dcnl\u00fc oyuncu yeni projesiyle g\u00fcndeme geldi.<\/p>\n","protected":false},"author":5,"featured_media":252148,"comment_status":"closed","ping_status":"closed","sticky":false,"template":"","format":"standard","meta":{"rank_math_lock_modified_date":false,"footnotes":""},"categories":[491],"tags":[3374,64864,60770,64863],"class_list":["post-252133","post","type-post","status-publish","format-standard","has-post-thumbnail","hentry","category-biyografi","tag-biyografi","tag-didar-kimdir","tag-kurulus-orhan","tag-sevinc-kiranli"],"_links":{"self":[{"href":"https:\/\/www.tgrthaber.com\/mavikadin\/wp-json\/wp\/v2\/posts\/252133"}],"collection":[{"href":"https:\/\/www.tgrthaber.com\/mavikadin\/wp-json\/wp\/v2\/posts"}],"about":[{"href":"https:\/\/www.tgrthaber.com\/mavikadin\/wp-json\/wp\/v2\/types\/post"}],"author":[{"embeddable":true,"href":"https:\/\/www.tgrthaber.com\/mavikadin\/wp-json\/wp\/v2\/users\/5"}],"replies":[{"embeddable":true,"href":"https:\/\/www.tgrthaber.com\/mavikadin\/wp-json\/wp\/v2\/comments?post=252133"}],"version-history":[{"count":2,"href":"https:\/\/www.tgrthaber.com\/mavikadin\/wp-json\/wp\/v2\/posts\/252133\/revisions"}],"predecessor-version":[{"id":252150,"href":"https:\/\/www.tgrthaber.com\/mavikadin\/wp-json\/wp\/v2\/posts\/252133\/revisions\/252150"}],"wp:featuredmedia":[{"embeddable":true,"href":"https:\/\/www.tgrthaber.com\/mavikadin\/wp-json\/wp\/v2\/media\/252148"}],"wp:attachment":[{"href":"https:\/\/www.tgrthaber.com\/mavikadin\/wp-json\/wp\/v2\/media?parent=252133"}],"wp:term":[{"taxonomy":"category","embeddable":true,"href":"https:\/\/www.tgrthaber.com\/mavikadin\/wp-json\/wp\/v2\/categories?post=252133"},{"taxonomy":"post_tag","embeddable":true,"href":"https:\/\/www.tgrthaber.com\/mavikadin\/wp-json\/wp\/v2\/tags?post=252133"}],"curies":[{"name":"wp","href":"https:\/\/api.w.org\/{rel}","templated":true}]}}