{"id":252152,"date":"2025-10-21T16:45:57","date_gmt":"2025-10-21T13:45:57","guid":{"rendered":"https:\/\/www.tgrthaber.com\/mavikadin\/?p=252152"},"modified":"2025-10-21T16:45:57","modified_gmt":"2025-10-21T13:45:57","slug":"zuhal-topalla-yemekteyiz-asil-arabacioglu-kimdir-kac-yasinda-yemekteyiz-3-gun-yarismacisi-merak-edildi","status":"publish","type":"post","link":"https:\/\/www.tgrthaber.com\/mavikadin\/zuhal-topalla-yemekteyiz-asil-arabacioglu-kimdir-kac-yasinda-yemekteyiz-3-gun-yarismacisi-merak-edildi\/","title":{"rendered":"Zuhal Topal&#8217;la Yemekteyiz Asil Arabac\u0131o\u011flu kimdir, ka\u00e7 ya\u015f\u0131nda? Yemekteyiz 3. g\u00fcn yar\u0131\u015fmac\u0131s\u0131 merak edildi"},"content":{"rendered":"<p>TV8 ekranlar\u0131n\u0131n en sevilen yar\u0131\u015fmalar\u0131ndan Zuhal Topal&#8217;la Yemekteyiz yeni haftaya yine birbirinden iddial\u0131 yar\u0131\u015fmac\u0131larla ba\u015flad\u0131. 20 ila 24 Ekim haftas\u0131nda yar\u0131\u015fan Asil Arabac\u0131o\u011flu daha ilk g\u00fcnden yar\u0131\u015fmac\u0131lar\u0131n dikkatini \u00e7ekmeyi ba\u015fard\u0131. Peki Zuhal Topal&#8217;la Yemekteyiz Asil Arabac\u0131o\u011flu kimdir, ka\u00e7 ya\u015f\u0131nda? Asil Arabac\u0131o\u011flu ne i\u015f yap\u0131yor? \u0130\u015fte merak edilen t\u00fcm detaylar&#8230;<\/p>\n<h3>ZUHAL TOPAL&#8217;LA YEMEKTEY\u0130Z AS\u0130L ARABACIO\u011eLU K\u0130MD\u0130R, KA\u00c7 YA\u015eINDA?<\/h3>\n<p>TV8 ekranlar\u0131n\u0131n y\u0131llard\u0131r en \u00e7ok izlenen yar\u0131\u015fmas\u0131 Zuhal Topla&#8217;la Yemekteyiz &#8216;de 3. g\u00fcn mutfakta ter d\u00f6kecek yar\u0131\u015fmac\u0131 Asil Arabac\u0131o\u011flu, 40 ya\u015f\u0131nda olup aslen Adanal\u0131d\u0131r.<\/p>\n<p><img loading=\"lazy\" decoding=\"async\" class=\"alignnone wp-image-252160\" src=\"https:\/\/www.tgrthaber.com\/mavikadin\/wp-content\/uploads\/Ekran-goruntusu-2025-10-21-134058-300x145.png\" alt=\"\" width=\"1208\" height=\"584\" title=\"\" srcset=\"https:\/\/www.tgrthaber.com\/mavikadin\/wp-content\/uploads\/Ekran-goruntusu-2025-10-21-134058-300x145.png 300w, https:\/\/www.tgrthaber.com\/mavikadin\/wp-content\/uploads\/Ekran-goruntusu-2025-10-21-134058-1024x495.png 1024w, https:\/\/www.tgrthaber.com\/mavikadin\/wp-content\/uploads\/Ekran-goruntusu-2025-10-21-134058-768x371.png 768w, https:\/\/www.tgrthaber.com\/mavikadin\/wp-content\/uploads\/Ekran-goruntusu-2025-10-21-134058.png 1051w\" sizes=\"(max-width: 1208px) 100vw, 1208px\" \/><\/p>\n<hr \/>\n<p>Kabin memuru olarak g\u00f6rev yapan Arabac\u0131o\u011flu, enerjik halleri ve dobra a\u00e7\u0131klamalar\u0131yla ekran ba\u015f\u0131ndakilerin dikkatini \u00e7ekmeyi ba\u015fard\u0131.<\/p>\n<p><img loading=\"lazy\" decoding=\"async\" class=\"alignnone wp-image-252163\" src=\"https:\/\/www.tgrthaber.com\/mavikadin\/wp-content\/uploads\/Ekran-goruntusu-2025-10-21-134143-300x135.png\" alt=\"\" width=\"1208\" height=\"544\" title=\"\" srcset=\"https:\/\/www.tgrthaber.com\/mavikadin\/wp-content\/uploads\/Ekran-goruntusu-2025-10-21-134143-300x135.png 300w, https:\/\/www.tgrthaber.com\/mavikadin\/wp-content\/uploads\/Ekran-goruntusu-2025-10-21-134143-1024x461.png 1024w, https:\/\/www.tgrthaber.com\/mavikadin\/wp-content\/uploads\/Ekran-goruntusu-2025-10-21-134143-768x346.png 768w, https:\/\/www.tgrthaber.com\/mavikadin\/wp-content\/uploads\/Ekran-goruntusu-2025-10-21-134143.png 1033w\" sizes=\"(max-width: 1208px) 100vw, 1208px\" \/><\/p>\n<hr \/>\n<p>Zuhal Topal&#8217;la Yemekteyiz&#8217;de 20 ila 24 Ekim haftas\u0131nda yar\u0131\u015fan Asil Bey, bekard\u0131r. Bo\u015f zamanlar\u0131n\u0131 k\u00f6pe\u011fiyle vakit ge\u00e7irerek kullanan Asil Arabac\u0131o\u011flu, spor yapmay\u0131 da ihmal etmiyor.<\/p>\n<p><img loading=\"lazy\" decoding=\"async\" class=\"alignnone wp-image-252165\" src=\"https:\/\/www.tgrthaber.com\/mavikadin\/wp-content\/uploads\/Ekran-goruntusu-2025-10-21-134046-300x168.png\" alt=\"\" width=\"1208\" height=\"675\" title=\"\" srcset=\"https:\/\/www.tgrthaber.com\/mavikadin\/wp-content\/uploads\/Ekran-goruntusu-2025-10-21-134046-300x168.png 300w, https:\/\/www.tgrthaber.com\/mavikadin\/wp-content\/uploads\/Ekran-goruntusu-2025-10-21-134046-1024x572.png 1024w, https:\/\/www.tgrthaber.com\/mavikadin\/wp-content\/uploads\/Ekran-goruntusu-2025-10-21-134046-768x429.png 768w, https:\/\/www.tgrthaber.com\/mavikadin\/wp-content\/uploads\/Ekran-goruntusu-2025-10-21-134046.png 1040w\" sizes=\"(max-width: 1208px) 100vw, 1208px\" \/><\/p>\n<hr \/>\n<p>Yemekteyiz&#8217;in 3. g\u00fcn\u00fc mutfakta ter d\u00f6kecek yar\u0131\u015fmac\u0131 Asil Arabac\u0131o\u011flu, amac\u0131n\u0131n sadece \u00f6d\u00fcl almak de\u011fil, ayn\u0131 zamanda mutfak becerilerini de kan\u0131tlamak istedi\u011fini belirtti.<\/p>\n<p><img loading=\"lazy\" decoding=\"async\" class=\"alignnone wp-image-252162\" src=\"https:\/\/www.tgrthaber.com\/mavikadin\/wp-content\/uploads\/Ekran-goruntusu-2025-10-21-134125-300x169.png\" alt=\"\" width=\"1208\" height=\"680\" title=\"\" srcset=\"https:\/\/www.tgrthaber.com\/mavikadin\/wp-content\/uploads\/Ekran-goruntusu-2025-10-21-134125-300x169.png 300w, https:\/\/www.tgrthaber.com\/mavikadin\/wp-content\/uploads\/Ekran-goruntusu-2025-10-21-134125-1024x576.png 1024w, https:\/\/www.tgrthaber.com\/mavikadin\/wp-content\/uploads\/Ekran-goruntusu-2025-10-21-134125-768x432.png 768w, https:\/\/www.tgrthaber.com\/mavikadin\/wp-content\/uploads\/Ekran-goruntusu-2025-10-21-134125.png 1034w\" sizes=\"(max-width: 1208px) 100vw, 1208px\" \/><\/p>\n<hr \/>\n<p>Asil Arabac\u0131o\u011flu yar\u0131\u015fmadaki hedefi olan 200 bin TL&#8217;yi al\u0131rsa, b\u00fcy\u00fck \u00f6d\u00fcl\u00fc, annesinin tedavisi i\u00e7in tedavisi i\u00e7in kullanacak.<\/p>\n<p><img loading=\"lazy\" decoding=\"async\" class=\"alignnone wp-image-252161\" src=\"https:\/\/www.tgrthaber.com\/mavikadin\/wp-content\/uploads\/Ekran-goruntusu-2025-10-21-134117-300x165.png\" alt=\"\" width=\"1208\" height=\"665\" title=\"\" srcset=\"https:\/\/www.tgrthaber.com\/mavikadin\/wp-content\/uploads\/Ekran-goruntusu-2025-10-21-134117-300x165.png 300w, https:\/\/www.tgrthaber.com\/mavikadin\/wp-content\/uploads\/Ekran-goruntusu-2025-10-21-134117-1024x564.png 1024w, https:\/\/www.tgrthaber.com\/mavikadin\/wp-content\/uploads\/Ekran-goruntusu-2025-10-21-134117-768x423.png 768w, https:\/\/www.tgrthaber.com\/mavikadin\/wp-content\/uploads\/Ekran-goruntusu-2025-10-21-134117.png 1044w\" sizes=\"(max-width: 1208px) 100vw, 1208px\" \/><\/p>\n<hr \/>\n<h3>ZUHAL TOPAL&#8217;LA YEMEKTEY\u0130Z EKRANLARA DAMGA VURMAYA DEVAM ED\u0130YOR<\/h3>\n<p>Zuhal Topla&#8217;la Yemekteyiz hafta i\u00e7i her g\u00fcn 16:00&#8217;da yeni b\u00f6l\u00fcmleriyle TV8 ekranlar\u0131nda oluyor. Her hafta 5 farkl\u0131 yar\u0131\u015fmac\u0131, Yemekteyiz mutfa\u011f\u0131na girerek 200 bin TL i\u00e7in k\u0131yas\u0131ya rekabet ediyor.<\/p>\n<p><img loading=\"lazy\" decoding=\"async\" class=\"alignnone wp-image-252164\" src=\"https:\/\/www.tgrthaber.com\/mavikadin\/wp-content\/uploads\/Ekran-goruntusu-2025-10-21-134033-300x169.png\" alt=\"\" width=\"1208\" height=\"680\" title=\"\" srcset=\"https:\/\/www.tgrthaber.com\/mavikadin\/wp-content\/uploads\/Ekran-goruntusu-2025-10-21-134033-300x169.png 300w, https:\/\/www.tgrthaber.com\/mavikadin\/wp-content\/uploads\/Ekran-goruntusu-2025-10-21-134033-768x432.png 768w, https:\/\/www.tgrthaber.com\/mavikadin\/wp-content\/uploads\/Ekran-goruntusu-2025-10-21-134033.png 1014w\" sizes=\"(max-width: 1208px) 100vw, 1208px\" \/><\/p>\n<hr \/>\n<p>Men\u00fclerden sunuma, misafirperverlikten lezzete kadar her tabak tek tek de\u011ferlendirilerek, Cuma g\u00fcn\u00fc puanlar belirleniyor. Hem Zuhal Topal hem de rakip yar\u0131\u015fmac\u0131lar\u0131n belirledi\u011fi puanlar, Zuhal Topla Yemekteyiz&#8217;de haftan\u0131n kazanan\u0131n\u0131 belirliyor. Puan tablosuna g\u00f6re en y\u00fcksek puan\u0131 alan 200 bin TL&#8217;nin sahibi oluyor.<\/p>\n<p><img loading=\"lazy\" decoding=\"async\" class=\"alignnone wp-image-252168\" src=\"https:\/\/www.tgrthaber.com\/mavikadin\/wp-content\/uploads\/Ekran-goruntusu-2025-10-21-163933-300x181.png\" alt=\"\" width=\"1208\" height=\"731\" title=\"\" srcset=\"https:\/\/www.tgrthaber.com\/mavikadin\/wp-content\/uploads\/Ekran-goruntusu-2025-10-21-163933-300x181.png 300w, https:\/\/www.tgrthaber.com\/mavikadin\/wp-content\/uploads\/Ekran-goruntusu-2025-10-21-163933.png 724w\" sizes=\"(max-width: 1208px) 100vw, 1208px\" \/><\/p>\n<hr \/>\n<p><a href=\"https:\/\/www.tgrthaber.com\/mavikadin\/zuhal-topalla-yemekteyiz-haftanin-kazanani-kim-oldu-yemekteyiz-17-ekim-birincisi-kim\/\">Yemekteyiz&#8217;de ge\u00e7en hafta kazanan isim<\/a> ise toplam 35 puan alan \u015eevket Bey oldu. \u015eevket Bey hem men\u00fcs\u00fc hem de el lezzetiyle, programa damga vurdu. Zuhal Topal ve rakip yar\u0131\u015fmac\u0131lar\u0131n verdi\u011fi toplam puanlarla Yemekteyiz \u015eevket Bey, 200 bin TL&#8217;nin sahibi oldu.<\/p>\n","protected":false},"excerpt":{"rendered":"<p>Zuhal Topal&#8217;la Yemekteyiz 20 &#8211; 24 Ekim haftas\u0131na ba\u015flad\u0131. Haftan\u0131n 3. g\u00fcn\u00fc yar\u0131\u015fan Asil Arabac\u0131o\u011flu, program\u0131n ilk dakikalar\u0131ndan itibaren dikkatleri \u00fczerine \u00e7ekmeyi ba\u015fard\u0131. Peki Zuhal Topal&#8217;la Yemekteyiz Asil kimdir, ka\u00e7 ya\u015f\u0131nda? Yemekteyiz Asil mesle\u011fi nedir? \u0130\u015fte detaylar&#8230;<\/p>\n","protected":false},"author":35,"featured_media":252153,"comment_status":"closed","ping_status":"closed","sticky":false,"template":"","format":"standard","meta":{"rank_math_lock_modified_date":false,"footnotes":""},"categories":[491],"tags":[64866,3374,8465,64796,64867],"class_list":["post-252152","post","type-post","status-publish","format-standard","has-post-thumbnail","hentry","category-biyografi","tag-asil-arabacioglu-kimdir","tag-biyografi","tag-yemekteyiz","tag-yemekteyiz-20-24-ekim","tag-yemekteyiz-asil-arabacioglu"],"_links":{"self":[{"href":"https:\/\/www.tgrthaber.com\/mavikadin\/wp-json\/wp\/v2\/posts\/252152"}],"collection":[{"href":"https:\/\/www.tgrthaber.com\/mavikadin\/wp-json\/wp\/v2\/posts"}],"about":[{"href":"https:\/\/www.tgrthaber.com\/mavikadin\/wp-json\/wp\/v2\/types\/post"}],"author":[{"embeddable":true,"href":"https:\/\/www.tgrthaber.com\/mavikadin\/wp-json\/wp\/v2\/users\/35"}],"replies":[{"embeddable":true,"href":"https:\/\/www.tgrthaber.com\/mavikadin\/wp-json\/wp\/v2\/comments?post=252152"}],"version-history":[{"count":1,"href":"https:\/\/www.tgrthaber.com\/mavikadin\/wp-json\/wp\/v2\/posts\/252152\/revisions"}],"predecessor-version":[{"id":252169,"href":"https:\/\/www.tgrthaber.com\/mavikadin\/wp-json\/wp\/v2\/posts\/252152\/revisions\/252169"}],"wp:featuredmedia":[{"embeddable":true,"href":"https:\/\/www.tgrthaber.com\/mavikadin\/wp-json\/wp\/v2\/media\/252153"}],"wp:attachment":[{"href":"https:\/\/www.tgrthaber.com\/mavikadin\/wp-json\/wp\/v2\/media?parent=252152"}],"wp:term":[{"taxonomy":"category","embeddable":true,"href":"https:\/\/www.tgrthaber.com\/mavikadin\/wp-json\/wp\/v2\/categories?post=252152"},{"taxonomy":"post_tag","embeddable":true,"href":"https:\/\/www.tgrthaber.com\/mavikadin\/wp-json\/wp\/v2\/tags?post=252152"}],"curies":[{"name":"wp","href":"https:\/\/api.w.org\/{rel}","templated":true}]}}