{"id":252192,"date":"2025-10-21T17:31:48","date_gmt":"2025-10-21T14:31:48","guid":{"rendered":"https:\/\/www.tgrthaber.com\/mavikadin\/?p=252192"},"modified":"2025-10-21T17:32:39","modified_gmt":"2025-10-21T14:32:39","slug":"burak-sevinc-yeralti-dizisinde-oynayacak-merdan-karakteriyle-ekranlara-donus-yapiyor","status":"publish","type":"post","link":"https:\/\/www.tgrthaber.com\/mavikadin\/burak-sevinc-yeralti-dizisinde-oynayacak-merdan-karakteriyle-ekranlara-donus-yapiyor\/","title":{"rendered":"Burak Sevin\u00e7 Yeralt\u0131 dizisinde oynayacak! Merdan karakteriyle ekranlara d\u00f6n\u00fc\u015f yap\u0131yor"},"content":{"rendered":"<p>Medyap\u0131m\u2019\u0131n NOW i\u00e7in haz\u0131rlad\u0131\u011f\u0131 ve merakla beklenen &#8220;<a href=\"https:\/\/www.tgrthaber.com\/mavikadin\/yeralti-dizisi-konusu-nedir-yeralti-dizisi-nerede-oynayacak-oyunculari\/\">Yeralt\u0131<\/a>&#8221; dizisinin haz\u0131rl\u0131klar\u0131 t\u00fcm h\u0131z\u0131yla devam ediyor. Kas\u0131m ay\u0131nda sete \u00e7\u0131kmas\u0131 planlanan dizinin ba\u015frollerinden \u201cMerdan\u201d karakterini ba\u015far\u0131l\u0131 oyuncu Burak Sevin\u00e7 \u00fcstleniyor.<\/p>\n<h3>BURAK SEV\u0130N\u00c7 \u201cYERALTI\u201d D\u0130Z\u0130S\u0130N\u0130N KADROSUNA KATILDI<\/h3>\n<p>Y\u00f6netmenli\u011fini Murat \u00d6zt\u00fcrk\u2019\u00fcn yapt\u0131\u011f\u0131 dizide ge\u00e7mi\u015finin intikam\u0131n\u0131 almak i\u00e7in b\u00fcy\u00fck bir oyun kuran Haydar Ali karakterini Deniz Can Akta\u015f, onun b\u00fcy\u00fck a\u015fk\u0131, cesur ve etkileyici kad\u0131n Ceylan karakterini ise Devrim \u00d6zkan oynayacak. Uzun s\u00fcredir ekranlardan uzak kalan Uraz Kayg\u0131laro\u011flu da etkileyici bir karakter olan \u201cBozo\u201d rol\u00fcyle ekranlara d\u00f6necek.<\/p>\n<p><img loading=\"lazy\" decoding=\"async\" class=\"aligncenter size-full wp-image-252193\" src=\"https:\/\/www.tgrthaber.com\/mavikadin\/wp-content\/uploads\/Burak-Sevinc-1.png\" alt=\"\" width=\"1208\" height=\"680\" title=\"\" srcset=\"https:\/\/www.tgrthaber.com\/mavikadin\/wp-content\/uploads\/Burak-Sevinc-1.png 1208w, https:\/\/www.tgrthaber.com\/mavikadin\/wp-content\/uploads\/Burak-Sevinc-1-300x169.png 300w, https:\/\/www.tgrthaber.com\/mavikadin\/wp-content\/uploads\/Burak-Sevinc-1-1024x576.png 1024w, https:\/\/www.tgrthaber.com\/mavikadin\/wp-content\/uploads\/Burak-Sevinc-1-768x432.png 768w\" sizes=\"(max-width: 1208px) 100vw, 1208px\" \/><\/p>\n<hr \/>\n<h3>BURAK SEV\u0130N\u00c7 K\u0130MD\u0130R?<\/h3>\n<p>27 Ekim 1985 Zonguldak do\u011fumlu <a href=\"https:\/\/www.tgrthaber.com\/mavikadin\/yeralti-dizisinde-deniz-can-aktasin-partneri-belli-oldu-kulisleri-alevlendiren-transfer\/\">Burak Sevin\u00e7<\/a> oyunculu\u011fun yan\u0131 s\u0131ra m\u00fczisyenlik kimli\u011fiyle de dikkat \u00e7ekiyor. Ud sanat\u00e7\u0131s\u0131 \u00d6zcan Sevin\u00e7\u2019in o\u011flu olan oyuncu, \u00e7ocukluk y\u0131llar\u0131ndan itibaren m\u00fczikle i\u00e7 i\u00e7e b\u00fcy\u00fcm\u00fc\u015ft\u00fcr.<\/p>\n<p>E\u011fitim hayat\u0131na Zonguldak\u2019ta ba\u015flayan Sevin\u00e7, \u0130stanbul&#8217;a ta\u015f\u0131narak Y\u0131ld\u0131z Teknik \u00dcniversitesi Sanat ve Tasar\u0131m Fak\u00fcltesi\u2019nde e\u011fitim ald\u0131. Ancak ikinci s\u0131n\u0131fta \u00fcniversiteyi b\u0131rakarak m\u00fczik kariyerine odakland\u0131. Bu tercihini, bir r\u00f6portaj\u0131nda &#8220;Her yerde Y\u0131ld\u0131z Teknik mezunu yaz\u0131yor ama ben ikinci s\u0131n\u0131fta terk ettim&#8221; diyerek a\u00e7\u0131klam\u0131\u015ft\u0131r.<\/p>\n<p><img loading=\"lazy\" decoding=\"async\" class=\"aligncenter size-full wp-image-252194\" src=\"https:\/\/www.tgrthaber.com\/mavikadin\/wp-content\/uploads\/Burak-Sevinc-2.png\" alt=\"\" width=\"1208\" height=\"680\" title=\"\" srcset=\"https:\/\/www.tgrthaber.com\/mavikadin\/wp-content\/uploads\/Burak-Sevinc-2.png 1208w, https:\/\/www.tgrthaber.com\/mavikadin\/wp-content\/uploads\/Burak-Sevinc-2-300x169.png 300w, https:\/\/www.tgrthaber.com\/mavikadin\/wp-content\/uploads\/Burak-Sevinc-2-1024x576.png 1024w, https:\/\/www.tgrthaber.com\/mavikadin\/wp-content\/uploads\/Burak-Sevinc-2-768x432.png 768w\" sizes=\"(max-width: 1208px) 100vw, 1208px\" \/><\/p>\n<hr \/>\n<p>Hen\u00fcz 11 ya\u015f\u0131ndayken kanun dersleri almaya ba\u015flayan Burak Sevin\u00e7; keman, ud, kanun ve gitar gibi bir\u00e7ok enstr\u00fcman \u00e7alabiliyor. Sanat ya\u015fam\u0131na Zonguldak Sanat M\u00fczi\u011fi Derne\u011fi&#8217;nde sahne alarak ba\u015flayan oyuncu, bir d\u00f6nem Enbe Orkestras\u0131\u2019nda da profesyonel m\u00fczisyen olarak g\u00f6revde bulundu.<\/p>\n<p>Sadece m\u00fczik ve oyunculukla de\u011fil, marangozluk ve dal\u0131\u015f sporuyla da ilgilenen Sevin\u00e7, &#8220;Ah\u015fapla ilgilenmek benim i\u00e7in terapi gibi&#8221; diyerek marangozluk hobisini s\u0131k s\u0131k dile getiriyor. Burak Sevin\u00e7 ayr\u0131ca 5 y\u0131l dal\u0131\u015f e\u011fitimi alm\u0131\u015f ve 7 y\u0131ldan fazla profesyonel olarak dal\u0131\u015f yapmaktad\u0131r. Basketbol, voleybol ve hentbol gibi farkl\u0131 spor dallar\u0131na da ilgi duymaktad\u0131r.<\/p>\n<p><img loading=\"lazy\" decoding=\"async\" class=\"aligncenter size-full wp-image-252195\" src=\"https:\/\/www.tgrthaber.com\/mavikadin\/wp-content\/uploads\/Burak-Sevinc-3.png\" alt=\"\" width=\"1208\" height=\"680\" title=\"\" srcset=\"https:\/\/www.tgrthaber.com\/mavikadin\/wp-content\/uploads\/Burak-Sevinc-3.png 1208w, https:\/\/www.tgrthaber.com\/mavikadin\/wp-content\/uploads\/Burak-Sevinc-3-300x169.png 300w, https:\/\/www.tgrthaber.com\/mavikadin\/wp-content\/uploads\/Burak-Sevinc-3-1024x576.png 1024w, https:\/\/www.tgrthaber.com\/mavikadin\/wp-content\/uploads\/Burak-Sevinc-3-768x432.png 768w\" sizes=\"(max-width: 1208px) 100vw, 1208px\" \/><\/p>\n<hr \/>\n<h3>Kariyerine genel bak\u0131\u015f<\/h3>\n<p><strong>\u0130lk Y\u0131llar (2011\u20132016)<\/strong><\/p>\n<p>Oyunculuk kariyerine 2011 y\u0131l\u0131nda Babam \u0130\u00e7in dizisinde &#8220;Alpay&#8221; karakteriyle ad\u0131m atan Sevin\u00e7, ard\u0131ndan Yol Ayr\u0131m\u0131 (2012), Merhaba Hayat ve Yalan D\u00fcnya (2013) gibi yap\u0131mlarda rol ald\u0131.<\/p>\n<p>Ard\u0131ndan ayn\u0131 yap\u0131m \u015firketinin efsane dizisi Kurtlar Vadisi Pusu\u2019ya &#8220;Timur Emir&#8221; karakteriyle dahil oldu. Bu rol i\u00e7in 1 y\u0131lda 16 kilo vererek ve Wing Chun d\u00f6v\u00fc\u015f sanat\u0131 e\u011fitimi alarak ciddi bir fiziksel d\u00f6n\u00fc\u015f\u00fcm ya\u015fad\u0131.<br \/>\nBurak Sevin\u00e7 ayr\u0131ca Evli ve \u00d6fkeli (2015), Alt\u0131nsoylar (2016) dizilerinde ve D\u00f6nerse Senindir (2016) filminde rol ald\u0131.<\/p>\n<p><img loading=\"lazy\" decoding=\"async\" class=\"aligncenter size-full wp-image-252196\" src=\"https:\/\/www.tgrthaber.com\/mavikadin\/wp-content\/uploads\/Burak-Sevinc-5.png\" alt=\"\" width=\"1208\" height=\"680\" title=\"\" srcset=\"https:\/\/www.tgrthaber.com\/mavikadin\/wp-content\/uploads\/Burak-Sevinc-5.png 1208w, https:\/\/www.tgrthaber.com\/mavikadin\/wp-content\/uploads\/Burak-Sevinc-5-300x169.png 300w, https:\/\/www.tgrthaber.com\/mavikadin\/wp-content\/uploads\/Burak-Sevinc-5-1024x576.png 1024w, https:\/\/www.tgrthaber.com\/mavikadin\/wp-content\/uploads\/Burak-Sevinc-5-768x432.png 768w\" sizes=\"(max-width: 1208px) 100vw, 1208px\" \/><\/p>\n<hr \/>\n<p><strong>Y\u00fckseli\u015f D\u00f6nemi (2017\u2013G\u00fcn\u00fcm\u00fcz)<\/strong><\/p>\n<p>Sevin\u00e7\u2019in kariyerindeki as\u0131l \u00e7\u0131k\u0131\u015f\u0131, 2017-2019 y\u0131llar\u0131 aras\u0131nda yay\u0131nlanan ve b\u00fcy\u00fck ilgi g\u00f6ren S\u00f6z dizisindeki \u201cFethi Kulaks\u0131z\u201d rol\u00fcyle ger\u00e7ekle\u015fti. \u00dcnl\u00fc isim bu rol i\u00e7in emekli \u00f6zel kuvvetler mensuplar\u0131ndan \u00f6zel e\u011fitim ald\u0131. Ard\u0131ndan, Leke (2019) dizisinde ilk ba\u015frol\u00fcn\u00fc \u00fcstlendi.<\/p>\n<p><img loading=\"lazy\" decoding=\"async\" class=\"aligncenter size-full wp-image-252199\" src=\"https:\/\/www.tgrthaber.com\/mavikadin\/wp-content\/uploads\/Burak-Sevinc-4.png\" alt=\"\" width=\"1208\" height=\"680\" title=\"\" srcset=\"https:\/\/www.tgrthaber.com\/mavikadin\/wp-content\/uploads\/Burak-Sevinc-4.png 1208w, https:\/\/www.tgrthaber.com\/mavikadin\/wp-content\/uploads\/Burak-Sevinc-4-300x169.png 300w, https:\/\/www.tgrthaber.com\/mavikadin\/wp-content\/uploads\/Burak-Sevinc-4-1024x576.png 1024w, https:\/\/www.tgrthaber.com\/mavikadin\/wp-content\/uploads\/Burak-Sevinc-4-768x432.png 768w\" sizes=\"(max-width: 1208px) 100vw, 1208px\" \/><\/p>\n<hr \/>\n<p>2020 y\u0131l\u0131nda G\u00f6k\u00e7e Bahad\u0131r ile birlikte yer ald\u0131\u011f\u0131 &#8220;\u0130zmir\u2019in K\u0131zlar\u0131&#8221; m\u00fczikaliyle tiyatro sahnesine ad\u0131m att\u0131.<br \/>\nTV8&#8217;de yay\u0131nlanan ve G\u00fclseren Buday\u0131c\u0131o\u011flu\u2019nun eserinden uyarlanan K\u0131rm\u0131z\u0131 Oda dizisinde \u201cDoktor Deniz\u201d rol\u00fcyle geni\u015f kitlelere ula\u015ft\u0131.<\/p>\n<p><strong>Yeni Proje: &#8220;Yeralt\u0131&#8221;<\/strong><\/p>\n<p>Bug\u00fcne dek yer ald\u0131\u011f\u0131 yap\u0131mlarda sergiledi\u011fi ba\u015far\u0131l\u0131 performanslarla dikkat \u00e7eken Burak Sevin\u00e7, \u015fimdilerde &#8220;Yeralt\u0131&#8221; dizisindeki \u201cMerdan\u201d karakteri i\u00e7in kamera kar\u015f\u0131s\u0131na ge\u00e7meye haz\u0131rlan\u0131yor.<\/p>\n","protected":false},"excerpt":{"rendered":"<p>Burak Sevin\u00e7 haz\u0131rl\u0131k s\u00fcreci devam eden Yeralt\u0131 dizisinin kadrosuna Merdan karakteriyle dahil oluyor. Murat \u00d6zt\u00fcrk\u2019\u00fcn y\u00f6netmenli\u011fini yapt\u0131\u011f\u0131 Yeralt\u0131 dizisi \u015fimdiden merak ediliyor. Medyap\u0131m\u2019\u0131n NOW i\u00e7in \u00e7ekece\u011fi dizide di\u011fer oyuncular\u0131n kim olaca\u011f\u0131 ara\u015ft\u0131r\u0131l\u0131yor.<\/p>\n","protected":false},"author":5,"featured_media":252197,"comment_status":"closed","ping_status":"closed","sticky":false,"template":"","format":"standard","meta":{"rank_math_lock_modified_date":false,"footnotes":""},"categories":[602],"tags":[24326,21462,159,61211],"class_list":["post-252192","post","type-post","status-publish","format-standard","has-post-thumbnail","hentry","category-diziler","tag-burak-sevinc","tag-deniz-can-aktas","tag-devrim-ozkan","tag-yeralti-dizisi"],"_links":{"self":[{"href":"https:\/\/www.tgrthaber.com\/mavikadin\/wp-json\/wp\/v2\/posts\/252192"}],"collection":[{"href":"https:\/\/www.tgrthaber.com\/mavikadin\/wp-json\/wp\/v2\/posts"}],"about":[{"href":"https:\/\/www.tgrthaber.com\/mavikadin\/wp-json\/wp\/v2\/types\/post"}],"author":[{"embeddable":true,"href":"https:\/\/www.tgrthaber.com\/mavikadin\/wp-json\/wp\/v2\/users\/5"}],"replies":[{"embeddable":true,"href":"https:\/\/www.tgrthaber.com\/mavikadin\/wp-json\/wp\/v2\/comments?post=252192"}],"version-history":[{"count":2,"href":"https:\/\/www.tgrthaber.com\/mavikadin\/wp-json\/wp\/v2\/posts\/252192\/revisions"}],"predecessor-version":[{"id":252207,"href":"https:\/\/www.tgrthaber.com\/mavikadin\/wp-json\/wp\/v2\/posts\/252192\/revisions\/252207"}],"wp:featuredmedia":[{"embeddable":true,"href":"https:\/\/www.tgrthaber.com\/mavikadin\/wp-json\/wp\/v2\/media\/252197"}],"wp:attachment":[{"href":"https:\/\/www.tgrthaber.com\/mavikadin\/wp-json\/wp\/v2\/media?parent=252192"}],"wp:term":[{"taxonomy":"category","embeddable":true,"href":"https:\/\/www.tgrthaber.com\/mavikadin\/wp-json\/wp\/v2\/categories?post=252192"},{"taxonomy":"post_tag","embeddable":true,"href":"https:\/\/www.tgrthaber.com\/mavikadin\/wp-json\/wp\/v2\/tags?post=252192"}],"curies":[{"name":"wp","href":"https:\/\/api.w.org\/{rel}","templated":true}]}}