{"id":252210,"date":"2025-10-21T18:41:52","date_gmt":"2025-10-21T15:41:52","guid":{"rendered":"https:\/\/www.tgrthaber.com\/mavikadin\/?p=252210"},"modified":"2025-10-21T18:41:52","modified_gmt":"2025-10-21T15:41:52","slug":"mert-muldur-kimdir-kac-yasinda-mert-muldur-hangi-takimlarda-oynadi","status":"publish","type":"post","link":"https:\/\/www.tgrthaber.com\/mavikadin\/mert-muldur-kimdir-kac-yasinda-mert-muldur-hangi-takimlarda-oynadi\/","title":{"rendered":"Mert M\u00fcld\u00fcr kimdir, ka\u00e7 ya\u015f\u0131nda? Mert M\u00fcld\u00fcr hangi tak\u0131mlarda oynad\u0131?"},"content":{"rendered":"<p>Fenerbah\u00e7e ve A Milli Tak\u0131m&#8217;\u0131n ba\u015far\u0131l\u0131 savunmac\u0131s\u0131 Mert M\u00fcld\u00fcr, kick boks\u00e7u sevgilisi Koprena Andjela ile ni\u015fanlanarak ad\u0131ndan yeniden s\u00f6z ettirdi. Sosyal medyada payla\u015f\u0131lan ni\u015fan kareleri sonras\u0131 Mert M\u00fcld\u00fcr&#8217;\u00fcn kim oldu\u011fu, ya\u015f\u0131 ve \u00f6zel hayat\u0131 yeniden merak konusu oldu. Peki Mert M\u00fcld\u00fcr kimdir, ka\u00e7 ya\u015f\u0131nda? Mert M\u00fcld\u00fcr hangi tak\u0131mlarda oynad\u0131? \u0130\u015fte detaylar&#8230;<\/p>\n<h3>MERT M\u00dcLD\u00dcR K\u0130MD\u0130R, KA\u00c7 YA\u015eINDA?<\/h3>\n<p>Mert M\u00fcld\u00fcr 3 Nisan 1999\u2019da Viyana, Avusturya\u2019da d\u00fcnyaya geldi. Futbola ilgisi daha \u00e7ocuk ya\u015fta ba\u015flad\u0131. Futbol ser\u00fcvenine Avusturya\u2019n\u0131n tan\u0131nan tak\u0131mlar\u0131ndan Rapid Wien altyap\u0131s\u0131nda bulunan M\u00fcld\u00fcr, gen\u00e7 ya\u015f\u0131na ra\u011fmen performans\u0131yla k\u0131sa s\u00fcrede A tak\u0131ma y\u00fckseldi.<\/p>\n<p><img loading=\"lazy\" decoding=\"async\" class=\"alignnone wp-image-252233\" src=\"https:\/\/www.tgrthaber.com\/mavikadin\/wp-content\/uploads\/60f5ff594e3fe018bc19e91b-300x169.jpg\" alt=\"\" width=\"1208\" height=\"680\" title=\"\" srcset=\"https:\/\/www.tgrthaber.com\/mavikadin\/wp-content\/uploads\/60f5ff594e3fe018bc19e91b-300x169.jpg 300w, https:\/\/www.tgrthaber.com\/mavikadin\/wp-content\/uploads\/60f5ff594e3fe018bc19e91b-1024x576.jpg 1024w, https:\/\/www.tgrthaber.com\/mavikadin\/wp-content\/uploads\/60f5ff594e3fe018bc19e91b-768x432.jpg 768w, https:\/\/www.tgrthaber.com\/mavikadin\/wp-content\/uploads\/60f5ff594e3fe018bc19e91b.jpg 1260w\" sizes=\"(max-width: 1208px) 100vw, 1208px\" \/><\/p>\n<hr \/>\n<p>Sa\u011f bek olarak g\u00f6rev yapmas\u0131na ra\u011fmen savunman\u0131n her b\u00f6lgesinde g\u00f6rev ald\u0131. Mert M\u00fcld\u00fcr hem kul\u00fcp hem de milli tak\u0131m d\u00fczeyinde dikkatleri \u00fczerine \u00e7ekti.<\/p>\n<p><img loading=\"lazy\" decoding=\"async\" class=\"alignnone wp-image-252234\" src=\"https:\/\/www.tgrthaber.com\/mavikadin\/wp-content\/uploads\/67c4bb8e160132adcff8a74a-300x165.webp\" alt=\"\" width=\"1208\" height=\"663\" title=\"\" srcset=\"https:\/\/www.tgrthaber.com\/mavikadin\/wp-content\/uploads\/67c4bb8e160132adcff8a74a-300x165.webp 300w, https:\/\/www.tgrthaber.com\/mavikadin\/wp-content\/uploads\/67c4bb8e160132adcff8a74a-768x422.webp 768w, https:\/\/www.tgrthaber.com\/mavikadin\/wp-content\/uploads\/67c4bb8e160132adcff8a74a.webp 869w\" sizes=\"(max-width: 1208px) 100vw, 1208px\" \/><\/p>\n<hr \/>\n<p>1.80 cm boyundaki futbolcu, ye\u015fil sahalarda h\u0131zl\u0131 olmas\u0131, zamanlama yapabilme yetene\u011fi ve agresif savunma tarz\u0131yla k\u0131sa s\u00fcrede ad\u0131n\u0131 duyurmay\u0131 ba\u015fard\u0131.<\/p>\n<p><img loading=\"lazy\" decoding=\"async\" class=\"alignnone wp-image-252232\" src=\"https:\/\/www.tgrthaber.com\/mavikadin\/wp-content\/uploads\/I8eaekBepUO1FKh7qYP1DQ-300x170.webp\" alt=\"\" width=\"1208\" height=\"685\" title=\"\" srcset=\"https:\/\/www.tgrthaber.com\/mavikadin\/wp-content\/uploads\/I8eaekBepUO1FKh7qYP1DQ-300x170.webp 300w, https:\/\/www.tgrthaber.com\/mavikadin\/wp-content\/uploads\/I8eaekBepUO1FKh7qYP1DQ-1024x580.webp 1024w, https:\/\/www.tgrthaber.com\/mavikadin\/wp-content\/uploads\/I8eaekBepUO1FKh7qYP1DQ-768x435.webp 768w, https:\/\/www.tgrthaber.com\/mavikadin\/wp-content\/uploads\/I8eaekBepUO1FKh7qYP1DQ.webp 1080w\" sizes=\"(max-width: 1208px) 100vw, 1208px\" \/><\/p>\n<hr \/>\n<h3>MERT M\u00dcLD\u00dcR HANG\u0130 TAKIMLARDA OYNADI?<\/h3>\n<p>Ba\u015far\u0131l\u0131 futbolcunun kariyeri 2017 y\u0131l\u0131nda Rapid Wien A tak\u0131m\u0131nda ba\u015flad\u0131. \u0130ki y\u0131l boyunca burada ba\u015far\u0131lar elde eden gen\u00e7 yetenek daha sonra Avrupa&#8217;n\u0131n \u00f6nde gelen liglerinden Serie A&#8217;ya at\u0131larak Sassuolo formas\u0131n\u0131 giymi\u015ftir.<\/p>\n<p><img loading=\"lazy\" decoding=\"async\" class=\"alignnone wp-image-252230\" src=\"https:\/\/www.tgrthaber.com\/mavikadin\/wp-content\/uploads\/f3456feb091542485c1790407675230d-300x202.jpg\" alt=\"\" width=\"1208\" height=\"813\" title=\"\" srcset=\"https:\/\/www.tgrthaber.com\/mavikadin\/wp-content\/uploads\/f3456feb091542485c1790407675230d-300x202.jpg 300w, https:\/\/www.tgrthaber.com\/mavikadin\/wp-content\/uploads\/f3456feb091542485c1790407675230d-1024x689.jpg 1024w, https:\/\/www.tgrthaber.com\/mavikadin\/wp-content\/uploads\/f3456feb091542485c1790407675230d-768x517.jpg 768w, https:\/\/www.tgrthaber.com\/mavikadin\/wp-content\/uploads\/f3456feb091542485c1790407675230d.jpg 1080w\" sizes=\"(max-width: 1208px) 100vw, 1208px\" \/><\/p>\n<hr \/>\n<p>\u0130talya\u2019da savunmadaki ba\u015far\u0131l\u0131 performans\u0131 sayesinde k\u0131sa s\u00fcrede milli tak\u0131m\u0131n vazge\u00e7ilmez isimlerinden biri olmu\u015ftur. Mert M\u00fcld\u00fcr, 2023 yaz\u0131nda ise T\u00fcrkiye&#8217;ye d\u00f6n\u00fc\u015f yapt\u0131. Fenerbah\u00e7e ile s\u00f6zle\u015fme imzalayan Mert M\u00fcld\u00fcr, sar\u0131 lacivert formas\u0131yla bir kere daha ad\u0131n\u0131 geni\u015f kitlelere duyurmu\u015ftur.<\/p>\n<p><img loading=\"lazy\" decoding=\"async\" class=\"alignnone wp-image-252231\" src=\"https:\/\/www.tgrthaber.com\/mavikadin\/wp-content\/uploads\/64caa396a468600ad4b24498-300x169.webp\" alt=\"\" width=\"1208\" height=\"680\" title=\"\" srcset=\"https:\/\/www.tgrthaber.com\/mavikadin\/wp-content\/uploads\/64caa396a468600ad4b24498-300x169.webp 300w, https:\/\/www.tgrthaber.com\/mavikadin\/wp-content\/uploads\/64caa396a468600ad4b24498-1024x576.webp 1024w, https:\/\/www.tgrthaber.com\/mavikadin\/wp-content\/uploads\/64caa396a468600ad4b24498-768x432.webp 768w, https:\/\/www.tgrthaber.com\/mavikadin\/wp-content\/uploads\/64caa396a468600ad4b24498.webp 1200w\" sizes=\"(max-width: 1208px) 100vw, 1208px\" \/><\/p>\n<hr \/>\n<p>Mert M\u00fcld\u00fcr&#8217;\u00fcn kariyerinde en dikkat \u00e7eken nokta ise EURO 2024&#8217;te oynanan G\u00fcrcistan ve T\u00fcrkiye ma\u00e7\u0131 olmu\u015ftur. M\u00fcld\u00fcr bu ma\u00e7ta 25. dakikada att\u0131\u011f\u0131 efsane golle alk\u0131\u015f toplam\u0131\u015ft\u0131r ve M\u00fcld\u00fcr&#8217;\u00fcn att\u0131\u011f\u0131 gol en g\u00fczel gol se\u00e7ilmi\u015ftir.<\/p>\n<p><img loading=\"lazy\" decoding=\"async\" class=\"alignnone wp-image-252200\" src=\"https:\/\/www.tgrthaber.com\/mavikadin\/wp-content\/uploads\/mert-muldur-kick-bokscu-sevgilisi-ile-nisanlandi-1-300x150.jpg\" alt=\"\" width=\"1208\" height=\"604\" title=\"\" srcset=\"https:\/\/www.tgrthaber.com\/mavikadin\/wp-content\/uploads\/mert-muldur-kick-bokscu-sevgilisi-ile-nisanlandi-1-300x150.jpg 300w, https:\/\/www.tgrthaber.com\/mavikadin\/wp-content\/uploads\/mert-muldur-kick-bokscu-sevgilisi-ile-nisanlandi-1-1024x512.jpg 1024w, https:\/\/www.tgrthaber.com\/mavikadin\/wp-content\/uploads\/mert-muldur-kick-bokscu-sevgilisi-ile-nisanlandi-1-768x384.jpg 768w, https:\/\/www.tgrthaber.com\/mavikadin\/wp-content\/uploads\/mert-muldur-kick-bokscu-sevgilisi-ile-nisanlandi-1.jpg 1280w\" sizes=\"(max-width: 1208px) 100vw, 1208px\" \/><\/p>\n<hr \/>\n<h3>MERT M\u00dcLD\u00dcR K\u0130M\u0130NLE N\u0130\u015eANLANDI?<\/h3>\n<p>Son olarak \u00f6zel hayat\u0131yla magazin d\u00fcnyas\u0131na bomba gibi d\u00fc\u015fen <a href=\"https:\/\/www.tgrthaber.com\/mavikadin\/fenerbahcenin-yildizi-mert-muldur-kick-bokscu-sevgilisi-koprena-andjela-ile-nisanlandi-sosyal-medya-bu-kareleri-konusuyor\/\">Mert M\u00fcld\u00fcr<\/a>, kick boks\u00e7u sevgilisi Koprena Andjela ile ni\u015fanlanm\u0131\u015ft\u0131r. Uzun zamand\u0131r birlikte olan \u00e7iftin ni\u015fan kareleri ise sosyal medyada b\u00fcy\u00fck ilgi alm\u0131\u015f ve payla\u015f\u0131lan foto\u011fraflar binlerce kere be\u011fenilmi\u015ftir.<\/p>\n","protected":false},"excerpt":{"rendered":"<p>Fenerbah\u00e7e ve A Milli Tak\u0131m&#8217;\u0131n ba\u015far\u0131l\u0131 savunmac\u0131s\u0131 Mert M\u00fcld\u00fcr, kick boks\u00e7u sevgilisi Koprena Andjela ile ni\u015fanlanarak ad\u0131ndan yeniden s\u00f6z ettirdi. Sosyal medyada payla\u015f\u0131lan ni\u015fan kareleri sonras\u0131 Mert M\u00fcld\u00fcr&#8217;\u00fcn kim oldu\u011fu, ya\u015f\u0131 ve \u00f6zel hayat\u0131 yeniden merak konusu oldu. Peki Mert M\u00fcld\u00fcr kimdir, ka\u00e7 ya\u015f\u0131nda? Mert M\u00fcld\u00fcr hangi tak\u0131mlarda oynad\u0131? \u0130\u015fte detaylar&#8230;<\/p>\n","protected":false},"author":35,"featured_media":252211,"comment_status":"closed","ping_status":"closed","sticky":false,"template":"","format":"standard","meta":{"rank_math_lock_modified_date":false,"footnotes":""},"categories":[491],"tags":[3374,6254,64876,64875,64874],"class_list":["post-252210","post","type-post","status-publish","format-standard","has-post-thumbnail","hentry","category-biyografi","tag-biyografi","tag-mert-muldur","tag-mert-muldur-evli-mi","tag-mert-muldur-kac-yasinda","tag-mert-muldur-kimdir"],"_links":{"self":[{"href":"https:\/\/www.tgrthaber.com\/mavikadin\/wp-json\/wp\/v2\/posts\/252210"}],"collection":[{"href":"https:\/\/www.tgrthaber.com\/mavikadin\/wp-json\/wp\/v2\/posts"}],"about":[{"href":"https:\/\/www.tgrthaber.com\/mavikadin\/wp-json\/wp\/v2\/types\/post"}],"author":[{"embeddable":true,"href":"https:\/\/www.tgrthaber.com\/mavikadin\/wp-json\/wp\/v2\/users\/35"}],"replies":[{"embeddable":true,"href":"https:\/\/www.tgrthaber.com\/mavikadin\/wp-json\/wp\/v2\/comments?post=252210"}],"version-history":[{"count":2,"href":"https:\/\/www.tgrthaber.com\/mavikadin\/wp-json\/wp\/v2\/posts\/252210\/revisions"}],"predecessor-version":[{"id":252236,"href":"https:\/\/www.tgrthaber.com\/mavikadin\/wp-json\/wp\/v2\/posts\/252210\/revisions\/252236"}],"wp:featuredmedia":[{"embeddable":true,"href":"https:\/\/www.tgrthaber.com\/mavikadin\/wp-json\/wp\/v2\/media\/252211"}],"wp:attachment":[{"href":"https:\/\/www.tgrthaber.com\/mavikadin\/wp-json\/wp\/v2\/media?parent=252210"}],"wp:term":[{"taxonomy":"category","embeddable":true,"href":"https:\/\/www.tgrthaber.com\/mavikadin\/wp-json\/wp\/v2\/categories?post=252210"},{"taxonomy":"post_tag","embeddable":true,"href":"https:\/\/www.tgrthaber.com\/mavikadin\/wp-json\/wp\/v2\/tags?post=252210"}],"curies":[{"name":"wp","href":"https:\/\/api.w.org\/{rel}","templated":true}]}}