{"id":252214,"date":"2025-10-21T18:11:57","date_gmt":"2025-10-21T15:11:57","guid":{"rendered":"https:\/\/www.tgrthaber.com\/mavikadin\/?p=252214"},"modified":"2025-10-21T18:17:30","modified_gmt":"2025-10-21T15:17:30","slug":"eylulzede-sarkisini-kim-soyluyor-eylulzede-neden-populer-oldu","status":"publish","type":"post","link":"https:\/\/www.tgrthaber.com\/mavikadin\/eylulzede-sarkisini-kim-soyluyor-eylulzede-neden-populer-oldu\/","title":{"rendered":"Eyl\u00fclzede \u015fark\u0131s\u0131n\u0131 kim s\u00f6yl\u00fcyor? Eyl\u00fclzede neden pop\u00fcler oldu?"},"content":{"rendered":"<p>Sosyal medyada h\u0131zla yay\u0131lan ve herkesin dikkatini \u00e7ekmeyi ba\u015faran Eyl\u00fclzede \u015fark\u0131s\u0131 merak konusu oldu. \u015eark\u0131y\u0131 kimin seslendirdi\u011fi merakla ara\u015ft\u0131r\u0131l\u0131yor. Y\u00fcz binlerce dinlenmeye ula\u015fan Eyl\u00fclzede \u015fark\u0131s\u0131, sosyal medyay\u0131 resmen kas\u0131p kavurdu. Peki Eyl\u00fclzede \u015fark\u0131s\u0131n\u0131 kim s\u00f6yl\u00fcyor? Eyl\u00fclzede neden pop\u00fcler oldu? \u0130\u015fte herkesin ilgisini \u00e7eken Eyl\u00fclzede \u015fark\u0131s\u0131na dair merak edilen t\u00fcm detaylar&#8230;<\/p>\n<h3>EYL\u00dcLZEDE \u015eARKISINI K\u0130M S\u00d6YL\u00dcYOR?<\/h3>\n<p>\u0130nsan eli de\u011fmeden, tamamen yapay zeka taraf\u0131ndan yap\u0131lan Eyl\u00fclzede adl\u0131 \u015fark\u0131, Spotify T\u00fcrkiye listelerinde 9. s\u0131raya kadar y\u00fckselerek rekor k\u0131rd\u0131.<\/p>\n<p><img loading=\"lazy\" decoding=\"async\" class=\"alignnone wp-image-252223\" src=\"https:\/\/www.tgrthaber.com\/mavikadin\/wp-content\/uploads\/images-6-5.jpeg\" alt=\"\" width=\"1208\" height=\"676\" title=\"\"><\/p>\n<hr \/>\n<p>Y\u00fcz binlerce dinlenme ve binlerce payla\u015f\u0131m ile sosyal medyay\u0131 alt\u00fcst eden par\u00e7a, yaln\u0131zca melodisiyle de\u011fil, ortaya \u00e7\u0131k\u0131\u015f tarz\u0131yla da m\u00fczik d\u00fcnyas\u0131nda adeta ezberleri bozan t\u00fcrden.<\/p>\n<p><img loading=\"lazy\" decoding=\"async\" class=\"alignnone wp-image-252218\" src=\"https:\/\/www.tgrthaber.com\/mavikadin\/wp-content\/uploads\/kose-baslarinda-ilk-gozyaslarinda-kim-soyluyor-sozleri-ne-nikbinler-ne-demek-eylulzedeyi-soyleyenler-kim-3-300x169.jpg\" alt=\"\" width=\"1208\" height=\"680\" title=\"\" srcset=\"https:\/\/www.tgrthaber.com\/mavikadin\/wp-content\/uploads\/kose-baslarinda-ilk-gozyaslarinda-kim-soyluyor-sozleri-ne-nikbinler-ne-demek-eylulzedeyi-soyleyenler-kim-3-300x169.jpg 300w, https:\/\/www.tgrthaber.com\/mavikadin\/wp-content\/uploads\/kose-baslarinda-ilk-gozyaslarinda-kim-soyluyor-sozleri-ne-nikbinler-ne-demek-eylulzedeyi-soyleyenler-kim-3-1024x576.jpg 1024w, https:\/\/www.tgrthaber.com\/mavikadin\/wp-content\/uploads\/kose-baslarinda-ilk-gozyaslarinda-kim-soyluyor-sozleri-ne-nikbinler-ne-demek-eylulzedeyi-soyleyenler-kim-3-768x432.jpg 768w, https:\/\/www.tgrthaber.com\/mavikadin\/wp-content\/uploads\/kose-baslarinda-ilk-gozyaslarinda-kim-soyluyor-sozleri-ne-nikbinler-ne-demek-eylulzedeyi-soyleyenler-kim-3.jpg 1280w\" sizes=\"(max-width: 1208px) 100vw, 1208px\" \/><\/p>\n<hr \/>\n<p>Eyl\u00fclzede \u015fark\u0131s\u0131n\u0131 seslendiren bir insan de\u011fil. \u015eark\u0131n\u0131n vokalini Berika KA adl\u0131 sanal bir ses kullan\u0131yor ve bu ses, yapay zeka teknolojileri ile yap\u0131lm\u0131\u015f. Projenin arkas\u0131ndaki ekip ise Nikbinler. Eyl\u00fclzede \u015fark\u0131s\u0131yla Anadolunun kula\u011fa ho\u015f gelen ezgileri modern yapay zeka teknikleriyle birle\u015ftirildi.<\/p>\n<p><img loading=\"lazy\" decoding=\"async\" class=\"alignnone wp-image-252225\" src=\"https:\/\/www.tgrthaber.com\/mavikadin\/wp-content\/uploads\/hq720-8-1-300x169.jpg\" alt=\"\" width=\"1208\" height=\"680\" title=\"\" srcset=\"https:\/\/www.tgrthaber.com\/mavikadin\/wp-content\/uploads\/hq720-8-1-300x169.jpg 300w, https:\/\/www.tgrthaber.com\/mavikadin\/wp-content\/uploads\/hq720-8-1.jpg 686w\" sizes=\"(max-width: 1208px) 100vw, 1208px\" \/><\/p>\n<hr \/>\n<p>Eyl\u00fclzede \u015fark\u0131s\u0131n\u0131n s\u00f6z ve bestesi Serkan Sele\u2019ye ait. Yapay zeka taraf\u0131ndan seslendirilen Eyl\u00fclzede \u015fark\u0131s\u0131 2014 y\u0131l\u0131nda yaz\u0131lan bir metinden ilham al\u0131yor. Eyl\u00fclzede \u015fark\u0131s\u0131n\u0131n seslendirme k\u0131sm\u0131nda tamamen yapay zekan\u0131n \u00fcretti\u011fi bir vokal kullan\u0131l\u0131yor. Anla\u015f\u0131laca\u011f\u0131 \u00fczere Eyl\u00fclzede \u015fark\u0131s\u0131nda insan yok ama ses var.<\/p>\n<p><img loading=\"lazy\" decoding=\"async\" class=\"alignnone wp-image-252219\" src=\"https:\/\/www.tgrthaber.com\/mavikadin\/wp-content\/uploads\/nikbinler-eylulzede-kim-soyluyor-sniy-fn7i-300x169.webp\" alt=\"\" width=\"1208\" height=\"680\" title=\"\" srcset=\"https:\/\/www.tgrthaber.com\/mavikadin\/wp-content\/uploads\/nikbinler-eylulzede-kim-soyluyor-sniy-fn7i-300x169.webp 300w, https:\/\/www.tgrthaber.com\/mavikadin\/wp-content\/uploads\/nikbinler-eylulzede-kim-soyluyor-sniy-fn7i-1024x576.webp 1024w, https:\/\/www.tgrthaber.com\/mavikadin\/wp-content\/uploads\/nikbinler-eylulzede-kim-soyluyor-sniy-fn7i-768x432.webp 768w, https:\/\/www.tgrthaber.com\/mavikadin\/wp-content\/uploads\/nikbinler-eylulzede-kim-soyluyor-sniy-fn7i.webp 1280w\" sizes=\"(max-width: 1208px) 100vw, 1208px\" \/><\/p>\n<hr \/>\n<h3>EYL\u00dcLZEDE \u015eARKISI NEDEN POP\u00dcLKER OLDU?<\/h3>\n<p>Eyl\u00fclzede \u015fark\u0131s\u0131n\u0131n k\u0131sa s\u00fcrede g\u00fcndem olmas\u0131 sadece m\u00fczikal anlamda iyi olmas\u0131 de\u011fil. \u00d6zellikle TikTok, Instagram Reels ve YouTube Shorts gibi platformlarda binlerce i\u00e7erikte kullan\u0131lan K\u00f6\u015fe ba\u015flar\u0131mda \u0130lk g\u00f6zya\u015flar\u0131mda\u2026 s\u00f6zleri, \u015fark\u0131n\u0131n viral olmas\u0131n\u0131 sa\u011flad\u0131.<\/p>\n<p><img loading=\"lazy\" decoding=\"async\" class=\"alignnone wp-image-252222\" src=\"https:\/\/www.tgrthaber.com\/mavikadin\/wp-content\/uploads\/microsoft_duyurdu_yapay_zeka_artik_sarki_olusturabilecek_1703059073_4911-300x169.webp\" alt=\"\" width=\"1208\" height=\"680\" title=\"\" srcset=\"https:\/\/www.tgrthaber.com\/mavikadin\/wp-content\/uploads\/microsoft_duyurdu_yapay_zeka_artik_sarki_olusturabilecek_1703059073_4911-300x169.webp 300w, https:\/\/www.tgrthaber.com\/mavikadin\/wp-content\/uploads\/microsoft_duyurdu_yapay_zeka_artik_sarki_olusturabilecek_1703059073_4911-1024x576.webp 1024w, https:\/\/www.tgrthaber.com\/mavikadin\/wp-content\/uploads\/microsoft_duyurdu_yapay_zeka_artik_sarki_olusturabilecek_1703059073_4911-768x432.webp 768w, https:\/\/www.tgrthaber.com\/mavikadin\/wp-content\/uploads\/microsoft_duyurdu_yapay_zeka_artik_sarki_olusturabilecek_1703059073_4911.webp 1280w\" sizes=\"(max-width: 1208px) 100vw, 1208px\" \/><\/p>\n<hr \/>\n<p>Ancak en \u00e7ok merak edilen nokta, Spotify algoritmalar\u0131n\u0131n rol\u00fc oldu. Platform, kullan\u0131c\u0131lar\u0131n duygusal e\u011filimlerini, ritim tercihlerini ve dinleme s\u00fcrelerini analiz ederek onlara sevebilecekleri \u015fark\u0131lar\u0131 \u00f6neriyor.<\/p>\n<p><img loading=\"lazy\" decoding=\"async\" class=\"alignnone wp-image-252220\" src=\"https:\/\/www.tgrthaber.com\/mavikadin\/wp-content\/uploads\/hq720-6-1-300x169.jpg\" alt=\"\" width=\"1208\" height=\"680\" title=\"\" srcset=\"https:\/\/www.tgrthaber.com\/mavikadin\/wp-content\/uploads\/hq720-6-1-300x169.jpg 300w, https:\/\/www.tgrthaber.com\/mavikadin\/wp-content\/uploads\/hq720-6-1.jpg 686w\" sizes=\"(max-width: 1208px) 100vw, 1208px\" \/><\/p>\n<hr \/>\n<p>Sosyal medyada pop\u00fclerli\u011fini giderek art\u0131ran Eyl\u00fclzede \u015fark\u0131s\u0131n\u0131n s\u00f6z ve bestesi Serkan Sele&#8217;ye ait. Bu \u015fark\u0131y\u0131 di\u011fer \u015fark\u0131lardan \u00f6zel yapan ise \u015fark\u0131n\u0131n seslendirmesini insan yerine, <a href=\"https:\/\/www.tgrthaber.com\/mavikadin\/ozcan-deniz-ve-akin-akinozu-tesseractta-bulustu-yapay-zeka-dizisi-yolda\/\">yapay zeka<\/a> taraf\u0131ndan yap\u0131lan algoritmalar\u0131n olu\u015fturmas\u0131. Binlerce ki\u015fi taraf\u0131ndan be\u011fenilerek dinlenilen Eyl\u00fclzede, ad\u0131ndan daha \u00e7ok bahsettirecek gibi duruyor.<\/p>\n","protected":false},"excerpt":{"rendered":"<p>M\u00fczik sekt\u00f6r\u00fc ezber bozan bir \u015fark\u0131ya tan\u0131kl\u0131k etti. Sosyal medyada ad\u0131 s\u0131kl\u0131kla ge\u00e7en Eyl\u00fclzede \u015fark\u0131s\u0131 herkes taraf\u0131ndan merak konusu oldu. Peki Eyl\u00fclzede \u015fark\u0131s\u0131n\u0131 kim s\u00f6yl\u00fcyor, neden g\u00fcndemde? Eyl\u00fclzede neden pop\u00fcler oldu? \u0130\u015fte detaylar&#8230;<\/p>\n","protected":false},"author":35,"featured_media":252217,"comment_status":"closed","ping_status":"closed","sticky":false,"template":"","format":"standard","meta":{"rank_math_lock_modified_date":false,"footnotes":""},"categories":[491],"tags":[3374,64870,64872,64873,64871],"class_list":["post-252214","post","type-post","status-publish","format-standard","has-post-thumbnail","hentry","category-biyografi","tag-biyografi","tag-eylulzede-sarkisi","tag-nikbinler","tag-serkan-sele-sarkisi","tag-yapay-zeka-sarkisi"],"_links":{"self":[{"href":"https:\/\/www.tgrthaber.com\/mavikadin\/wp-json\/wp\/v2\/posts\/252214"}],"collection":[{"href":"https:\/\/www.tgrthaber.com\/mavikadin\/wp-json\/wp\/v2\/posts"}],"about":[{"href":"https:\/\/www.tgrthaber.com\/mavikadin\/wp-json\/wp\/v2\/types\/post"}],"author":[{"embeddable":true,"href":"https:\/\/www.tgrthaber.com\/mavikadin\/wp-json\/wp\/v2\/users\/35"}],"replies":[{"embeddable":true,"href":"https:\/\/www.tgrthaber.com\/mavikadin\/wp-json\/wp\/v2\/comments?post=252214"}],"version-history":[{"count":3,"href":"https:\/\/www.tgrthaber.com\/mavikadin\/wp-json\/wp\/v2\/posts\/252214\/revisions"}],"predecessor-version":[{"id":252228,"href":"https:\/\/www.tgrthaber.com\/mavikadin\/wp-json\/wp\/v2\/posts\/252214\/revisions\/252228"}],"wp:featuredmedia":[{"embeddable":true,"href":"https:\/\/www.tgrthaber.com\/mavikadin\/wp-json\/wp\/v2\/media\/252217"}],"wp:attachment":[{"href":"https:\/\/www.tgrthaber.com\/mavikadin\/wp-json\/wp\/v2\/media?parent=252214"}],"wp:term":[{"taxonomy":"category","embeddable":true,"href":"https:\/\/www.tgrthaber.com\/mavikadin\/wp-json\/wp\/v2\/categories?post=252214"},{"taxonomy":"post_tag","embeddable":true,"href":"https:\/\/www.tgrthaber.com\/mavikadin\/wp-json\/wp\/v2\/tags?post=252214"}],"curies":[{"name":"wp","href":"https:\/\/api.w.org\/{rel}","templated":true}]}}