{"id":252238,"date":"2025-10-21T19:24:05","date_gmt":"2025-10-21T16:24:05","guid":{"rendered":"https:\/\/www.tgrthaber.com\/mavikadin\/?p=252238"},"modified":"2025-10-21T19:24:05","modified_gmt":"2025-10-21T16:24:05","slug":"mert-muldurun-nisanlisi-koprena-andjela-kimdir-kac-yasinda-koprena-andjela-meslegi-nedir","status":"publish","type":"post","link":"https:\/\/www.tgrthaber.com\/mavikadin\/mert-muldurun-nisanlisi-koprena-andjela-kimdir-kac-yasinda-koprena-andjela-meslegi-nedir\/","title":{"rendered":"Mert M\u00fcld\u00fcr&#8217;\u00fcn ni\u015fanl\u0131s\u0131 Koprena Andjela kimdir, ka\u00e7 ya\u015f\u0131nda? Koprena Andjela mesle\u011fi nedir?"},"content":{"rendered":"<p>Mert M\u00fcld\u00fcr\u2019\u00fcn ni\u015fan t\u00f6reninden payla\u015f\u0131lan kareler sosyal medyay\u0131 adeta sallad\u0131. Taraftarlar gen\u00e7 \u00e7ifte mutluluk dilerken, g\u00f6zler bu defa Mert M\u00fcld\u00fcr&#8217;\u00fcn ni\u015fanl\u0131s\u0131na \u00e7evrildi. Peki Koprena Andjela kimdir, ka\u00e7 ya\u015f\u0131ndad\u0131r? Koprena Andjela mesle\u011fi nedir? \u0130\u015fte Koprena Andjela hakk\u0131nda merak edilenler&#8230;<\/p>\n<h3>KOPRENA ANDJELA K\u0130MD\u0130R, KA\u00c7 YA\u015eINDA?<\/h3>\n<p>Koprena Andjela, aslen S\u0131rbistan ve Bosna-Hersek k\u00f6kenlidir. 28 ya\u015f\u0131nda olan Koprena Andjela bir sporcudur. \u0130stanbul\u2019da ya\u015fayan Andjela, gen\u00e7 ya\u015f\u0131na ra\u011fmen ring sporlar\u0131nda ad\u0131ndan s\u00f6z ettiren bir isimdir.<\/p>\n<p><img loading=\"lazy\" decoding=\"async\" class=\"alignnone wp-image-252241\" src=\"https:\/\/www.tgrthaber.com\/mavikadin\/wp-content\/uploads\/Ekran-goruntusu-2025-10-21-190031-300x195.png\" alt=\"\" width=\"1208\" height=\"786\" title=\"\" srcset=\"https:\/\/www.tgrthaber.com\/mavikadin\/wp-content\/uploads\/Ekran-goruntusu-2025-10-21-190031-300x195.png 300w, https:\/\/www.tgrthaber.com\/mavikadin\/wp-content\/uploads\/Ekran-goruntusu-2025-10-21-190031.png 604w\" sizes=\"(max-width: 1208px) 100vw, 1208px\" \/><\/p>\n<hr \/>\n<p>Yurt d\u0131\u015f\u0131nda do\u011fup b\u00fcy\u00fcyen ve son zamanlarda T\u00fcrkiye\u2019de bulunan Andjela, hem sosyal medya payla\u015f\u0131mlar\u0131yla hem de disipliniyle dikkatleri \u00fczerine toplad\u0131.<\/p>\n<p><img loading=\"lazy\" decoding=\"async\" class=\"alignnone wp-image-252242\" src=\"https:\/\/www.tgrthaber.com\/mavikadin\/wp-content\/uploads\/Ekran-goruntusu-2025-10-21-190046-300x236.png\" alt=\"\" width=\"1208\" height=\"950\" title=\"\" srcset=\"https:\/\/www.tgrthaber.com\/mavikadin\/wp-content\/uploads\/Ekran-goruntusu-2025-10-21-190046-300x236.png 300w, https:\/\/www.tgrthaber.com\/mavikadin\/wp-content\/uploads\/Ekran-goruntusu-2025-10-21-190046.png 586w\" sizes=\"(max-width: 1208px) 100vw, 1208px\" \/><\/p>\n<hr \/>\n<p>Kendine ait spor rutinlerini, antrenman videolar\u0131n\u0131 ve ring anlar\u0131n\u0131 takip\u00e7ileriyle s\u0131k s\u0131k payla\u015fan gen\u00e7 kick boks\u00e7u, k\u0131sa s\u00fcrede binlerce ki\u015finin dikkatini \u00e7ekmeyi ba\u015farm\u0131\u015ft\u0131r.<\/p>\n<p><img loading=\"lazy\" decoding=\"async\" class=\"alignnone wp-image-252245\" src=\"https:\/\/www.tgrthaber.com\/mavikadin\/wp-content\/uploads\/Ekran-goruntusu-2025-10-21-190010-300x243.png\" alt=\"\" width=\"1208\" height=\"977\" title=\"\" srcset=\"https:\/\/www.tgrthaber.com\/mavikadin\/wp-content\/uploads\/Ekran-goruntusu-2025-10-21-190010-300x243.png 300w, https:\/\/www.tgrthaber.com\/mavikadin\/wp-content\/uploads\/Ekran-goruntusu-2025-10-21-190010.png 555w\" sizes=\"(max-width: 1208px) 100vw, 1208px\" \/><\/p>\n<hr \/>\n<h3>KOPRENA ANDJELA MESLE\u011e\u0130 NED\u0130R?<\/h3>\n<p>Koprena Andjela profesyonel bir kick boks ve boks sporcudur. Instagram hesab\u0131nda s\u0131k s\u0131k payla\u015ft\u0131\u011f\u0131 antrenman videolar\u0131, kondisyon \u00e7al\u0131\u015fmalar\u0131 ve sparring g\u00f6r\u00fcnt\u00fcleri takip\u00e7ileri taraf\u0131ndan heyecanla takip ediliyor.<\/p>\n<p><img loading=\"lazy\" decoding=\"async\" class=\"alignnone wp-image-252244\" src=\"https:\/\/www.tgrthaber.com\/mavikadin\/wp-content\/uploads\/Ekran-goruntusu-2025-10-21-190003-300x212.png\" alt=\"\" width=\"1208\" height=\"854\" title=\"\" srcset=\"https:\/\/www.tgrthaber.com\/mavikadin\/wp-content\/uploads\/Ekran-goruntusu-2025-10-21-190003-300x212.png 300w, https:\/\/www.tgrthaber.com\/mavikadin\/wp-content\/uploads\/Ekran-goruntusu-2025-10-21-190003-768x543.png 768w, https:\/\/www.tgrthaber.com\/mavikadin\/wp-content\/uploads\/Ekran-goruntusu-2025-10-21-190003.png 802w\" sizes=\"(max-width: 1208px) 100vw, 1208px\" \/><\/p>\n<hr \/>\n<p>Koprena Andjela, \u0130stanbul\u2019da bulunan Coliseum Social ve Coliseum Boxing Life gibi spor merkezlerinde g\u00f6rev al\u0131yor. Koprena Andjela, sporu merkezine alarak i\u00e7erik \u00fcreticisi olarak da sosyal medyada tan\u0131n\u0131yor.<\/p>\n<p><img loading=\"lazy\" decoding=\"async\" class=\"alignnone wp-image-252243\" src=\"https:\/\/www.tgrthaber.com\/mavikadin\/wp-content\/uploads\/Ekran-goruntusu-2025-10-21-190054-300x194.png\" alt=\"\" width=\"1208\" height=\"781\" title=\"\" srcset=\"https:\/\/www.tgrthaber.com\/mavikadin\/wp-content\/uploads\/Ekran-goruntusu-2025-10-21-190054-300x194.png 300w, https:\/\/www.tgrthaber.com\/mavikadin\/wp-content\/uploads\/Ekran-goruntusu-2025-10-21-190054.png 600w\" sizes=\"(max-width: 1208px) 100vw, 1208px\" \/><\/p>\n<hr \/>\n<h3>MERT M\u00dcLD\u00dcR \u0130LE N\u0130\u015eANI G\u00dcNDEM OLDU<\/h3>\n<p>Fenerbah\u00e7e ve A Milli Tak\u0131m&#8217;\u0131n ba\u015far\u0131l\u0131 ismi Mert M\u00fcld\u00fcr ile ni\u015fanlanarak ad\u0131ndan bir kere daha s\u00f6z ettiren Koprena Andjela, ni\u015fan kareleriyle adeta sosyal medyay\u0131 sallad\u0131. Kick boks sporcusu Koprena Andjela, sade ama \u00e7ok zarif ni\u015fan k\u0131yafetiyle, sosyal medyada \u00f6zg\u00fc yoplad\u0131. Yak\u0131n dostlar\u0131 ve aile kat\u0131l\u0131m\u0131yla ger\u00e7ekle\u015fen ni\u015fan t\u00f6reni foto\u011fraflar\u0131, \u00e7ok k\u0131sa s\u00fcrede milyonlara ula\u015ft\u0131.<\/p>\n<p><img loading=\"lazy\" decoding=\"async\" class=\"alignnone wp-image-252246\" src=\"https:\/\/www.tgrthaber.com\/mavikadin\/wp-content\/uploads\/6770f3f0534a254e2cc72700-300x169.webp\" alt=\"\" width=\"1208\" height=\"680\" title=\"\" srcset=\"https:\/\/www.tgrthaber.com\/mavikadin\/wp-content\/uploads\/6770f3f0534a254e2cc72700-300x169.webp 300w, https:\/\/www.tgrthaber.com\/mavikadin\/wp-content\/uploads\/6770f3f0534a254e2cc72700.webp 730w\" sizes=\"(max-width: 1208px) 100vw, 1208px\" \/><\/p>\n<hr \/>\n<p>Aylar \u00f6ncesinde evlilik teklifiyle de g\u00fcndeme bomba gibi d\u00fc\u015fen <a href=\"https:\/\/www.tgrthaber.com\/mavikadin\/fenerbahcenin-yildizi-mert-muldur-kick-bokscu-sevgilisi-koprena-andjela-ile-nisanlandi-sosyal-medya-bu-kareleri-konusuyor\/\">Koprena Andjela<\/a>, Mert M\u00fcld\u00fcr&#8217;\u00fcn S\u00fcper Lig tatili s\u0131ras\u0131nda, evlenme teklifi alm\u0131\u015f ve o karelere de binlerce be\u011feni ve yorum ya\u011fm\u0131\u015ft\u0131<\/p>\n","protected":false},"excerpt":{"rendered":"<p>Ye\u015fil sahalarda f\u0131rt\u0131nalar estiren Mert M\u00fcld\u00fcr, sade ama dikkat \u00e7eken bir t\u00f6renle ni\u015fanland\u0131. Sosyal medya ise Mert M\u00fcld\u00fcr&#8217;\u00fcn kiminle ni\u015fanland\u0131\u011f\u0131n\u0131 merak ediyor. Peki Mert M\u00fcld\u00fcr&#8217;\u00fcn ni\u015fanl\u0131s\u0131 Koprena Andjela kimdir, ka\u00e7 ya\u015f\u0131nda? Koprena Andjela mesle\u011fi nedir? \u0130\u015fte merak edilen t\u00fcm detaylar&#8230;<\/p>\n","protected":false},"author":35,"featured_media":252239,"comment_status":"closed","ping_status":"closed","sticky":false,"template":"","format":"standard","meta":{"rank_math_lock_modified_date":false,"footnotes":""},"categories":[491],"tags":[3374,64869,64878,64877,64879],"class_list":["post-252238","post","type-post","status-publish","format-standard","has-post-thumbnail","hentry","category-biyografi","tag-biyografi","tag-kikc-bokscu-koprena-andjela","tag-koprena-andjela-kac-yasinda","tag-koprena-andjela-kimdir","tag-koprena-andjela-meslegi-ne"],"_links":{"self":[{"href":"https:\/\/www.tgrthaber.com\/mavikadin\/wp-json\/wp\/v2\/posts\/252238"}],"collection":[{"href":"https:\/\/www.tgrthaber.com\/mavikadin\/wp-json\/wp\/v2\/posts"}],"about":[{"href":"https:\/\/www.tgrthaber.com\/mavikadin\/wp-json\/wp\/v2\/types\/post"}],"author":[{"embeddable":true,"href":"https:\/\/www.tgrthaber.com\/mavikadin\/wp-json\/wp\/v2\/users\/35"}],"replies":[{"embeddable":true,"href":"https:\/\/www.tgrthaber.com\/mavikadin\/wp-json\/wp\/v2\/comments?post=252238"}],"version-history":[{"count":1,"href":"https:\/\/www.tgrthaber.com\/mavikadin\/wp-json\/wp\/v2\/posts\/252238\/revisions"}],"predecessor-version":[{"id":252247,"href":"https:\/\/www.tgrthaber.com\/mavikadin\/wp-json\/wp\/v2\/posts\/252238\/revisions\/252247"}],"wp:featuredmedia":[{"embeddable":true,"href":"https:\/\/www.tgrthaber.com\/mavikadin\/wp-json\/wp\/v2\/media\/252239"}],"wp:attachment":[{"href":"https:\/\/www.tgrthaber.com\/mavikadin\/wp-json\/wp\/v2\/media?parent=252238"}],"wp:term":[{"taxonomy":"category","embeddable":true,"href":"https:\/\/www.tgrthaber.com\/mavikadin\/wp-json\/wp\/v2\/categories?post=252238"},{"taxonomy":"post_tag","embeddable":true,"href":"https:\/\/www.tgrthaber.com\/mavikadin\/wp-json\/wp\/v2\/tags?post=252238"}],"curies":[{"name":"wp","href":"https:\/\/api.w.org\/{rel}","templated":true}]}}