{"id":252248,"date":"2025-10-21T19:35:10","date_gmt":"2025-10-21T16:35:10","guid":{"rendered":"https:\/\/www.tgrthaber.com\/mavikadin\/?p=252248"},"modified":"2025-10-21T19:35:10","modified_gmt":"2025-10-21T16:35:10","slug":"zuhal-topalla-yemekteyiz-korhan-songelen-kimdir-kac-yasinda-izmirli-korhan-sosyal-medyada-gundem-oldu","status":"publish","type":"post","link":"https:\/\/www.tgrthaber.com\/mavikadin\/zuhal-topalla-yemekteyiz-korhan-songelen-kimdir-kac-yasinda-izmirli-korhan-sosyal-medyada-gundem-oldu\/","title":{"rendered":"Zuhal Topal&#8217;la Yemekteyiz Korhan Songelen kimdir, ka\u00e7 ya\u015f\u0131nda? \u0130zmir&#8217;li Korhan sosyal medyada g\u00fcndem oldu"},"content":{"rendered":"<p>Zuhal Topal&#8217;la Yemekteyiz bu hafta Korhan Beyi&#8217;i Yemekteyiz mutfa\u011f\u0131na konuk etti. 20 &#8211; 24 Ekim haftas\u0131nda \u00e7al\u0131\u015fan Korhan Songelen Yemekteyiz izleyicisi taraf\u0131ndan olduk\u00e7a merak edildi. Peki Zuhal Topal&#8217;la Yemekteyiz haftan\u0131n 4. g\u00fcn\u00fc yar\u0131\u015fan Korhan Songelen kimdir, ka\u00e7 ya\u015f\u0131nda ve ne i\u015f yap\u0131yor? \u0130\u015fte Zuhal Topal&#8217;la Yemekteyiz&#8217;de merak edilen t\u00fcm detaylar&#8230;<\/p>\n<h3>ZUHAL TOPAL&#8217;LA YEMEKTEY\u0130Z KORHAN SONGELEN K\u0130MD\u0130R, KA\u00c7 YA\u015eINDA?<\/h3>\n<p>Zuhal Topal&#8217;la Yemekteyiz&#8217;de bu hafta yine zorlu ge\u00e7iyor. Her g\u00fcn bir yar\u0131\u015fmac\u0131 Yemekteyiz mutfa\u011f\u0131nda ter d\u00f6kerken, 20 ila 24 Ekim haftas\u0131nda yar\u0131\u015fan Korhan Songelen, Yemekteyiz&#8217;de d\u00f6rd\u00fcnc\u00fc g\u00fcn yar\u0131\u015f\u0131yor.<\/p>\n<p><img loading=\"lazy\" decoding=\"async\" class=\"alignnone wp-image-252250\" src=\"https:\/\/www.tgrthaber.com\/mavikadin\/wp-content\/uploads\/Ekran-goruntusu-2025-10-21-134252-300x176.png\" alt=\"\" width=\"1208\" height=\"709\" title=\"\" srcset=\"https:\/\/www.tgrthaber.com\/mavikadin\/wp-content\/uploads\/Ekran-goruntusu-2025-10-21-134252-300x176.png 300w, https:\/\/www.tgrthaber.com\/mavikadin\/wp-content\/uploads\/Ekran-goruntusu-2025-10-21-134252-768x451.png 768w, https:\/\/www.tgrthaber.com\/mavikadin\/wp-content\/uploads\/Ekran-goruntusu-2025-10-21-134252.png 998w\" sizes=\"(max-width: 1208px) 100vw, 1208px\" \/><\/p>\n<hr \/>\n<p>Yemekteyiz izleyicisinin daha ilk dakikadan dikkatini \u00e7ekmeyi ba\u015faran Korhan Songelen, \u0130zmir Kar\u015f\u0131yaka&#8217;dan programa kat\u0131lm\u0131\u015f. 10 y\u0131l boyunca ma\u011fazac\u0131l\u0131k yapan Korhan Bey, son bir y\u0131ld\u0131r emlak sekt\u00f6r\u00fcnde gayrimenkul dan\u0131\u015fman\u0131 olarak g\u00f6rev al\u0131yor.<\/p>\n<p><img loading=\"lazy\" decoding=\"async\" class=\"alignnone wp-image-252254\" src=\"https:\/\/www.tgrthaber.com\/mavikadin\/wp-content\/uploads\/Ekran-goruntusu-2025-10-21-134420-300x168.png\" alt=\"\" width=\"1208\" height=\"678\" title=\"\" srcset=\"https:\/\/www.tgrthaber.com\/mavikadin\/wp-content\/uploads\/Ekran-goruntusu-2025-10-21-134420-300x168.png 300w, https:\/\/www.tgrthaber.com\/mavikadin\/wp-content\/uploads\/Ekran-goruntusu-2025-10-21-134420-1024x575.png 1024w, https:\/\/www.tgrthaber.com\/mavikadin\/wp-content\/uploads\/Ekran-goruntusu-2025-10-21-134420-768x431.png 768w, https:\/\/www.tgrthaber.com\/mavikadin\/wp-content\/uploads\/Ekran-goruntusu-2025-10-21-134420.png 1033w\" sizes=\"(max-width: 1208px) 100vw, 1208px\" \/><\/p>\n<hr \/>\n<p>Sat\u0131\u015f ve pazarlama alan\u0131nda olduk\u00e7a tecr\u00fcbeli olan Korhan Songelen, mutfak becerisine de g\u00fcveniyor. Sunaca\u011f\u0131 men\u00fcs\u00fcyle olduk\u00e7a iddial\u0131 olan Korhan Bey, 200 bin TL&#8217;yi almak i\u00e7in canla ba\u015fla m\u00fccadele verecek.<\/p>\n<p><img loading=\"lazy\" decoding=\"async\" class=\"aligncenter wp-image-252253\" src=\"https:\/\/www.tgrthaber.com\/mavikadin\/wp-content\/uploads\/Ekran-goruntusu-2025-10-21-134407-300x171.png\" alt=\"\" width=\"1208\" height=\"687\" title=\"\" srcset=\"https:\/\/www.tgrthaber.com\/mavikadin\/wp-content\/uploads\/Ekran-goruntusu-2025-10-21-134407-300x171.png 300w, https:\/\/www.tgrthaber.com\/mavikadin\/wp-content\/uploads\/Ekran-goruntusu-2025-10-21-134407-1024x583.png 1024w, https:\/\/www.tgrthaber.com\/mavikadin\/wp-content\/uploads\/Ekran-goruntusu-2025-10-21-134407-768x437.png 768w, https:\/\/www.tgrthaber.com\/mavikadin\/wp-content\/uploads\/Ekran-goruntusu-2025-10-21-134407.png 1035w\" sizes=\"(max-width: 1208px) 100vw, 1208px\" \/><\/p>\n<hr \/>\n<h3>GE\u00c7EN HAFTA YEMEKTEY\u0130Z KAZANANI K\u0130M OLDU?<\/h3>\n<p><a href=\"https:\/\/www.tgrthaber.com\/mavikadin\/zuhal-topalla-yemekteyiz-haftanin-kazanani-kim-oldu-yemekteyiz-17-ekim-birincisi-kim\/\">Zuhal Topal&#8217;la Yemekteyiz&#8217;de ge\u00e7en hafta<\/a> da k\u0131yas\u0131ya bir rekabet ya\u015fand\u0131. Cuma g\u00fcn\u00fc yap\u0131lan oylar sonucu kazanan isim ise 35 puan alan \u015eevket Bey oldu. \u015eevket Bey, t\u00fcm rakiplerini geride b\u0131rakarak, Zuhal Topal&#8217;\u0131n da oylamas\u0131yla, 200 bin TL&#8217;nin sahibi oldu.<\/p>\n<p><img loading=\"lazy\" decoding=\"async\" class=\"alignnone wp-image-252256\" src=\"https:\/\/www.tgrthaber.com\/mavikadin\/wp-content\/uploads\/images-7-4.jpeg\" alt=\"\" width=\"1208\" height=\"679\" title=\"\"><\/p>\n<hr \/>\n<p>&nbsp;<\/p>\n<h3>ZUHAL TOPAL&#8217;LA YEMEKTEY\u0130Z T\u00dcM HIZIYLA S\u00dcR\u00dcYOR<\/h3>\n<p>TV8 ekranlar\u0131n\u0131n sevilen program\u0131 Yemekteyiz t\u00fcm h\u0131z\u0131yla s\u00fcr\u00fcyor. Y\u0131llard\u0131r TV8&#8217;in en \u00e7ok takip edilen program\u0131 Yemekteyiz, Zuhal Topal&#8217;\u0131n sunumuyla hafta i\u00e7i her g\u00fcn 16:00&#8217;da ekranlara geliyor.<\/p>\n<p><img loading=\"lazy\" decoding=\"async\" class=\"alignnone wp-image-252255\" src=\"https:\/\/www.tgrthaber.com\/mavikadin\/wp-content\/uploads\/Ekran-goruntusu-2025-10-21-134430-300x171.png\" alt=\"\" width=\"1208\" height=\"689\" title=\"\" srcset=\"https:\/\/www.tgrthaber.com\/mavikadin\/wp-content\/uploads\/Ekran-goruntusu-2025-10-21-134430-300x171.png 300w, https:\/\/www.tgrthaber.com\/mavikadin\/wp-content\/uploads\/Ekran-goruntusu-2025-10-21-134430-1024x584.png 1024w, https:\/\/www.tgrthaber.com\/mavikadin\/wp-content\/uploads\/Ekran-goruntusu-2025-10-21-134430-768x438.png 768w, https:\/\/www.tgrthaber.com\/mavikadin\/wp-content\/uploads\/Ekran-goruntusu-2025-10-21-134430.png 1032w\" sizes=\"(max-width: 1208px) 100vw, 1208px\" \/><\/p>\n<hr \/>\n<p>Zuhal Topal&#8217;la Yemekteyiz lezzetin, sunumun, masa d\u00fczeninin, misafirperverli\u011fin her detay\u0131na kadar de\u011ferlendirilip, puan verildi\u011fi bir yar\u0131\u015fma. T\u00fcm hafta yar\u0131\u015fan yar\u0131\u015fmac\u0131lar Cuma g\u00fcn\u00fc belirlenen puanlarla haftan\u0131n birincisini belirliyor.<\/p>\n<p><img loading=\"lazy\" decoding=\"async\" class=\"alignnone wp-image-252252\" src=\"https:\/\/www.tgrthaber.com\/mavikadin\/wp-content\/uploads\/Ekran-goruntusu-2025-10-21-134313-300x167.png\" alt=\"\" width=\"1208\" height=\"671\" title=\"\" srcset=\"https:\/\/www.tgrthaber.com\/mavikadin\/wp-content\/uploads\/Ekran-goruntusu-2025-10-21-134313-300x167.png 300w, https:\/\/www.tgrthaber.com\/mavikadin\/wp-content\/uploads\/Ekran-goruntusu-2025-10-21-134313-1024x569.png 1024w, https:\/\/www.tgrthaber.com\/mavikadin\/wp-content\/uploads\/Ekran-goruntusu-2025-10-21-134313-768x427.png 768w, https:\/\/www.tgrthaber.com\/mavikadin\/wp-content\/uploads\/Ekran-goruntusu-2025-10-21-134313.png 1030w\" sizes=\"(max-width: 1208px) 100vw, 1208px\" \/><\/p>\n<hr \/>\n<p>Cuma g\u00fcn\u00fc hem rakip yar\u0131\u015fmac\u0131lar\u0131n hem de Zuhal Topal&#8217;\u0131n puanlar\u0131n\u0131n toplam\u0131 200 bin TL&#8217;nin kazanan\u0131n\u0131 belirliyor.<\/p>\n","protected":false},"excerpt":{"rendered":"<p>TV8&#8217;in en \u00e7ok takip edilen yar\u0131\u015fma program\u0131 Zuhal Topla2la Yemekteyiz yeni haftaya start verdi. Bu hafta Yemekteyiz&#8217;de en \u00e7ok dikkat \u00e7eken isim Yemekteyiz&#8217;in 4. g\u00fcn\u00fc yar\u0131\u015fan Korhan Songelen oldu. Peki Zuhal Topal&#8217;la Yemekteyiz Korhan Songelen kimdir, ka\u00e7 ya\u015f\u0131nda? Yemekteyiz Korhan ne i\u015f yap\u0131yor? \u0130\u015fte merak edilenler&#8230;<\/p>\n","protected":false},"author":35,"featured_media":252249,"comment_status":"closed","ping_status":"closed","sticky":false,"template":"","format":"standard","meta":{"rank_math_lock_modified_date":false,"footnotes":""},"categories":[491],"tags":[3374,64881,8465,64796,64880],"class_list":["post-252248","post","type-post","status-publish","format-standard","has-post-thumbnail","hentry","category-biyografi","tag-biyografi","tag-korha-songelen-kimdir","tag-yemekteyiz","tag-yemekteyiz-20-24-ekim","tag-yemekteyiz-korhan-kimdir"],"_links":{"self":[{"href":"https:\/\/www.tgrthaber.com\/mavikadin\/wp-json\/wp\/v2\/posts\/252248"}],"collection":[{"href":"https:\/\/www.tgrthaber.com\/mavikadin\/wp-json\/wp\/v2\/posts"}],"about":[{"href":"https:\/\/www.tgrthaber.com\/mavikadin\/wp-json\/wp\/v2\/types\/post"}],"author":[{"embeddable":true,"href":"https:\/\/www.tgrthaber.com\/mavikadin\/wp-json\/wp\/v2\/users\/35"}],"replies":[{"embeddable":true,"href":"https:\/\/www.tgrthaber.com\/mavikadin\/wp-json\/wp\/v2\/comments?post=252248"}],"version-history":[{"count":1,"href":"https:\/\/www.tgrthaber.com\/mavikadin\/wp-json\/wp\/v2\/posts\/252248\/revisions"}],"predecessor-version":[{"id":252257,"href":"https:\/\/www.tgrthaber.com\/mavikadin\/wp-json\/wp\/v2\/posts\/252248\/revisions\/252257"}],"wp:featuredmedia":[{"embeddable":true,"href":"https:\/\/www.tgrthaber.com\/mavikadin\/wp-json\/wp\/v2\/media\/252249"}],"wp:attachment":[{"href":"https:\/\/www.tgrthaber.com\/mavikadin\/wp-json\/wp\/v2\/media?parent=252248"}],"wp:term":[{"taxonomy":"category","embeddable":true,"href":"https:\/\/www.tgrthaber.com\/mavikadin\/wp-json\/wp\/v2\/categories?post=252248"},{"taxonomy":"post_tag","embeddable":true,"href":"https:\/\/www.tgrthaber.com\/mavikadin\/wp-json\/wp\/v2\/tags?post=252248"}],"curies":[{"name":"wp","href":"https:\/\/api.w.org\/{rel}","templated":true}]}}