{"id":252259,"date":"2025-10-21T20:24:58","date_gmt":"2025-10-21T17:24:58","guid":{"rendered":"https:\/\/www.tgrthaber.com\/mavikadin\/?p=252259"},"modified":"2025-10-21T20:24:58","modified_gmt":"2025-10-21T17:24:58","slug":"yemekteyiz-ergul-gumusay-kimdir-kac-yasinda-yemekteyiz-final-gunu-yarisani-mercek-altinda","status":"publish","type":"post","link":"https:\/\/www.tgrthaber.com\/mavikadin\/yemekteyiz-ergul-gumusay-kimdir-kac-yasinda-yemekteyiz-final-gunu-yarisani-mercek-altinda\/","title":{"rendered":"Yemekteyiz Erg\u00fcl G\u00fcm\u00fc\u015fay kimdir, ka\u00e7 ya\u015f\u0131nda? Yemekteyiz final g\u00fcn\u00fc yar\u0131\u015fan\u0131 mercek alt\u0131nda"},"content":{"rendered":"<p>TV8 ekranlar\u0131n\u0131n merakla takip edilen yar\u0131\u015fmas\u0131 Yemekteyiz&#8217;de 20 &#8211; 24 Ekim aras\u0131nda yar\u0131\u015fan Erg\u00fcl G\u00fcm\u00fc\u015fay izleyicinin dikkatini \u00e7ekmeyi ba\u015fard\u0131. Daha ilk g\u00fcnden sosyal medyada ara\u015ft\u0131r\u0131lan olan Yemekteyiz Erg\u00fcl G\u00fcm\u00fc\u015fay&#8217;\u0131n kim oldu\u011fu, ya\u015f\u0131 ve mesle\u011fi merak edildi. Peki Yemekteyiz Erg\u00fcl G\u00fcm\u00fc\u015fay kimdir, ka\u00e7 ya\u015f\u0131nda? \u0130\u015fte Zuhal Topal&#8217;la Yemekteyiz yar\u0131\u015fmas\u0131nda haftan\u0131n son g\u00fcn\u00fc yar\u0131\u015fan Erg\u00fcl Han\u0131m hakk\u0131nda merak edilen t\u00fcm detaylar&#8230;<\/p>\n<h3>YEMEKTEY\u0130Z ERG\u00dcL G\u00dcM\u00dc\u015eAY K\u0130MD\u0130R, KA\u00c7 YA\u015eINDA?<\/h3>\n<p>Zuhal Topal&#8217;la Yemekteyiz program\u0131 yeni haftaya yine birbirinden e\u011flenceli ve birbirinden iddial\u0131 yar\u0131\u015fmac\u0131larla ba\u015flad\u0131. Yemekteyiz&#8217;in daha ilk g\u00fcn\u00fc dikkatleri \u00fczerinde toplayan Erg\u00fcl G\u00fcm\u00fc\u015fay ise Yemekteyiz izleyicisinin radar\u0131na giren isim oldu.<\/p>\n<p><img loading=\"lazy\" decoding=\"async\" class=\"alignnone wp-image-252262\" src=\"https:\/\/www.tgrthaber.com\/mavikadin\/wp-content\/uploads\/Ekran-goruntusu-2025-10-21-160939-300x165.png\" alt=\"\" width=\"1208\" height=\"665\" title=\"\" srcset=\"https:\/\/www.tgrthaber.com\/mavikadin\/wp-content\/uploads\/Ekran-goruntusu-2025-10-21-160939-300x165.png 300w, https:\/\/www.tgrthaber.com\/mavikadin\/wp-content\/uploads\/Ekran-goruntusu-2025-10-21-160939-1024x563.png 1024w, https:\/\/www.tgrthaber.com\/mavikadin\/wp-content\/uploads\/Ekran-goruntusu-2025-10-21-160939-768x422.png 768w, https:\/\/www.tgrthaber.com\/mavikadin\/wp-content\/uploads\/Ekran-goruntusu-2025-10-21-160939.png 1038w\" sizes=\"(max-width: 1208px) 100vw, 1208px\" \/><\/p>\n<hr \/>\n<p>Zuhal Topal&#8217;la Yemekteyiz 20 &#8211; 24 Ekim aras\u0131nda yar\u0131\u015fan 5. g\u00fcn yar\u0131\u015fmac\u0131s\u0131 Erg\u00fcl G\u00fcm\u00fc\u015fay 54 ya\u015f\u0131ndad\u0131r. Erg\u00fcl Han\u0131m aslen Ankaral\u0131 olup bir \u00e7ocuk annesidir.<\/p>\n<p><img loading=\"lazy\" decoding=\"async\" class=\"alignnone wp-image-252266\" src=\"https:\/\/www.tgrthaber.com\/mavikadin\/wp-content\/uploads\/Ekran-goruntusu-2025-10-21-161101-300x167.png\" alt=\"\" width=\"1208\" height=\"674\" title=\"\" srcset=\"https:\/\/www.tgrthaber.com\/mavikadin\/wp-content\/uploads\/Ekran-goruntusu-2025-10-21-161101-300x167.png 300w, https:\/\/www.tgrthaber.com\/mavikadin\/wp-content\/uploads\/Ekran-goruntusu-2025-10-21-161101-768x428.png 768w, https:\/\/www.tgrthaber.com\/mavikadin\/wp-content\/uploads\/Ekran-goruntusu-2025-10-21-161101.png 1011w\" sizes=\"(max-width: 1208px) 100vw, 1208px\" \/><\/p>\n<hr \/>\n<p>Hayat dolu kimli\u011fi ile g\u00f6ze \u00e7arpan Erg\u00fcl G\u00fcm\u00fc\u015fay, sosyal \u00e7evresinde \u00e7ok sevilen ve titizli\u011fiyle tan\u0131nan bir isim. Erg\u00fcl G\u00fcm\u00fc\u015fay&#8217;\u0131n en b\u00fcy\u00fck destek\u00e7isi ise k\u0131z\u0131. K\u0131z\u0131yla vakit ge\u00e7irmekten olduk\u00e7a zevk ald\u0131\u011f\u0131n\u0131 s\u00f6yleyen Erg\u00fcl G\u00fcm\u00fc\u015fay, Yemekteyiz&#8217;in 5. g\u00fcn\u00fc mutfakta h\u00fcnerlerini sergileyecek.<\/p>\n<p><img loading=\"lazy\" decoding=\"async\" class=\"alignnone wp-image-252264\" src=\"https:\/\/www.tgrthaber.com\/mavikadin\/wp-content\/uploads\/Ekran-goruntusu-2025-10-21-161004-300x155.png\" alt=\"\" width=\"1208\" height=\"623\" title=\"\" srcset=\"https:\/\/www.tgrthaber.com\/mavikadin\/wp-content\/uploads\/Ekran-goruntusu-2025-10-21-161004-300x155.png 300w, https:\/\/www.tgrthaber.com\/mavikadin\/wp-content\/uploads\/Ekran-goruntusu-2025-10-21-161004-1024x528.png 1024w, https:\/\/www.tgrthaber.com\/mavikadin\/wp-content\/uploads\/Ekran-goruntusu-2025-10-21-161004-768x396.png 768w, https:\/\/www.tgrthaber.com\/mavikadin\/wp-content\/uploads\/Ekran-goruntusu-2025-10-21-161004.png 1039w\" sizes=\"(max-width: 1208px) 100vw, 1208px\" \/><\/p>\n<hr \/>\n<p>Yemekteyiz&#8217;in final g\u00fcn\u00fcnde yar\u0131\u015facak ismi Erg\u00fcl G\u00fcm\u00fc\u015fay, yar\u0131\u015fmaya asl\u0131nda k\u0131z\u0131 i\u00e7in kat\u0131lm\u0131\u015f.<\/p>\n<p><img loading=\"lazy\" decoding=\"async\" class=\"alignnone wp-image-252263\" src=\"https:\/\/www.tgrthaber.com\/mavikadin\/wp-content\/uploads\/Ekran-goruntusu-2025-10-21-160951-300x168.png\" alt=\"\" width=\"1208\" height=\"677\" title=\"\" srcset=\"https:\/\/www.tgrthaber.com\/mavikadin\/wp-content\/uploads\/Ekran-goruntusu-2025-10-21-160951-300x168.png 300w, https:\/\/www.tgrthaber.com\/mavikadin\/wp-content\/uploads\/Ekran-goruntusu-2025-10-21-160951-1024x574.png 1024w, https:\/\/www.tgrthaber.com\/mavikadin\/wp-content\/uploads\/Ekran-goruntusu-2025-10-21-160951-768x430.png 768w, https:\/\/www.tgrthaber.com\/mavikadin\/wp-content\/uploads\/Ekran-goruntusu-2025-10-21-160951.png 1037w\" sizes=\"(max-width: 1208px) 100vw, 1208px\" \/><\/p>\n<hr \/>\n<h3>YEMEKTEY\u0130Z&#8217;DE GE\u00c7EN HAFTA K\u0130M KAZANDI?<\/h3>\n<p><a href=\"https:\/\/www.tgrthaber.com\/mavikadin\/zuhal-topalla-yemekteyiz-haftanin-kazanani-kim-oldu-yemekteyiz-17-ekim-birincisi-kim\/\">Zuhal Topal&#8217;da ge\u00e7ti\u011fimiz hafta<\/a> yar\u0131\u015farak 200 bin TL&#8217;lik \u00f6d\u00fcl\u00fc kazanan isim ise \u015eevket Y\u0131lmaz olmu\u015ftu. \u015eevket Bey hem Zuhal Topal&#8217;dan hem de rakip yar\u0131\u015fmac\u0131lardan daha fazla puan alarak haftay\u0131 birinci kapatm\u0131\u015ft\u0131.<\/p>\n<p><img loading=\"lazy\" decoding=\"async\" class=\"alignnone wp-image-252267\" src=\"https:\/\/www.tgrthaber.com\/mavikadin\/wp-content\/uploads\/Ekran-goruntusu-2025-10-21-160925-300x175.png\" alt=\"\" width=\"1208\" height=\"704\" title=\"\" srcset=\"https:\/\/www.tgrthaber.com\/mavikadin\/wp-content\/uploads\/Ekran-goruntusu-2025-10-21-160925-300x175.png 300w, https:\/\/www.tgrthaber.com\/mavikadin\/wp-content\/uploads\/Ekran-goruntusu-2025-10-21-160925-768x448.png 768w, https:\/\/www.tgrthaber.com\/mavikadin\/wp-content\/uploads\/Ekran-goruntusu-2025-10-21-160925.png 990w\" sizes=\"(max-width: 1208px) 100vw, 1208px\" \/><\/p>\n<hr \/>\n<p>Bu hafta yine 5 farkl\u0131 yar\u0131\u015fmac\u0131 Yemekteyiz mutfa\u011f\u0131nda kendi g\u00fcn\u00fcnde h\u00fcnerlerini g\u00f6sterecek. Birbirinden farkl\u0131 ve iddial\u0131 men\u00fcler Yemekteyiz masas\u0131nda de\u011ferlendirilecek. Hafta i\u00e7i her g\u00fcn 16:00&#8217;da ekranlara gelen Zuhal Topal&#8217;la Yemekteyiz&#8217;de bu hafta yine bol bol ele\u015ftiriler yap\u0131ld\u0131.<\/p>\n<p><img loading=\"lazy\" decoding=\"async\" class=\"alignnone wp-image-252265\" src=\"https:\/\/www.tgrthaber.com\/mavikadin\/wp-content\/uploads\/Ekran-goruntusu-2025-10-21-161031-300x167.png\" alt=\"\" width=\"1208\" height=\"672\" title=\"\" srcset=\"https:\/\/www.tgrthaber.com\/mavikadin\/wp-content\/uploads\/Ekran-goruntusu-2025-10-21-161031-300x167.png 300w, https:\/\/www.tgrthaber.com\/mavikadin\/wp-content\/uploads\/Ekran-goruntusu-2025-10-21-161031-768x427.png 768w, https:\/\/www.tgrthaber.com\/mavikadin\/wp-content\/uploads\/Ekran-goruntusu-2025-10-21-161031.png 1025w\" sizes=\"(max-width: 1208px) 100vw, 1208px\" \/><\/p>\n<hr \/>\n<p>Haftan\u0131n en \u00e7ok puan\u0131n\u0131 alacak isim daha \u015fimdiden merak konusu olurken 5. g\u00fcn Yemekteyiz&#8217;de yar\u0131\u015facak Erg\u00fcl G\u00fcm\u00fc\u015fay&#8217;\u0131n performans\u0131 ise \u015fimdiden merak konusu oldu.<\/p>\n","protected":false},"excerpt":{"rendered":"<p>Zuhal Topal&#8217;la Yemekteyiz&#8217;in yeni haftas\u0131 ba\u015flad\u0131. 20 &#8211; 24 Ekim tarihleri aras\u0131nda yar\u0131\u015fan Erg\u00fcl G\u00fcm\u00fc\u015fay ise izleyicinin radar\u0131na girdi. Peki Yemekteyiz Erg\u00fcl G\u00fcm\u00fc\u015fay kimdir, ka\u00e7 ya\u015f\u0131nda? Yemekteyiz Erg\u00fcl mesle\u011fi nedir? \u0130\u015fte detaylar&#8230;<\/p>\n","protected":false},"author":35,"featured_media":252260,"comment_status":"closed","ping_status":"closed","sticky":false,"template":"","format":"standard","meta":{"rank_math_lock_modified_date":false,"footnotes":""},"categories":[491],"tags":[3374,64882,8465,64884,64883],"class_list":["post-252259","post","type-post","status-publish","format-standard","has-post-thumbnail","hentry","category-biyografi","tag-biyografi","tag-ergul-gumusay-kimdir","tag-yemekteyiz","tag-yemekteyiz-20-14-ekim","tag-yemekteyiz-ergul-kimdir"],"_links":{"self":[{"href":"https:\/\/www.tgrthaber.com\/mavikadin\/wp-json\/wp\/v2\/posts\/252259"}],"collection":[{"href":"https:\/\/www.tgrthaber.com\/mavikadin\/wp-json\/wp\/v2\/posts"}],"about":[{"href":"https:\/\/www.tgrthaber.com\/mavikadin\/wp-json\/wp\/v2\/types\/post"}],"author":[{"embeddable":true,"href":"https:\/\/www.tgrthaber.com\/mavikadin\/wp-json\/wp\/v2\/users\/35"}],"replies":[{"embeddable":true,"href":"https:\/\/www.tgrthaber.com\/mavikadin\/wp-json\/wp\/v2\/comments?post=252259"}],"version-history":[{"count":2,"href":"https:\/\/www.tgrthaber.com\/mavikadin\/wp-json\/wp\/v2\/posts\/252259\/revisions"}],"predecessor-version":[{"id":252269,"href":"https:\/\/www.tgrthaber.com\/mavikadin\/wp-json\/wp\/v2\/posts\/252259\/revisions\/252269"}],"wp:featuredmedia":[{"embeddable":true,"href":"https:\/\/www.tgrthaber.com\/mavikadin\/wp-json\/wp\/v2\/media\/252260"}],"wp:attachment":[{"href":"https:\/\/www.tgrthaber.com\/mavikadin\/wp-json\/wp\/v2\/media?parent=252259"}],"wp:term":[{"taxonomy":"category","embeddable":true,"href":"https:\/\/www.tgrthaber.com\/mavikadin\/wp-json\/wp\/v2\/categories?post=252259"},{"taxonomy":"post_tag","embeddable":true,"href":"https:\/\/www.tgrthaber.com\/mavikadin\/wp-json\/wp\/v2\/tags?post=252259"}],"curies":[{"name":"wp","href":"https:\/\/api.w.org\/{rel}","templated":true}]}}