{"id":252289,"date":"2025-10-21T21:41:46","date_gmt":"2025-10-21T18:41:46","guid":{"rendered":"https:\/\/www.tgrthaber.com\/mavikadin\/?p=252289"},"modified":"2025-10-21T21:41:47","modified_gmt":"2025-10-21T18:41:47","slug":"fatih-urek-kendine-geldi-mi-fatih-urek-saglik-durumu-ne","status":"publish","type":"post","link":"https:\/\/www.tgrthaber.com\/mavikadin\/fatih-urek-kendine-geldi-mi-fatih-urek-saglik-durumu-ne\/","title":{"rendered":"Fatih \u00dcrek kendine geldi mi? Fatih \u00dcrek sa\u011fl\u0131k durumu ne?"},"content":{"rendered":"<p>Evinde kalp krizi ge\u00e7irdikten sonra kalbi duran ve yap\u0131lan m\u00fcdahalenin ard\u0131ndan ya\u015fama d\u00f6nd\u00fcr\u00fclen Fatih \u00dcrek,&#8217;in sa\u011fl\u0131k durumu hala merak konusu. Arama motorlar\u0131nda Fatih \u00dcrek hakk\u0131nda \u00e7ok fazla arama yap\u0131l\u0131yor. \u00d6zellikle son sa\u011fl\u0131k durumu mercek alt\u0131na al\u0131nd\u0131. Peki Fatih \u00dcrek kendine geldi mi? Fatih \u00dcrek \u015fu an sa\u011fl\u0131k durumu nas\u0131l? \u0130\u015fte milyonlar\u0131n merak etti\u011fi isim Fatih \u00dcrek hakk\u0131nda son geli\u015fmeler&#8230;<\/p>\n<h3>FAT\u0130H \u00dcREK KEND\u0130NE GELD\u0130 M\u0130?<\/h3>\n<p>Fatih \u00dcrek&#8217;in merak edilen son durumuna ili\u015fkin hastaneden yap\u0131lan son a\u00e7\u0131klamada, \u00dcrek\u2019in hala yo\u011fun bak\u0131mda oldu\u011fu ent\u00fcbe halinde oldu\u011fu ve uyutulmu\u015f \u015fekilde tutuldu\u011fu s\u00f6ylendi. Doktorlar\u0131n yapt\u0131\u011f\u0131 a\u00e7\u0131klamada, sanat\u00e7\u0131n\u0131n durumunun stabil oldu\u011fu fakat uyand\u0131r\u0131lmas\u0131n\u0131n da biraz zaman alabilece\u011fini s\u00f6ylediler.<\/p>\n<p><img loading=\"lazy\" decoding=\"async\" class=\"alignnone wp-image-252298\" src=\"https:\/\/www.tgrthaber.com\/mavikadin\/wp-content\/uploads\/fatih-urek-gelinim-mutfakta-5851-300x169.webp\" alt=\"\" width=\"1208\" height=\"680\" title=\"\" srcset=\"https:\/\/www.tgrthaber.com\/mavikadin\/wp-content\/uploads\/fatih-urek-gelinim-mutfakta-5851-300x169.webp 300w, https:\/\/www.tgrthaber.com\/mavikadin\/wp-content\/uploads\/fatih-urek-gelinim-mutfakta-5851-1024x576.webp 1024w, https:\/\/www.tgrthaber.com\/mavikadin\/wp-content\/uploads\/fatih-urek-gelinim-mutfakta-5851-768x432.webp 768w, https:\/\/www.tgrthaber.com\/mavikadin\/wp-content\/uploads\/fatih-urek-gelinim-mutfakta-5851.webp 1200w\" sizes=\"(max-width: 1208px) 100vw, 1208px\" \/><\/p>\n<hr \/>\n<p>Fatih \u00dcrek&#8217;in menajeri Mert Siliv, sosyal medyada iddia edilen zay\u0131flama i\u011fnesi kulland\u0131\u011f\u0131 ve maddi s\u0131k\u0131nt\u0131 ya\u015fad\u0131\u011f\u0131 s\u00f6ylentilerinin de do\u011fru olmad\u0131\u011f\u0131n\u0131 belirtti. Siliv \u015fu a\u00e7\u0131klamay\u0131 yapt\u0131; &#8216;Fatih Bey\u2019in herhangi bir sa\u011fl\u0131k ihmali ya da maddi problemi yoktur. \u015eu anda sadece zamana ihtiyac\u0131m\u0131z var.&#8217;<\/p>\n<p><img loading=\"lazy\" decoding=\"async\" class=\"alignnone wp-image-252304\" src=\"https:\/\/www.tgrthaber.com\/mavikadin\/wp-content\/uploads\/2242186-1200x627-jHLv-300x157.webp\" alt=\"\" width=\"1208\" height=\"632\" title=\"\" srcset=\"https:\/\/www.tgrthaber.com\/mavikadin\/wp-content\/uploads\/2242186-1200x627-jHLv-300x157.webp 300w, https:\/\/www.tgrthaber.com\/mavikadin\/wp-content\/uploads\/2242186-1200x627-jHLv-768x402.webp 768w, https:\/\/www.tgrthaber.com\/mavikadin\/wp-content\/uploads\/2242186-1200x627-jHLv.webp 850w\" sizes=\"(max-width: 1208px) 100vw, 1208px\" \/><\/p>\n<hr \/>\n<p>Doktorlardan gelen bilgi ise, bu s\u00fcre\u00e7te Fatih \u00dcrek&#8217;in makinelere ba\u011fl\u0131 olarak yak\u0131ndan izlendi\u011fi, oksijen seviyelerinin ve kalp at\u0131m de\u011ferlerinin normal s\u0131n\u0131rlarda seyretti\u011fi y\u00f6n\u00fcnde. Ancak ya\u015fan\u0131lan kalp durmas\u0131n\u0131n ard\u0131ndan beyin sap\u0131nda hasar olu\u015fma riskinin olabilece\u011fini de vurgulad\u0131lar.<\/p>\n<p><img loading=\"lazy\" decoding=\"async\" class=\"alignnone wp-image-252299\" src=\"https:\/\/www.tgrthaber.com\/mavikadin\/wp-content\/uploads\/6146188f86b245177c9e86b8-300x165.webp\" alt=\"\" width=\"1208\" height=\"663\" title=\"\" srcset=\"https:\/\/www.tgrthaber.com\/mavikadin\/wp-content\/uploads\/6146188f86b245177c9e86b8-300x165.webp 300w, https:\/\/www.tgrthaber.com\/mavikadin\/wp-content\/uploads\/6146188f86b245177c9e86b8-768x422.webp 768w, https:\/\/www.tgrthaber.com\/mavikadin\/wp-content\/uploads\/6146188f86b245177c9e86b8.webp 869w\" sizes=\"(max-width: 1208px) 100vw, 1208px\" \/><\/p>\n<hr \/>\n<h3>FAT\u0130H \u00dcREK&#8217;\u0130N SA\u011eLIK DURUMU NE?<\/h3>\n<p>Fatih \u00dcrek 15 Ekim sabah\u0131nda evinde kahvalt\u0131 yaparken fenala\u015fm\u0131\u015ft\u0131. \u00dcrek&#8217;in bilinci kapanmadan \u00f6nce &#8216;Nefes alam\u0131yorum&#8217; dedi\u011fi biliniyor. K\u0131sa s\u00fcrede \u00e7a\u011fr\u0131lan 112 ekibi geldi\u011finde kalbinin durdu\u011fu \u00f6\u011frenildi. 20 dakika s\u00fcren kalp masaj\u0131n\u0131n ard\u0131ndan Fatih \u00dcrek, hastanede yo\u011fun bak\u0131ma al\u0131nd\u0131.<\/p>\n<p><img loading=\"lazy\" decoding=\"async\" class=\"alignnone wp-image-252303\" src=\"https:\/\/www.tgrthaber.com\/mavikadin\/wp-content\/uploads\/fatih-urek-nereli-aslen-u6b5-300x169.webp\" alt=\"\" width=\"1208\" height=\"679\" title=\"\" srcset=\"https:\/\/www.tgrthaber.com\/mavikadin\/wp-content\/uploads\/fatih-urek-nereli-aslen-u6b5-300x169.webp 300w, https:\/\/www.tgrthaber.com\/mavikadin\/wp-content\/uploads\/fatih-urek-nereli-aslen-u6b5-768x432.webp 768w, https:\/\/www.tgrthaber.com\/mavikadin\/wp-content\/uploads\/fatih-urek-nereli-aslen-u6b5.webp 820w\" sizes=\"(max-width: 1208px) 100vw, 1208px\" \/><\/p>\n<hr \/>\n<p>Hastaneye var\u0131ld\u0131\u011f\u0131 zaman ise yap\u0131lan anjiyoplasti i\u015flemiyle t\u0131kal\u0131 damar a\u00e7\u0131ld\u0131. Kalp fonksiyonlar\u0131n\u0131n normale d\u00f6nd\u00fc\u011f\u00fcn\u00fc ancak beynin oksijensiz kalma s\u00fcresine ba\u011fl\u0131 olarak durumun dikkatle izlendi\u011fi ifade edildi.<\/p>\n<p><img loading=\"lazy\" decoding=\"async\" class=\"alignnone wp-image-252302\" src=\"https:\/\/www.tgrthaber.com\/mavikadin\/wp-content\/uploads\/fatih_urek_sahnede_dustu_ve_yaralandi_h48593_d35e2-300x169.webp\" alt=\"\" width=\"1208\" height=\"680\" title=\"\" srcset=\"https:\/\/www.tgrthaber.com\/mavikadin\/wp-content\/uploads\/fatih_urek_sahnede_dustu_ve_yaralandi_h48593_d35e2-300x169.webp 300w, https:\/\/www.tgrthaber.com\/mavikadin\/wp-content\/uploads\/fatih_urek_sahnede_dustu_ve_yaralandi_h48593_d35e2-1024x576.webp 1024w, https:\/\/www.tgrthaber.com\/mavikadin\/wp-content\/uploads\/fatih_urek_sahnede_dustu_ve_yaralandi_h48593_d35e2-768x432.webp 768w, https:\/\/www.tgrthaber.com\/mavikadin\/wp-content\/uploads\/fatih_urek_sahnede_dustu_ve_yaralandi_h48593_d35e2.webp 1280w\" sizes=\"(max-width: 1208px) 100vw, 1208px\" \/><\/p>\n<hr \/>\n<p>Sanat\u00e7\u0131n\u0131n dostlar\u0131 ve sevenleri, hastaneye resmen ak\u0131n etti. Mert Siliv yapt\u0131\u011f\u0131 a\u00e7\u0131klamada,&#8217;Fatih \u00dcrek\u2019in kalbi \u00e7ok g\u00fc\u00e7l\u00fc, doktorlar\u0131m\u0131z ellerinden geleni yap\u0131yor. Dualar\u0131n\u0131z\u0131 eksik etmeyin&#8217; ifadelerine yer verdi.<\/p>\n<p><img loading=\"lazy\" decoding=\"async\" class=\"alignnone wp-image-252300\" src=\"https:\/\/www.tgrthaber.com\/mavikadin\/wp-content\/uploads\/i-2-43-300x158.webp\" alt=\"\" width=\"1208\" height=\"634\" title=\"\" srcset=\"https:\/\/www.tgrthaber.com\/mavikadin\/wp-content\/uploads\/i-2-43-300x158.webp 300w, https:\/\/www.tgrthaber.com\/mavikadin\/wp-content\/uploads\/i-2-43-1024x538.webp 1024w, https:\/\/www.tgrthaber.com\/mavikadin\/wp-content\/uploads\/i-2-43-768x403.webp 768w, https:\/\/www.tgrthaber.com\/mavikadin\/wp-content\/uploads\/i-2-43.webp 1200w\" sizes=\"(max-width: 1208px) 100vw, 1208px\" \/><\/p>\n<hr \/>\n<h3>FAT\u0130H \u00dcREK NE ZAMAN UYANDIRILACAK?<\/h3>\n<p><a href=\"https:\/\/www.tgrthaber.com\/mavikadin\/fatih-urekin-kalp-krizinden-hemen-once-yaptigi-aciklama-tuyleri-diken-diken-etti\/\">Fatih \u00dcrek<\/a>&#8216;in sa\u011fl\u0131k durumuna dair en \u00e7ok merak edilen konulardan biri de \u00dcrek&#8217;in ne zaman uyand\u0131l\u0131laca\u011f\u0131. Doktorlar\u0131n\u0131n belirtti\u011fine g\u00f6re, bu t\u00fcr a\u011f\u0131r durumlarda hastalar g\u00fcnlerce hatta haftalarca uyutulabiliyor. Doktorlar, \u00dcrek\u2019in beyninin dinlendirilmesi ve olu\u015fabilecek hasar\u0131n kontrol alt\u0131na al\u0131nmas\u0131 i\u00e7in zamana ihtiya\u00e7 duyuldu\u011funu belirtti.<\/p>\n","protected":false},"excerpt":{"rendered":"<p>Ekranlar\u0131n en sevilen sanat\u00e7\u0131lar\u0131ndan Fatih \u00dcrek, ge\u00e7irdi\u011fi kalp krizi sonras\u0131 b\u00fcy\u00fck bir endi\u015fe olu\u015fturmu\u015ftu. Yo\u011fun bak\u0131mda tedavisi devam eden Fatih \u00dcrek hakk\u0131nda hayranlar\u0131 hala merak i\u00e7erisinde. Sosyal medyada s\u0131kl\u0131kla &#8216;Fatih \u00dcrek kendine geldi mi?&#8217;, &#8216;Fatih \u00dcrek sa\u011fl\u0131k durumu ne?&#8217; sorular\u0131 ara\u015ft\u0131r\u0131l\u0131yor. \u0130\u015fte kalp krizi sonucu hastaneye kald\u0131r\u0131lan Fatih \u00dcrek hakk\u0131nda merak edilen t\u00fcm detaylar&#8230;<\/p>\n","protected":false},"author":35,"featured_media":252290,"comment_status":"closed","ping_status":"closed","sticky":false,"template":"","format":"standard","meta":{"rank_math_lock_modified_date":false,"footnotes":""},"categories":[76],"tags":[2830,64891,64444,64892,133],"class_list":["post-252289","post","type-post","status-publish","format-standard","has-post-thumbnail","hentry","category-magazin","tag-fatih-urek","tag-fatih-urek-iyilestimi","tag-fatih-urek-saglik-durumu","tag-fatih-urek-son-durumu","tag-magazin"],"_links":{"self":[{"href":"https:\/\/www.tgrthaber.com\/mavikadin\/wp-json\/wp\/v2\/posts\/252289"}],"collection":[{"href":"https:\/\/www.tgrthaber.com\/mavikadin\/wp-json\/wp\/v2\/posts"}],"about":[{"href":"https:\/\/www.tgrthaber.com\/mavikadin\/wp-json\/wp\/v2\/types\/post"}],"author":[{"embeddable":true,"href":"https:\/\/www.tgrthaber.com\/mavikadin\/wp-json\/wp\/v2\/users\/35"}],"replies":[{"embeddable":true,"href":"https:\/\/www.tgrthaber.com\/mavikadin\/wp-json\/wp\/v2\/comments?post=252289"}],"version-history":[{"count":2,"href":"https:\/\/www.tgrthaber.com\/mavikadin\/wp-json\/wp\/v2\/posts\/252289\/revisions"}],"predecessor-version":[{"id":252306,"href":"https:\/\/www.tgrthaber.com\/mavikadin\/wp-json\/wp\/v2\/posts\/252289\/revisions\/252306"}],"wp:featuredmedia":[{"embeddable":true,"href":"https:\/\/www.tgrthaber.com\/mavikadin\/wp-json\/wp\/v2\/media\/252290"}],"wp:attachment":[{"href":"https:\/\/www.tgrthaber.com\/mavikadin\/wp-json\/wp\/v2\/media?parent=252289"}],"wp:term":[{"taxonomy":"category","embeddable":true,"href":"https:\/\/www.tgrthaber.com\/mavikadin\/wp-json\/wp\/v2\/categories?post=252289"},{"taxonomy":"post_tag","embeddable":true,"href":"https:\/\/www.tgrthaber.com\/mavikadin\/wp-json\/wp\/v2\/tags?post=252289"}],"curies":[{"name":"wp","href":"https:\/\/api.w.org\/{rel}","templated":true}]}}