{"id":252309,"date":"2025-10-21T22:06:39","date_gmt":"2025-10-21T19:06:39","guid":{"rendered":"https:\/\/www.tgrthaber.com\/mavikadin\/?p=252309"},"modified":"2025-10-21T22:06:39","modified_gmt":"2025-10-21T19:06:39","slug":"bahar-dizisinde-seren-hapse-mi-girecek-bahar-dizisinde-seren-kimdir-seren-ne-olacak","status":"publish","type":"post","link":"https:\/\/www.tgrthaber.com\/mavikadin\/bahar-dizisinde-seren-hapse-mi-girecek-bahar-dizisinde-seren-kimdir-seren-ne-olacak\/","title":{"rendered":"Bahar dizisinde Seren hapse mi girecek? Bahar dizisinde Seren kimdir, Seren ne olacak?"},"content":{"rendered":"<p>Bahar dizisi 55. B\u00f6l\u00fcm\u00fcyle ekranlara geliyor. <a href=\"https:\/\/www.tgrthaber.com\/mavikadin\/bahar-55-bolum-fragmani-yayinlandi-mi-onceki-bolumde-neler-oldu\/\">Bahar dizisi<\/a>nin \u00f6nemli karakterlerinden biri olan Seren\u2019in Uras taraf\u0131ndan hapse at\u0131lma durumuyla kar\u015f\u0131 kar\u015f\u0131ya kalacak. Nil Sude Albayrak, oynad\u0131\u011f\u0131 Seren karakteriyle ve son 3. B\u00f6l\u00fcmd\u00fcr ba\u015f\u0131na gelen olaylar sisilesi, izleyenlerin dikkatini \u00e7ekti. Peki, Bahar dizisinde Seren hapse mi girecek? Bahar dizisinde Seren kimdir, Seren ne olacak?<\/p>\n<h3>BAHAR 55. B\u00d6L\u00dcMDE SEREN HAPSE M\u0130 G\u0130RECEK?<\/h3>\n<p>Uras\u2019\u0131n Maya ile olan birlikteli\u011fini hat\u0131rlayan Seren, kendisini toparlad\u0131ktan sonra solu\u011fu karakolda alm\u0131\u015ft\u0131. Aldat\u0131ld\u0131\u011f\u0131n\u0131 ve ge\u00e7irdi\u011fi kazan dolay\u0131 Uras\u2019tan \u015fikayet\u00e7i olmaya karar vermi\u015fti. Uras, Seren\u2019den erken davranarak karakola gidip onu \u015fikayet etmi\u015fti.<\/p>\n<p><img loading=\"lazy\" decoding=\"async\" class=\"alignnone wp-image-252312 size-full\" src=\"https:\/\/www.tgrthaber.com\/mavikadin\/wp-content\/uploads\/Adsiz-tasarim-12-91.jpg\" alt=\"\" width=\"1208\" height=\"680\" title=\"\" srcset=\"https:\/\/www.tgrthaber.com\/mavikadin\/wp-content\/uploads\/Adsiz-tasarim-12-91.jpg 1208w, https:\/\/www.tgrthaber.com\/mavikadin\/wp-content\/uploads\/Adsiz-tasarim-12-91-300x169.jpg 300w, https:\/\/www.tgrthaber.com\/mavikadin\/wp-content\/uploads\/Adsiz-tasarim-12-91-1024x576.jpg 1024w, https:\/\/www.tgrthaber.com\/mavikadin\/wp-content\/uploads\/Adsiz-tasarim-12-91-768x432.jpg 768w\" sizes=\"(max-width: 1208px) 100vw, 1208px\" \/><\/p>\n<hr \/>\n<p>Seren\u2019in hakk\u0131n i\u015flem ba\u015flamas\u0131 sonucunda hapse girmekle kar\u015f\u0131 kar\u015f\u0131ya kal\u0131r. Bahar ya\u015fan\u0131lan durum kar\u015f\u0131s\u0131nda Seren\u2019in yan\u0131nda olur ve o\u011flunun davadan vazge\u00e7mesini ister. Uras ise Seren\u2019i sevdi\u011fini ve onun i\u00e7in her \u015feyden vazge\u00e7ebilece\u011fini s\u00f6yler. Di\u011fer yandan Seren\u2019e beni hastanedeki i\u015fimden edersen seni \u015fikayet ederim tehdidi ile kar\u015f\u0131 kar\u015f\u0131ya kal\u0131r. T\u00fcm ipler Uras\u2019\u0131n elinde gibi g\u00f6z\u00fckse de Seren\u2019in alaca\u011f\u0131 karar hapse girip girmemesini belirleyecek.<\/p>\n<p><img loading=\"lazy\" decoding=\"async\" class=\"alignnone wp-image-252311 size-full\" src=\"https:\/\/www.tgrthaber.com\/mavikadin\/wp-content\/uploads\/Adsiz-tasarim-11-105.jpg\" alt=\"\" width=\"1208\" height=\"680\" title=\"\" srcset=\"https:\/\/www.tgrthaber.com\/mavikadin\/wp-content\/uploads\/Adsiz-tasarim-11-105.jpg 1208w, https:\/\/www.tgrthaber.com\/mavikadin\/wp-content\/uploads\/Adsiz-tasarim-11-105-300x169.jpg 300w, https:\/\/www.tgrthaber.com\/mavikadin\/wp-content\/uploads\/Adsiz-tasarim-11-105-1024x576.jpg 1024w, https:\/\/www.tgrthaber.com\/mavikadin\/wp-content\/uploads\/Adsiz-tasarim-11-105-768x432.jpg 768w\" sizes=\"(max-width: 1208px) 100vw, 1208px\" \/><\/p>\n<hr \/>\n<h3>BAHAR D\u0130Z\u0130S\u0130NDE SEREN K\u0130MD\u0130R?<\/h3>\n<p>Nil Sude Albayrak 1995 y\u0131l\u0131nda \u0130stanbul\u2019da d\u00fcnyaya geldi. Bah\u00e7e\u015fehir \u00dcniversitesi Sinema ve Televizyon B\u00f6l\u00fcm\u00fc&#8217;nden mezun oldu. M\u00fcjdat Gezen Sanat Merkezi ve Greta Seacat oyunculuk At\u00f6lyesi&#8217;nde e\u011fitim alarak, tiyatro kariyerine ba\u015flad\u0131.<\/p>\n<p><img loading=\"lazy\" decoding=\"async\" class=\"alignnone wp-image-252313 size-full\" src=\"https:\/\/www.tgrthaber.com\/mavikadin\/wp-content\/uploads\/Adsiz-tasarim-13-108.jpg\" alt=\"\" width=\"1208\" height=\"680\" title=\"\" srcset=\"https:\/\/www.tgrthaber.com\/mavikadin\/wp-content\/uploads\/Adsiz-tasarim-13-108.jpg 1208w, https:\/\/www.tgrthaber.com\/mavikadin\/wp-content\/uploads\/Adsiz-tasarim-13-108-300x169.jpg 300w, https:\/\/www.tgrthaber.com\/mavikadin\/wp-content\/uploads\/Adsiz-tasarim-13-108-1024x576.jpg 1024w, https:\/\/www.tgrthaber.com\/mavikadin\/wp-content\/uploads\/Adsiz-tasarim-13-108-768x432.jpg 768w\" sizes=\"(max-width: 1208px) 100vw, 1208px\" \/><\/p>\n<hr \/>\n<p>Nil Sude Albayrak, tiyatro oyununun d\u0131\u015f\u0131nda reklam sekt\u00f6r\u00fcnde yer ald\u0131. \u00a0ve bilinmi\u015f markalar i\u00e7in farkl\u0131 reklam projelerinde yer alm\u0131\u015ft\u0131r. 2021 y\u0131l\u0131ndan itibaren Birthday, \u015eahmeran dizilerinin yan\u0131 s\u0131ra Bahar dizisinde Seren rol\u00fcyle ekranlarda yer al\u0131yor.<\/p>\n<p><img loading=\"lazy\" decoding=\"async\" class=\"alignnone wp-image-252314 size-full\" src=\"https:\/\/www.tgrthaber.com\/mavikadin\/wp-content\/uploads\/Adsiz-tasarim-14-105.jpg\" alt=\"\" width=\"1208\" height=\"680\" title=\"\" srcset=\"https:\/\/www.tgrthaber.com\/mavikadin\/wp-content\/uploads\/Adsiz-tasarim-14-105.jpg 1208w, https:\/\/www.tgrthaber.com\/mavikadin\/wp-content\/uploads\/Adsiz-tasarim-14-105-300x169.jpg 300w, https:\/\/www.tgrthaber.com\/mavikadin\/wp-content\/uploads\/Adsiz-tasarim-14-105-1024x576.jpg 1024w, https:\/\/www.tgrthaber.com\/mavikadin\/wp-content\/uploads\/Adsiz-tasarim-14-105-768x432.jpg 768w\" sizes=\"(max-width: 1208px) 100vw, 1208px\" \/><\/p>\n<hr \/>\n<h3>SEREN NE OLACAK?<\/h3>\n<p>Seren, Uras taraf\u0131ndan aldat\u0131lman\u0131n ac\u0131s\u0131yla evlili\u011fiyle alakal\u0131 bir karar alacak. Seren, Uras\u2019\u0131 affedemeyece\u011fini ama ondan \u015fikayet\u00e7i olmayaca\u011f\u0131na karar verir. Seren, bu karardan sonra hastaneden ayr\u0131lacak m\u0131? Seren karakteri Bahar dizisinden \u00e7\u0131kacak m\u0131? Bahar dizisinin ilerleyen b\u00f6l\u00fcmlerinde Seren\u2019e ne olaca\u011f\u0131 seyirciye aktar\u0131lacak.<\/p>\n","protected":false},"excerpt":{"rendered":"<p>Bahar dizisinde Seren karakteriyle tan\u0131nan Nil Sude Albayrak oyunculuk performans\u0131yla son zamanlarda merak edilen isimler aras\u0131nda yerini ald\u0131. Bahar dizisinde ge\u00e7irdi\u011fi kaza sonucunda Uras\u2019 ile ayr\u0131l\u0131k karar\u0131 almas\u0131yla izleyenlerin dikkatini \u00e7eken Seren karakterine ne olaca\u011f\u0131 merak ediliyor.  Peki, Bahar dizisinde Seren hapse mi girecek? Bahar dizisinde Seren kimdir, Seren ne olacak?<\/p>\n","protected":false},"author":10,"featured_media":252310,"comment_status":"closed","ping_status":"closed","sticky":false,"template":"","format":"standard","meta":{"rank_math_lock_modified_date":false,"footnotes":""},"categories":[602],"tags":[2452,64894,64893],"class_list":["post-252309","post","type-post","status-publish","format-standard","has-post-thumbnail","hentry","category-diziler","tag-bahar-dizisi","tag-bahar-nil-sude-albayrak","tag-bahar-seher"],"_links":{"self":[{"href":"https:\/\/www.tgrthaber.com\/mavikadin\/wp-json\/wp\/v2\/posts\/252309"}],"collection":[{"href":"https:\/\/www.tgrthaber.com\/mavikadin\/wp-json\/wp\/v2\/posts"}],"about":[{"href":"https:\/\/www.tgrthaber.com\/mavikadin\/wp-json\/wp\/v2\/types\/post"}],"author":[{"embeddable":true,"href":"https:\/\/www.tgrthaber.com\/mavikadin\/wp-json\/wp\/v2\/users\/10"}],"replies":[{"embeddable":true,"href":"https:\/\/www.tgrthaber.com\/mavikadin\/wp-json\/wp\/v2\/comments?post=252309"}],"version-history":[{"count":2,"href":"https:\/\/www.tgrthaber.com\/mavikadin\/wp-json\/wp\/v2\/posts\/252309\/revisions"}],"predecessor-version":[{"id":252316,"href":"https:\/\/www.tgrthaber.com\/mavikadin\/wp-json\/wp\/v2\/posts\/252309\/revisions\/252316"}],"wp:featuredmedia":[{"embeddable":true,"href":"https:\/\/www.tgrthaber.com\/mavikadin\/wp-json\/wp\/v2\/media\/252310"}],"wp:attachment":[{"href":"https:\/\/www.tgrthaber.com\/mavikadin\/wp-json\/wp\/v2\/media?parent=252309"}],"wp:term":[{"taxonomy":"category","embeddable":true,"href":"https:\/\/www.tgrthaber.com\/mavikadin\/wp-json\/wp\/v2\/categories?post=252309"},{"taxonomy":"post_tag","embeddable":true,"href":"https:\/\/www.tgrthaber.com\/mavikadin\/wp-json\/wp\/v2\/tags?post=252309"}],"curies":[{"name":"wp","href":"https:\/\/api.w.org\/{rel}","templated":true}]}}