{"id":252357,"date":"2025-10-21T23:48:36","date_gmt":"2025-10-21T20:48:36","guid":{"rendered":"https:\/\/www.tgrthaber.com\/mavikadin\/?p=252357"},"modified":"2025-10-21T23:48:36","modified_gmt":"2025-10-21T20:48:36","slug":"veliaht-dizisinin-akin-akinozu-servet-degerindeki-saati-pirlantalari-goz-kamastirdi","status":"publish","type":"post","link":"https:\/\/www.tgrthaber.com\/mavikadin\/veliaht-dizisinin-akin-akinozu-servet-degerindeki-saati-pirlantalari-goz-kamastirdi\/","title":{"rendered":"Veliaht dizisinin Ak\u0131n Ak\u0131n\u00f6z\u00fc servet de\u011ferindeki saati! P\u0131rlantalar\u0131 g\u00f6z kama\u015ft\u0131rd\u0131"},"content":{"rendered":"<p>Oyunculu\u011fuyla her zaman g\u00f6z dolduran ve b\u00fcy\u00fck be\u011feni toplayan <a href=\"https:\/\/www.tgrthaber.com\/mavikadin\/veliaht-yildizi-akin-akinozu-cannesda-dedesinin-istiklal-madalyasiyla-kirmizi-haliya-damga-vurdu\/\">Ak\u0131n Ak\u0131n\u00f6z\u00fc<\/a>, bu kez tarz\u0131yla dikkatleri \u00fczerine \u00e7ekti. \u00dcnl\u00fc oyuncu kat\u0131ld\u0131\u011f\u0131 etkinlikte smokiniyle erkek modas\u0131na y\u00f6n verdi. Oyuncunun tarz\u0131 sosyal medyada hayranlar\u0131 taraf\u0131ndan be\u011fenilirken, koluna takt\u0131\u011f\u0131 saat ise g\u00f6z kama\u015ft\u0131r\u0131c\u0131yd\u0131.<\/p>\n<h3>AKIN AKIN\u00d6Z\u00dc PIRLANTALI SAAT\u0130YLE D\u0130KKAT \u00c7EKT\u0130<\/h3>\n<p>Karizmas\u0131yla ve oyunculu\u011fuyla geni\u015f bir hayran kitlesine sahip olan Ak\u0131n Ak\u0131n\u00f6z\u00fc, bu kez tarz\u0131yla g\u00fcndeme geldi. Kat\u0131ld\u0131\u011f\u0131 bir etkinlikte boy g\u00f6steren \u00fcnl\u00fc oyuncu Ak\u0131n Ak\u0131n\u00f6z\u00fc, giydi\u011fi smokiniyle davetteki en yak\u0131\u015f\u0131kl\u0131 erkekler aras\u0131nda girdi.<\/p>\n<p><img loading=\"lazy\" decoding=\"async\" class=\"alignnone wp-image-252358 size-full\" src=\"https:\/\/www.tgrthaber.com\/mavikadin\/wp-content\/uploads\/Adsiz-tasarim-30-88.jpg\" alt=\"\" width=\"1208\" height=\"680\" title=\"\" srcset=\"https:\/\/www.tgrthaber.com\/mavikadin\/wp-content\/uploads\/Adsiz-tasarim-30-88.jpg 1208w, https:\/\/www.tgrthaber.com\/mavikadin\/wp-content\/uploads\/Adsiz-tasarim-30-88-300x169.jpg 300w, https:\/\/www.tgrthaber.com\/mavikadin\/wp-content\/uploads\/Adsiz-tasarim-30-88-1024x576.jpg 1024w, https:\/\/www.tgrthaber.com\/mavikadin\/wp-content\/uploads\/Adsiz-tasarim-30-88-768x432.jpg 768w\" sizes=\"(max-width: 1208px) 100vw, 1208px\" \/><\/p>\n<hr \/>\n<p>Ak\u0131n\u00f6z\u00fc\u2019n tak\u0131m elbisesinin yan\u0131 s\u0131ra koluna takt\u0131\u011f\u0131 saat g\u00f6z kama\u015ft\u0131rd\u0131. P\u0131rlantalarla \u00e7evrili olan \u00f6zel tasar\u0131m saat kameralar\u0131n g\u00f6z\u00fcnden ka\u00e7mad\u0131. Bir\u00e7ok ki\u015fi erkek saatinin tasar\u0131mc\u0131s\u0131n\u0131n kim oldu\u011funu ara\u015ft\u0131rmaya ba\u015flad\u0131. Modern dokunu\u015flarla bezeli erkek saatinin \u00e7evresinde 2 s\u0131ra p\u0131rlanta dizilimi yer almaktad\u0131r.<\/p>\n<p><img loading=\"lazy\" decoding=\"async\" class=\"alignnone wp-image-252359 size-full\" src=\"https:\/\/www.tgrthaber.com\/mavikadin\/wp-content\/uploads\/Adsiz-tasarim-29-85.jpg\" alt=\"\" width=\"1208\" height=\"680\" title=\"\" srcset=\"https:\/\/www.tgrthaber.com\/mavikadin\/wp-content\/uploads\/Adsiz-tasarim-29-85.jpg 1208w, https:\/\/www.tgrthaber.com\/mavikadin\/wp-content\/uploads\/Adsiz-tasarim-29-85-300x169.jpg 300w, https:\/\/www.tgrthaber.com\/mavikadin\/wp-content\/uploads\/Adsiz-tasarim-29-85-1024x576.jpg 1024w, https:\/\/www.tgrthaber.com\/mavikadin\/wp-content\/uploads\/Adsiz-tasarim-29-85-768x432.jpg 768w\" sizes=\"(max-width: 1208px) 100vw, 1208px\" \/><\/p>\n<hr \/>\n<p>Ak\u0131n Ak\u0131n\u00f6z\u00fc\u2019n\u00fcn kolundaki saatin tasar\u0131mc\u0131s\u0131 d\u00fcnyaya ad\u0131n\u0131 duyurmu\u015f, T\u00fcrk tasar\u0131mc\u0131 Sevan B\u0131\u00e7ak\u00e7\u0131\u2019ya aittir. \u00d6d\u00fcllerle tescilli olan Sevan B\u0131\u00e7ak\u00e7\u0131\u2019n\u0131n saati; saat koleksiyoncular\u0131 taraf\u0131ndan favori \u00fcr\u00fcn olarak g\u00f6r\u00fcl\u00fcyor.<\/p>\n<h3>AKIN AKIN\u00d6Z\u00dc\u2019N PIRLANTALI SAAT\u0130N\u0130N TASARIMCISI SEVAN BI\u00c7AK\u00c7I K\u0130MD\u0130R?<\/h3>\n<p>Kapal\u0131\u00e7ar\u015f\u0131\u2019da usta m\u00fccevher tasar\u0131mc\u0131s\u0131 olarak tan\u0131nan Sevan B\u0131\u00e7ak\u00e7\u0131, el i\u015f\u00e7ili\u011fiyle tasarlad\u0131\u011f\u0131 birbirinden tarz erkek saatleri \u00fcretiyor. \u00dcretti\u011fi par\u00e7alar\u0131n bir ikincisi asla olmuyor. Tek \u00fcretim ve \u00f6zel tasar\u0131mlar yapan Sevan B\u0131\u00e7ak\u00e7\u0131, ta\u015f\u0131n alt\u0131na oyulan ters intaglio tekni\u011fiyle \u00fcretti\u011fi par\u00e7alarla tan\u0131n\u0131yor.<\/p>\n<p><img loading=\"lazy\" decoding=\"async\" class=\"alignnone wp-image-252360 size-full\" src=\"https:\/\/www.tgrthaber.com\/mavikadin\/wp-content\/uploads\/Adsiz-tasarim-31-101.jpg\" alt=\"\" width=\"1208\" height=\"680\" title=\"\" srcset=\"https:\/\/www.tgrthaber.com\/mavikadin\/wp-content\/uploads\/Adsiz-tasarim-31-101.jpg 1208w, https:\/\/www.tgrthaber.com\/mavikadin\/wp-content\/uploads\/Adsiz-tasarim-31-101-300x169.jpg 300w, https:\/\/www.tgrthaber.com\/mavikadin\/wp-content\/uploads\/Adsiz-tasarim-31-101-1024x576.jpg 1024w, https:\/\/www.tgrthaber.com\/mavikadin\/wp-content\/uploads\/Adsiz-tasarim-31-101-768x432.jpg 768w\" sizes=\"(max-width: 1208px) 100vw, 1208px\" \/><\/p>\n<hr \/>\n<p>B\u0131\u00e7ak\u00e7\u0131, Bergdorf Goodman sat\u0131\u015f noktalar\u0131nda yer alarak k\u00fcresel vitrinde tasar\u0131mlar\u0131n\u0131 sergiliyor. COUTURE Design Awards\u2019ta 2024\u2019te \u201cBest in Haute Couture\u201d ve 2025\u2019te \u201cPeople\u2019s Choice\u201d \u00f6d\u00fclleriyle ki\u015fisel tasar\u0131mlar\u0131 tescillenmi\u015ftir.<\/p>\n<p><img loading=\"lazy\" decoding=\"async\" class=\"alignnone wp-image-252361 size-full\" src=\"https:\/\/www.tgrthaber.com\/mavikadin\/wp-content\/uploads\/Adsiz-tasarim-32-92.jpg\" alt=\"\" width=\"1208\" height=\"680\" title=\"\" srcset=\"https:\/\/www.tgrthaber.com\/mavikadin\/wp-content\/uploads\/Adsiz-tasarim-32-92.jpg 1208w, https:\/\/www.tgrthaber.com\/mavikadin\/wp-content\/uploads\/Adsiz-tasarim-32-92-300x169.jpg 300w, https:\/\/www.tgrthaber.com\/mavikadin\/wp-content\/uploads\/Adsiz-tasarim-32-92-1024x576.jpg 1024w, https:\/\/www.tgrthaber.com\/mavikadin\/wp-content\/uploads\/Adsiz-tasarim-32-92-768x432.jpg 768w\" sizes=\"(max-width: 1208px) 100vw, 1208px\" \/><\/p>\n<hr \/>\n<p>Ak\u0131n Ak\u0131n\u00f6z\u00fc&#8217;n\u00fcn kolundaki Sevan Bal\u0131k\u00e7\u0131\u2019n\u0131n Vita koleksiyonuna aittir. El yap\u0131m\u0131 tasar\u0131mda alt\u0131n, g\u00fcm\u00fc\u015f, elmas, abanoz ve sedef malzemeleri kullan\u0131lm\u0131\u015f. Ak\u0131n Ak\u0131n\u00f6z\u00fc\u2019n saat fiyat\u0131 tam olarak bilinmese de tahmini olarak 1 milyon \u2019un \u00fczerinde olaca\u011f\u0131 tahmin ediliyor.<\/p>\n","protected":false},"excerpt":{"rendered":"<p>Veliat dizisinde Timur karakteriyle t\u00fcm g\u00f6zleri \u00fczerine \u00e7eken Ak\u0131n Ak\u0131n\u00f6z\u00fc, kat\u0131ld\u0131\u011f\u0131 bir davette g\u00f6z kama\u015ft\u0131r\u0131c\u0131 saatiyle dikkat \u00e7ekti. \u00dcnl\u00fc oyuncunun tarz\u0131n\u0131n yan\u0131 s\u0131ra takt\u0131\u011f\u0131 tak\u0131larla da erkek modas\u0131na y\u00f6n veriyor. Ak\u0131n Ak\u0131n\u00f6z\u00fc\u2019n\u00fcn takt\u0131\u011f\u0131 p\u0131rlantal\u0131 saat bir T\u00fcrk tasar\u0131mc\u0131ya aittir. <\/p>\n","protected":false},"author":10,"featured_media":252362,"comment_status":"closed","ping_status":"closed","sticky":false,"template":"","format":"standard","meta":{"rank_math_lock_modified_date":false,"footnotes":""},"categories":[76],"tags":[2167,64909,62009],"class_list":["post-252357","post","type-post","status-publish","format-standard","has-post-thumbnail","hentry","category-magazin","tag-akin-akinozu","tag-akin-akinozu-pirlanta-saati","tag-veliaht-akin-akinozu"],"_links":{"self":[{"href":"https:\/\/www.tgrthaber.com\/mavikadin\/wp-json\/wp\/v2\/posts\/252357"}],"collection":[{"href":"https:\/\/www.tgrthaber.com\/mavikadin\/wp-json\/wp\/v2\/posts"}],"about":[{"href":"https:\/\/www.tgrthaber.com\/mavikadin\/wp-json\/wp\/v2\/types\/post"}],"author":[{"embeddable":true,"href":"https:\/\/www.tgrthaber.com\/mavikadin\/wp-json\/wp\/v2\/users\/10"}],"replies":[{"embeddable":true,"href":"https:\/\/www.tgrthaber.com\/mavikadin\/wp-json\/wp\/v2\/comments?post=252357"}],"version-history":[{"count":2,"href":"https:\/\/www.tgrthaber.com\/mavikadin\/wp-json\/wp\/v2\/posts\/252357\/revisions"}],"predecessor-version":[{"id":252364,"href":"https:\/\/www.tgrthaber.com\/mavikadin\/wp-json\/wp\/v2\/posts\/252357\/revisions\/252364"}],"wp:featuredmedia":[{"embeddable":true,"href":"https:\/\/www.tgrthaber.com\/mavikadin\/wp-json\/wp\/v2\/media\/252362"}],"wp:attachment":[{"href":"https:\/\/www.tgrthaber.com\/mavikadin\/wp-json\/wp\/v2\/media?parent=252357"}],"wp:term":[{"taxonomy":"category","embeddable":true,"href":"https:\/\/www.tgrthaber.com\/mavikadin\/wp-json\/wp\/v2\/categories?post=252357"},{"taxonomy":"post_tag","embeddable":true,"href":"https:\/\/www.tgrthaber.com\/mavikadin\/wp-json\/wp\/v2\/tags?post=252357"}],"curies":[{"name":"wp","href":"https:\/\/api.w.org\/{rel}","templated":true}]}}