{"id":252373,"date":"2025-10-22T06:07:43","date_gmt":"2025-10-22T03:07:43","guid":{"rendered":"https:\/\/www.tgrthaber.com\/mavikadin\/?p=252373"},"modified":"2025-10-23T05:40:18","modified_gmt":"2025-10-23T02:40:18","slug":"masterchef-22-ekim-2025-dokunulmazlik-oyununu-kim-kazandi-masterchef-eleme-adaylari-kimler-oldu","status":"publish","type":"post","link":"https:\/\/www.tgrthaber.com\/mavikadin\/masterchef-22-ekim-2025-dokunulmazlik-oyununu-kim-kazandi-masterchef-eleme-adaylari-kimler-oldu\/","title":{"rendered":"MasterChef 22 Ekim 2025 dokunulmazl\u0131k oyununu kim kazand\u0131? MasterChef eleme adaylar\u0131 kimler oldu?"},"content":{"rendered":"<p>TV8 ekranlar\u0131n\u0131n sevilerek seyredilen yar\u0131\u015fma program\u0131 MasterChef T\u00fcrkiye&#8217;de bu ak\u015fam 3. dokunulmazl\u0131k oyunu oynanacak. Bu ak\u015fam yay\u0131nlanan b\u00f6l\u00fcmde mangal konsepti var. Yar\u0131\u015fmac\u0131lar \u00e7\u0131karacaklar\u0131 tabaklar\u0131n hepsini mangalda pi\u015firerek haz\u0131rlayacak. \u0130zleyiciler, &#8216;MasterChef 22 Ekim 2025 dokunulmazl\u0131k oyununu kim kazand\u0131? MasterChef eleme adaylar\u0131 kimler oldu?&#8217; sorusuna cevap ar\u0131yor. \u0130\u015fte detaylar&#8230;<\/p>\n<h3>MASTERCHEF 22 EK\u0130M 2025 DOKUNULMAZLIK OYUNUNU K\u0130M KAZANDI?<\/h3>\n<p><a href=\"https:\/\/www.tgrthaber.com\/mavikadin\/masterchef-2025-konugu-guzide-mertcan-kimdir-esi-kim-masterchef-konugu-guzide-estetik-yaptirdi-herkes-son-halini-konusuyor\/\">MasterChef<\/a> 22 Ekim 2025 dokunulmazl\u0131k oyununu kazanan tak\u0131m k\u0131rm\u0131z\u0131\u00a0 tak\u0131m oldu.<\/p>\n<h3>ASTERCHEF 22 EK\u0130M 2025 ELEME ADAYLARI K\u0130MLER OLDU?<\/h3>\n<p>MasterChef 22 Ekim 2025 eleme adaylar\u0131 \u00c7a\u011flar ve Hakan oldu.<\/p>\n<p><img loading=\"lazy\" decoding=\"async\" class=\"alignnone wp-image-252884 \" src=\"https:\/\/www.tgrthaber.com\/mavikadin\/wp-content\/uploads\/Ekran-Resmi-2025-10-23-05.36.34-1024x629.png\" alt=\"\" width=\"1597\" height=\"981\" title=\"\" srcset=\"https:\/\/www.tgrthaber.com\/mavikadin\/wp-content\/uploads\/Ekran-Resmi-2025-10-23-05.36.34-1024x629.png 1024w, https:\/\/www.tgrthaber.com\/mavikadin\/wp-content\/uploads\/Ekran-Resmi-2025-10-23-05.36.34-300x184.png 300w, https:\/\/www.tgrthaber.com\/mavikadin\/wp-content\/uploads\/Ekran-Resmi-2025-10-23-05.36.34-768x472.png 768w, https:\/\/www.tgrthaber.com\/mavikadin\/wp-content\/uploads\/Ekran-Resmi-2025-10-23-05.36.34.png 1456w\" sizes=\"(max-width: 1597px) 100vw, 1597px\" \/><\/p>\n<hr \/>\n<h3 class=\"p1\">MASTERCHEF 21 EK\u0130M 2025 DOKUNULMAZLIK OYUNUNU HANG\u0130 TAKIM KAZANDI?<\/h3>\n<p class=\"p1\">Masterchef dokunulmazl\u0131k oyununu kazanan mavi tak\u0131m oldu. K\u0131rm\u0131z\u0131 tak\u0131mdan 3. ve 4. eleme aday\u0131 se\u00e7ildi.<\/p>\n<p><img loading=\"lazy\" decoding=\"async\" class=\"alignnone wp-image-252376 \" src=\"https:\/\/www.tgrthaber.com\/mavikadin\/wp-content\/uploads\/Ekran-Resmi-2025-10-22-05.51.37.png\" alt=\"\" width=\"1636\" height=\"838\" title=\"\" srcset=\"https:\/\/www.tgrthaber.com\/mavikadin\/wp-content\/uploads\/Ekran-Resmi-2025-10-22-05.51.37.png 1554w, https:\/\/www.tgrthaber.com\/mavikadin\/wp-content\/uploads\/Ekran-Resmi-2025-10-22-05.51.37-300x154.png 300w, https:\/\/www.tgrthaber.com\/mavikadin\/wp-content\/uploads\/Ekran-Resmi-2025-10-22-05.51.37-1024x525.png 1024w, https:\/\/www.tgrthaber.com\/mavikadin\/wp-content\/uploads\/Ekran-Resmi-2025-10-22-05.51.37-768x393.png 768w, https:\/\/www.tgrthaber.com\/mavikadin\/wp-content\/uploads\/Ekran-Resmi-2025-10-22-05.51.37-1536x787.png 1536w\" sizes=\"(max-width: 1636px) 100vw, 1636px\" \/><\/p>\n<hr \/>\n<h3 class=\"p1\">MASTERCHEF 21 EK\u0130M 2025 ELEME ADAYI K\u0130M OLDU?<\/h3>\n<p class=\"p1\">Haftan\u0131n 3. ve 4. eleme aday\u0131 k\u0131rm\u0131z\u0131 tak\u0131mdan Nisa ve Bar\u0131\u015f se\u00e7ildi.<\/p>\n<p><img loading=\"lazy\" decoding=\"async\" class=\"alignnone wp-image-252378 size-full\" src=\"https:\/\/www.tgrthaber.com\/mavikadin\/wp-content\/uploads\/Ekran-Resmi-2025-10-22-05.50.52.png\" alt=\"\" width=\"1678\" height=\"980\" title=\"\" srcset=\"https:\/\/www.tgrthaber.com\/mavikadin\/wp-content\/uploads\/Ekran-Resmi-2025-10-22-05.50.52.png 1678w, https:\/\/www.tgrthaber.com\/mavikadin\/wp-content\/uploads\/Ekran-Resmi-2025-10-22-05.50.52-300x175.png 300w, https:\/\/www.tgrthaber.com\/mavikadin\/wp-content\/uploads\/Ekran-Resmi-2025-10-22-05.50.52-1024x598.png 1024w, https:\/\/www.tgrthaber.com\/mavikadin\/wp-content\/uploads\/Ekran-Resmi-2025-10-22-05.50.52-768x449.png 768w, https:\/\/www.tgrthaber.com\/mavikadin\/wp-content\/uploads\/Ekran-Resmi-2025-10-22-05.50.52-1536x897.png 1536w\" sizes=\"(max-width: 1678px) 100vw, 1678px\" \/><\/p>\n<hr \/>\n<h3 class=\"p1\">MASTERCHEF ELEME POTASI<\/h3>\n<p class=\"p1\">Eleme adaylar\u0131\u00a0<b>Asl\u0131, S\u00fcmeyye, Nisa ve Bar\u0131\u015f<\/b>\u00a0oldu.<\/p>\n<p><img loading=\"lazy\" decoding=\"async\" class=\"alignnone wp-image-252379 \" src=\"https:\/\/www.tgrthaber.com\/mavikadin\/wp-content\/uploads\/Ekran-Resmi-2025-10-22-05.50.58-1024x565.png\" alt=\"\" width=\"1658\" height=\"915\" title=\"\" srcset=\"https:\/\/www.tgrthaber.com\/mavikadin\/wp-content\/uploads\/Ekran-Resmi-2025-10-22-05.50.58-1024x565.png 1024w, https:\/\/www.tgrthaber.com\/mavikadin\/wp-content\/uploads\/Ekran-Resmi-2025-10-22-05.50.58-300x165.png 300w, https:\/\/www.tgrthaber.com\/mavikadin\/wp-content\/uploads\/Ekran-Resmi-2025-10-22-05.50.58-768x424.png 768w, https:\/\/www.tgrthaber.com\/mavikadin\/wp-content\/uploads\/Ekran-Resmi-2025-10-22-05.50.58-1536x847.png 1536w, https:\/\/www.tgrthaber.com\/mavikadin\/wp-content\/uploads\/Ekran-Resmi-2025-10-22-05.50.58.png 1690w\" sizes=\"(max-width: 1658px) 100vw, 1658px\" \/><\/p>\n<hr \/>\n<h3 class=\"p1\">MASTERCHEF BU HAFTANIN KAPTANLARI K\u0130MLER OLDU?<\/h3>\n<p class=\"p1\">Haftan\u0131n kaptanlar\u0131 Ayten ve Nisa se\u00e7ildi. Ayten mavi tak\u0131m, Nisa k\u0131rm\u0131z\u0131 tak\u0131m kaptan\u0131 oldu.<\/p>\n<p class=\"p1\"><strong>MAV\u0130 TAKIM<\/strong><\/p>\n<p class=\"p1\">Ayten (Kaptan)<\/p>\n<p class=\"p1\">Hakan<\/p>\n<p class=\"p1\">\u00d6zkan<\/p>\n<p class=\"p1\">\u00c7a\u011fatay<\/p>\n<p class=\"p1\">Mert<\/p>\n<p class=\"p1\">Sezer<\/p>\n<p class=\"p1\">Eyl\u00fcl<\/p>\n<p class=\"p1\">\u00c7a\u011flar<\/p>\n<p><img loading=\"lazy\" decoding=\"async\" class=\"alignnone wp-image-252380 \" src=\"https:\/\/www.tgrthaber.com\/mavikadin\/wp-content\/uploads\/Ekran-Resmi-2025-10-22-05.52.12-1024x671.png\" alt=\"\" width=\"1607\" height=\"1053\" title=\"\" srcset=\"https:\/\/www.tgrthaber.com\/mavikadin\/wp-content\/uploads\/Ekran-Resmi-2025-10-22-05.52.12-1024x671.png 1024w, https:\/\/www.tgrthaber.com\/mavikadin\/wp-content\/uploads\/Ekran-Resmi-2025-10-22-05.52.12-300x197.png 300w, https:\/\/www.tgrthaber.com\/mavikadin\/wp-content\/uploads\/Ekran-Resmi-2025-10-22-05.52.12-768x503.png 768w, https:\/\/www.tgrthaber.com\/mavikadin\/wp-content\/uploads\/Ekran-Resmi-2025-10-22-05.52.12.png 1374w\" sizes=\"(max-width: 1607px) 100vw, 1607px\" \/><\/p>\n<hr \/>\n<p class=\"p1\"><strong>KIRMIZI TAKIM<\/strong><\/p>\n<p class=\"p1\">Nisa (Kaptan)<\/p>\n<p class=\"p1\">Furkan<\/p>\n<p class=\"p1\">Gizem<\/p>\n<p class=\"p1\">S\u00fcmeyye<\/p>\n<p class=\"p1\">Ayla<\/p>\n<p class=\"p1\">Murat Can<\/p>\n<p class=\"p1\">Bar\u0131\u015f<\/p>\n<h3 class=\"p1\">MASTERCHEF ELENEN YARI\u015eMACI 18 EK\u0130M<\/h3>\n<p class=\"p1\">MasterChef&#8217;te hayallerine veda isim\u00a0<b>Cansu<\/b>\u00a0oldu.<\/p>\n<p><img loading=\"lazy\" decoding=\"async\" class=\"alignnone wp-image-252381 \" src=\"https:\/\/www.tgrthaber.com\/mavikadin\/wp-content\/uploads\/Ekran-Resmi-2025-10-22-05.59.40-1024x658.png\" alt=\"\" width=\"1611\" height=\"1035\" title=\"\" srcset=\"https:\/\/www.tgrthaber.com\/mavikadin\/wp-content\/uploads\/Ekran-Resmi-2025-10-22-05.59.40-1024x658.png 1024w, https:\/\/www.tgrthaber.com\/mavikadin\/wp-content\/uploads\/Ekran-Resmi-2025-10-22-05.59.40-300x193.png 300w, https:\/\/www.tgrthaber.com\/mavikadin\/wp-content\/uploads\/Ekran-Resmi-2025-10-22-05.59.40-768x494.png 768w, https:\/\/www.tgrthaber.com\/mavikadin\/wp-content\/uploads\/Ekran-Resmi-2025-10-22-05.59.40.png 1412w\" sizes=\"(max-width: 1611px) 100vw, 1611px\" \/><\/p>\n<hr \/>\n<h3 class=\"p1\">MASTERCHEF 2025 ANA KADRO L\u0130STES\u0130<\/h3>\n<p class=\"p1\">MasterChef T\u00fcrkiye 2025 ana kadro g\u00fcncel listesi:<\/p>\n<p class=\"p1\">MasterChef T\u00fcrkiye Ana Kadroya Giren 1. Yar\u0131\u015fmac\u0131: Furkan<\/p>\n<p class=\"p1\">MasterChef T\u00fcrkiye Ana Kadroya Giren 2. Yar\u0131\u015fmac\u0131: Eyl\u00fcl<\/p>\n<p class=\"p1\">MasterChef T\u00fcrkiye Ana Kadroya Giren 3. Yar\u0131\u015fmac\u0131: \u00c7a\u011fatay<\/p>\n<p class=\"p1\">MasterChef T\u00fcrkiye Ana Kadroya Giren 4. Yar\u0131\u015fmac\u0131: Onur<\/p>\n<p class=\"p1\">MasterChef T\u00fcrkiye Ana kadroya giren 5. Yar\u0131\u015fmac\u0131: Nisa Nur ( yedeklerden dahil oldu)<\/p>\n<p><img loading=\"lazy\" decoding=\"async\" class=\"alignnone wp-image-252382 \" src=\"https:\/\/www.tgrthaber.com\/mavikadin\/wp-content\/uploads\/Ekran-Resmi-2025-10-22-05.51.42-1024x551.png\" alt=\"\" width=\"1606\" height=\"864\" title=\"\" srcset=\"https:\/\/www.tgrthaber.com\/mavikadin\/wp-content\/uploads\/Ekran-Resmi-2025-10-22-05.51.42-1024x551.png 1024w, https:\/\/www.tgrthaber.com\/mavikadin\/wp-content\/uploads\/Ekran-Resmi-2025-10-22-05.51.42-300x161.png 300w, https:\/\/www.tgrthaber.com\/mavikadin\/wp-content\/uploads\/Ekran-Resmi-2025-10-22-05.51.42-768x413.png 768w, https:\/\/www.tgrthaber.com\/mavikadin\/wp-content\/uploads\/Ekran-Resmi-2025-10-22-05.51.42.png 1450w\" sizes=\"(max-width: 1606px) 100vw, 1606px\" \/><\/p>\n<hr \/>\n<p class=\"p1\">MasterChef T\u00fcrkiye Ana kadroya giren 6. Yar\u0131\u015fmac\u0131: Sercan(elendi)<\/p>\n<p class=\"p1\">MasterChef T\u00fcrkiye Ana kadroya giren 7. Yar\u0131\u015fmac\u0131: Ayla<\/p>\n<p class=\"p1\">MasterChef T\u00fcrkiye Ana kadroya giren 8. Yar\u0131\u015fmac\u0131: \u0130hsan(elendi)<\/p>\n<p class=\"p1\">MasterChef T\u00fcrkiye Ana kadroya giren 9. Yar\u0131\u015fmac\u0131: Ayten<\/p>\n<p class=\"p1\">MasterChef T\u00fcrkiye Ana kadroya giren 10. Yar\u0131\u015fmac\u0131: \u00c7a\u011flar<\/p>\n<p class=\"p1\">MasterChef T\u00fcrkiye Ana kadroya giren 11. Yar\u0131\u015fmac\u0131: Sezer<\/p>\n<p class=\"p1\">MasterChef T\u00fcrkiye Ana kadroya giren 12. Yar\u0131\u015fmac\u0131: Cansu(elendi)<\/p>\n<p><img loading=\"lazy\" decoding=\"async\" class=\"alignnone wp-image-252383 \" src=\"https:\/\/www.tgrthaber.com\/mavikadin\/wp-content\/uploads\/Ekran-Resmi-2025-10-22-05.52.22-1024x693.png\" alt=\"\" width=\"1603\" height=\"1085\" title=\"\" srcset=\"https:\/\/www.tgrthaber.com\/mavikadin\/wp-content\/uploads\/Ekran-Resmi-2025-10-22-05.52.22-1024x693.png 1024w, https:\/\/www.tgrthaber.com\/mavikadin\/wp-content\/uploads\/Ekran-Resmi-2025-10-22-05.52.22-300x203.png 300w, https:\/\/www.tgrthaber.com\/mavikadin\/wp-content\/uploads\/Ekran-Resmi-2025-10-22-05.52.22-768x520.png 768w, https:\/\/www.tgrthaber.com\/mavikadin\/wp-content\/uploads\/Ekran-Resmi-2025-10-22-05.52.22.png 1380w\" sizes=\"(max-width: 1603px) 100vw, 1603px\" \/><\/p>\n<hr \/>\n<p class=\"p1\">MasterChef T\u00fcrkiye Ana kadroya giren 13. Yar\u0131\u015fmac\u0131: \u00d6zkan<\/p>\n<p class=\"p1\">MasterChef T\u00fcrkiye Ana kadroya giren 14. yar\u0131\u015fmac\u0131: Gizem<\/p>\n<p class=\"p1\">MasterChef T\u00fcrkiye Ana kadroya giren 15. yar\u0131\u015fmac\u0131: \u0130rem (elendi)<\/p>\n<p class=\"p1\">MasterChef T\u00fcrkiye Ana kadroya giren 16. yar\u0131\u015fmac\u0131: Hakan<\/p>\n<p class=\"p1\">MasterChef T\u00fcrkiye Ana kadroya giren 17. yar\u0131\u015fmac\u0131: Mert ( yedeklerden dahil oldu)<\/p>\n<p class=\"p1\">MasterChef T\u00fcrkiye Ana kadroya giren 18. yar\u0131\u015fmac\u0131: S\u00fcmeyye<\/p>\n<p class=\"p1\">MasterChef T\u00fcrkiye Ana kadroya giren 19. yar\u0131\u015fmac\u0131: Bar\u0131\u015f Kaya ( yedeklerden dahil oldu)<\/p>\n<p class=\"p1\">\n","protected":false},"excerpt":{"rendered":"<p>TV8&#8217;in fenomen yar\u0131\u015fma program\u0131 MasterChef T\u00fcrkiye&#8217;de d\u00fcn oynanan dokunulmazl\u0131k oyununun kazanan\u0131 yine mavi tak\u0131m olmu\u015ftu. Eleme adaylar\u0131 ise Nisa ve Bar\u0131\u015f olarak belirlenmi\u015fti. Bu ak\u015fam haftan\u0131n 3. dokunulmazl\u0131k oyunu oynanacak. Peki MasterChef 22 Ekim 2025 dokunulmazl\u0131k oyununu kim kazand\u0131? MasterChef eleme adaylar\u0131 kimler oldu? \u0130\u015fte cevab\u0131&#8230;  <\/p>\n","protected":false},"author":16,"featured_media":252385,"comment_status":"closed","ping_status":"closed","sticky":false,"template":"","format":"standard","meta":{"rank_math_lock_modified_date":false,"footnotes":""},"categories":[76],"tags":[133,2218,64913,64914,64915],"class_list":["post-252373","post","type-post","status-publish","format-standard","has-post-thumbnail","hentry","category-magazin","tag-magazin","tag-magazin-haberleri","tag-masterchef-22-ekim-2025-dokunulmazlik-oyununu-kim-kazandi","tag-masterchef-22-ekim-2025-dokunulmazlik-oyununun-kazanani-kim","tag-masterchef-22-ekim-2025-eleme-adaylari-kimler"],"_links":{"self":[{"href":"https:\/\/www.tgrthaber.com\/mavikadin\/wp-json\/wp\/v2\/posts\/252373"}],"collection":[{"href":"https:\/\/www.tgrthaber.com\/mavikadin\/wp-json\/wp\/v2\/posts"}],"about":[{"href":"https:\/\/www.tgrthaber.com\/mavikadin\/wp-json\/wp\/v2\/types\/post"}],"author":[{"embeddable":true,"href":"https:\/\/www.tgrthaber.com\/mavikadin\/wp-json\/wp\/v2\/users\/16"}],"replies":[{"embeddable":true,"href":"https:\/\/www.tgrthaber.com\/mavikadin\/wp-json\/wp\/v2\/comments?post=252373"}],"version-history":[{"count":5,"href":"https:\/\/www.tgrthaber.com\/mavikadin\/wp-json\/wp\/v2\/posts\/252373\/revisions"}],"predecessor-version":[{"id":252887,"href":"https:\/\/www.tgrthaber.com\/mavikadin\/wp-json\/wp\/v2\/posts\/252373\/revisions\/252887"}],"wp:featuredmedia":[{"embeddable":true,"href":"https:\/\/www.tgrthaber.com\/mavikadin\/wp-json\/wp\/v2\/media\/252385"}],"wp:attachment":[{"href":"https:\/\/www.tgrthaber.com\/mavikadin\/wp-json\/wp\/v2\/media?parent=252373"}],"wp:term":[{"taxonomy":"category","embeddable":true,"href":"https:\/\/www.tgrthaber.com\/mavikadin\/wp-json\/wp\/v2\/categories?post=252373"},{"taxonomy":"post_tag","embeddable":true,"href":"https:\/\/www.tgrthaber.com\/mavikadin\/wp-json\/wp\/v2\/tags?post=252373"}],"curies":[{"name":"wp","href":"https:\/\/api.w.org\/{rel}","templated":true}]}}