{"id":252386,"date":"2025-10-22T06:48:49","date_gmt":"2025-10-22T03:48:49","guid":{"rendered":"https:\/\/www.tgrthaber.com\/mavikadin\/?p=252386"},"modified":"2025-10-22T06:48:50","modified_gmt":"2025-10-22T03:48:50","slug":"masterchef-2025-nisa-ile-sevgilisi-ayrildi-mi-masterchef-nisa-ile-ilgili-bomba-iddia-sosyal-medyayi-salladi","status":"publish","type":"post","link":"https:\/\/www.tgrthaber.com\/mavikadin\/masterchef-2025-nisa-ile-sevgilisi-ayrildi-mi-masterchef-nisa-ile-ilgili-bomba-iddia-sosyal-medyayi-salladi\/","title":{"rendered":"MasterChef 2025 Nisa ile sevgilisi ayr\u0131ld\u0131 m\u0131? MasterChef Nisa&#8217; ile ilgili bomba iddia sosyal medyay\u0131 sallad\u0131"},"content":{"rendered":"<p class=\"p2\">Ekranlar\u0131n fenomen yemek yar\u0131\u015fmas\u0131 program\u0131 MasterChef T\u00fcrkiye\u2019de yar\u0131\u015fmac\u0131lar\u0131n \u00f6zel hayatlar\u0131 g\u00fcndem olmaya devam ediyor. Son olarak yar\u0131\u015fman\u0131n dikkat \u00e7eken isimlerinden biri olan Nisa, ge\u00e7ti\u011fimiz haftalarda MasterChef\u2019te yar\u0131\u015fan ba\u015fka bir yar\u0131\u015fmac\u0131 ile fl\u00f6rtle\u015fti\u011fini s\u00f6ylemi\u015fti. Nisa\u2019n\u0131n bu a\u00e7\u0131klamalar\u0131 sonras\u0131 sosyal medya kullan\u0131c\u0131lar\u0131 \u2019Nisa\u2019n\u0131n sevgilisi kim\u2019 sorusuna cevap aramaya ba\u015flad\u0131. \u015eimdi ise ikilinin a\u015fk\u0131n\u0131n k\u0131sa s\u00fcrd\u00fc\u011f\u00fcne dair ortaya at\u0131lan iddialar dikkat \u00e7ekti. Peki MasterChef 2025 Nisa ile sevgilisi ayr\u0131ld\u0131 m\u0131? \u0130\u015fte merak edilen sorunun cevab\u0131\u2026<\/p>\n<h3>MASTERCHEF 2025 N\u0130SA \u0130LE SEVG\u0130L\u0130S\u0130 AYRILDI MI? BOMBA \u0130DD\u0130A SOSYAL MEDYAYI SALLADI<\/h3>\n<p class=\"p1\"><a href=\"https:\/\/www.tgrthaber.com\/mavikadin\/masterchefte-yapildi-herkes-tarifinin-pesine-dustu-kaynana-catlatan-lezzet-sipsak-hazir\/\">MasterChef<\/a> T\u00fcrkiye&#8217;ye\u2019de ge\u00e7en haftalarda, yar\u0131\u015fman\u0131n dikkat \u00e7eken isimlerinden biri olan Nisa\u2019n\u0131n MasterChef\u2019ten daha \u00f6nce elenen biri isimle sevgili oldu\u011fu ortaya \u00e7\u0131km\u0131\u015ft\u0131.<\/p>\n<p><img loading=\"lazy\" decoding=\"async\" class=\"alignnone wp-image-252392 \" src=\"https:\/\/www.tgrthaber.com\/mavikadin\/wp-content\/uploads\/Ekran-Resmi-2025-10-22-06.45.55-1024x516.png\" alt=\"\" width=\"1592\" height=\"802\" title=\"\" srcset=\"https:\/\/www.tgrthaber.com\/mavikadin\/wp-content\/uploads\/Ekran-Resmi-2025-10-22-06.45.55-1024x516.png 1024w, https:\/\/www.tgrthaber.com\/mavikadin\/wp-content\/uploads\/Ekran-Resmi-2025-10-22-06.45.55-300x151.png 300w, https:\/\/www.tgrthaber.com\/mavikadin\/wp-content\/uploads\/Ekran-Resmi-2025-10-22-06.45.55-768x387.png 768w, https:\/\/www.tgrthaber.com\/mavikadin\/wp-content\/uploads\/Ekran-Resmi-2025-10-22-06.45.55.png 1366w\" sizes=\"(max-width: 1592px) 100vw, 1592px\" \/><\/p>\n<hr \/>\n<p class=\"p1\">Hatta o ki\u015finin MasterChef Nevzat oldu\u011fu \u00f6\u011frenilmi\u015fti. \u0130kilinin sevgili oldu\u011fu iddialar\u0131na ikiliden de bir cevap gelmeyince \u00e7\u0131kan iddialar bir nebzede olsa g\u00fc\u00e7lenmi\u015f oldu. Sosyal medyada ikilinin ili\u015fkilerini y\u00fcr\u00fctemediklerini ve yollar\u0131na ayr\u0131 ayr\u0131 devam etmek i\u00e7in ayr\u0131ld\u0131klar\u0131 iddialar\u0131 sosyal medyay\u0131 sallad\u0131.<\/p>\n<p><img loading=\"lazy\" decoding=\"async\" class=\"alignnone wp-image-252387 \" src=\"https:\/\/www.tgrthaber.com\/mavikadin\/wp-content\/uploads\/Ekran-Resmi-2025-10-22-06.34.30-1024x689.png\" alt=\"\" width=\"1616\" height=\"1087\" title=\"\" srcset=\"https:\/\/www.tgrthaber.com\/mavikadin\/wp-content\/uploads\/Ekran-Resmi-2025-10-22-06.34.30-1024x689.png 1024w, https:\/\/www.tgrthaber.com\/mavikadin\/wp-content\/uploads\/Ekran-Resmi-2025-10-22-06.34.30-300x202.png 300w, https:\/\/www.tgrthaber.com\/mavikadin\/wp-content\/uploads\/Ekran-Resmi-2025-10-22-06.34.30-768x517.png 768w, https:\/\/www.tgrthaber.com\/mavikadin\/wp-content\/uploads\/Ekran-Resmi-2025-10-22-06.34.30.png 1278w\" sizes=\"(max-width: 1616px) 100vw, 1616px\" \/><\/p>\n<hr \/>\n<h3 class=\"p1\">MASTERCHEF 2025 N\u0130SA DEM\u0130RER K\u0130MD\u0130R?<\/h3>\n<p class=\"p1\">Nisa Nur Demirer yar\u0131\u015fmaya \u0130stanbuldan kat\u0131l\u0131yor. 24 ya\u015f\u0131nda olan yar\u0131\u015fmac\u0131 gastronomi e\u011fitimi alm\u0131\u015f ve profesyonel olarak a\u015f\u00e7\u0131l\u0131k yap\u0131yor. \u0130talyan restoran\u0131nda makarnac\u0131 olarak \u00e7al\u0131\u015fan ismin uzmanl\u0131k alan\u0131 risotto ve taze makarna yap\u0131m\u0131. D\u00fcnya mutfaklar\u0131ndan farkl\u0131 lezzetleri denemeyi seven isim MasterChef 2025\u2019in dikkat \u00e7eken isimleri aras\u0131nda yer al\u0131yor.<\/p>\n<p><img loading=\"lazy\" decoding=\"async\" class=\"alignnone wp-image-252389 \" src=\"https:\/\/www.tgrthaber.com\/mavikadin\/wp-content\/uploads\/Ekran-Resmi-2025-10-22-06.34.47-1024x696.png\" alt=\"\" width=\"1607\" height=\"1092\" title=\"\" srcset=\"https:\/\/www.tgrthaber.com\/mavikadin\/wp-content\/uploads\/Ekran-Resmi-2025-10-22-06.34.47-1024x696.png 1024w, https:\/\/www.tgrthaber.com\/mavikadin\/wp-content\/uploads\/Ekran-Resmi-2025-10-22-06.34.47-300x204.png 300w, https:\/\/www.tgrthaber.com\/mavikadin\/wp-content\/uploads\/Ekran-Resmi-2025-10-22-06.34.47-768x522.png 768w, https:\/\/www.tgrthaber.com\/mavikadin\/wp-content\/uploads\/Ekran-Resmi-2025-10-22-06.34.47.png 1372w\" sizes=\"(max-width: 1607px) 100vw, 1607px\" \/><\/p>\n<hr \/>\n<h3 class=\"p1\">MASTERCHEF NEVZAT G\u00dcRAY G\u00dcROL K\u0130MD\u0130R?<\/h3>\n<p class=\"p1\">MasterChef Nevzat D\u00fczce\u2019de do\u011fmu\u015ftur. 23 ya\u015f\u0131nda olan yar\u0131\u015fmac\u0131 aslen Artvinlidir. D\u00fczce\u2019de do\u011fup b\u00fcy\u00fcyen Nevzat Lise e\u011fitimini tamamlayana kadar burada kalm\u0131\u015ft\u0131r. Ard\u0131ndan Uluda\u011f \u00dcniversitesi&#8217;nde ekonometri okuyan Nevzat, okulu b\u0131rak\u0131p a\u015f\u00e7\u0131l\u0131\u011fa y\u00f6nelmeye karar vermi\u015ftir. Nevzat\u2019\u0131n bu fikri ilk ba\u015flarda ailesi taraf\u0131ndan desteklenmese de sonraki y\u0131llarda en b\u00fcy\u00fck destek\u00e7isi ailesi olmu\u015ftur.<\/p>\n<p><img loading=\"lazy\" decoding=\"async\" class=\"alignnone wp-image-252388 \" src=\"https:\/\/www.tgrthaber.com\/mavikadin\/wp-content\/uploads\/Ekran-Resmi-2025-10-22-06.34.17-1024x624.png\" alt=\"\" width=\"1618\" height=\"986\" title=\"\" srcset=\"https:\/\/www.tgrthaber.com\/mavikadin\/wp-content\/uploads\/Ekran-Resmi-2025-10-22-06.34.17-1024x624.png 1024w, https:\/\/www.tgrthaber.com\/mavikadin\/wp-content\/uploads\/Ekran-Resmi-2025-10-22-06.34.17-300x183.png 300w, https:\/\/www.tgrthaber.com\/mavikadin\/wp-content\/uploads\/Ekran-Resmi-2025-10-22-06.34.17-768x468.png 768w, https:\/\/www.tgrthaber.com\/mavikadin\/wp-content\/uploads\/Ekran-Resmi-2025-10-22-06.34.17.png 1520w\" sizes=\"(max-width: 1618px) 100vw, 1618px\" \/><\/p>\n<hr \/>\n<h3 class=\"p1\">MASTERCHEF 2025 ANA KADRO L\u0130STES\u0130<\/h3>\n<p class=\"p1\">MasterChef T\u00fcrkiye 2025 ana kadro g\u00fcncel listesi:<\/p>\n<p class=\"p1\">MasterChef T\u00fcrkiye Ana Kadroya Giren 1. Yar\u0131\u015fmac\u0131: Furkan<\/p>\n<p class=\"p1\">MasterChef T\u00fcrkiye Ana Kadroya Giren 2. Yar\u0131\u015fmac\u0131: Eyl\u00fcl<\/p>\n<p class=\"p1\">MasterChef T\u00fcrkiye Ana Kadroya Giren 3. Yar\u0131\u015fmac\u0131: \u00c7a\u011fatay<\/p>\n<p class=\"p1\">MasterChef T\u00fcrkiye Ana Kadroya Giren 4. Yar\u0131\u015fmac\u0131: Onur<\/p>\n<p class=\"p1\">MasterChef T\u00fcrkiye Ana kadroya giren 5. Yar\u0131\u015fmac\u0131: Nisa Nur ( yedeklerden dahil oldu)<\/p>\n<p class=\"p1\">MasterChef T\u00fcrkiye Ana kadroya giren 6. Yar\u0131\u015fmac\u0131: Sercan(elendi)<\/p>\n<p><img loading=\"lazy\" decoding=\"async\" class=\"alignnone wp-image-252383 \" src=\"https:\/\/www.tgrthaber.com\/mavikadin\/wp-content\/uploads\/Ekran-Resmi-2025-10-22-05.52.22.png\" alt=\"\" width=\"1633\" height=\"1105\" title=\"\" srcset=\"https:\/\/www.tgrthaber.com\/mavikadin\/wp-content\/uploads\/Ekran-Resmi-2025-10-22-05.52.22.png 1380w, https:\/\/www.tgrthaber.com\/mavikadin\/wp-content\/uploads\/Ekran-Resmi-2025-10-22-05.52.22-300x203.png 300w, https:\/\/www.tgrthaber.com\/mavikadin\/wp-content\/uploads\/Ekran-Resmi-2025-10-22-05.52.22-1024x693.png 1024w, https:\/\/www.tgrthaber.com\/mavikadin\/wp-content\/uploads\/Ekran-Resmi-2025-10-22-05.52.22-768x520.png 768w\" sizes=\"(max-width: 1633px) 100vw, 1633px\" \/><\/p>\n<hr \/>\n<p class=\"p1\">MasterChef T\u00fcrkiye Ana kadroya giren 7. Yar\u0131\u015fmac\u0131: Ayla<\/p>\n<p class=\"p1\">MasterChef T\u00fcrkiye Ana kadroya giren 8. Yar\u0131\u015fmac\u0131: \u0130hsan(elendi)<\/p>\n<p class=\"p1\">MasterChef T\u00fcrkiye Ana kadroya giren 9. Yar\u0131\u015fmac\u0131: Ayten<\/p>\n<p class=\"p1\">MasterChef T\u00fcrkiye Ana kadroya giren 10. Yar\u0131\u015fmac\u0131: \u00c7a\u011flar<\/p>\n<p class=\"p1\">MasterChef T\u00fcrkiye Ana kadroya giren 11. Yar\u0131\u015fmac\u0131: Sezer<\/p>\n<p class=\"p1\">MasterChef T\u00fcrkiye Ana kadroya giren 12. Yar\u0131\u015fmac\u0131: Cansu(elendi)<\/p>\n<p class=\"p1\">MasterChef T\u00fcrkiye Ana kadroya giren 13. Yar\u0131\u015fmac\u0131: \u00d6zkan<\/p>\n<p><img loading=\"lazy\" decoding=\"async\" class=\"alignnone wp-image-252390 \" src=\"https:\/\/www.tgrthaber.com\/mavikadin\/wp-content\/uploads\/Ekran-Resmi-2025-10-22-05.52.38-1024x703.png\" alt=\"\" width=\"1594\" height=\"1094\" title=\"\" srcset=\"https:\/\/www.tgrthaber.com\/mavikadin\/wp-content\/uploads\/Ekran-Resmi-2025-10-22-05.52.38-1024x703.png 1024w, https:\/\/www.tgrthaber.com\/mavikadin\/wp-content\/uploads\/Ekran-Resmi-2025-10-22-05.52.38-300x206.png 300w, https:\/\/www.tgrthaber.com\/mavikadin\/wp-content\/uploads\/Ekran-Resmi-2025-10-22-05.52.38-768x527.png 768w, https:\/\/www.tgrthaber.com\/mavikadin\/wp-content\/uploads\/Ekran-Resmi-2025-10-22-05.52.38.png 1370w\" sizes=\"(max-width: 1594px) 100vw, 1594px\" \/><\/p>\n<hr \/>\n<p class=\"p1\">MasterChef T\u00fcrkiye Ana kadroya giren 14. yar\u0131\u015fmac\u0131: Gizem<\/p>\n<p class=\"p1\">MasterChef T\u00fcrkiye Ana kadroya giren 15. yar\u0131\u015fmac\u0131: \u0130rem (elendi)<\/p>\n<p class=\"p1\">MasterChef T\u00fcrkiye Ana kadroya giren 16. yar\u0131\u015fmac\u0131: Hakan<\/p>\n<p class=\"p1\">MasterChef T\u00fcrkiye Ana kadroya giren 17. yar\u0131\u015fmac\u0131: Mert ( yedeklerden dahil oldu)<\/p>\n<p><img loading=\"lazy\" decoding=\"async\" class=\"alignnone wp-image-252393 \" src=\"https:\/\/www.tgrthaber.com\/mavikadin\/wp-content\/uploads\/Ekran-Resmi-2025-10-22-05.52.12-1-1024x671.png\" alt=\"\" width=\"1651\" height=\"1082\" title=\"\" srcset=\"https:\/\/www.tgrthaber.com\/mavikadin\/wp-content\/uploads\/Ekran-Resmi-2025-10-22-05.52.12-1-1024x671.png 1024w, https:\/\/www.tgrthaber.com\/mavikadin\/wp-content\/uploads\/Ekran-Resmi-2025-10-22-05.52.12-1-300x197.png 300w, https:\/\/www.tgrthaber.com\/mavikadin\/wp-content\/uploads\/Ekran-Resmi-2025-10-22-05.52.12-1-768x503.png 768w, https:\/\/www.tgrthaber.com\/mavikadin\/wp-content\/uploads\/Ekran-Resmi-2025-10-22-05.52.12-1.png 1374w\" sizes=\"(max-width: 1651px) 100vw, 1651px\" \/><\/p>\n<hr \/>\n<p class=\"p1\">MasterChef T\u00fcrkiye Ana kadroya giren 18. yar\u0131\u015fmac\u0131: S\u00fcmeyye<\/p>\n<p class=\"p1\">MasterChef T\u00fcrkiye Ana kadroya giren 19. yar\u0131\u015fmac\u0131: Bar\u0131\u015f Kaya ( yedeklerden dahil oldu)<\/p>\n<p class=\"p1\">\n","protected":false},"excerpt":{"rendered":"<p>TV8 ekranlar\u0131n\u0131n fenomen yemek yar\u0131\u015fmas\u0131 MasterChef T\u00fcrkiye\u2019de yap\u0131lan yemekler kadar dikkat \u00e7eken detaylardan biri de yar\u0131\u015fmac\u0131lar\u0131n \u00f6zel hayatlar\u0131 oluyor. MasterChef\u2019in dikkat \u00e7eken isimlerinden biri olan Nisa\u2019n\u0131n ge\u00e7ti\u011fimiz haftalarda eski yar\u0131\u015fmac\u0131lardan biriyle a\u015fk ya\u015fad\u0131\u011f\u0131 \u00f6\u011frenilmi\u015fti.  \u0130kili hakk\u0131nda sosyal medyada ayr\u0131l\u0131k s\u00f6ylentileri yay\u0131lmaya ba\u015flad\u0131. Peki MasterChef 2025 Nisa ile sevgilisi ayr\u0131ld\u0131 m\u0131? \u0130\u015fte sosyal medyan\u0131n diline d\u00fc\u015fen o iddia\u2026 <\/p>\n","protected":false},"author":16,"featured_media":252391,"comment_status":"closed","ping_status":"closed","sticky":false,"template":"","format":"standard","meta":{"rank_math_lock_modified_date":false,"footnotes":""},"categories":[76],"tags":[133,2218,64918,64917,64916],"class_list":["post-252386","post","type-post","status-publish","format-standard","has-post-thumbnail","hentry","category-magazin","tag-magazin","tag-magazin-haberleri","tag-masterchef-2025-nisa-kimdir","tag-masterchef-2025-nisa-sevgilisi","tag-masterchef-2025-nisa-sevgilisi-ayrildi-mi"],"_links":{"self":[{"href":"https:\/\/www.tgrthaber.com\/mavikadin\/wp-json\/wp\/v2\/posts\/252386"}],"collection":[{"href":"https:\/\/www.tgrthaber.com\/mavikadin\/wp-json\/wp\/v2\/posts"}],"about":[{"href":"https:\/\/www.tgrthaber.com\/mavikadin\/wp-json\/wp\/v2\/types\/post"}],"author":[{"embeddable":true,"href":"https:\/\/www.tgrthaber.com\/mavikadin\/wp-json\/wp\/v2\/users\/16"}],"replies":[{"embeddable":true,"href":"https:\/\/www.tgrthaber.com\/mavikadin\/wp-json\/wp\/v2\/comments?post=252386"}],"version-history":[{"count":2,"href":"https:\/\/www.tgrthaber.com\/mavikadin\/wp-json\/wp\/v2\/posts\/252386\/revisions"}],"predecessor-version":[{"id":252395,"href":"https:\/\/www.tgrthaber.com\/mavikadin\/wp-json\/wp\/v2\/posts\/252386\/revisions\/252395"}],"wp:featuredmedia":[{"embeddable":true,"href":"https:\/\/www.tgrthaber.com\/mavikadin\/wp-json\/wp\/v2\/media\/252391"}],"wp:attachment":[{"href":"https:\/\/www.tgrthaber.com\/mavikadin\/wp-json\/wp\/v2\/media?parent=252386"}],"wp:term":[{"taxonomy":"category","embeddable":true,"href":"https:\/\/www.tgrthaber.com\/mavikadin\/wp-json\/wp\/v2\/categories?post=252386"},{"taxonomy":"post_tag","embeddable":true,"href":"https:\/\/www.tgrthaber.com\/mavikadin\/wp-json\/wp\/v2\/tags?post=252386"}],"curies":[{"name":"wp","href":"https:\/\/api.w.org\/{rel}","templated":true}]}}