{"id":252396,"date":"2025-10-22T07:24:17","date_gmt":"2025-10-22T04:24:17","guid":{"rendered":"https:\/\/www.tgrthaber.com\/mavikadin\/?p=252396"},"modified":"2025-10-22T18:49:01","modified_gmt":"2025-10-22T15:49:01","slug":"masterchef-baris-ve-sezer-arasinda-tansiyon-yukseldi-seyirci-ayaga-kalkti-artik-yeter-senden-nefret-ediyoruz","status":"publish","type":"post","link":"https:\/\/www.tgrthaber.com\/mavikadin\/masterchef-baris-ve-sezer-arasinda-tansiyon-yukseldi-seyirci-ayaga-kalkti-artik-yeter-senden-nefret-ediyoruz\/","title":{"rendered":"MasterChef Bar\u0131\u015f ve Sezer aras\u0131nda tansiyon y\u00fckseldi! Seyirci aya\u011fa kalkt\u0131 art\u0131k yeter senden nefret ediyoruz!"},"content":{"rendered":"<p>Ekranlar\u0131n sevilerek seyredilen yar\u0131\u015fma program\u0131 MasterChef T\u00fcrkiye&#8217;de bu ak\u015fam haftan\u0131n 3 dokunulmazl\u0131k oyunu oynanacak. Son eleme adaylar\u0131n\u0131n Nisa ve Bar\u0131\u015f oldu\u011fu program\u0131n bu ak\u015fam yay\u0131nlanacak olan b\u00f6l\u00fcm\u00fcn\u00fcn fragman\u0131 dikkat \u00e7ekti. Fragmanda Bar\u0131\u015f ve Sezer aras\u0131nda tansiyonun y\u00fckseldi\u011fi g\u00f6r\u00fcl\u00fcrken, bu g\u00f6r\u00fcnt\u00fcden seyirci de rahats\u0131z oldu. Sezer&#8217;in Bar\u0131\u015f&#8217;a kar\u015f\u0131 olan tutumu baz\u0131 kullan\u0131c\u0131lar\u0131 rahats\u0131z ederken Sezer i\u00e7in &#8216;Senden nefret ediyoruz&#8217; yorumlar\u0131 ya\u011fd\u0131.<\/p>\n<h3>MASTERCHEF BARI\u015e VE SEZER RESTLE\u015eT\u0130! SOSYAL MEDYADAN TEPK\u0130 YA\u011eDI<\/h3>\n<p><a href=\"https:\/\/www.tgrthaber.com\/mavikadin\/masterchef-2025-nisa-ile-sevgilisi-ayrildi-mi-masterchef-nisa-ile-ilgili-bomba-iddia-sosyal-medyayi-salladi\/\">MasterChef<\/a> T\u00fcrkiye 2025 sezonu bu sene de t\u00fcm h\u0131z\u0131yla devam ediyor. Birbirinden yetenekli isimlerin yar\u0131\u015ft\u0131\u011f\u0131 programda zaman zaman yar\u0131\u015fman\u0131n verdi\u011fi heyecanla gerilim olabiliyor. Yar\u0131\u015fman\u0131n yay\u0131nlanan yeni b\u00f6l\u00fcm fragman\u0131nda da dikkat \u00e7eken anlar ya\u015fand\u0131. Fragmanda Bar\u0131\u015f ve Sezer aras\u0131nda ipler koparken sosyal medya kullan\u0131c\u0131lar\u0131 da Sezer&#8217;e tepki \u00fczerine tepki ya\u011fd\u0131rd\u0131. Kullan\u0131c\u0131lar, Sezer&#8217;in tutumunun yanl\u0131\u015f oldu\u011funu dile getiren yorumlarda bulundu. \u0130\u015fte sosyal medyadan gelen baz\u0131 yorumlar;<\/p>\n<div style=\"width: 640px;\" class=\"wp-video\"><!--[if lt IE 9]><script>document.createElement('video');<\/script><![endif]-->\n<video class=\"wp-video-shortcode\" id=\"video-252396-1\" width=\"640\" height=\"334\" preload=\"metadata\" controls=\"controls\"><source type=\"video\/mp4\" src=\"https:\/\/www.tgrthaber.com\/mavikadin\/wp-content\/uploads\/sezer-1.mp4?_=1\" \/><a href=\"https:\/\/www.tgrthaber.com\/mavikadin\/wp-content\/uploads\/sezer-1.mp4\">https:\/\/www.tgrthaber.com\/mavikadin\/wp-content\/uploads\/sezer-1.mp4<\/a><\/video><\/div>\n<p>Sezer&#8217;in i\u011fnelemelerine ve a\u011f\u015fa\u011f\u0131lamalar\u0131na ta\u015f olsa \u00e7atlar. \u00c7ok dayand\u0131n Bar\u0131\u015f<\/p>\n<p>Sezer&#8217;in \u015fu davran\u0131\u015flar\u0131 insan\u0131 acayip sinir ediyor. Bar\u0131\u015f\u0131n sabr\u0131na hayran\u0131m\u2026<\/p>\n<p>Sezer&#8217;in a\u015fa\u011f\u0131lay\u0131c\u0131 g\u00fclmeleri cidden rahats\u0131z edici<\/p>\n<p><img loading=\"lazy\" decoding=\"async\" class=\"alignnone wp-image-252399 \" src=\"https:\/\/www.tgrthaber.com\/mavikadin\/wp-content\/uploads\/Ekran-Resmi-2025-10-22-07.13.46.png\" alt=\"\" width=\"1621\" height=\"978\" title=\"\" srcset=\"https:\/\/www.tgrthaber.com\/mavikadin\/wp-content\/uploads\/Ekran-Resmi-2025-10-22-07.13.46.png 1064w, https:\/\/www.tgrthaber.com\/mavikadin\/wp-content\/uploads\/Ekran-Resmi-2025-10-22-07.13.46-300x181.png 300w, https:\/\/www.tgrthaber.com\/mavikadin\/wp-content\/uploads\/Ekran-Resmi-2025-10-22-07.13.46-1024x618.png 1024w, https:\/\/www.tgrthaber.com\/mavikadin\/wp-content\/uploads\/Ekran-Resmi-2025-10-22-07.13.46-768x463.png 768w\" sizes=\"(max-width: 1621px) 100vw, 1621px\" \/><\/p>\n<p>&#8216;\u015eu Sezer&#8217;i alin \u015fu yar\u0131\u015fmadan ya vallahi yeter<\/p>\n<p>&#8216;Sezer&#8217;in Bar\u0131\u015f&#8217;\u0131 k\u0131\u015fk\u0131rtt\u0131\u011f\u0131n\u0131 g\u00f6rm\u00fcyor mu \u015fefler ya&#8217;<\/p>\n<p>MASTERCHEF ELEME POTASI<\/p>\n<p class=\"p1\">Eleme adaylar\u0131\u00a0<b>Asl\u0131, S\u00fcmeyye, Nisa ve Bar\u0131\u015f<\/b>\u00a0oldu.<\/p>\n<p><img loading=\"lazy\" decoding=\"async\" class=\"alignnone wp-image-252378 size-full\" src=\"https:\/\/www.tgrthaber.com\/mavikadin\/wp-content\/uploads\/Ekran-Resmi-2025-10-22-05.50.52.png\" alt=\"\" width=\"1678\" height=\"980\" title=\"\" srcset=\"https:\/\/www.tgrthaber.com\/mavikadin\/wp-content\/uploads\/Ekran-Resmi-2025-10-22-05.50.52.png 1678w, https:\/\/www.tgrthaber.com\/mavikadin\/wp-content\/uploads\/Ekran-Resmi-2025-10-22-05.50.52-300x175.png 300w, https:\/\/www.tgrthaber.com\/mavikadin\/wp-content\/uploads\/Ekran-Resmi-2025-10-22-05.50.52-1024x598.png 1024w, https:\/\/www.tgrthaber.com\/mavikadin\/wp-content\/uploads\/Ekran-Resmi-2025-10-22-05.50.52-768x449.png 768w, https:\/\/www.tgrthaber.com\/mavikadin\/wp-content\/uploads\/Ekran-Resmi-2025-10-22-05.50.52-1536x897.png 1536w\" sizes=\"(max-width: 1678px) 100vw, 1678px\" \/><\/p>\n<hr \/>\n<h3 class=\"p1\">MASTERCHEF BU HAFTANIN KAPTANLARI K\u0130MLER OLDU?<\/h3>\n<p class=\"p1\">Haftan\u0131n kaptanlar\u0131 Ayten ve Nisa se\u00e7ildi. Ayten mavi tak\u0131m, Nisa k\u0131rm\u0131z\u0131 tak\u0131m kaptan\u0131 oldu.<\/p>\n<h3 class=\"p1\">MAV\u0130 TAKIM<\/h3>\n<p class=\"p1\">Ayten (Kaptan)<\/p>\n<p class=\"p1\">Hakan<\/p>\n<p class=\"p1\">\u00d6zkan<\/p>\n<p class=\"p1\">\u00c7a\u011fatay<\/p>\n<p class=\"p1\">Mert<\/p>\n<p class=\"p1\">Sezer<\/p>\n<p class=\"p1\">Eyl\u00fcl<\/p>\n<p class=\"p1\">\u00c7a\u011flar<\/p>\n<p><img loading=\"lazy\" decoding=\"async\" class=\"alignnone wp-image-252377 \" src=\"https:\/\/www.tgrthaber.com\/mavikadin\/wp-content\/uploads\/Ekran-Resmi-2025-10-22-05.51.37-1024x525.png\" alt=\"\" width=\"1625\" height=\"833\" title=\"\" srcset=\"https:\/\/www.tgrthaber.com\/mavikadin\/wp-content\/uploads\/Ekran-Resmi-2025-10-22-05.51.37-1024x525.png 1024w, https:\/\/www.tgrthaber.com\/mavikadin\/wp-content\/uploads\/Ekran-Resmi-2025-10-22-05.51.37-300x154.png 300w, https:\/\/www.tgrthaber.com\/mavikadin\/wp-content\/uploads\/Ekran-Resmi-2025-10-22-05.51.37-768x393.png 768w, https:\/\/www.tgrthaber.com\/mavikadin\/wp-content\/uploads\/Ekran-Resmi-2025-10-22-05.51.37-1536x787.png 1536w, https:\/\/www.tgrthaber.com\/mavikadin\/wp-content\/uploads\/Ekran-Resmi-2025-10-22-05.51.37.png 1554w\" sizes=\"(max-width: 1625px) 100vw, 1625px\" \/><\/p>\n<hr \/>\n<h3 class=\"p1\">KIRMIZI TAKIM<\/h3>\n<p class=\"p1\">Nisa (Kaptan)<\/p>\n<p class=\"p1\">Furkan<\/p>\n<p class=\"p1\">Gizem<\/p>\n<p class=\"p1\">S\u00fcmeyye<\/p>\n<p class=\"p1\">Ayla<\/p>\n<p class=\"p1\">Murat Can<\/p>\n<p class=\"p1\">Bar\u0131\u015f<\/p>\n<h3 class=\"p1\">MASTERCHEF ELENEN YARI\u015eMACI 18 EK\u0130M<\/h3>\n<p class=\"p1\">MasterChef&#8217;te hayallerine veda isim\u00a0<b>Cansu<\/b>\u00a0oldu.<\/p>\n<p><img loading=\"lazy\" decoding=\"async\" class=\"alignnone wp-image-252381 \" src=\"https:\/\/www.tgrthaber.com\/mavikadin\/wp-content\/uploads\/Ekran-Resmi-2025-10-22-05.59.40-1024x658.png\" alt=\"\" width=\"1614\" height=\"1037\" title=\"\" srcset=\"https:\/\/www.tgrthaber.com\/mavikadin\/wp-content\/uploads\/Ekran-Resmi-2025-10-22-05.59.40-1024x658.png 1024w, https:\/\/www.tgrthaber.com\/mavikadin\/wp-content\/uploads\/Ekran-Resmi-2025-10-22-05.59.40-300x193.png 300w, https:\/\/www.tgrthaber.com\/mavikadin\/wp-content\/uploads\/Ekran-Resmi-2025-10-22-05.59.40-768x494.png 768w, https:\/\/www.tgrthaber.com\/mavikadin\/wp-content\/uploads\/Ekran-Resmi-2025-10-22-05.59.40.png 1412w\" sizes=\"(max-width: 1614px) 100vw, 1614px\" \/><\/p>\n<hr \/>\n<h3 class=\"p1\">MASTERCHEF 2025 ANA KADRO L\u0130STES\u0130<\/h3>\n<p class=\"p1\">MasterChef T\u00fcrkiye 2025 ana kadro g\u00fcncel listesi:<\/p>\n<p class=\"p1\">MasterChef T\u00fcrkiye Ana Kadroya Giren 1. Yar\u0131\u015fmac\u0131: Furkan<\/p>\n<p class=\"p1\">MasterChef T\u00fcrkiye Ana Kadroya Giren 2. Yar\u0131\u015fmac\u0131: Eyl\u00fcl<\/p>\n<p class=\"p1\">MasterChef T\u00fcrkiye Ana Kadroya Giren 3. Yar\u0131\u015fmac\u0131: \u00c7a\u011fatay<\/p>\n<p class=\"p1\">MasterChef T\u00fcrkiye Ana Kadroya Giren 4. Yar\u0131\u015fmac\u0131: Onur<\/p>\n<p class=\"p1\">MasterChef T\u00fcrkiye Ana kadroya giren 5. Yar\u0131\u015fmac\u0131: Nisa Nur ( yedeklerden dahil oldu)<\/p>\n<p class=\"p1\">MasterChef T\u00fcrkiye Ana kadroya giren 6. Yar\u0131\u015fmac\u0131: Sercan(elendi)<\/p>\n<p><img loading=\"lazy\" decoding=\"async\" class=\"alignnone wp-image-252397 \" src=\"https:\/\/www.tgrthaber.com\/mavikadin\/wp-content\/uploads\/Ekran-Resmi-2025-10-22-06.08.17-1024x570.png\" alt=\"\" width=\"1595\" height=\"888\" title=\"\" srcset=\"https:\/\/www.tgrthaber.com\/mavikadin\/wp-content\/uploads\/Ekran-Resmi-2025-10-22-06.08.17-1024x570.png 1024w, https:\/\/www.tgrthaber.com\/mavikadin\/wp-content\/uploads\/Ekran-Resmi-2025-10-22-06.08.17-300x167.png 300w, https:\/\/www.tgrthaber.com\/mavikadin\/wp-content\/uploads\/Ekran-Resmi-2025-10-22-06.08.17-768x428.png 768w, https:\/\/www.tgrthaber.com\/mavikadin\/wp-content\/uploads\/Ekran-Resmi-2025-10-22-06.08.17.png 1358w\" sizes=\"(max-width: 1595px) 100vw, 1595px\" \/><\/p>\n<hr \/>\n<p class=\"p1\">MasterChef T\u00fcrkiye Ana kadroya giren 7. Yar\u0131\u015fmac\u0131: Ayla<\/p>\n<p class=\"p1\">MasterChef T\u00fcrkiye Ana kadroya giren 8. Yar\u0131\u015fmac\u0131: \u0130hsan(elend\u015f)<\/p>\n<p class=\"p1\">MasterChef T\u00fcrkiye Ana kadroya giren 9. Yar\u0131\u015fmac\u0131: Ayten<\/p>\n<p class=\"p1\">MasterChef T\u00fcrkiye Ana kadroya giren 10. Yar\u0131\u015fmac\u0131: \u00c7a\u011flar<\/p>\n<p class=\"p1\">MasterChef T\u00fcrkiye Ana kadroya giren 11. Yar\u0131\u015fmac\u0131: Sezer<\/p>\n<p class=\"p1\">MasterChef T\u00fcrkiye Ana kadroya giren 12. Yar\u0131\u015fmac\u0131: Cansu(elendi)<\/p>\n<p class=\"p1\">MasterChef T\u00fcrkiye Ana kadroya giren 13. Yar\u0131\u015fmac\u0131: \u00d6zkan<\/p>\n<p class=\"p1\">MasterChef T\u00fcrkiye Ana kadroya giren 14. yar\u0131\u015fmac\u0131: Gizem<\/p>\n<p><img loading=\"lazy\" decoding=\"async\" class=\"alignnone wp-image-252398 \" src=\"https:\/\/www.tgrthaber.com\/mavikadin\/wp-content\/uploads\/Ekran-Resmi-2025-10-22-05.52.18-1024x752.png\" alt=\"\" width=\"1656\" height=\"1216\" title=\"\" srcset=\"https:\/\/www.tgrthaber.com\/mavikadin\/wp-content\/uploads\/Ekran-Resmi-2025-10-22-05.52.18-1024x752.png 1024w, https:\/\/www.tgrthaber.com\/mavikadin\/wp-content\/uploads\/Ekran-Resmi-2025-10-22-05.52.18-300x220.png 300w, https:\/\/www.tgrthaber.com\/mavikadin\/wp-content\/uploads\/Ekran-Resmi-2025-10-22-05.52.18-768x564.png 768w, https:\/\/www.tgrthaber.com\/mavikadin\/wp-content\/uploads\/Ekran-Resmi-2025-10-22-05.52.18.png 1324w\" sizes=\"(max-width: 1656px) 100vw, 1656px\" \/><\/p>\n<hr \/>\n<p class=\"p1\">MasterChef T\u00fcrkiye Ana kadroya giren 15. yar\u0131\u015fmac\u0131: \u0130rem (elendi)<\/p>\n<p class=\"p1\">MasterChef T\u00fcrkiye Ana kadroya giren 16. yar\u0131\u015fmac\u0131: Hakan<\/p>\n<p class=\"p1\">MasterChef T\u00fcrkiye Ana kadroya giren 17. yar\u0131\u015fmac\u0131: Mert ( yedeklerden dahil oldu)<\/p>\n<p class=\"p1\">MasterChef T\u00fcrkiye Ana kadroya giren 18. yar\u0131\u015fmac\u0131: S\u00fcmeyye<\/p>\n<p class=\"p1\">MasterChef T\u00fcrkiye Ana kadroya giren 19. yar\u0131\u015fmac\u0131: Bar\u0131\u015f Kaya ( yedeklerden dahil oldu)<\/p>\n<p class=\"p1\">\n","protected":false},"excerpt":{"rendered":"<p>TV8&#8217;in fenomen yemek yar\u0131\u015fmas\u0131 program\u0131 MasterChef T\u00fcrkiye&#8217;nin bu ak\u015fam yay\u0131nlanan b\u00f6l\u00fcm\u00fcn\u00fcn fragman\u0131nda Sezer ve Bar\u0131\u015f aras\u0131nda ge\u00e7en diyalog izleyenleri \u00f6fkelendirdi. Y\u0131ld\u0131z\u0131 bir t\u00fcrl\u00fc bar\u0131\u015fmayan ikili her f\u0131rsatta birbirinden ho\u015flanmad\u0131\u011f\u0131n\u0131 dile getiriyor. \u0130kili aras\u0131nda son b\u00f6l\u00fcm fragman\u0131nda tansiyonun y\u00fckseldi\u011fi anlara sosyal medyadan da tepki ya\u011fd\u0131. Kullan\u0131c\u0131lar, &#8216;Senden nefret ediyoruz&#8217; diyerek tepkisini ortaya koydu.<\/p>\n","protected":false},"author":16,"featured_media":252400,"comment_status":"closed","ping_status":"closed","sticky":false,"template":"","format":"standard","meta":{"rank_math_lock_modified_date":false,"footnotes":""},"categories":[76],"tags":[133,2218,64919,64920],"class_list":["post-252396","post","type-post","status-publish","format-standard","has-post-thumbnail","hentry","category-magazin","tag-magazin","tag-magazin-haberleri","tag-mastechef-baris-sezer-kavgasi","tag-masterchef-baris-sezer-kavga"],"_links":{"self":[{"href":"https:\/\/www.tgrthaber.com\/mavikadin\/wp-json\/wp\/v2\/posts\/252396"}],"collection":[{"href":"https:\/\/www.tgrthaber.com\/mavikadin\/wp-json\/wp\/v2\/posts"}],"about":[{"href":"https:\/\/www.tgrthaber.com\/mavikadin\/wp-json\/wp\/v2\/types\/post"}],"author":[{"embeddable":true,"href":"https:\/\/www.tgrthaber.com\/mavikadin\/wp-json\/wp\/v2\/users\/16"}],"replies":[{"embeddable":true,"href":"https:\/\/www.tgrthaber.com\/mavikadin\/wp-json\/wp\/v2\/comments?post=252396"}],"version-history":[{"count":3,"href":"https:\/\/www.tgrthaber.com\/mavikadin\/wp-json\/wp\/v2\/posts\/252396\/revisions"}],"predecessor-version":[{"id":252559,"href":"https:\/\/www.tgrthaber.com\/mavikadin\/wp-json\/wp\/v2\/posts\/252396\/revisions\/252559"}],"wp:featuredmedia":[{"embeddable":true,"href":"https:\/\/www.tgrthaber.com\/mavikadin\/wp-json\/wp\/v2\/media\/252400"}],"wp:attachment":[{"href":"https:\/\/www.tgrthaber.com\/mavikadin\/wp-json\/wp\/v2\/media?parent=252396"}],"wp:term":[{"taxonomy":"category","embeddable":true,"href":"https:\/\/www.tgrthaber.com\/mavikadin\/wp-json\/wp\/v2\/categories?post=252396"},{"taxonomy":"post_tag","embeddable":true,"href":"https:\/\/www.tgrthaber.com\/mavikadin\/wp-json\/wp\/v2\/tags?post=252396"}],"curies":[{"name":"wp","href":"https:\/\/api.w.org\/{rel}","templated":true}]}}